{"id":71565,"date":"2013-05-24T16:13:55","date_gmt":"2013-05-24T15:13:55","guid":{"rendered":"http:\/\/www.visit-ulcinj.com\/blog\/?p=71565"},"modified":"2013-05-24T16:14:11","modified_gmt":"2013-05-24T15:14:11","slug":"zenka-cungu-je-bivsi-dousnik-udbe-i-saradnik-jul-a","status":"publish","type":"post","link":"https:\/\/www.visit-ulcinj.com\/blog\/2013\/05\/24\/zenka-cungu-je-bivsi-dousnik-udbe-i-saradnik-jul-a\/","title":{"rendered":"Zenka: Cungu je biv\u0161i dou\u0161nik UDBE i saradnik JUL-a"},"content":{"rendered":"<p><strong><a href=\"http:\/\/www.visit-ulcinj.com\/blog\/wp-content\/uploads\/2013\/05\/Mehmet-Zenka-Ulcinj.jpg\"><img loading=\"lazy\" class=\"alignleft  wp-image-71566\" alt=\"Mehmet Zenka Ulcinj\" src=\"http:\/\/www.visit-ulcinj.com\/blog\/wp-content\/uploads\/2013\/05\/Mehmet-Zenka-Ulcinj.jpg\" width=\"508\" height=\"350\" \/><\/a>Lider DUA Mehmet Zenka o\u0161tro odgovorio predsjedniku Op\u0161tine Cungu je biv\u0161i dou\u0161nik UDBE i saradnik JUL-a<\/strong><\/p>\n<p>&nbsp;<\/p>\n<p>Ne \u010dudi me nimalo reagovanje Cungua, jer \u017eele\u0107i prikrivati i izbjegavati odgovornost, o svojoj krajnje neodgovornom i nestru\u010dnom vodjenju grada i dovodjenjem Op\u0161tine, pred jedan veliki kolaps u pravom smislu te rije\u010di, pribjegava ne\u010dasnim i prljavim tvrdnjama o tobo\u017ee mojoj povezanosti sa kriminalcima. Neka mu na kraju krajeva i bude , jer je to ina\u010de njemu svojstveno. Dobro ka\u017ee jedna narodna mudrost: \u201cKo o \u010demu pri\u010da do vojnik o skra\u0107enju i no\u0107ne dame o po\u0161tenju\u201d. Zarad javnosti , izgleda da je do\u0161lo vrijeme da se neke istine javno ka\u017eu, pa \u0107u iz korektnosti po\u010deti od mene.! Pa evo priznajem , da sam ja Meto Zenka , krajem osamdesetih godina pro\u0161log vijeka nakon dojave mojih sau\u010desnika preko no\u0107i pobjegao iz Ulcinja, sa torbom punom Doj\u010d Maraka da bih prikrio milionsku kradju u Ulcinjskoj Rivieri. To je bila kradja o kojoj je \u010ditav grad godinama pri\u010dao.Tamo sam ostao dvije tri godine, ta\u010dno toliko , koliko je trebalo mojim sau\u010desnicima da prikriju tragove i zataskaju aferu. Nakon dvije tri godine \u201cmukotrpnog rada\u201d, kao tobo\u017ee konobar, a u stvari dou\u0161nik na\u0161e dobre UDB-e , vratio sam se u Ulcinj sa mojim mukom ste\u010denim milionima a zatim sam zapo\u010deo biznis , za koji sam dozvolu za rad i otvaranje firme za expot import u tada\u0161njoj zajedni\u010dkoj dr\u017eavi Srbija i Crna Gora dobio od tada\u0161njih vode\u0107ih ljudi JUL-a . U konkurenciji od 800 konkurenata ja sam tre\u0107i po redu dobio dozvolu. Za ovo dugujem veliku zahvalnost mojim prijateljima koji su mi pomagali a koje ne mogu javno prozvati jer nam biznis jo\u0161 uvjek ide po planu , pa stoga diskrecija mora biti zagarantovana (dok me neko ne bude malo pritego). Vremenom , moji mukom ste\u010deni milioni su se razmno\u017eili , mada da budem iskren moglo je biti i bolje i vi\u0161e, ali neka sad sam predsjednik Op\u0161tine pa sam napravio nekoliko dobrih poteza koje cu vremenom dobro unovciti . Ovom prilikom moram biti do kraja iskren :&#8221;nikad mi nije dosta&#8221;, i kada je u pitanju moja zarada, nije me briga koga gazim i \u0161to gazim.Za sada toliko o meni, mada imam jos stosta re\u0107i, ali cekam na ispovjest gos.Cungua, da bih se do kraja ispovijedio. Sto se tice sudbine DUA, neka Cungu ne brine mnogo o njoj i o nama , jer ima i te kako puno posla i brige oko svoje partije. Kao predsjednik partije mnogo je obecavao gradjanima Ulcinja a malo ili nimalo je uradio da iste ispuni. Bolje re\u010deno do sada nije uradio ni\u0161ta . Mi jesmo vodili Ulcinj, imali smo gre\u0161aka i propusta , ali smo za na\u0161 grad i narod mnogo toga u\u010dinili. Sve u svemu , gradjani Ulcinja su tu , pa \u0107e oni najbolje presuditi ko im je prodavao maglu a ko je znao da iskreno i kvalitetno upravlja ovom Op\u0161tinom.<br \/>\n<a href=\"http:\/\/www.visit-ulcinj.com\/blog\/wp-content\/uploads\/2013\/05\/Inaguracija-mosta-na-Port-Mileni-Ulcinj.jpg\"><img loading=\"lazy\" class=\"alignleft  wp-image-71567\" alt=\"Inaguracija mosta na Port Mileni Ulcinj\" src=\"http:\/\/www.visit-ulcinj.com\/blog\/wp-content\/uploads\/2013\/05\/Inaguracija-mosta-na-Port-Mileni-Ulcinj.jpg\" width=\"508\" height=\"350\" \/><\/a><\/p>\n<p>I za kraj ove dana\u0161nje pri\u010de moram upitati g.Cungua koju kameleonsku boju je pripremio da navu\u010de za dana\u0161nje otvaranje mosta na Port Mileni. Siguran sam , da je pripremio crvenu da crvenija ne moze biti, jer kako drukcije protumaciti njegovo pojavljivanje na otvaranju mosta i to pored Djukanovica koga je ne tako davno prozvao kao \u010dovjeka koji Ulcinjanima servira prevaru vijeka ba\u0161 na dan kad je postavljen kamentemeljac tog istog mosta. Na sva zvona je trubio kako je pri\u010da o mostu prevara i da mosta nikad nece biti. Sada taj gospodin lomi noge da otvori taj most i da se slika pored Djukanovica, neka mu bude , nek se slika jer magla je njegov izbor \u017eivota i opstanka , samo nek zna da gradjani Ulcinja ne rastu u magli i da ne pate od amnezije. Mi smo Cungua i njegove saradnike oduvijek dobro znali , ali na\u017ealost trebalo je da dodju na vlast i poka\u017eu svoje pravo lice i umje\u0107e pred narodom . Od silnih expertskih programa promovisanih niz godina Ulcinj se gu\u0161i u dugovima napravljenim za nepune dvije godine vr\u0161enja vlasti (sedam miliona eura), koji vode Opstinu ka finansijskoj provaliji, da stvar bude gora oni jos uvjek razmisljaju o novim kreditnim zadu\u017eenjima jer nam muke nije dosta pa nas treba jos zadu\u017eiti. Mi \u0107emo i dalje bilo da smo opozicija ili pozicija delovati konstruktivno . Stoga jo\u0161 jedanput , pozivamo sve politi\u010dke \u010dinioce grada , da se udru\u017eimo i formiramo privremenu gradsku vlast , koja bi ovu Op\u0161tinu vodila do prijevremenih izbora. A na izborima \u0107e gradjani presuditi i odlu\u010diti ko je zaslu\u017eio njihovo poverenje i ko \u0107e ovu Op\u0161tinu i dalje voditi. Drago mi je \u0161to su napokon maske pale pa je svako pokazao , koliko vrijedi, zna i umije.<\/p>\n<p><strong>Predsjednik DUA,<\/strong><br \/>\n<strong>Mehmed Zenka,s.r.<\/strong><\/p>\n","protected":false},"excerpt":{"rendered":"<p>Lider DUA Mehmet Zenka o\u0161tro odgovorio predsjedniku Op\u0161tine Cungu je biv\u0161i dou\u0161nik UDBE i saradnik JUL-a &nbsp; Ne \u010dudi me nimalo reagovanje Cungua, jer \u017eele\u0107i prikrivati i izbjegavati odgovornost, o svojoj krajnje neodgovornom i nestru\u010dnom vodjenju grada i dovodjenjem Op\u0161tine, pred jedan veliki kolaps u pravom smislu te rije\u010di, pribjegava ne\u010dasnim i prljavim tvrdnjama o [&hellip;]<\/p>\n","protected":false},"author":1,"featured_media":0,"comment_status":"open","ping_status":"closed","sticky":false,"template":"","format":"standard","meta":{"spay_email":"","jetpack_publicize_message":"","jetpack_is_tweetstorm":false,"jetpack_publicize_feature_enabled":true},"categories":[8337],"tags":[],"jetpack_publicize_connections":[],"yoast_head":"<!-- This site is optimized with the Yoast SEO plugin v19.1 - https:\/\/yoast.com\/wordpress\/plugins\/seo\/ -->\n<title>Zenka: Cungu je biv\u0161i dou\u0161nik UDBE i saradnik JUL-a - Lajme nga Ulqini<\/title>\n<meta name=\"description\" content=\"Lider DUA Mehmet Zenka o\u0161tro odgovorio predsjedniku Op\u0161tine Cungu je biv\u0161i dou\u0161nik UDBE i saradnik JUL-a &nbsp; Ne \u010dudi me nimalo reagovanje Cungua, jer\" \/>\n<meta name=\"robots\" content=\"index, follow, max-snippet:-1, max-image-preview:large, max-video-preview:-1\" \/>\n<link rel=\"canonical\" href=\"https:\/\/www.visit-ulcinj.com\/blog\/2013\/05\/24\/zenka-cungu-je-bivsi-dousnik-udbe-i-saradnik-jul-a\/\" \/>\n<meta property=\"og:locale\" content=\"en_US\" \/>\n<meta property=\"og:type\" content=\"article\" \/>\n<meta property=\"og:title\" content=\"Zenka: Cungu je biv\u0161i dou\u0161nik UDBE i saradnik JUL-a - Lajme nga Ulqini\" \/>\n<meta property=\"og:description\" content=\"Lider DUA Mehmet Zenka o\u0161tro odgovorio predsjedniku Op\u0161tine Cungu je biv\u0161i dou\u0161nik UDBE i saradnik JUL-a &nbsp; Ne \u010dudi me nimalo reagovanje Cungua, jer\" \/>\n<meta property=\"og:url\" content=\"https:\/\/www.visit-ulcinj.com\/blog\/2013\/05\/24\/zenka-cungu-je-bivsi-dousnik-udbe-i-saradnik-jul-a\/\" \/>\n<meta property=\"og:site_name\" content=\"Lajme nga Ulqini\" \/>\n<meta property=\"article:published_time\" content=\"2013-05-24T15:13:55+00:00\" \/>\n<meta property=\"article:modified_time\" content=\"2013-05-24T15:14:11+00:00\" \/>\n<meta property=\"og:image\" content=\"http:\/\/www.visit-ulcinj.com\/blog\/wp-content\/uploads\/2013\/05\/Mehmet-Zenka-Ulcinj.jpg\" \/>\n<meta name=\"twitter:label1\" content=\"Written by\" \/>\n\t<meta name=\"twitter:data1\" content=\"ulqini\" \/>\n\t<meta name=\"twitter:label2\" content=\"Est. reading time\" \/>\n\t<meta name=\"twitter:data2\" content=\"4 minutes\" \/>\n<script type=\"application\/ld+json\" class=\"yoast-schema-graph\">{\"@context\":\"https:\/\/schema.org\",\"@graph\":[{\"@type\":\"WebSite\",\"@id\":\"https:\/\/www.visit-ulcinj.com\/blog\/#website\",\"url\":\"https:\/\/www.visit-ulcinj.com\/blog\/\",\"name\":\"Lajme nga Ulqini\",\"description\":\"Lajme,Vijesti,Ulqini,Ulqin,Crna Gora,Mali i Zi\",\"potentialAction\":[{\"@type\":\"SearchAction\",\"target\":{\"@type\":\"EntryPoint\",\"urlTemplate\":\"https:\/\/www.visit-ulcinj.com\/blog\/?s={search_term_string}\"},\"query-input\":\"required name=search_term_string\"}],\"inLanguage\":\"en-US\"},{\"@type\":\"ImageObject\",\"inLanguage\":\"en-US\",\"@id\":\"https:\/\/www.visit-ulcinj.com\/blog\/2013\/05\/24\/zenka-cungu-je-bivsi-dousnik-udbe-i-saradnik-jul-a\/#primaryimage\",\"url\":\"https:\/\/www.visit-ulcinj.com\/blog\/wp-content\/uploads\/2013\/05\/Mehmet-Zenka-Ulcinj.jpg\",\"contentUrl\":\"https:\/\/www.visit-ulcinj.com\/blog\/wp-content\/uploads\/2013\/05\/Mehmet-Zenka-Ulcinj.jpg\",\"width\":500,\"height\":350},{\"@type\":\"WebPage\",\"@id\":\"https:\/\/www.visit-ulcinj.com\/blog\/2013\/05\/24\/zenka-cungu-je-bivsi-dousnik-udbe-i-saradnik-jul-a\/#webpage\",\"url\":\"https:\/\/www.visit-ulcinj.com\/blog\/2013\/05\/24\/zenka-cungu-je-bivsi-dousnik-udbe-i-saradnik-jul-a\/\",\"name\":\"Zenka: Cungu je biv\u0161i dou\u0161nik UDBE i saradnik JUL-a - Lajme nga Ulqini\",\"isPartOf\":{\"@id\":\"https:\/\/www.visit-ulcinj.com\/blog\/#website\"},\"primaryImageOfPage\":{\"@id\":\"https:\/\/www.visit-ulcinj.com\/blog\/2013\/05\/24\/zenka-cungu-je-bivsi-dousnik-udbe-i-saradnik-jul-a\/#primaryimage\"},\"datePublished\":\"2013-05-24T15:13:55+00:00\",\"dateModified\":\"2013-05-24T15:14:11+00:00\",\"author\":{\"@id\":\"https:\/\/www.visit-ulcinj.com\/blog\/#\/schema\/person\/dcab619c614d3038751c63bc2aadc06d\"},\"description\":\"Lider DUA Mehmet Zenka o\u0161tro odgovorio predsjedniku Op\u0161tine Cungu je biv\u0161i dou\u0161nik UDBE i saradnik JUL-a &nbsp; Ne \u010dudi me nimalo reagovanje Cungua, jer\",\"breadcrumb\":{\"@id\":\"https:\/\/www.visit-ulcinj.com\/blog\/2013\/05\/24\/zenka-cungu-je-bivsi-dousnik-udbe-i-saradnik-jul-a\/#breadcrumb\"},\"inLanguage\":\"en-US\",\"potentialAction\":[{\"@type\":\"ReadAction\",\"target\":[\"https:\/\/www.visit-ulcinj.com\/blog\/2013\/05\/24\/zenka-cungu-je-bivsi-dousnik-udbe-i-saradnik-jul-a\/\"]}]},{\"@type\":\"BreadcrumbList\",\"@id\":\"https:\/\/www.visit-ulcinj.com\/blog\/2013\/05\/24\/zenka-cungu-je-bivsi-dousnik-udbe-i-saradnik-jul-a\/#breadcrumb\",\"itemListElement\":[{\"@type\":\"ListItem\",\"position\":1,\"name\":\"Zenka: Cungu je biv\u0161i dou\u0161nik UDBE i saradnik JUL-a\"}]},{\"@type\":\"Person\",\"@id\":\"https:\/\/www.visit-ulcinj.com\/blog\/#\/schema\/person\/dcab619c614d3038751c63bc2aadc06d\",\"name\":\"ulqini\",\"sameAs\":[\"http:\/\/www.visit-ulcinj.com\"],\"url\":\"https:\/\/www.visit-ulcinj.com\/blog\/author\/admin\/\"}]}<\/script>\n<!-- \/ Yoast SEO plugin. -->","yoast_head_json":{"title":"Zenka: Cungu je biv\u0161i dou\u0161nik UDBE i saradnik JUL-a - Lajme nga Ulqini","description":"Lider DUA Mehmet Zenka o\u0161tro odgovorio predsjedniku Op\u0161tine Cungu je biv\u0161i dou\u0161nik UDBE i saradnik JUL-a &nbsp; Ne \u010dudi me nimalo reagovanje Cungua, jer","robots":{"index":"index","follow":"follow","max-snippet":"max-snippet:-1","max-image-preview":"max-image-preview:large","max-video-preview":"max-video-preview:-1"},"canonical":"https:\/\/www.visit-ulcinj.com\/blog\/2013\/05\/24\/zenka-cungu-je-bivsi-dousnik-udbe-i-saradnik-jul-a\/","og_locale":"en_US","og_type":"article","og_title":"Zenka: Cungu je biv\u0161i dou\u0161nik UDBE i saradnik JUL-a - Lajme nga Ulqini","og_description":"Lider DUA Mehmet Zenka o\u0161tro odgovorio predsjedniku Op\u0161tine Cungu je biv\u0161i dou\u0161nik UDBE i saradnik JUL-a &nbsp; Ne \u010dudi me nimalo reagovanje Cungua, jer","og_url":"https:\/\/www.visit-ulcinj.com\/blog\/2013\/05\/24\/zenka-cungu-je-bivsi-dousnik-udbe-i-saradnik-jul-a\/","og_site_name":"Lajme nga Ulqini","article_published_time":"2013-05-24T15:13:55+00:00","article_modified_time":"2013-05-24T15:14:11+00:00","og_image":[{"url":"http:\/\/www.visit-ulcinj.com\/blog\/wp-content\/uploads\/2013\/05\/Mehmet-Zenka-Ulcinj.jpg"}],"twitter_misc":{"Written by":"ulqini","Est. reading time":"4 minutes"},"schema":{"@context":"https:\/\/schema.org","@graph":[{"@type":"WebSite","@id":"https:\/\/www.visit-ulcinj.com\/blog\/#website","url":"https:\/\/www.visit-ulcinj.com\/blog\/","name":"Lajme nga Ulqini","description":"Lajme,Vijesti,Ulqini,Ulqin,Crna Gora,Mali i Zi","potentialAction":[{"@type":"SearchAction","target":{"@type":"EntryPoint","urlTemplate":"https:\/\/www.visit-ulcinj.com\/blog\/?s={search_term_string}"},"query-input":"required name=search_term_string"}],"inLanguage":"en-US"},{"@type":"ImageObject","inLanguage":"en-US","@id":"https:\/\/www.visit-ulcinj.com\/blog\/2013\/05\/24\/zenka-cungu-je-bivsi-dousnik-udbe-i-saradnik-jul-a\/#primaryimage","url":"https:\/\/www.visit-ulcinj.com\/blog\/wp-content\/uploads\/2013\/05\/Mehmet-Zenka-Ulcinj.jpg","contentUrl":"https:\/\/www.visit-ulcinj.com\/blog\/wp-content\/uploads\/2013\/05\/Mehmet-Zenka-Ulcinj.jpg","width":500,"height":350},{"@type":"WebPage","@id":"https:\/\/www.visit-ulcinj.com\/blog\/2013\/05\/24\/zenka-cungu-je-bivsi-dousnik-udbe-i-saradnik-jul-a\/#webpage","url":"https:\/\/www.visit-ulcinj.com\/blog\/2013\/05\/24\/zenka-cungu-je-bivsi-dousnik-udbe-i-saradnik-jul-a\/","name":"Zenka: Cungu je biv\u0161i dou\u0161nik UDBE i saradnik JUL-a - Lajme nga Ulqini","isPartOf":{"@id":"https:\/\/www.visit-ulcinj.com\/blog\/#website"},"primaryImageOfPage":{"@id":"https:\/\/www.visit-ulcinj.com\/blog\/2013\/05\/24\/zenka-cungu-je-bivsi-dousnik-udbe-i-saradnik-jul-a\/#primaryimage"},"datePublished":"2013-05-24T15:13:55+00:00","dateModified":"2013-05-24T15:14:11+00:00","author":{"@id":"https:\/\/www.visit-ulcinj.com\/blog\/#\/schema\/person\/dcab619c614d3038751c63bc2aadc06d"},"description":"Lider DUA Mehmet Zenka o\u0161tro odgovorio predsjedniku Op\u0161tine Cungu je biv\u0161i dou\u0161nik UDBE i saradnik JUL-a &nbsp; Ne \u010dudi me nimalo reagovanje Cungua, jer","breadcrumb":{"@id":"https:\/\/www.visit-ulcinj.com\/blog\/2013\/05\/24\/zenka-cungu-je-bivsi-dousnik-udbe-i-saradnik-jul-a\/#breadcrumb"},"inLanguage":"en-US","potentialAction":[{"@type":"ReadAction","target":["https:\/\/www.visit-ulcinj.com\/blog\/2013\/05\/24\/zenka-cungu-je-bivsi-dousnik-udbe-i-saradnik-jul-a\/"]}]},{"@type":"BreadcrumbList","@id":"https:\/\/www.visit-ulcinj.com\/blog\/2013\/05\/24\/zenka-cungu-je-bivsi-dousnik-udbe-i-saradnik-jul-a\/#breadcrumb","itemListElement":[{"@type":"ListItem","position":1,"name":"Zenka: Cungu je biv\u0161i dou\u0161nik UDBE i saradnik JUL-a"}]},{"@type":"Person","@id":"https:\/\/www.visit-ulcinj.com\/blog\/#\/schema\/person\/dcab619c614d3038751c63bc2aadc06d","name":"ulqini","sameAs":["http:\/\/www.visit-ulcinj.com"],"url":"https:\/\/www.visit-ulcinj.com\/blog\/author\/admin\/"}]}},"jetpack_featured_media_url":"","jetpack_sharing_enabled":true,"jetpack_shortlink":"https:\/\/wp.me\/pe6lTn-iCh","_links":{"self":[{"href":"https:\/\/www.visit-ulcinj.com\/blog\/wp-json\/wp\/v2\/posts\/71565"}],"collection":[{"href":"https:\/\/www.visit-ulcinj.com\/blog\/wp-json\/wp\/v2\/posts"}],"about":[{"href":"https:\/\/www.visit-ulcinj.com\/blog\/wp-json\/wp\/v2\/types\/post"}],"author":[{"embeddable":true,"href":"https:\/\/www.visit-ulcinj.com\/blog\/wp-json\/wp\/v2\/users\/1"}],"replies":[{"embeddable":true,"href":"https:\/\/www.visit-ulcinj.com\/blog\/wp-json\/wp\/v2\/comments?post=71565"}],"version-history":[{"count":2,"href":"https:\/\/www.visit-ulcinj.com\/blog\/wp-json\/wp\/v2\/posts\/71565\/revisions"}],"predecessor-version":[{"id":71569,"href":"https:\/\/www.visit-ulcinj.com\/blog\/wp-json\/wp\/v2\/posts\/71565\/revisions\/71569"}],"wp:attachment":[{"href":"https:\/\/www.visit-ulcinj.com\/blog\/wp-json\/wp\/v2\/media?parent=71565"}],"wp:term":[{"taxonomy":"category","embeddable":true,"href":"https:\/\/www.visit-ulcinj.com\/blog\/wp-json\/wp\/v2\/categories?post=71565"},{"taxonomy":"post_tag","embeddable":true,"href":"https:\/\/www.visit-ulcinj.com\/blog\/wp-json\/wp\/v2\/tags?post=71565"}],"curies":[{"name":"wp","href":"https:\/\/api.w.org\/{rel}","templated":true}]}}