{"id":71570,"date":"2013-05-24T16:27:15","date_gmt":"2013-05-24T15:27:15","guid":{"rendered":"http:\/\/www.visit-ulcinj.com\/blog\/?p=71570"},"modified":"2013-05-25T15:43:26","modified_gmt":"2013-05-25T14:43:26","slug":"sukses-pas-suksesit-per-klubin-e-karatese-ulqini","status":"publish","type":"post","link":"https:\/\/www.visit-ulcinj.com\/blog\/2013\/05\/24\/sukses-pas-suksesit-per-klubin-e-karatese-ulqini\/","title":{"rendered":"Sukses pas suksesit p\u00ebr klubin e karates\u00eb \u201cUlqini\u201d"},"content":{"rendered":"<p><a href=\"http:\/\/www.visit-ulcinj.com\/blog\/wp-content\/uploads\/2013\/05\/KK-Ulqini-ne-Budva-OPEN-2013.jpg\"><img loading=\"lazy\" class=\"alignleft  wp-image-71571\" alt=\"KK Ulqini ne Budva OPEN 2013\" src=\"http:\/\/www.visit-ulcinj.com\/blog\/wp-content\/uploads\/2013\/05\/KK-Ulqini-ne-Budva-OPEN-2013.jpg\" width=\"508\" height=\"360\" \/><\/a>M\u00eb 18 dhe19 maj 2013 u mbajt\u00ebn dy turne nd\u00ebrkomb\u00ebtare t\u00eb karates\u00eb: n\u00eb Budv\u00eb \u201cBudva Open\u201d dhe n\u00eb Rozhaj\u00eb \u201cTrofeu i Art\u00eb i Rozhaj\u00ebs\u201d. N\u00eb turneun nd\u00ebrkomb\u00ebtar \u201cBudva Open\u201d mor\u00ebn pjes\u00eb 19 klube me mbi 370 garues. Klubi i karates\u00eb \u201cUlqini\u201d u rendit n\u00eb vendin e tret\u00eb n\u00eb plasmanin gjeneral. N\u00eb vend t\u00eb par\u00eb u rendit KK \u201cOmlladinac\u201d, nd\u00ebrsa vendi i dyt\u00eb i takoi KK \u201cBuduqnost\u201d. N\u00eb k\u00ebt\u00eb turne KK \u201cUlqini\u201d u paraqit me nj\u00eb pjes\u00eb t\u00eb ekipit t\u00eb garuesve t\u00eb klubit, t\u00eb p\u00ebrb\u00ebr\u00eb nga 19 garues, t\u00eb cil\u00ebt arrit\u00ebn t\u00eb kuror\u00ebzohen me 12 medalje t\u00eb arta, 7 t\u00eb argjendta, 10 t\u00eb bronzta dhe kup\u00ebn e plasmanit gjeneral t\u00eb vendit t\u00eb tret\u00eb. N\u00eb k\u00ebt\u00eb turne ve\u00e7ojm\u00eb garuesen tone Eliza Salihun, e cila ishte e shk\u00eblqyeshme n\u00eb kata dhe luft\u00ebra individuale duke u kuror\u00ebzuar me medalje t\u00eb arta. Medaljet jan\u00eb fituar n\u00eb disiplinat individuale dhe ato ekipore n\u00eb luft\u00ebra dhe kata, me \u00e7\u2019rast te ekipet llogaritet nj\u00eb medalje p\u00ebr nj\u00eb ekip.<br \/>\n<a href=\"http:\/\/www.visit-ulcinj.com\/blog\/wp-content\/uploads\/2013\/05\/Trofeu-i-KK-Ulqini-ne-Budva-OPEN-2013.jpg\"><img loading=\"lazy\" class=\"alignleft  wp-image-71572\" alt=\"Trofeu i KK Ulqini ne Budva OPEN 2013\" src=\"http:\/\/www.visit-ulcinj.com\/blog\/wp-content\/uploads\/2013\/05\/Trofeu-i-KK-Ulqini-ne-Budva-OPEN-2013.jpg\" width=\"508\" height=\"600\" \/><\/a><\/p>\n<p>N\u00eb informatat e klubit p\u00ebr opinion gjithmon\u00eb kemi p\u00ebrmendur vet\u00ebm emrat e fituesve t\u00eb medaljeve, e jo t\u00eb gjitha kategorit\u00eb n\u00eb cilat jan\u00eb kuror\u00ebzuar me medalje, p\u00ebr shkak se do t\u00eb ishte dashur nj\u00eb garues t\u00eb p\u00ebrmendet disa her\u00eb dhe informata do t\u00eb kishte qen\u00eb shum\u00eb e gjat\u00eb. N\u00eb turneun nd\u00ebrkomb\u00ebtar \u201cTrofeu i Art\u00eb i Rozhaj\u00ebs\u201d mor\u00ebn pjes\u00eb 16 klube me mbi 350 garues nga Bosna dhe Hercegovina, Maqedonia, Serbia dhe klubet vendas nga Mali i Zi. N\u00eb k\u00ebt\u00eb turne KK \u201cUlqini\u201d u paraqit me nj\u00eb pjes\u00eb t\u00eb ekipit t\u00eb par\u00eb t\u00eb klubit, t\u00eb p\u00ebrb\u00ebr\u00eb nga 15 garues, t\u00eb cil\u00ebt arrit\u00ebn t\u00eb kuror\u00ebzohen me 36 medalje n\u00eb disiplinat individuale kata dhe luft\u00ebra dhe disiplinat ekipore kata dhe luft\u00ebra. T\u00eb gjith\u00eb garuesit punuan n\u00eb disa disiplina, si ato individuale ashtu dhe ekipore.<\/p>\n<p>Garuesit e Klubit t\u00eb karates\u00eb \u201cUlqini\u201d arrit\u00ebn t\u00eb fitojn\u00eb 26 medalje t\u00eb arta, prej tyre 19 n\u00eb disiplin\u00ebn individuale dhe 7 n\u00eb at\u00eb ekipore n\u00eb kata dhe luft\u00ebra; 6 t\u00eb argjendta, 4 t\u00eb bronzta dhe 12 kupa n\u00eb luft\u00ebra individuale dhe nj\u00eb kup\u00eb t\u00eb plasmanit gjeneral.. -Vlen t\u00eb shtojm\u00eb q\u00eb t\u00eb gjith\u00eb garuesit treguan se ishin shum\u00eb t\u00eb p\u00ebrgatitur dhe me k\u00ebt\u00eb d\u00ebshmuan q\u00eb jan\u00eb n\u00eb hap me m\u00eb t\u00eb mir\u00ebt. N\u00eb k\u00ebt\u00eb turne ve\u00e7ojm\u00eb dy garuesit tan\u00eb: Edin Kraj\u00ebn, i cili u shpall kampion n\u00eb kategorin\u00eb e vet -70 kg dhe n\u00eb kategorin\u00eb absolute duke u shp\u00ebrblyer me kupa dhe t\u00eb holla, dhe Adnan Kuqin, i cili u tregua i pamposhtur duke u kuror\u00ebzuar me medaljen e art\u00eb n\u00eb kategorin\u00eb e vet +50kg dhe n\u00eb kategorin\u00eb absolute duke u shp\u00ebrblyer me kupa dhe t\u00eb holla.<br \/>\n<a href=\"http:\/\/www.visit-ulcinj.com\/blog\/wp-content\/uploads\/2013\/05\/Trofeu-i-art-i-KK-Ulqini-ne-Budva-OPEN-2013.jpg\"><img loading=\"lazy\" class=\"alignleft  wp-image-71573\" alt=\"Trofeu i art i KK Ulqini ne Budva OPEN 2013\" src=\"http:\/\/www.visit-ulcinj.com\/blog\/wp-content\/uploads\/2013\/05\/Trofeu-i-art-i-KK-Ulqini-ne-Budva-OPEN-2013.jpg\" width=\"508\" height=\"600\" \/><\/a><\/p>\n<p>Garuesit t\u00eb cil\u00ebt u kuror\u00ebzuan me nga disa medalje n\u00eb turneun e Budv\u00ebs: Aldin Buliq, Emin Kulla, Fiona Kraja, Resul Ceka, Emro Bajrami, Albert Rudoviq, Kristian Junkoviq, Elvir Islamoviq, Mensur Ceka, Eliza Salihu, Diell\u00ebza Rama, Bylbyl Rexhepi, Christopher Rudoviq, Gabriel Bytyqi, Ronald Jacoviq, Emin Kallaba dhe Emill Kallaba. Garuesit t\u00eb cil\u00ebt u kuror\u00ebzuan me medalje n\u00eb turneun e Rozhaj\u00ebs: Nermin Suma, Ensar Marshiq, Adnan Kuqi, Marko Daboviq, Ibrahim Zogaj, Nderim Cuca, Izabela Ivanoviq, Lavdim Tula, Behlul Peroviq, Venesa Nuhi, Antigona Rama, Edin Kraja, Hantije Ibro\u00e7i, Seida Suma dhe Allmir Hajdari.<\/p>\n<p>&nbsp;<\/p>\n<p>SH\u00cbRBIMI INFORMATIV I KLUBIT T\u00cb KARATES\u00cb \u201cULQINI\u201d<\/p>\n","protected":false},"excerpt":{"rendered":"<p>M\u00eb 18 dhe19 maj 2013 u mbajt\u00ebn dy turne nd\u00ebrkomb\u00ebtare t\u00eb karates\u00eb: n\u00eb Budv\u00eb \u201cBudva Open\u201d dhe n\u00eb Rozhaj\u00eb \u201cTrofeu i Art\u00eb i Rozhaj\u00ebs\u201d. N\u00eb turneun nd\u00ebrkomb\u00ebtar \u201cBudva Open\u201d mor\u00ebn pjes\u00eb 19 klube me mbi 370 garues. Klubi i karates\u00eb \u201cUlqini\u201d u rendit n\u00eb vendin e tret\u00eb n\u00eb plasmanin gjeneral. N\u00eb vend t\u00eb par\u00eb u [&hellip;]<\/p>\n","protected":false},"author":1,"featured_media":0,"comment_status":"open","ping_status":"closed","sticky":false,"template":"","format":"standard","meta":{"spay_email":"","jetpack_publicize_message":"","jetpack_is_tweetstorm":false,"jetpack_publicize_feature_enabled":true},"categories":[1,3],"tags":[],"jetpack_publicize_connections":[],"yoast_head":"<!-- This site is optimized with the Yoast SEO plugin v19.1 - https:\/\/yoast.com\/wordpress\/plugins\/seo\/ -->\n<title>Sukses pas suksesit p\u00ebr klubin e karates\u00eb \u201cUlqini\u201d - Lajme nga Ulqini<\/title>\n<meta name=\"description\" content=\"M\u00eb 18 dhe19 maj 2013 u mbajt\u00ebn dy turne nd\u00ebrkomb\u00ebtare t\u00eb karates\u00eb: n\u00eb Budv\u00eb \u201cBudva Open\u201d dhe n\u00eb Rozhaj\u00eb \u201cTrofeu i Art\u00eb i Rozhaj\u00ebs\u201d. N\u00eb turneun\" \/>\n<meta name=\"robots\" content=\"index, follow, max-snippet:-1, max-image-preview:large, max-video-preview:-1\" \/>\n<link rel=\"canonical\" href=\"https:\/\/www.visit-ulcinj.com\/blog\/2013\/05\/24\/sukses-pas-suksesit-per-klubin-e-karatese-ulqini\/\" \/>\n<meta property=\"og:locale\" content=\"en_US\" \/>\n<meta property=\"og:type\" content=\"article\" \/>\n<meta property=\"og:title\" content=\"Sukses pas suksesit p\u00ebr klubin e karates\u00eb \u201cUlqini\u201d - Lajme nga Ulqini\" \/>\n<meta property=\"og:description\" content=\"M\u00eb 18 dhe19 maj 2013 u mbajt\u00ebn dy turne nd\u00ebrkomb\u00ebtare t\u00eb karates\u00eb: n\u00eb Budv\u00eb \u201cBudva Open\u201d dhe n\u00eb Rozhaj\u00eb \u201cTrofeu i Art\u00eb i Rozhaj\u00ebs\u201d. N\u00eb turneun\" \/>\n<meta property=\"og:url\" content=\"https:\/\/www.visit-ulcinj.com\/blog\/2013\/05\/24\/sukses-pas-suksesit-per-klubin-e-karatese-ulqini\/\" \/>\n<meta property=\"og:site_name\" content=\"Lajme nga Ulqini\" \/>\n<meta property=\"article:published_time\" content=\"2013-05-24T15:27:15+00:00\" \/>\n<meta property=\"article:modified_time\" content=\"2013-05-25T14:43:26+00:00\" \/>\n<meta property=\"og:image\" content=\"http:\/\/www.visit-ulcinj.com\/blog\/wp-content\/uploads\/2013\/05\/KK-Ulqini-ne-Budva-OPEN-2013.jpg\" \/>\n<meta name=\"twitter:label1\" content=\"Written by\" \/>\n\t<meta name=\"twitter:data1\" content=\"ulqini\" \/>\n\t<meta name=\"twitter:label2\" content=\"Est. reading time\" \/>\n\t<meta name=\"twitter:data2\" content=\"3 minutes\" \/>\n<script type=\"application\/ld+json\" class=\"yoast-schema-graph\">{\"@context\":\"https:\/\/schema.org\",\"@graph\":[{\"@type\":\"WebSite\",\"@id\":\"https:\/\/www.visit-ulcinj.com\/blog\/#website\",\"url\":\"https:\/\/www.visit-ulcinj.com\/blog\/\",\"name\":\"Lajme nga Ulqini\",\"description\":\"Lajme,Vijesti,Ulqini,Ulqin,Crna Gora,Mali i Zi\",\"potentialAction\":[{\"@type\":\"SearchAction\",\"target\":{\"@type\":\"EntryPoint\",\"urlTemplate\":\"https:\/\/www.visit-ulcinj.com\/blog\/?s={search_term_string}\"},\"query-input\":\"required name=search_term_string\"}],\"inLanguage\":\"en-US\"},{\"@type\":\"ImageObject\",\"inLanguage\":\"en-US\",\"@id\":\"https:\/\/www.visit-ulcinj.com\/blog\/2013\/05\/24\/sukses-pas-suksesit-per-klubin-e-karatese-ulqini\/#primaryimage\",\"url\":\"https:\/\/www.visit-ulcinj.com\/blog\/wp-content\/uploads\/2013\/05\/KK-Ulqini-ne-Budva-OPEN-2013.jpg\",\"contentUrl\":\"https:\/\/www.visit-ulcinj.com\/blog\/wp-content\/uploads\/2013\/05\/KK-Ulqini-ne-Budva-OPEN-2013.jpg\",\"width\":960,\"height\":720},{\"@type\":\"WebPage\",\"@id\":\"https:\/\/www.visit-ulcinj.com\/blog\/2013\/05\/24\/sukses-pas-suksesit-per-klubin-e-karatese-ulqini\/#webpage\",\"url\":\"https:\/\/www.visit-ulcinj.com\/blog\/2013\/05\/24\/sukses-pas-suksesit-per-klubin-e-karatese-ulqini\/\",\"name\":\"Sukses pas suksesit p\u00ebr klubin e karates\u00eb \u201cUlqini\u201d - Lajme nga Ulqini\",\"isPartOf\":{\"@id\":\"https:\/\/www.visit-ulcinj.com\/blog\/#website\"},\"primaryImageOfPage\":{\"@id\":\"https:\/\/www.visit-ulcinj.com\/blog\/2013\/05\/24\/sukses-pas-suksesit-per-klubin-e-karatese-ulqini\/#primaryimage\"},\"datePublished\":\"2013-05-24T15:27:15+00:00\",\"dateModified\":\"2013-05-25T14:43:26+00:00\",\"author\":{\"@id\":\"https:\/\/www.visit-ulcinj.com\/blog\/#\/schema\/person\/dcab619c614d3038751c63bc2aadc06d\"},\"description\":\"M\u00eb 18 dhe19 maj 2013 u mbajt\u00ebn dy turne nd\u00ebrkomb\u00ebtare t\u00eb karates\u00eb: n\u00eb Budv\u00eb \u201cBudva Open\u201d dhe n\u00eb Rozhaj\u00eb \u201cTrofeu i Art\u00eb i Rozhaj\u00ebs\u201d. N\u00eb turneun\",\"breadcrumb\":{\"@id\":\"https:\/\/www.visit-ulcinj.com\/blog\/2013\/05\/24\/sukses-pas-suksesit-per-klubin-e-karatese-ulqini\/#breadcrumb\"},\"inLanguage\":\"en-US\",\"potentialAction\":[{\"@type\":\"ReadAction\",\"target\":[\"https:\/\/www.visit-ulcinj.com\/blog\/2013\/05\/24\/sukses-pas-suksesit-per-klubin-e-karatese-ulqini\/\"]}]},{\"@type\":\"BreadcrumbList\",\"@id\":\"https:\/\/www.visit-ulcinj.com\/blog\/2013\/05\/24\/sukses-pas-suksesit-per-klubin-e-karatese-ulqini\/#breadcrumb\",\"itemListElement\":[{\"@type\":\"ListItem\",\"position\":1,\"name\":\"Sukses pas suksesit p\u00ebr klubin e karates\u00eb \u201cUlqini\u201d\"}]},{\"@type\":\"Person\",\"@id\":\"https:\/\/www.visit-ulcinj.com\/blog\/#\/schema\/person\/dcab619c614d3038751c63bc2aadc06d\",\"name\":\"ulqini\",\"sameAs\":[\"http:\/\/www.visit-ulcinj.com\"],\"url\":\"https:\/\/www.visit-ulcinj.com\/blog\/author\/admin\/\"}]}<\/script>\n<!-- \/ Yoast SEO plugin. -->","yoast_head_json":{"title":"Sukses pas suksesit p\u00ebr klubin e karates\u00eb \u201cUlqini\u201d - Lajme nga Ulqini","description":"M\u00eb 18 dhe19 maj 2013 u mbajt\u00ebn dy turne nd\u00ebrkomb\u00ebtare t\u00eb karates\u00eb: n\u00eb Budv\u00eb \u201cBudva Open\u201d dhe n\u00eb Rozhaj\u00eb \u201cTrofeu i Art\u00eb i Rozhaj\u00ebs\u201d. N\u00eb turneun","robots":{"index":"index","follow":"follow","max-snippet":"max-snippet:-1","max-image-preview":"max-image-preview:large","max-video-preview":"max-video-preview:-1"},"canonical":"https:\/\/www.visit-ulcinj.com\/blog\/2013\/05\/24\/sukses-pas-suksesit-per-klubin-e-karatese-ulqini\/","og_locale":"en_US","og_type":"article","og_title":"Sukses pas suksesit p\u00ebr klubin e karates\u00eb \u201cUlqini\u201d - Lajme nga Ulqini","og_description":"M\u00eb 18 dhe19 maj 2013 u mbajt\u00ebn dy turne nd\u00ebrkomb\u00ebtare t\u00eb karates\u00eb: n\u00eb Budv\u00eb \u201cBudva Open\u201d dhe n\u00eb Rozhaj\u00eb \u201cTrofeu i Art\u00eb i Rozhaj\u00ebs\u201d. N\u00eb turneun","og_url":"https:\/\/www.visit-ulcinj.com\/blog\/2013\/05\/24\/sukses-pas-suksesit-per-klubin-e-karatese-ulqini\/","og_site_name":"Lajme nga Ulqini","article_published_time":"2013-05-24T15:27:15+00:00","article_modified_time":"2013-05-25T14:43:26+00:00","og_image":[{"url":"http:\/\/www.visit-ulcinj.com\/blog\/wp-content\/uploads\/2013\/05\/KK-Ulqini-ne-Budva-OPEN-2013.jpg"}],"twitter_misc":{"Written by":"ulqini","Est. reading time":"3 minutes"},"schema":{"@context":"https:\/\/schema.org","@graph":[{"@type":"WebSite","@id":"https:\/\/www.visit-ulcinj.com\/blog\/#website","url":"https:\/\/www.visit-ulcinj.com\/blog\/","name":"Lajme nga Ulqini","description":"Lajme,Vijesti,Ulqini,Ulqin,Crna Gora,Mali i Zi","potentialAction":[{"@type":"SearchAction","target":{"@type":"EntryPoint","urlTemplate":"https:\/\/www.visit-ulcinj.com\/blog\/?s={search_term_string}"},"query-input":"required name=search_term_string"}],"inLanguage":"en-US"},{"@type":"ImageObject","inLanguage":"en-US","@id":"https:\/\/www.visit-ulcinj.com\/blog\/2013\/05\/24\/sukses-pas-suksesit-per-klubin-e-karatese-ulqini\/#primaryimage","url":"https:\/\/www.visit-ulcinj.com\/blog\/wp-content\/uploads\/2013\/05\/KK-Ulqini-ne-Budva-OPEN-2013.jpg","contentUrl":"https:\/\/www.visit-ulcinj.com\/blog\/wp-content\/uploads\/2013\/05\/KK-Ulqini-ne-Budva-OPEN-2013.jpg","width":960,"height":720},{"@type":"WebPage","@id":"https:\/\/www.visit-ulcinj.com\/blog\/2013\/05\/24\/sukses-pas-suksesit-per-klubin-e-karatese-ulqini\/#webpage","url":"https:\/\/www.visit-ulcinj.com\/blog\/2013\/05\/24\/sukses-pas-suksesit-per-klubin-e-karatese-ulqini\/","name":"Sukses pas suksesit p\u00ebr klubin e karates\u00eb \u201cUlqini\u201d - Lajme nga Ulqini","isPartOf":{"@id":"https:\/\/www.visit-ulcinj.com\/blog\/#website"},"primaryImageOfPage":{"@id":"https:\/\/www.visit-ulcinj.com\/blog\/2013\/05\/24\/sukses-pas-suksesit-per-klubin-e-karatese-ulqini\/#primaryimage"},"datePublished":"2013-05-24T15:27:15+00:00","dateModified":"2013-05-25T14:43:26+00:00","author":{"@id":"https:\/\/www.visit-ulcinj.com\/blog\/#\/schema\/person\/dcab619c614d3038751c63bc2aadc06d"},"description":"M\u00eb 18 dhe19 maj 2013 u mbajt\u00ebn dy turne nd\u00ebrkomb\u00ebtare t\u00eb karates\u00eb: n\u00eb Budv\u00eb \u201cBudva Open\u201d dhe n\u00eb Rozhaj\u00eb \u201cTrofeu i Art\u00eb i Rozhaj\u00ebs\u201d. N\u00eb turneun","breadcrumb":{"@id":"https:\/\/www.visit-ulcinj.com\/blog\/2013\/05\/24\/sukses-pas-suksesit-per-klubin-e-karatese-ulqini\/#breadcrumb"},"inLanguage":"en-US","potentialAction":[{"@type":"ReadAction","target":["https:\/\/www.visit-ulcinj.com\/blog\/2013\/05\/24\/sukses-pas-suksesit-per-klubin-e-karatese-ulqini\/"]}]},{"@type":"BreadcrumbList","@id":"https:\/\/www.visit-ulcinj.com\/blog\/2013\/05\/24\/sukses-pas-suksesit-per-klubin-e-karatese-ulqini\/#breadcrumb","itemListElement":[{"@type":"ListItem","position":1,"name":"Sukses pas suksesit p\u00ebr klubin e karates\u00eb \u201cUlqini\u201d"}]},{"@type":"Person","@id":"https:\/\/www.visit-ulcinj.com\/blog\/#\/schema\/person\/dcab619c614d3038751c63bc2aadc06d","name":"ulqini","sameAs":["http:\/\/www.visit-ulcinj.com"],"url":"https:\/\/www.visit-ulcinj.com\/blog\/author\/admin\/"}]}},"jetpack_featured_media_url":"","jetpack_sharing_enabled":true,"jetpack_shortlink":"https:\/\/wp.me\/pe6lTn-iCm","_links":{"self":[{"href":"https:\/\/www.visit-ulcinj.com\/blog\/wp-json\/wp\/v2\/posts\/71570"}],"collection":[{"href":"https:\/\/www.visit-ulcinj.com\/blog\/wp-json\/wp\/v2\/posts"}],"about":[{"href":"https:\/\/www.visit-ulcinj.com\/blog\/wp-json\/wp\/v2\/types\/post"}],"author":[{"embeddable":true,"href":"https:\/\/www.visit-ulcinj.com\/blog\/wp-json\/wp\/v2\/users\/1"}],"replies":[{"embeddable":true,"href":"https:\/\/www.visit-ulcinj.com\/blog\/wp-json\/wp\/v2\/comments?post=71570"}],"version-history":[{"count":3,"href":"https:\/\/www.visit-ulcinj.com\/blog\/wp-json\/wp\/v2\/posts\/71570\/revisions"}],"predecessor-version":[{"id":71629,"href":"https:\/\/www.visit-ulcinj.com\/blog\/wp-json\/wp\/v2\/posts\/71570\/revisions\/71629"}],"wp:attachment":[{"href":"https:\/\/www.visit-ulcinj.com\/blog\/wp-json\/wp\/v2\/media?parent=71570"}],"wp:term":[{"taxonomy":"category","embeddable":true,"href":"https:\/\/www.visit-ulcinj.com\/blog\/wp-json\/wp\/v2\/categories?post=71570"},{"taxonomy":"post_tag","embeddable":true,"href":"https:\/\/www.visit-ulcinj.com\/blog\/wp-json\/wp\/v2\/tags?post=71570"}],"curies":[{"name":"wp","href":"https:\/\/api.w.org\/{rel}","templated":true}]}}