{"id":71595,"date":"2013-05-24T18:24:48","date_gmt":"2013-05-24T17:24:48","guid":{"rendered":"http:\/\/www.visit-ulcinj.com\/blog\/?p=71595"},"modified":"2013-05-24T18:29:59","modified_gmt":"2013-05-24T17:29:59","slug":"memorandum-mirekuptimi-per-tap","status":"publish","type":"post","link":"https:\/\/www.visit-ulcinj.com\/blog\/2013\/05\/24\/memorandum-mirekuptimi-per-tap\/","title":{"rendered":"Memorandum mir\u00ebkuptimi p\u00ebr TAP"},"content":{"rendered":"<div><a href=\"http:\/\/www.visit-ulcinj.com\/blog\/wp-content\/uploads\/2013\/05\/Memorandum-mir\u00ebkuptimi-p\u00ebr-TAP.jpg\"><img loading=\"lazy\" class=\"alignleft  wp-image-71596\" alt=\"Memorandum mir\u00ebkuptimi p\u00ebr TAP\" src=\"http:\/\/www.visit-ulcinj.com\/blog\/wp-content\/uploads\/2013\/05\/Memorandum-mir\u00ebkuptimi-p\u00ebr-TAP.jpg\" width=\"508\" height=\"370\" \/><\/a>Shqip\u00ebria, Kroacia, Mali i Zi dhe Bosnje-Hercegovina kan\u00eb firmosur nj\u00eb memorandum q\u00eb konkretizon bashk\u00ebpunimin e 4 vendeve ballkanike p\u00ebr Projektin e Gazsjell\u00ebsit Trans-Adriatik.<\/div>\n<p>3 vendet e tjera n\u00ebnshkruese, ky projekt gjigant nuk i prek, por n\u00ebse n\u00eb fund t\u00eb qershorit do t\u00eb ket\u00eb nj\u00eb vendim n\u00eb favor t\u00eb TAP-it, nga ky projekt do t\u00eb p\u00ebrfitonin indirekt edhe Kroacia, Mali i Zi dhe Bosnje-Hercegovina.<\/p>\n<p>Memorandumi u n\u00ebnshkrua nga ministri i Pun\u00ebve t\u00eb Jashtme i Republik\u00ebs s\u00eb Shqip\u00ebris\u00eb, zoti Aldo Bum\u00e7i, nga Z\u00ebvend\u00ebskryeministri dhe ministri i Pun\u00ebve t\u00eb Jashtme e Integrimit Evropian i Malit t\u00eb Zi, zoti Igor Lukshi\u00e7, nga Z\u00ebvend\u00ebskryeministri dhe ministri i Pun\u00ebve t\u00eb Jashtme i Bosnje Hercegovin\u00ebs, zoti Zlatko Lagumdzija dhe nga z\u00ebvend\u00ebsministri i Pun\u00ebve t\u00eb Jashtme i Republik\u00ebs s\u00eb Kroacis\u00eb, zoti Joshko Klisovi\u00e7. Pal\u00ebt n\u00ebnshkruese, duke vepruar brenda kuadrit t\u00eb detyrimeve t\u00eb traktateve ekzistuese n\u00eb fush\u00ebn e energjis\u00eb, p\u00ebrfshir\u00eb Kart\u00ebn e Traktatit t\u00eb Energjis\u00eb dhe Traktatin Themelues t\u00eb Komunitetit t\u00eb Energjis\u00eb t\u00eb Evrop\u00ebs Jug-lindore, me firmosjen e k\u00ebtij dokumenti mund\u00ebsojn\u00eb nd\u00ebrlidhjen midis Projektit TAP dhe Projektit IAP. Nj\u00eb veprim i till\u00eb mund\u00ebson q\u00eb gazi natyror i prodhuar n\u00eb Republik\u00ebn e Azerbajxhanit, rajonin e Kaspikut dhe m\u00eb gjer\u00eb t\u00eb furnizoj\u00eb Evrop\u00ebn Juglindore, duke rritur besueshm\u00ebrin\u00eb dhe diversifikimin e burimeve t\u00eb furnizimit me energji.<\/p>\n<p>Gjat\u00eb fjal\u00ebs s\u00eb tij Berisha u shpreh se nj\u00eb vendim i madh merret gjat\u00eb jav\u00ebve q\u00eb vijn\u00eb nga konsorciumi Shah Deniz 2, n\u00eb Azerbajxhan, lidhur me trajektoren e gazsjell\u00ebsit t\u00eb gazit t\u00eb k\u00ebsaj fushe, i cili p\u00ebrllogaritet n\u00eb trilion\u00eb met\u00ebr\/kub.<br \/>\n<a href=\"http:\/\/www.visit-ulcinj.com\/blog\/wp-content\/uploads\/2013\/05\/Memorandum-mir\u00ebkuptimi-p\u00ebr-TAP.1.jpg\"><img loading=\"lazy\" class=\"alignleft  wp-image-71599\" alt=\"Memorandum mir\u00ebkuptimi p\u00ebr TAP.1\" src=\"http:\/\/www.visit-ulcinj.com\/blog\/wp-content\/uploads\/2013\/05\/Memorandum-mir\u00ebkuptimi-p\u00ebr-TAP.1.jpg\" width=\"508\" height=\"355\" \/><\/a><\/p>\n<p>&#8220;Prej vitesh konsorciumi i gazsjell\u00ebsit Trans Adriatik ka b\u00ebr\u00eb nj\u00eb pun\u00eb t\u00eb shk\u00eblqyer dhe faktikisht \u00e7do njeri q\u00eb hedh nj\u00eb v\u00ebshtrim n\u00eb trajektoren e k\u00ebtij gazsjell\u00ebsi gjen pothuajse rrug\u00ebn natyrale mbitok\u00ebsore t\u00eb gazit. Natyrisht, drejtim kryesor i gazsjell\u00ebsit Trans Adriatik \u00ebsht\u00eb tregu i madh italian, ai grek dhe tregje t\u00eb tjera, por rajoni, me dinamizmin e tij, sjell nj\u00eb vler\u00eb t\u00eb shtuar, nj\u00eb treg t\u00eb shtuar n\u00eb hap\u00ebsir\u00ebn e furnizimit me gaz t\u00eb k\u00ebtij gazsjell\u00ebsi. Rajoni yn\u00eb \u00ebsht\u00eb nj\u00eb rajon me dinamiz\u00ebm dhe potencial real n\u00eb vitet q\u00eb vijn\u00eb. Memorandumi q\u00eb u firmos sot, n\u00eb mir\u00ebkuptim t\u00eb plot\u00eb me qeverin\u00eb italiane dhe qeverin\u00eb greke, mendoj se \u00ebsht\u00eb d\u00ebshmi e nj\u00eb urie edhe m\u00eb t\u00eb madhe p\u00ebr gaz n\u00eb rajon, nga sa mund t\u00eb merret me mend. Besimi dhe shpresa ime \u00ebsht\u00eb se TAP-i i ka t\u00eb gjitha shanset p\u00ebr t\u00eb qen\u00eb projekti fitimtar. Ne jemi t\u00eb inkurajuar nga q\u00ebndrimi konstruktiv neutral i Komisionit Evropian, qeveris\u00eb s\u00eb Shteteve t\u00eb Bashkuara dhe qeveris\u00eb mike t\u00eb Turqis\u00eb. Krahasuar t\u00eb dy projektet, \u00e7do njeri e gjen TAP-in nj\u00eb projekt qart\u00ebsisht m\u00eb fizib\u00ebl dhe m\u00eb t\u00eb avancuar. Nabucco light n\u00eb fund t\u00eb dit\u00ebs \u00ebsht\u00eb produkt i mossuksesit t\u00eb Nabucco big dhe n\u00eb vetvete nuk ka sigurin\u00eb q\u00eb ka projekti Trans Adriatik, i cili \u00ebsht\u00eb elaboruar me kaq p\u00ebrkushtim dhe kompetenc\u00eb nga konsorciumi q\u00eb punon prej vitesh me t\u00eb. Dua t\u00eb theksoj edhe nj\u00eb tjet\u00ebr faktor, fuqin\u00eb bashk\u00ebpunuese midis vendeve q\u00eb mbart n\u00eb vetvete projekti Trans Adriatik. Pak koh\u00eb m\u00eb par\u00eb qeveria e Italis\u00eb, ajo e Greqis\u00eb dhe e Shqip\u00ebris\u00eb firmos\u00ebn nj\u00eb marr\u00ebveshje t\u00eb p\u00ebrbashk\u00ebt, e para e k\u00ebtij lloji, e cila i angazhon k\u00ebto vende p\u00ebr t\u00eb respektuar rregulla t\u00eb p\u00ebrbashk\u00ebta shum\u00eb t\u00eb r\u00ebnd\u00ebsishme. Me qeverit\u00eb e vendeve mike q\u00eb jemi k\u00ebtu, Memorandumi ka n\u00eb vetvete frym\u00ebn e k\u00ebsaj marr\u00ebveshje. Un\u00eb besoj se vendimmarr\u00ebsit do ta ken\u00eb parasysh edhe k\u00ebt\u00eb faktor&#8221; u shpreh Berisha.<\/p>\n<p><strong>Albeu Online<\/strong><\/p>\n","protected":false},"excerpt":{"rendered":"<p>Shqip\u00ebria, Kroacia, Mali i Zi dhe Bosnje-Hercegovina kan\u00eb firmosur nj\u00eb memorandum q\u00eb konkretizon bashk\u00ebpunimin e 4 vendeve ballkanike p\u00ebr Projektin e Gazsjell\u00ebsit Trans-Adriatik. 3 vendet e tjera n\u00ebnshkruese, ky projekt gjigant nuk i prek, por n\u00ebse n\u00eb fund t\u00eb qershorit do t\u00eb ket\u00eb nj\u00eb vendim n\u00eb favor t\u00eb TAP-it, nga ky projekt do t\u00eb p\u00ebrfitonin [&hellip;]<\/p>\n","protected":false},"author":1,"featured_media":0,"comment_status":"open","ping_status":"closed","sticky":false,"template":"","format":"standard","meta":{"spay_email":"","jetpack_publicize_message":"","jetpack_is_tweetstorm":false,"jetpack_publicize_feature_enabled":true},"categories":[14],"tags":[],"jetpack_publicize_connections":[],"yoast_head":"<!-- This site is optimized with the Yoast SEO plugin v19.1 - https:\/\/yoast.com\/wordpress\/plugins\/seo\/ -->\n<title>Memorandum mir\u00ebkuptimi p\u00ebr TAP - Lajme nga Ulqini<\/title>\n<meta name=\"description\" content=\"Shqip\u00ebria, Kroacia, Mali i Zi dhe Bosnje-Hercegovina kan\u00eb firmosur nj\u00eb memorandum q\u00eb konkretizon bashk\u00ebpunimin e 4 vendeve ballkanike p\u00ebr Projektin e\" \/>\n<meta name=\"robots\" content=\"index, follow, max-snippet:-1, max-image-preview:large, max-video-preview:-1\" \/>\n<link rel=\"canonical\" href=\"https:\/\/www.visit-ulcinj.com\/blog\/2013\/05\/24\/memorandum-mirekuptimi-per-tap\/\" \/>\n<meta property=\"og:locale\" content=\"en_US\" \/>\n<meta property=\"og:type\" content=\"article\" \/>\n<meta property=\"og:title\" content=\"Memorandum mir\u00ebkuptimi p\u00ebr TAP - Lajme nga Ulqini\" \/>\n<meta property=\"og:description\" content=\"Shqip\u00ebria, Kroacia, Mali i Zi dhe Bosnje-Hercegovina kan\u00eb firmosur nj\u00eb memorandum q\u00eb konkretizon bashk\u00ebpunimin e 4 vendeve ballkanike p\u00ebr Projektin e\" \/>\n<meta property=\"og:url\" content=\"https:\/\/www.visit-ulcinj.com\/blog\/2013\/05\/24\/memorandum-mirekuptimi-per-tap\/\" \/>\n<meta property=\"og:site_name\" content=\"Lajme nga Ulqini\" \/>\n<meta property=\"article:published_time\" content=\"2013-05-24T17:24:48+00:00\" \/>\n<meta property=\"article:modified_time\" content=\"2013-05-24T17:29:59+00:00\" \/>\n<meta name=\"twitter:label1\" content=\"Written by\" \/>\n\t<meta name=\"twitter:data1\" content=\"ulqini\" \/>\n\t<meta name=\"twitter:label2\" content=\"Est. reading time\" \/>\n\t<meta name=\"twitter:data2\" content=\"3 minutes\" \/>\n<script type=\"application\/ld+json\" class=\"yoast-schema-graph\">{\"@context\":\"https:\/\/schema.org\",\"@graph\":[{\"@type\":\"WebSite\",\"@id\":\"https:\/\/www.visit-ulcinj.com\/blog\/#website\",\"url\":\"https:\/\/www.visit-ulcinj.com\/blog\/\",\"name\":\"Lajme nga Ulqini\",\"description\":\"Lajme,Vijesti,Ulqini,Ulqin,Crna Gora,Mali i Zi\",\"potentialAction\":[{\"@type\":\"SearchAction\",\"target\":{\"@type\":\"EntryPoint\",\"urlTemplate\":\"https:\/\/www.visit-ulcinj.com\/blog\/?s={search_term_string}\"},\"query-input\":\"required name=search_term_string\"}],\"inLanguage\":\"en-US\"},{\"@type\":\"WebPage\",\"@id\":\"https:\/\/www.visit-ulcinj.com\/blog\/2013\/05\/24\/memorandum-mirekuptimi-per-tap\/#webpage\",\"url\":\"https:\/\/www.visit-ulcinj.com\/blog\/2013\/05\/24\/memorandum-mirekuptimi-per-tap\/\",\"name\":\"Memorandum mir\u00ebkuptimi p\u00ebr TAP - Lajme nga Ulqini\",\"isPartOf\":{\"@id\":\"https:\/\/www.visit-ulcinj.com\/blog\/#website\"},\"datePublished\":\"2013-05-24T17:24:48+00:00\",\"dateModified\":\"2013-05-24T17:29:59+00:00\",\"author\":{\"@id\":\"https:\/\/www.visit-ulcinj.com\/blog\/#\/schema\/person\/dcab619c614d3038751c63bc2aadc06d\"},\"description\":\"Shqip\u00ebria, Kroacia, Mali i Zi dhe Bosnje-Hercegovina kan\u00eb firmosur nj\u00eb memorandum q\u00eb konkretizon bashk\u00ebpunimin e 4 vendeve ballkanike p\u00ebr Projektin e\",\"breadcrumb\":{\"@id\":\"https:\/\/www.visit-ulcinj.com\/blog\/2013\/05\/24\/memorandum-mirekuptimi-per-tap\/#breadcrumb\"},\"inLanguage\":\"en-US\",\"potentialAction\":[{\"@type\":\"ReadAction\",\"target\":[\"https:\/\/www.visit-ulcinj.com\/blog\/2013\/05\/24\/memorandum-mirekuptimi-per-tap\/\"]}]},{\"@type\":\"BreadcrumbList\",\"@id\":\"https:\/\/www.visit-ulcinj.com\/blog\/2013\/05\/24\/memorandum-mirekuptimi-per-tap\/#breadcrumb\",\"itemListElement\":[{\"@type\":\"ListItem\",\"position\":1,\"name\":\"Memorandum mir\u00ebkuptimi p\u00ebr TAP\"}]},{\"@type\":\"Person\",\"@id\":\"https:\/\/www.visit-ulcinj.com\/blog\/#\/schema\/person\/dcab619c614d3038751c63bc2aadc06d\",\"name\":\"ulqini\",\"sameAs\":[\"http:\/\/www.visit-ulcinj.com\"],\"url\":\"https:\/\/www.visit-ulcinj.com\/blog\/author\/admin\/\"}]}<\/script>\n<!-- \/ Yoast SEO plugin. -->","yoast_head_json":{"title":"Memorandum mir\u00ebkuptimi p\u00ebr TAP - Lajme nga Ulqini","description":"Shqip\u00ebria, Kroacia, Mali i Zi dhe Bosnje-Hercegovina kan\u00eb firmosur nj\u00eb memorandum q\u00eb konkretizon bashk\u00ebpunimin e 4 vendeve ballkanike p\u00ebr Projektin e","robots":{"index":"index","follow":"follow","max-snippet":"max-snippet:-1","max-image-preview":"max-image-preview:large","max-video-preview":"max-video-preview:-1"},"canonical":"https:\/\/www.visit-ulcinj.com\/blog\/2013\/05\/24\/memorandum-mirekuptimi-per-tap\/","og_locale":"en_US","og_type":"article","og_title":"Memorandum mir\u00ebkuptimi p\u00ebr TAP - Lajme nga Ulqini","og_description":"Shqip\u00ebria, Kroacia, Mali i Zi dhe Bosnje-Hercegovina kan\u00eb firmosur nj\u00eb memorandum q\u00eb konkretizon bashk\u00ebpunimin e 4 vendeve ballkanike p\u00ebr Projektin e","og_url":"https:\/\/www.visit-ulcinj.com\/blog\/2013\/05\/24\/memorandum-mirekuptimi-per-tap\/","og_site_name":"Lajme nga Ulqini","article_published_time":"2013-05-24T17:24:48+00:00","article_modified_time":"2013-05-24T17:29:59+00:00","twitter_misc":{"Written by":"ulqini","Est. reading time":"3 minutes"},"schema":{"@context":"https:\/\/schema.org","@graph":[{"@type":"WebSite","@id":"https:\/\/www.visit-ulcinj.com\/blog\/#website","url":"https:\/\/www.visit-ulcinj.com\/blog\/","name":"Lajme nga Ulqini","description":"Lajme,Vijesti,Ulqini,Ulqin,Crna Gora,Mali i Zi","potentialAction":[{"@type":"SearchAction","target":{"@type":"EntryPoint","urlTemplate":"https:\/\/www.visit-ulcinj.com\/blog\/?s={search_term_string}"},"query-input":"required name=search_term_string"}],"inLanguage":"en-US"},{"@type":"WebPage","@id":"https:\/\/www.visit-ulcinj.com\/blog\/2013\/05\/24\/memorandum-mirekuptimi-per-tap\/#webpage","url":"https:\/\/www.visit-ulcinj.com\/blog\/2013\/05\/24\/memorandum-mirekuptimi-per-tap\/","name":"Memorandum mir\u00ebkuptimi p\u00ebr TAP - Lajme nga Ulqini","isPartOf":{"@id":"https:\/\/www.visit-ulcinj.com\/blog\/#website"},"datePublished":"2013-05-24T17:24:48+00:00","dateModified":"2013-05-24T17:29:59+00:00","author":{"@id":"https:\/\/www.visit-ulcinj.com\/blog\/#\/schema\/person\/dcab619c614d3038751c63bc2aadc06d"},"description":"Shqip\u00ebria, Kroacia, Mali i Zi dhe Bosnje-Hercegovina kan\u00eb firmosur nj\u00eb memorandum q\u00eb konkretizon bashk\u00ebpunimin e 4 vendeve ballkanike p\u00ebr Projektin e","breadcrumb":{"@id":"https:\/\/www.visit-ulcinj.com\/blog\/2013\/05\/24\/memorandum-mirekuptimi-per-tap\/#breadcrumb"},"inLanguage":"en-US","potentialAction":[{"@type":"ReadAction","target":["https:\/\/www.visit-ulcinj.com\/blog\/2013\/05\/24\/memorandum-mirekuptimi-per-tap\/"]}]},{"@type":"BreadcrumbList","@id":"https:\/\/www.visit-ulcinj.com\/blog\/2013\/05\/24\/memorandum-mirekuptimi-per-tap\/#breadcrumb","itemListElement":[{"@type":"ListItem","position":1,"name":"Memorandum mir\u00ebkuptimi p\u00ebr TAP"}]},{"@type":"Person","@id":"https:\/\/www.visit-ulcinj.com\/blog\/#\/schema\/person\/dcab619c614d3038751c63bc2aadc06d","name":"ulqini","sameAs":["http:\/\/www.visit-ulcinj.com"],"url":"https:\/\/www.visit-ulcinj.com\/blog\/author\/admin\/"}]}},"jetpack_featured_media_url":"","jetpack_sharing_enabled":true,"jetpack_shortlink":"https:\/\/wp.me\/pe6lTn-iCL","_links":{"self":[{"href":"https:\/\/www.visit-ulcinj.com\/blog\/wp-json\/wp\/v2\/posts\/71595"}],"collection":[{"href":"https:\/\/www.visit-ulcinj.com\/blog\/wp-json\/wp\/v2\/posts"}],"about":[{"href":"https:\/\/www.visit-ulcinj.com\/blog\/wp-json\/wp\/v2\/types\/post"}],"author":[{"embeddable":true,"href":"https:\/\/www.visit-ulcinj.com\/blog\/wp-json\/wp\/v2\/users\/1"}],"replies":[{"embeddable":true,"href":"https:\/\/www.visit-ulcinj.com\/blog\/wp-json\/wp\/v2\/comments?post=71595"}],"version-history":[{"count":3,"href":"https:\/\/www.visit-ulcinj.com\/blog\/wp-json\/wp\/v2\/posts\/71595\/revisions"}],"predecessor-version":[{"id":71600,"href":"https:\/\/www.visit-ulcinj.com\/blog\/wp-json\/wp\/v2\/posts\/71595\/revisions\/71600"}],"wp:attachment":[{"href":"https:\/\/www.visit-ulcinj.com\/blog\/wp-json\/wp\/v2\/media?parent=71595"}],"wp:term":[{"taxonomy":"category","embeddable":true,"href":"https:\/\/www.visit-ulcinj.com\/blog\/wp-json\/wp\/v2\/categories?post=71595"},{"taxonomy":"post_tag","embeddable":true,"href":"https:\/\/www.visit-ulcinj.com\/blog\/wp-json\/wp\/v2\/tags?post=71595"}],"curies":[{"name":"wp","href":"https:\/\/api.w.org\/{rel}","templated":true}]}}