{"id":71605,"date":"2013-05-24T18:49:00","date_gmt":"2013-05-24T17:49:00","guid":{"rendered":"http:\/\/www.visit-ulcinj.com\/blog\/?p=71605"},"modified":"2013-05-24T18:49:17","modified_gmt":"2013-05-24T17:49:17","slug":"18-diellza-kolgeci-nudo-ne-dashuria-e-bjeshkeve-te-nemuna-2-video","status":"publish","type":"post","link":"https:\/\/www.visit-ulcinj.com\/blog\/2013\/05\/24\/18-diellza-kolgeci-nudo-ne-dashuria-e-bjeshkeve-te-nemuna-2-video\/","title":{"rendered":"+18. Diellza Kolgeci nudo ne Dashuria e Bjeshkeve te Nemuna 2 &#8211; Video"},"content":{"rendered":"<p><a href=\"http:\/\/www.visit-ulcinj.com\/blog\/wp-content\/uploads\/2013\/05\/Skena-nudo-e-Diellza-Kolgecit.jpg\"><img loading=\"lazy\" class=\"alignleft  wp-image-71606\" alt=\"Skena nudo e Diellza Kolgecit\" src=\"http:\/\/www.visit-ulcinj.com\/blog\/wp-content\/uploads\/2013\/05\/Skena-nudo-e-Diellza-Kolgecit.jpg\" width=\"508\" height=\"289\" \/><\/a>Diellza Kolgeci \u00ebsht\u00eb nj\u00eb prej femrave m\u00eb josh\u00ebse t\u00eb ekranit dhe mod\u00ebs n\u00eb hap\u00ebsir\u00ebn shqiptare. Bukuroshja nga Prishtina \u00ebsht\u00eb kthyer n\u00eb ekranin e madh t\u00eb kinemas\u00eb pas 17 vitesh n\u00eb serin\u00eb e dyt\u00eb t\u00eb filmit, \u201cDashuria e Bjeshk\u00ebve t\u00eb Nemuna 2\u201d. Diellza luan \u201cDiellz\u00ebn\u201d nj\u00eb vajz\u00eb shqiptar, t\u00eb nj\u00ebjtin rol ajo e ka luajtur edhe 17 vjet m\u00eb par\u00eb. N\u00eb faqen e Panoram\u00ebs n\u00eb Facebook, na kan\u00eb d\u00ebrguar k\u00ebt\u00eb video, ku Diellza shfaqet n\u00eb nj\u00eb sken\u00eb mjaft t\u00eb nxhet\u00eb. Filmi \u00ebsht\u00eb shfaqur n\u00eb kinema, nd\u00ebrsa pritet t\u00eb shfaqet edhe n\u00eb vende si, New York apo Slloveni.<\/p>\n<p><strong>Bota Sot<\/strong><\/p>\n<p><iframe loading=\"lazy\" width=\"508\" height=\"360\" src=\"http:\/\/www.youtube.com\/embed\/PF47zL0Y-OE\" frameborder=\"0\" allowfullscreen><\/iframe><\/p>\n","protected":false},"excerpt":{"rendered":"<p>Diellza Kolgeci \u00ebsht\u00eb nj\u00eb prej femrave m\u00eb josh\u00ebse t\u00eb ekranit dhe mod\u00ebs n\u00eb hap\u00ebsir\u00ebn shqiptare. Bukuroshja nga Prishtina \u00ebsht\u00eb kthyer n\u00eb ekranin e madh t\u00eb kinemas\u00eb pas 17 vitesh n\u00eb serin\u00eb e dyt\u00eb t\u00eb filmit, \u201cDashuria e Bjeshk\u00ebve t\u00eb Nemuna 2\u201d. Diellza luan \u201cDiellz\u00ebn\u201d nj\u00eb vajz\u00eb shqiptar, t\u00eb nj\u00ebjtin rol ajo e ka luajtur edhe [&hellip;]<\/p>\n","protected":false},"author":1,"featured_media":0,"comment_status":"open","ping_status":"closed","sticky":false,"template":"","format":"standard","meta":{"spay_email":"","jetpack_publicize_message":"","jetpack_is_tweetstorm":false,"jetpack_publicize_feature_enabled":true},"categories":[1],"tags":[],"jetpack_publicize_connections":[],"yoast_head":"<!-- This site is optimized with the Yoast SEO plugin v19.1 - https:\/\/yoast.com\/wordpress\/plugins\/seo\/ -->\n<title>+18. Diellza Kolgeci nudo ne Dashuria e Bjeshkeve te Nemuna 2 - Video - Lajme nga Ulqini<\/title>\n<meta name=\"description\" content=\"Diellza Kolgeci \u00ebsht\u00eb nj\u00eb prej femrave m\u00eb josh\u00ebse t\u00eb ekranit dhe mod\u00ebs n\u00eb hap\u00ebsir\u00ebn shqiptare. Bukuroshja nga Prishtina \u00ebsht\u00eb kthyer n\u00eb ekranin e madh t\u00eb\" \/>\n<meta name=\"robots\" content=\"index, follow, max-snippet:-1, max-image-preview:large, max-video-preview:-1\" \/>\n<link rel=\"canonical\" href=\"https:\/\/www.visit-ulcinj.com\/blog\/2013\/05\/24\/18-diellza-kolgeci-nudo-ne-dashuria-e-bjeshkeve-te-nemuna-2-video\/\" \/>\n<meta property=\"og:locale\" content=\"en_US\" \/>\n<meta property=\"og:type\" content=\"article\" \/>\n<meta property=\"og:title\" content=\"+18. Diellza Kolgeci nudo ne Dashuria e Bjeshkeve te Nemuna 2 - Video - Lajme nga Ulqini\" \/>\n<meta property=\"og:description\" content=\"Diellza Kolgeci \u00ebsht\u00eb nj\u00eb prej femrave m\u00eb josh\u00ebse t\u00eb ekranit dhe mod\u00ebs n\u00eb hap\u00ebsir\u00ebn shqiptare. Bukuroshja nga Prishtina \u00ebsht\u00eb kthyer n\u00eb ekranin e madh t\u00eb\" \/>\n<meta property=\"og:url\" content=\"https:\/\/www.visit-ulcinj.com\/blog\/2013\/05\/24\/18-diellza-kolgeci-nudo-ne-dashuria-e-bjeshkeve-te-nemuna-2-video\/\" \/>\n<meta property=\"og:site_name\" content=\"Lajme nga Ulqini\" \/>\n<meta property=\"article:published_time\" content=\"2013-05-24T17:49:00+00:00\" \/>\n<meta property=\"article:modified_time\" content=\"2013-05-24T17:49:17+00:00\" \/>\n<meta property=\"og:image\" content=\"http:\/\/www.visit-ulcinj.com\/blog\/wp-content\/uploads\/2013\/05\/Skena-nudo-e-Diellza-Kolgecit.jpg\" \/>\n<meta name=\"twitter:label1\" content=\"Written by\" \/>\n\t<meta name=\"twitter:data1\" content=\"ulqini\" \/>\n\t<meta name=\"twitter:label2\" content=\"Est. reading time\" \/>\n\t<meta name=\"twitter:data2\" content=\"1 minute\" \/>\n<script type=\"application\/ld+json\" class=\"yoast-schema-graph\">{\"@context\":\"https:\/\/schema.org\",\"@graph\":[{\"@type\":\"WebSite\",\"@id\":\"https:\/\/www.visit-ulcinj.com\/blog\/#website\",\"url\":\"https:\/\/www.visit-ulcinj.com\/blog\/\",\"name\":\"Lajme nga Ulqini\",\"description\":\"Lajme,Vijesti,Ulqini,Ulqin,Crna Gora,Mali i Zi\",\"potentialAction\":[{\"@type\":\"SearchAction\",\"target\":{\"@type\":\"EntryPoint\",\"urlTemplate\":\"https:\/\/www.visit-ulcinj.com\/blog\/?s={search_term_string}\"},\"query-input\":\"required name=search_term_string\"}],\"inLanguage\":\"en-US\"},{\"@type\":\"ImageObject\",\"inLanguage\":\"en-US\",\"@id\":\"https:\/\/www.visit-ulcinj.com\/blog\/2013\/05\/24\/18-diellza-kolgeci-nudo-ne-dashuria-e-bjeshkeve-te-nemuna-2-video\/#primaryimage\",\"url\":\"http:\/\/www.visit-ulcinj.com\/blog\/wp-content\/uploads\/2013\/05\/Skena-nudo-e-Diellza-Kolgecit.jpg\",\"contentUrl\":\"http:\/\/www.visit-ulcinj.com\/blog\/wp-content\/uploads\/2013\/05\/Skena-nudo-e-Diellza-Kolgecit.jpg\"},{\"@type\":\"WebPage\",\"@id\":\"https:\/\/www.visit-ulcinj.com\/blog\/2013\/05\/24\/18-diellza-kolgeci-nudo-ne-dashuria-e-bjeshkeve-te-nemuna-2-video\/#webpage\",\"url\":\"https:\/\/www.visit-ulcinj.com\/blog\/2013\/05\/24\/18-diellza-kolgeci-nudo-ne-dashuria-e-bjeshkeve-te-nemuna-2-video\/\",\"name\":\"+18. Diellza Kolgeci nudo ne Dashuria e Bjeshkeve te Nemuna 2 - Video - Lajme nga Ulqini\",\"isPartOf\":{\"@id\":\"https:\/\/www.visit-ulcinj.com\/blog\/#website\"},\"primaryImageOfPage\":{\"@id\":\"https:\/\/www.visit-ulcinj.com\/blog\/2013\/05\/24\/18-diellza-kolgeci-nudo-ne-dashuria-e-bjeshkeve-te-nemuna-2-video\/#primaryimage\"},\"datePublished\":\"2013-05-24T17:49:00+00:00\",\"dateModified\":\"2013-05-24T17:49:17+00:00\",\"author\":{\"@id\":\"https:\/\/www.visit-ulcinj.com\/blog\/#\/schema\/person\/dcab619c614d3038751c63bc2aadc06d\"},\"description\":\"Diellza Kolgeci \u00ebsht\u00eb nj\u00eb prej femrave m\u00eb josh\u00ebse t\u00eb ekranit dhe mod\u00ebs n\u00eb hap\u00ebsir\u00ebn shqiptare. Bukuroshja nga Prishtina \u00ebsht\u00eb kthyer n\u00eb ekranin e madh t\u00eb\",\"breadcrumb\":{\"@id\":\"https:\/\/www.visit-ulcinj.com\/blog\/2013\/05\/24\/18-diellza-kolgeci-nudo-ne-dashuria-e-bjeshkeve-te-nemuna-2-video\/#breadcrumb\"},\"inLanguage\":\"en-US\",\"potentialAction\":[{\"@type\":\"ReadAction\",\"target\":[\"https:\/\/www.visit-ulcinj.com\/blog\/2013\/05\/24\/18-diellza-kolgeci-nudo-ne-dashuria-e-bjeshkeve-te-nemuna-2-video\/\"]}]},{\"@type\":\"BreadcrumbList\",\"@id\":\"https:\/\/www.visit-ulcinj.com\/blog\/2013\/05\/24\/18-diellza-kolgeci-nudo-ne-dashuria-e-bjeshkeve-te-nemuna-2-video\/#breadcrumb\",\"itemListElement\":[{\"@type\":\"ListItem\",\"position\":1,\"name\":\"+18. Diellza Kolgeci nudo ne Dashuria e Bjeshkeve te Nemuna 2 &#8211; Video\"}]},{\"@type\":\"Person\",\"@id\":\"https:\/\/www.visit-ulcinj.com\/blog\/#\/schema\/person\/dcab619c614d3038751c63bc2aadc06d\",\"name\":\"ulqini\",\"sameAs\":[\"http:\/\/www.visit-ulcinj.com\"],\"url\":\"https:\/\/www.visit-ulcinj.com\/blog\/author\/admin\/\"}]}<\/script>\n<!-- \/ Yoast SEO plugin. -->","yoast_head_json":{"title":"+18. Diellza Kolgeci nudo ne Dashuria e Bjeshkeve te Nemuna 2 - Video - Lajme nga Ulqini","description":"Diellza Kolgeci \u00ebsht\u00eb nj\u00eb prej femrave m\u00eb josh\u00ebse t\u00eb ekranit dhe mod\u00ebs n\u00eb hap\u00ebsir\u00ebn shqiptare. Bukuroshja nga Prishtina \u00ebsht\u00eb kthyer n\u00eb ekranin e madh t\u00eb","robots":{"index":"index","follow":"follow","max-snippet":"max-snippet:-1","max-image-preview":"max-image-preview:large","max-video-preview":"max-video-preview:-1"},"canonical":"https:\/\/www.visit-ulcinj.com\/blog\/2013\/05\/24\/18-diellza-kolgeci-nudo-ne-dashuria-e-bjeshkeve-te-nemuna-2-video\/","og_locale":"en_US","og_type":"article","og_title":"+18. Diellza Kolgeci nudo ne Dashuria e Bjeshkeve te Nemuna 2 - Video - Lajme nga Ulqini","og_description":"Diellza Kolgeci \u00ebsht\u00eb nj\u00eb prej femrave m\u00eb josh\u00ebse t\u00eb ekranit dhe mod\u00ebs n\u00eb hap\u00ebsir\u00ebn shqiptare. Bukuroshja nga Prishtina \u00ebsht\u00eb kthyer n\u00eb ekranin e madh t\u00eb","og_url":"https:\/\/www.visit-ulcinj.com\/blog\/2013\/05\/24\/18-diellza-kolgeci-nudo-ne-dashuria-e-bjeshkeve-te-nemuna-2-video\/","og_site_name":"Lajme nga Ulqini","article_published_time":"2013-05-24T17:49:00+00:00","article_modified_time":"2013-05-24T17:49:17+00:00","og_image":[{"url":"http:\/\/www.visit-ulcinj.com\/blog\/wp-content\/uploads\/2013\/05\/Skena-nudo-e-Diellza-Kolgecit.jpg"}],"twitter_misc":{"Written by":"ulqini","Est. reading time":"1 minute"},"schema":{"@context":"https:\/\/schema.org","@graph":[{"@type":"WebSite","@id":"https:\/\/www.visit-ulcinj.com\/blog\/#website","url":"https:\/\/www.visit-ulcinj.com\/blog\/","name":"Lajme nga Ulqini","description":"Lajme,Vijesti,Ulqini,Ulqin,Crna Gora,Mali i Zi","potentialAction":[{"@type":"SearchAction","target":{"@type":"EntryPoint","urlTemplate":"https:\/\/www.visit-ulcinj.com\/blog\/?s={search_term_string}"},"query-input":"required name=search_term_string"}],"inLanguage":"en-US"},{"@type":"ImageObject","inLanguage":"en-US","@id":"https:\/\/www.visit-ulcinj.com\/blog\/2013\/05\/24\/18-diellza-kolgeci-nudo-ne-dashuria-e-bjeshkeve-te-nemuna-2-video\/#primaryimage","url":"http:\/\/www.visit-ulcinj.com\/blog\/wp-content\/uploads\/2013\/05\/Skena-nudo-e-Diellza-Kolgecit.jpg","contentUrl":"http:\/\/www.visit-ulcinj.com\/blog\/wp-content\/uploads\/2013\/05\/Skena-nudo-e-Diellza-Kolgecit.jpg"},{"@type":"WebPage","@id":"https:\/\/www.visit-ulcinj.com\/blog\/2013\/05\/24\/18-diellza-kolgeci-nudo-ne-dashuria-e-bjeshkeve-te-nemuna-2-video\/#webpage","url":"https:\/\/www.visit-ulcinj.com\/blog\/2013\/05\/24\/18-diellza-kolgeci-nudo-ne-dashuria-e-bjeshkeve-te-nemuna-2-video\/","name":"+18. Diellza Kolgeci nudo ne Dashuria e Bjeshkeve te Nemuna 2 - Video - Lajme nga Ulqini","isPartOf":{"@id":"https:\/\/www.visit-ulcinj.com\/blog\/#website"},"primaryImageOfPage":{"@id":"https:\/\/www.visit-ulcinj.com\/blog\/2013\/05\/24\/18-diellza-kolgeci-nudo-ne-dashuria-e-bjeshkeve-te-nemuna-2-video\/#primaryimage"},"datePublished":"2013-05-24T17:49:00+00:00","dateModified":"2013-05-24T17:49:17+00:00","author":{"@id":"https:\/\/www.visit-ulcinj.com\/blog\/#\/schema\/person\/dcab619c614d3038751c63bc2aadc06d"},"description":"Diellza Kolgeci \u00ebsht\u00eb nj\u00eb prej femrave m\u00eb josh\u00ebse t\u00eb ekranit dhe mod\u00ebs n\u00eb hap\u00ebsir\u00ebn shqiptare. Bukuroshja nga Prishtina \u00ebsht\u00eb kthyer n\u00eb ekranin e madh t\u00eb","breadcrumb":{"@id":"https:\/\/www.visit-ulcinj.com\/blog\/2013\/05\/24\/18-diellza-kolgeci-nudo-ne-dashuria-e-bjeshkeve-te-nemuna-2-video\/#breadcrumb"},"inLanguage":"en-US","potentialAction":[{"@type":"ReadAction","target":["https:\/\/www.visit-ulcinj.com\/blog\/2013\/05\/24\/18-diellza-kolgeci-nudo-ne-dashuria-e-bjeshkeve-te-nemuna-2-video\/"]}]},{"@type":"BreadcrumbList","@id":"https:\/\/www.visit-ulcinj.com\/blog\/2013\/05\/24\/18-diellza-kolgeci-nudo-ne-dashuria-e-bjeshkeve-te-nemuna-2-video\/#breadcrumb","itemListElement":[{"@type":"ListItem","position":1,"name":"+18. Diellza Kolgeci nudo ne Dashuria e Bjeshkeve te Nemuna 2 &#8211; Video"}]},{"@type":"Person","@id":"https:\/\/www.visit-ulcinj.com\/blog\/#\/schema\/person\/dcab619c614d3038751c63bc2aadc06d","name":"ulqini","sameAs":["http:\/\/www.visit-ulcinj.com"],"url":"https:\/\/www.visit-ulcinj.com\/blog\/author\/admin\/"}]}},"jetpack_featured_media_url":"","jetpack_sharing_enabled":true,"jetpack_shortlink":"https:\/\/wp.me\/pe6lTn-iCV","_links":{"self":[{"href":"https:\/\/www.visit-ulcinj.com\/blog\/wp-json\/wp\/v2\/posts\/71605"}],"collection":[{"href":"https:\/\/www.visit-ulcinj.com\/blog\/wp-json\/wp\/v2\/posts"}],"about":[{"href":"https:\/\/www.visit-ulcinj.com\/blog\/wp-json\/wp\/v2\/types\/post"}],"author":[{"embeddable":true,"href":"https:\/\/www.visit-ulcinj.com\/blog\/wp-json\/wp\/v2\/users\/1"}],"replies":[{"embeddable":true,"href":"https:\/\/www.visit-ulcinj.com\/blog\/wp-json\/wp\/v2\/comments?post=71605"}],"version-history":[{"count":2,"href":"https:\/\/www.visit-ulcinj.com\/blog\/wp-json\/wp\/v2\/posts\/71605\/revisions"}],"predecessor-version":[{"id":71608,"href":"https:\/\/www.visit-ulcinj.com\/blog\/wp-json\/wp\/v2\/posts\/71605\/revisions\/71608"}],"wp:attachment":[{"href":"https:\/\/www.visit-ulcinj.com\/blog\/wp-json\/wp\/v2\/media?parent=71605"}],"wp:term":[{"taxonomy":"category","embeddable":true,"href":"https:\/\/www.visit-ulcinj.com\/blog\/wp-json\/wp\/v2\/categories?post=71605"},{"taxonomy":"post_tag","embeddable":true,"href":"https:\/\/www.visit-ulcinj.com\/blog\/wp-json\/wp\/v2\/tags?post=71605"}],"curies":[{"name":"wp","href":"https:\/\/api.w.org\/{rel}","templated":true}]}}