{"id":71616,"date":"2013-05-25T15:22:31","date_gmt":"2013-05-25T14:22:31","guid":{"rendered":"http:\/\/www.visit-ulcinj.com\/blog\/?p=71616"},"modified":"2013-05-25T15:22:31","modified_gmt":"2013-05-25T14:22:31","slug":"kriporja-e-ulqinit-perseri-ne-shitje","status":"publish","type":"post","link":"https:\/\/www.visit-ulcinj.com\/blog\/2013\/05\/25\/kriporja-e-ulqinit-perseri-ne-shitje\/","title":{"rendered":"Kriporja e Ulqinit p\u00ebrs\u00ebri n\u00eb shitje"},"content":{"rendered":"<p><a href=\"http:\/\/www.visit-ulcinj.com\/blog\/wp-content\/uploads\/2013\/05\/Kriporja-e-Ulqinit.jpg\"><img loading=\"lazy\" class=\"alignleft  wp-image-71617\" alt=\"Kriporja e Ulqinit\" src=\"http:\/\/www.visit-ulcinj.com\/blog\/wp-content\/uploads\/2013\/05\/Kriporja-e-Ulqinit.jpg\" width=\"508\" height=\"360\" \/><\/a>Drejtoria n\u00eb falimentim e Kripores s\u00eb Ulqinit \u201cBajo Sekuliq\u201d shpalli sot tenderin e ri p\u00ebr pron\u00ebn e k\u00ebsaj kompanie me \u00e7mim fillestar prej 204 milion euro, 5 milion m\u00eb pak\u00eb krahasuar me licitimin e m\u00ebparsh\u00ebm i cili nuk pat sukses. T\u00eb interesuarit p\u00ebr blerjen e pron\u00ebs s Kripores ofertat mund ti paraqesin deri me 18 qershor. Bler\u00ebsve potencial u ofrohet prona e pa tundshme si dhe\u00a0 pajisjet teknologjike dhe t\u00eb zyrave, makineria nd\u00ebrtimore dhe mjetet transportuese. T\u00eb drejt\u00eb pjes\u00ebmarrje n\u00eb k\u00ebt\u00eb licitim kan\u00eb kompanit\u00eb vendase dhe t\u00eb huaja por edhe individ t\u00eb cil\u00ebt do t\u00eb paguajn\u00eb depozitin 1 % nga \u00e7mimi fillestar.<\/p>\n<p>TVCG<\/p>\n","protected":false},"excerpt":{"rendered":"<p>Drejtoria n\u00eb falimentim e Kripores s\u00eb Ulqinit \u201cBajo Sekuliq\u201d shpalli sot tenderin e ri p\u00ebr pron\u00ebn e k\u00ebsaj kompanie me \u00e7mim fillestar prej 204 milion euro, 5 milion m\u00eb pak\u00eb krahasuar me licitimin e m\u00ebparsh\u00ebm i cili nuk pat sukses. T\u00eb interesuarit p\u00ebr blerjen e pron\u00ebs s Kripores ofertat mund ti paraqesin deri me 18 [&hellip;]<\/p>\n","protected":false},"author":1,"featured_media":0,"comment_status":"open","ping_status":"closed","sticky":false,"template":"","format":"standard","meta":{"spay_email":"","jetpack_publicize_message":"","jetpack_is_tweetstorm":false,"jetpack_publicize_feature_enabled":true},"categories":[10],"tags":[],"jetpack_publicize_connections":[],"yoast_head":"<!-- This site is optimized with the Yoast SEO plugin v19.1 - https:\/\/yoast.com\/wordpress\/plugins\/seo\/ -->\n<title>Kriporja e Ulqinit p\u00ebrs\u00ebri n\u00eb shitje - Lajme nga Ulqini<\/title>\n<meta name=\"description\" content=\"Drejtoria n\u00eb falimentim e Kripores s\u00eb Ulqinit \u201cBajo Sekuliq\u201d shpalli sot tenderin e ri p\u00ebr pron\u00ebn e k\u00ebsaj kompanie me \u00e7mim fillestar prej 204 milion euro,\" \/>\n<meta name=\"robots\" content=\"index, follow, max-snippet:-1, max-image-preview:large, max-video-preview:-1\" \/>\n<link rel=\"canonical\" href=\"https:\/\/www.visit-ulcinj.com\/blog\/2013\/05\/25\/kriporja-e-ulqinit-perseri-ne-shitje\/\" \/>\n<meta property=\"og:locale\" content=\"en_US\" \/>\n<meta property=\"og:type\" content=\"article\" \/>\n<meta property=\"og:title\" content=\"Kriporja e Ulqinit p\u00ebrs\u00ebri n\u00eb shitje - Lajme nga Ulqini\" \/>\n<meta property=\"og:description\" content=\"Drejtoria n\u00eb falimentim e Kripores s\u00eb Ulqinit \u201cBajo Sekuliq\u201d shpalli sot tenderin e ri p\u00ebr pron\u00ebn e k\u00ebsaj kompanie me \u00e7mim fillestar prej 204 milion euro,\" \/>\n<meta property=\"og:url\" content=\"https:\/\/www.visit-ulcinj.com\/blog\/2013\/05\/25\/kriporja-e-ulqinit-perseri-ne-shitje\/\" \/>\n<meta property=\"og:site_name\" content=\"Lajme nga Ulqini\" \/>\n<meta property=\"article:published_time\" content=\"2013-05-25T14:22:31+00:00\" \/>\n<meta property=\"og:image\" content=\"http:\/\/www.visit-ulcinj.com\/blog\/wp-content\/uploads\/2013\/05\/Kriporja-e-Ulqinit.jpg\" \/>\n<meta name=\"twitter:label1\" content=\"Written by\" \/>\n\t<meta name=\"twitter:data1\" content=\"ulqini\" \/>\n\t<meta name=\"twitter:label2\" content=\"Est. reading time\" \/>\n\t<meta name=\"twitter:data2\" content=\"1 minute\" \/>\n<script type=\"application\/ld+json\" class=\"yoast-schema-graph\">{\"@context\":\"https:\/\/schema.org\",\"@graph\":[{\"@type\":\"WebSite\",\"@id\":\"https:\/\/www.visit-ulcinj.com\/blog\/#website\",\"url\":\"https:\/\/www.visit-ulcinj.com\/blog\/\",\"name\":\"Lajme nga Ulqini\",\"description\":\"Lajme,Vijesti,Ulqini,Ulqin,Crna Gora,Mali i Zi\",\"potentialAction\":[{\"@type\":\"SearchAction\",\"target\":{\"@type\":\"EntryPoint\",\"urlTemplate\":\"https:\/\/www.visit-ulcinj.com\/blog\/?s={search_term_string}\"},\"query-input\":\"required name=search_term_string\"}],\"inLanguage\":\"en-US\"},{\"@type\":\"ImageObject\",\"inLanguage\":\"en-US\",\"@id\":\"https:\/\/www.visit-ulcinj.com\/blog\/2013\/05\/25\/kriporja-e-ulqinit-perseri-ne-shitje\/#primaryimage\",\"url\":\"https:\/\/www.visit-ulcinj.com\/blog\/wp-content\/uploads\/2013\/05\/Kriporja-e-Ulqinit.jpg\",\"contentUrl\":\"https:\/\/www.visit-ulcinj.com\/blog\/wp-content\/uploads\/2013\/05\/Kriporja-e-Ulqinit.jpg\",\"width\":1064,\"height\":633},{\"@type\":\"WebPage\",\"@id\":\"https:\/\/www.visit-ulcinj.com\/blog\/2013\/05\/25\/kriporja-e-ulqinit-perseri-ne-shitje\/#webpage\",\"url\":\"https:\/\/www.visit-ulcinj.com\/blog\/2013\/05\/25\/kriporja-e-ulqinit-perseri-ne-shitje\/\",\"name\":\"Kriporja e Ulqinit p\u00ebrs\u00ebri n\u00eb shitje - Lajme nga Ulqini\",\"isPartOf\":{\"@id\":\"https:\/\/www.visit-ulcinj.com\/blog\/#website\"},\"primaryImageOfPage\":{\"@id\":\"https:\/\/www.visit-ulcinj.com\/blog\/2013\/05\/25\/kriporja-e-ulqinit-perseri-ne-shitje\/#primaryimage\"},\"datePublished\":\"2013-05-25T14:22:31+00:00\",\"dateModified\":\"2013-05-25T14:22:31+00:00\",\"author\":{\"@id\":\"https:\/\/www.visit-ulcinj.com\/blog\/#\/schema\/person\/dcab619c614d3038751c63bc2aadc06d\"},\"description\":\"Drejtoria n\u00eb falimentim e Kripores s\u00eb Ulqinit \u201cBajo Sekuliq\u201d shpalli sot tenderin e ri p\u00ebr pron\u00ebn e k\u00ebsaj kompanie me \u00e7mim fillestar prej 204 milion euro,\",\"breadcrumb\":{\"@id\":\"https:\/\/www.visit-ulcinj.com\/blog\/2013\/05\/25\/kriporja-e-ulqinit-perseri-ne-shitje\/#breadcrumb\"},\"inLanguage\":\"en-US\",\"potentialAction\":[{\"@type\":\"ReadAction\",\"target\":[\"https:\/\/www.visit-ulcinj.com\/blog\/2013\/05\/25\/kriporja-e-ulqinit-perseri-ne-shitje\/\"]}]},{\"@type\":\"BreadcrumbList\",\"@id\":\"https:\/\/www.visit-ulcinj.com\/blog\/2013\/05\/25\/kriporja-e-ulqinit-perseri-ne-shitje\/#breadcrumb\",\"itemListElement\":[{\"@type\":\"ListItem\",\"position\":1,\"name\":\"Kriporja e Ulqinit p\u00ebrs\u00ebri n\u00eb shitje\"}]},{\"@type\":\"Person\",\"@id\":\"https:\/\/www.visit-ulcinj.com\/blog\/#\/schema\/person\/dcab619c614d3038751c63bc2aadc06d\",\"name\":\"ulqini\",\"sameAs\":[\"http:\/\/www.visit-ulcinj.com\"],\"url\":\"https:\/\/www.visit-ulcinj.com\/blog\/author\/admin\/\"}]}<\/script>\n<!-- \/ Yoast SEO plugin. -->","yoast_head_json":{"title":"Kriporja e Ulqinit p\u00ebrs\u00ebri n\u00eb shitje - Lajme nga Ulqini","description":"Drejtoria n\u00eb falimentim e Kripores s\u00eb Ulqinit \u201cBajo Sekuliq\u201d shpalli sot tenderin e ri p\u00ebr pron\u00ebn e k\u00ebsaj kompanie me \u00e7mim fillestar prej 204 milion euro,","robots":{"index":"index","follow":"follow","max-snippet":"max-snippet:-1","max-image-preview":"max-image-preview:large","max-video-preview":"max-video-preview:-1"},"canonical":"https:\/\/www.visit-ulcinj.com\/blog\/2013\/05\/25\/kriporja-e-ulqinit-perseri-ne-shitje\/","og_locale":"en_US","og_type":"article","og_title":"Kriporja e Ulqinit p\u00ebrs\u00ebri n\u00eb shitje - Lajme nga Ulqini","og_description":"Drejtoria n\u00eb falimentim e Kripores s\u00eb Ulqinit \u201cBajo Sekuliq\u201d shpalli sot tenderin e ri p\u00ebr pron\u00ebn e k\u00ebsaj kompanie me \u00e7mim fillestar prej 204 milion euro,","og_url":"https:\/\/www.visit-ulcinj.com\/blog\/2013\/05\/25\/kriporja-e-ulqinit-perseri-ne-shitje\/","og_site_name":"Lajme nga Ulqini","article_published_time":"2013-05-25T14:22:31+00:00","og_image":[{"url":"http:\/\/www.visit-ulcinj.com\/blog\/wp-content\/uploads\/2013\/05\/Kriporja-e-Ulqinit.jpg"}],"twitter_misc":{"Written by":"ulqini","Est. reading time":"1 minute"},"schema":{"@context":"https:\/\/schema.org","@graph":[{"@type":"WebSite","@id":"https:\/\/www.visit-ulcinj.com\/blog\/#website","url":"https:\/\/www.visit-ulcinj.com\/blog\/","name":"Lajme nga Ulqini","description":"Lajme,Vijesti,Ulqini,Ulqin,Crna Gora,Mali i Zi","potentialAction":[{"@type":"SearchAction","target":{"@type":"EntryPoint","urlTemplate":"https:\/\/www.visit-ulcinj.com\/blog\/?s={search_term_string}"},"query-input":"required name=search_term_string"}],"inLanguage":"en-US"},{"@type":"ImageObject","inLanguage":"en-US","@id":"https:\/\/www.visit-ulcinj.com\/blog\/2013\/05\/25\/kriporja-e-ulqinit-perseri-ne-shitje\/#primaryimage","url":"https:\/\/www.visit-ulcinj.com\/blog\/wp-content\/uploads\/2013\/05\/Kriporja-e-Ulqinit.jpg","contentUrl":"https:\/\/www.visit-ulcinj.com\/blog\/wp-content\/uploads\/2013\/05\/Kriporja-e-Ulqinit.jpg","width":1064,"height":633},{"@type":"WebPage","@id":"https:\/\/www.visit-ulcinj.com\/blog\/2013\/05\/25\/kriporja-e-ulqinit-perseri-ne-shitje\/#webpage","url":"https:\/\/www.visit-ulcinj.com\/blog\/2013\/05\/25\/kriporja-e-ulqinit-perseri-ne-shitje\/","name":"Kriporja e Ulqinit p\u00ebrs\u00ebri n\u00eb shitje - Lajme nga Ulqini","isPartOf":{"@id":"https:\/\/www.visit-ulcinj.com\/blog\/#website"},"primaryImageOfPage":{"@id":"https:\/\/www.visit-ulcinj.com\/blog\/2013\/05\/25\/kriporja-e-ulqinit-perseri-ne-shitje\/#primaryimage"},"datePublished":"2013-05-25T14:22:31+00:00","dateModified":"2013-05-25T14:22:31+00:00","author":{"@id":"https:\/\/www.visit-ulcinj.com\/blog\/#\/schema\/person\/dcab619c614d3038751c63bc2aadc06d"},"description":"Drejtoria n\u00eb falimentim e Kripores s\u00eb Ulqinit \u201cBajo Sekuliq\u201d shpalli sot tenderin e ri p\u00ebr pron\u00ebn e k\u00ebsaj kompanie me \u00e7mim fillestar prej 204 milion euro,","breadcrumb":{"@id":"https:\/\/www.visit-ulcinj.com\/blog\/2013\/05\/25\/kriporja-e-ulqinit-perseri-ne-shitje\/#breadcrumb"},"inLanguage":"en-US","potentialAction":[{"@type":"ReadAction","target":["https:\/\/www.visit-ulcinj.com\/blog\/2013\/05\/25\/kriporja-e-ulqinit-perseri-ne-shitje\/"]}]},{"@type":"BreadcrumbList","@id":"https:\/\/www.visit-ulcinj.com\/blog\/2013\/05\/25\/kriporja-e-ulqinit-perseri-ne-shitje\/#breadcrumb","itemListElement":[{"@type":"ListItem","position":1,"name":"Kriporja e Ulqinit p\u00ebrs\u00ebri n\u00eb shitje"}]},{"@type":"Person","@id":"https:\/\/www.visit-ulcinj.com\/blog\/#\/schema\/person\/dcab619c614d3038751c63bc2aadc06d","name":"ulqini","sameAs":["http:\/\/www.visit-ulcinj.com"],"url":"https:\/\/www.visit-ulcinj.com\/blog\/author\/admin\/"}]}},"jetpack_featured_media_url":"","jetpack_sharing_enabled":true,"jetpack_shortlink":"https:\/\/wp.me\/pe6lTn-iD6","_links":{"self":[{"href":"https:\/\/www.visit-ulcinj.com\/blog\/wp-json\/wp\/v2\/posts\/71616"}],"collection":[{"href":"https:\/\/www.visit-ulcinj.com\/blog\/wp-json\/wp\/v2\/posts"}],"about":[{"href":"https:\/\/www.visit-ulcinj.com\/blog\/wp-json\/wp\/v2\/types\/post"}],"author":[{"embeddable":true,"href":"https:\/\/www.visit-ulcinj.com\/blog\/wp-json\/wp\/v2\/users\/1"}],"replies":[{"embeddable":true,"href":"https:\/\/www.visit-ulcinj.com\/blog\/wp-json\/wp\/v2\/comments?post=71616"}],"version-history":[{"count":1,"href":"https:\/\/www.visit-ulcinj.com\/blog\/wp-json\/wp\/v2\/posts\/71616\/revisions"}],"predecessor-version":[{"id":71618,"href":"https:\/\/www.visit-ulcinj.com\/blog\/wp-json\/wp\/v2\/posts\/71616\/revisions\/71618"}],"wp:attachment":[{"href":"https:\/\/www.visit-ulcinj.com\/blog\/wp-json\/wp\/v2\/media?parent=71616"}],"wp:term":[{"taxonomy":"category","embeddable":true,"href":"https:\/\/www.visit-ulcinj.com\/blog\/wp-json\/wp\/v2\/categories?post=71616"},{"taxonomy":"post_tag","embeddable":true,"href":"https:\/\/www.visit-ulcinj.com\/blog\/wp-json\/wp\/v2\/tags?post=71616"}],"curies":[{"name":"wp","href":"https:\/\/api.w.org\/{rel}","templated":true}]}}