{"id":71619,"date":"2013-05-25T15:41:27","date_gmt":"2013-05-25T14:41:27","guid":{"rendered":"http:\/\/www.visit-ulcinj.com\/blog\/?p=71619"},"modified":"2013-05-25T16:41:09","modified_gmt":"2013-05-25T15:41:09","slug":"arrestime-ne-fshatin-martianj-te-plaves-gucise-video","status":"publish","type":"post","link":"https:\/\/www.visit-ulcinj.com\/blog\/2013\/05\/25\/arrestime-ne-fshatin-martianj-te-plaves-gucise-video\/","title":{"rendered":"Arrestime ne fshatin Martianj te Plaves &#038;  Gucise &#8211; Video"},"content":{"rendered":"<p><strong> <a href=\"http:\/\/www.visit-ulcinj.com\/blog\/wp-content\/uploads\/2013\/05\/Arrestime-ne-fshatin-Martianj.6.jpg\"><img loading=\"lazy\" class=\"alignleft  wp-image-71623\" alt=\"Arrestime ne fshatin Martianj.6\" src=\"http:\/\/www.visit-ulcinj.com\/blog\/wp-content\/uploads\/2013\/05\/Arrestime-ne-fshatin-Martianj.6.jpg\" width=\"508\" height=\"360\" \/><\/a> Vazhdojn provokimet ndaj fshatit shqiptare Martianj te Plave Gucise.<\/strong><\/p>\n<p>&nbsp;<\/p>\n<div id=\"ContentPane0ArticlesDetails_descriptionDiv\"><strong><strong>Faqja n\u00eb Facebook \u2018Fondacioni Plav\u00eb dhe Guci\u2019 p\u00ebrmes nj\u00eb postimi ka njoftuar se sot n\u00eb ora 11:00 kan\u00eb ndodhur arrestime t\u00eb dhjet\u00ebra shqiptar\u00ebve nga ana e policis\u00eb malazeze, njofton faqeja elektronike Telegrafi.<\/strong><\/strong><\/div>\n<p>Arrestimet kan\u00eb ndodhur pasi shqiptar\u00ebt kan\u00eb kund\u00ebrshtuar nd\u00ebrtimin e Kish\u00ebs ortodokse serbe. K\u00ebt\u00eb t\u00eb dh\u00ebn\u00eb e kan\u00eb konfirmuar p\u00ebr Reporteri.net edhe banor\u00eb t\u00eb asaj treve.<\/p>\n<p>Sot rreth ores 11 na Martinaj arriten numer I madh I forcave special malazeze, te cilat kishin ardhur per te I mbrojtur ultranacionaliste ortodoks serb te cilet me ndihmen e aparatit shtetror malazez ne vazhdemsi po provokojn popullaten shqiptare te Plave Gucise, e ne vecanti fshatin etnikisht te paster MARTINAJ te treves ton. Eshte tronditese kur informacione te tilla marrim nga vendlindja, eshte shokuese kur shteti me dhun tenton te shkel mbi te drejten elementare te qytetarit te vet, eshte jo demokratitke dhe antieuropiane qe shteti te mbron uzurpatorin dhe jo pronarin, ky shtet po shkon drejt rruges se vjeter te urrejtjes se shqiptareve. A thua valle keti shteti ne shqiptret ia paskem dhan voten e shtetformimit, a thau valle kjo eshte rruga europiane qe gjason ne rruge Milloshoviqiane.<br \/>\nSot policia special arrestoj ne Martinaj keta bashkekombas.<br \/>\n1. Isuf Balia Balidemaj ne moshen 80 vjecare<br \/>\n2. Selim Kameri Hasangjekaj ne moshen 74 vjecare<br \/>\n3. Sherif Lani Hasangjekaj ne te 70 \u2013at<br \/>\n4. Bujar Hasangjekaj<br \/>\n5. Naim Prelvukaj<br \/>\n6. Lis Naimi Prelvukaj<br \/>\n7. Shaban Syla Balidemaj<br \/>\n8. Skender Hasangjekaj<br \/>\n9. Flamurdon Hasangjekaj<br \/>\n10. Hasan Prelvukaj<br \/>\n11. Valon Prelvukaj<br \/>\n12. Fatos Prelvukaj<br \/>\n13. Shaban Prelvukaj<br \/>\n14. Sadri Smajli Balidemaj<br \/>\n15. Ibish Balidemaj<br \/>\n16. Rexhe Balidemaj<br \/>\n17. Bali Rama Hasangjekaj<br \/>\n18. Sadik Rama Hasngjekaj<br \/>\n19. Luan Bajram Balidemaj<br \/>\n20. Martin Hasangjekaj<br \/>\n21. Ali Zeqiri Prelvukaj<br \/>\n22. Bekim Hasangjekaj<\/p>\n<p>Te gjithe emrat e cekur jan ende ne qenderen e ndalimit ne stacionin policor ne Plave.<\/p>\n<p data-ft=\"{&quot;tn&quot;:&quot;C&quot;}\"><strong><a id=\"js_6\" href=\"https:\/\/www.facebook.com\/plavegucifoundation?ref=stream&amp;hc_location=timeline\" data-hovercard=\"\/ajax\/hovercard\/page.php?id=223767991027206&amp;extragetparams=%7B%22hc_location%22%3A%22timeline%22%7D\">Fondacioni Plav\u00eb Guci \u2022 Plave Guci Foundation Facebook<\/a><\/strong><\/p>\n<p>\n\t\t<style type=\"text\/css\">\n\t\t\t#gallery-1 {\n\t\t\t\tmargin: auto;\n\t\t\t}\n\t\t\t#gallery-1 .gallery-item {\n\t\t\t\tfloat: left;\n\t\t\t\tmargin-top: 10px;\n\t\t\t\ttext-align: center;\n\t\t\t\twidth: 33%;\n\t\t\t}\n\t\t\t#gallery-1 img {\n\t\t\t\tborder: 2px solid #cfcfcf;\n\t\t\t}\n\t\t\t#gallery-1 .gallery-caption {\n\t\t\t\tmargin-left: 0;\n\t\t\t}\n\t\t\t\/* see gallery_shortcode() in wp-includes\/media.php *\/\n\t\t<\/style>\n\t\t<div id='gallery-1' class='gallery galleryid-71619 gallery-columns-3 gallery-size-thumbnail'><dl class='gallery-item'>\n\t\t\t<dt class='gallery-icon landscape'>\n\t\t\t\t<a href='https:\/\/www.visit-ulcinj.com\/blog\/2013\/05\/25\/arrestime-ne-fshatin-martianj-te-plaves-gucise-video\/arrestime-ne-fshatin-martianj-2\/'><img width=\"150\" height=\"150\" src=\"https:\/\/www.visit-ulcinj.com\/blog\/wp-content\/uploads\/2013\/05\/Arrestime-ne-fshatin-Martianj.2-150x150.jpg\" class=\"attachment-thumbnail size-thumbnail\" alt=\"\" loading=\"lazy\" \/><\/a>\n\t\t\t<\/dt><\/dl><dl class='gallery-item'>\n\t\t\t<dt class='gallery-icon landscape'>\n\t\t\t\t<a href='https:\/\/www.visit-ulcinj.com\/blog\/2013\/05\/25\/arrestime-ne-fshatin-martianj-te-plaves-gucise-video\/arrestime-ne-fshatin-martianj\/'><img width=\"150\" height=\"150\" src=\"https:\/\/www.visit-ulcinj.com\/blog\/wp-content\/uploads\/2013\/05\/Arrestime-ne-fshatin-Martianj-150x150.jpg\" class=\"attachment-thumbnail size-thumbnail\" alt=\"\" loading=\"lazy\" \/><\/a>\n\t\t\t<\/dt><\/dl><dl class='gallery-item'>\n\t\t\t<dt class='gallery-icon landscape'>\n\t\t\t\t<a href='https:\/\/www.visit-ulcinj.com\/blog\/2013\/05\/25\/arrestime-ne-fshatin-martianj-te-plaves-gucise-video\/arrestime-ne-fshatin-martianj-1\/'><img width=\"150\" height=\"150\" src=\"https:\/\/www.visit-ulcinj.com\/blog\/wp-content\/uploads\/2013\/05\/Arrestime-ne-fshatin-Martianj.1-150x150.jpg\" class=\"attachment-thumbnail size-thumbnail\" alt=\"\" loading=\"lazy\" \/><\/a>\n\t\t\t<\/dt><\/dl><br style=\"clear: both\" \/><dl class='gallery-item'>\n\t\t\t<dt class='gallery-icon landscape'>\n\t\t\t\t<a href='https:\/\/www.visit-ulcinj.com\/blog\/2013\/05\/25\/arrestime-ne-fshatin-martianj-te-plaves-gucise-video\/arrestime-ne-fshatin-martianj-6\/'><img width=\"150\" height=\"150\" src=\"https:\/\/www.visit-ulcinj.com\/blog\/wp-content\/uploads\/2013\/05\/Arrestime-ne-fshatin-Martianj.6-150x150.jpg\" class=\"attachment-thumbnail size-thumbnail\" alt=\"\" loading=\"lazy\" \/><\/a>\n\t\t\t<\/dt><\/dl><dl class='gallery-item'>\n\t\t\t<dt class='gallery-icon landscape'>\n\t\t\t\t<a href='https:\/\/www.visit-ulcinj.com\/blog\/2013\/05\/25\/arrestime-ne-fshatin-martianj-te-plaves-gucise-video\/arrestime-ne-fshatin-martianj-5\/'><img width=\"150\" height=\"150\" src=\"https:\/\/www.visit-ulcinj.com\/blog\/wp-content\/uploads\/2013\/05\/Arrestime-ne-fshatin-Martianj.5-150x150.jpg\" class=\"attachment-thumbnail size-thumbnail\" alt=\"\" loading=\"lazy\" \/><\/a>\n\t\t\t<\/dt><\/dl><dl class='gallery-item'>\n\t\t\t<dt class='gallery-icon landscape'>\n\t\t\t\t<a href='https:\/\/www.visit-ulcinj.com\/blog\/2013\/05\/25\/arrestime-ne-fshatin-martianj-te-plaves-gucise-video\/arrestime-ne-fshatin-martianj-3\/'><img width=\"150\" height=\"150\" src=\"https:\/\/www.visit-ulcinj.com\/blog\/wp-content\/uploads\/2013\/05\/Arrestime-ne-fshatin-Martianj.3-150x150.jpg\" class=\"attachment-thumbnail size-thumbnail\" alt=\"\" loading=\"lazy\" \/><\/a>\n\t\t\t<\/dt><\/dl><br style=\"clear: both\" \/>\n\t\t<\/div>\n<br \/>\n<iframe loading=\"lazy\" src=\"http:\/\/www.youtube.com\/embed\/owulL0gPFZ4\" height=\"360\" width=\"508\" allowfullscreen=\"\" frameborder=\"0\"><\/iframe><\/p>\n","protected":false},"excerpt":{"rendered":"<p>Vazhdojn provokimet ndaj fshatit shqiptare Martianj te Plave Gucise. &nbsp; Faqja n\u00eb Facebook \u2018Fondacioni Plav\u00eb dhe Guci\u2019 p\u00ebrmes nj\u00eb postimi ka njoftuar se sot n\u00eb ora 11:00 kan\u00eb ndodhur arrestime t\u00eb dhjet\u00ebra shqiptar\u00ebve nga ana e policis\u00eb malazeze, njofton faqeja elektronike Telegrafi. Arrestimet kan\u00eb ndodhur pasi shqiptar\u00ebt kan\u00eb kund\u00ebrshtuar nd\u00ebrtimin e Kish\u00ebs ortodokse serbe. K\u00ebt\u00eb [&hellip;]<\/p>\n","protected":false},"author":1,"featured_media":0,"comment_status":"open","ping_status":"closed","sticky":false,"template":"","format":"standard","meta":{"spay_email":"","jetpack_publicize_message":"","jetpack_is_tweetstorm":false,"jetpack_publicize_feature_enabled":true},"categories":[14],"tags":[],"jetpack_publicize_connections":[],"yoast_head":"<!-- This site is optimized with the Yoast SEO plugin v19.1 - https:\/\/yoast.com\/wordpress\/plugins\/seo\/ -->\n<title>Arrestime ne fshatin Martianj te Plaves &amp; Gucise - Video - Lajme nga Ulqini<\/title>\n<meta name=\"description\" content=\"Vazhdojn provokimet ndaj fshatit shqiptare Martianj te Plave Gucise. &nbsp; Faqja n\u00eb Facebook \u2018Fondacioni Plav\u00eb dhe Guci\u2019 p\u00ebrmes nj\u00eb postimi ka njoftuar\" \/>\n<meta name=\"robots\" content=\"index, follow, max-snippet:-1, max-image-preview:large, max-video-preview:-1\" \/>\n<link rel=\"canonical\" href=\"https:\/\/www.visit-ulcinj.com\/blog\/2013\/05\/25\/arrestime-ne-fshatin-martianj-te-plaves-gucise-video\/\" \/>\n<meta property=\"og:locale\" content=\"en_US\" \/>\n<meta property=\"og:type\" content=\"article\" \/>\n<meta property=\"og:title\" content=\"Arrestime ne fshatin Martianj te Plaves &amp; Gucise - Video - Lajme nga Ulqini\" \/>\n<meta property=\"og:description\" content=\"Vazhdojn provokimet ndaj fshatit shqiptare Martianj te Plave Gucise. &nbsp; Faqja n\u00eb Facebook \u2018Fondacioni Plav\u00eb dhe Guci\u2019 p\u00ebrmes nj\u00eb postimi ka njoftuar\" \/>\n<meta property=\"og:url\" content=\"https:\/\/www.visit-ulcinj.com\/blog\/2013\/05\/25\/arrestime-ne-fshatin-martianj-te-plaves-gucise-video\/\" \/>\n<meta property=\"og:site_name\" content=\"Lajme nga Ulqini\" \/>\n<meta property=\"article:published_time\" content=\"2013-05-25T14:41:27+00:00\" \/>\n<meta property=\"article:modified_time\" content=\"2013-05-25T15:41:09+00:00\" \/>\n<meta property=\"og:image\" content=\"https:\/\/www.visit-ulcinj.com\/blog\/wp-content\/uploads\/2013\/05\/Arrestime-ne-fshatin-Martianj.2-150x150.jpg\" \/>\n<meta name=\"twitter:label1\" content=\"Written by\" \/>\n\t<meta name=\"twitter:data1\" content=\"ulqini\" \/>\n\t<meta name=\"twitter:label2\" content=\"Est. reading time\" \/>\n\t<meta name=\"twitter:data2\" content=\"2 minutes\" \/>\n<script type=\"application\/ld+json\" class=\"yoast-schema-graph\">{\"@context\":\"https:\/\/schema.org\",\"@graph\":[{\"@type\":\"WebSite\",\"@id\":\"https:\/\/www.visit-ulcinj.com\/blog\/#website\",\"url\":\"https:\/\/www.visit-ulcinj.com\/blog\/\",\"name\":\"Lajme nga Ulqini\",\"description\":\"Lajme,Vijesti,Ulqini,Ulqin,Crna Gora,Mali i Zi\",\"potentialAction\":[{\"@type\":\"SearchAction\",\"target\":{\"@type\":\"EntryPoint\",\"urlTemplate\":\"https:\/\/www.visit-ulcinj.com\/blog\/?s={search_term_string}\"},\"query-input\":\"required name=search_term_string\"}],\"inLanguage\":\"en-US\"},{\"@type\":\"ImageObject\",\"inLanguage\":\"en-US\",\"@id\":\"https:\/\/www.visit-ulcinj.com\/blog\/2013\/05\/25\/arrestime-ne-fshatin-martianj-te-plaves-gucise-video\/#primaryimage\",\"url\":\"https:\/\/www.visit-ulcinj.com\/blog\/wp-content\/uploads\/2013\/05\/Arrestime-ne-fshatin-Martianj.6.jpg\",\"contentUrl\":\"https:\/\/www.visit-ulcinj.com\/blog\/wp-content\/uploads\/2013\/05\/Arrestime-ne-fshatin-Martianj.6.jpg\",\"width\":960,\"height\":720},{\"@type\":\"WebPage\",\"@id\":\"https:\/\/www.visit-ulcinj.com\/blog\/2013\/05\/25\/arrestime-ne-fshatin-martianj-te-plaves-gucise-video\/#webpage\",\"url\":\"https:\/\/www.visit-ulcinj.com\/blog\/2013\/05\/25\/arrestime-ne-fshatin-martianj-te-plaves-gucise-video\/\",\"name\":\"Arrestime ne fshatin Martianj te Plaves & Gucise - Video - Lajme nga Ulqini\",\"isPartOf\":{\"@id\":\"https:\/\/www.visit-ulcinj.com\/blog\/#website\"},\"primaryImageOfPage\":{\"@id\":\"https:\/\/www.visit-ulcinj.com\/blog\/2013\/05\/25\/arrestime-ne-fshatin-martianj-te-plaves-gucise-video\/#primaryimage\"},\"datePublished\":\"2013-05-25T14:41:27+00:00\",\"dateModified\":\"2013-05-25T15:41:09+00:00\",\"author\":{\"@id\":\"https:\/\/www.visit-ulcinj.com\/blog\/#\/schema\/person\/dcab619c614d3038751c63bc2aadc06d\"},\"description\":\"Vazhdojn provokimet ndaj fshatit shqiptare Martianj te Plave Gucise. &nbsp; Faqja n\u00eb Facebook \u2018Fondacioni Plav\u00eb dhe Guci\u2019 p\u00ebrmes nj\u00eb postimi ka njoftuar\",\"breadcrumb\":{\"@id\":\"https:\/\/www.visit-ulcinj.com\/blog\/2013\/05\/25\/arrestime-ne-fshatin-martianj-te-plaves-gucise-video\/#breadcrumb\"},\"inLanguage\":\"en-US\",\"potentialAction\":[{\"@type\":\"ReadAction\",\"target\":[\"https:\/\/www.visit-ulcinj.com\/blog\/2013\/05\/25\/arrestime-ne-fshatin-martianj-te-plaves-gucise-video\/\"]}]},{\"@type\":\"BreadcrumbList\",\"@id\":\"https:\/\/www.visit-ulcinj.com\/blog\/2013\/05\/25\/arrestime-ne-fshatin-martianj-te-plaves-gucise-video\/#breadcrumb\",\"itemListElement\":[{\"@type\":\"ListItem\",\"position\":1,\"name\":\"Arrestime ne fshatin Martianj te Plaves &#038; Gucise &#8211; Video\"}]},{\"@type\":\"Person\",\"@id\":\"https:\/\/www.visit-ulcinj.com\/blog\/#\/schema\/person\/dcab619c614d3038751c63bc2aadc06d\",\"name\":\"ulqini\",\"sameAs\":[\"http:\/\/www.visit-ulcinj.com\"],\"url\":\"https:\/\/www.visit-ulcinj.com\/blog\/author\/admin\/\"}]}<\/script>\n<!-- \/ Yoast SEO plugin. -->","yoast_head_json":{"title":"Arrestime ne fshatin Martianj te Plaves & Gucise - Video - Lajme nga Ulqini","description":"Vazhdojn provokimet ndaj fshatit shqiptare Martianj te Plave Gucise. &nbsp; Faqja n\u00eb Facebook \u2018Fondacioni Plav\u00eb dhe Guci\u2019 p\u00ebrmes nj\u00eb postimi ka njoftuar","robots":{"index":"index","follow":"follow","max-snippet":"max-snippet:-1","max-image-preview":"max-image-preview:large","max-video-preview":"max-video-preview:-1"},"canonical":"https:\/\/www.visit-ulcinj.com\/blog\/2013\/05\/25\/arrestime-ne-fshatin-martianj-te-plaves-gucise-video\/","og_locale":"en_US","og_type":"article","og_title":"Arrestime ne fshatin Martianj te Plaves & Gucise - Video - Lajme nga Ulqini","og_description":"Vazhdojn provokimet ndaj fshatit shqiptare Martianj te Plave Gucise. &nbsp; Faqja n\u00eb Facebook \u2018Fondacioni Plav\u00eb dhe Guci\u2019 p\u00ebrmes nj\u00eb postimi ka njoftuar","og_url":"https:\/\/www.visit-ulcinj.com\/blog\/2013\/05\/25\/arrestime-ne-fshatin-martianj-te-plaves-gucise-video\/","og_site_name":"Lajme nga Ulqini","article_published_time":"2013-05-25T14:41:27+00:00","article_modified_time":"2013-05-25T15:41:09+00:00","og_image":[{"url":"https:\/\/www.visit-ulcinj.com\/blog\/wp-content\/uploads\/2013\/05\/Arrestime-ne-fshatin-Martianj.2-150x150.jpg"}],"twitter_misc":{"Written by":"ulqini","Est. reading time":"2 minutes"},"schema":{"@context":"https:\/\/schema.org","@graph":[{"@type":"WebSite","@id":"https:\/\/www.visit-ulcinj.com\/blog\/#website","url":"https:\/\/www.visit-ulcinj.com\/blog\/","name":"Lajme nga Ulqini","description":"Lajme,Vijesti,Ulqini,Ulqin,Crna Gora,Mali i Zi","potentialAction":[{"@type":"SearchAction","target":{"@type":"EntryPoint","urlTemplate":"https:\/\/www.visit-ulcinj.com\/blog\/?s={search_term_string}"},"query-input":"required name=search_term_string"}],"inLanguage":"en-US"},{"@type":"ImageObject","inLanguage":"en-US","@id":"https:\/\/www.visit-ulcinj.com\/blog\/2013\/05\/25\/arrestime-ne-fshatin-martianj-te-plaves-gucise-video\/#primaryimage","url":"https:\/\/www.visit-ulcinj.com\/blog\/wp-content\/uploads\/2013\/05\/Arrestime-ne-fshatin-Martianj.6.jpg","contentUrl":"https:\/\/www.visit-ulcinj.com\/blog\/wp-content\/uploads\/2013\/05\/Arrestime-ne-fshatin-Martianj.6.jpg","width":960,"height":720},{"@type":"WebPage","@id":"https:\/\/www.visit-ulcinj.com\/blog\/2013\/05\/25\/arrestime-ne-fshatin-martianj-te-plaves-gucise-video\/#webpage","url":"https:\/\/www.visit-ulcinj.com\/blog\/2013\/05\/25\/arrestime-ne-fshatin-martianj-te-plaves-gucise-video\/","name":"Arrestime ne fshatin Martianj te Plaves & Gucise - Video - Lajme nga Ulqini","isPartOf":{"@id":"https:\/\/www.visit-ulcinj.com\/blog\/#website"},"primaryImageOfPage":{"@id":"https:\/\/www.visit-ulcinj.com\/blog\/2013\/05\/25\/arrestime-ne-fshatin-martianj-te-plaves-gucise-video\/#primaryimage"},"datePublished":"2013-05-25T14:41:27+00:00","dateModified":"2013-05-25T15:41:09+00:00","author":{"@id":"https:\/\/www.visit-ulcinj.com\/blog\/#\/schema\/person\/dcab619c614d3038751c63bc2aadc06d"},"description":"Vazhdojn provokimet ndaj fshatit shqiptare Martianj te Plave Gucise. &nbsp; Faqja n\u00eb Facebook \u2018Fondacioni Plav\u00eb dhe Guci\u2019 p\u00ebrmes nj\u00eb postimi ka njoftuar","breadcrumb":{"@id":"https:\/\/www.visit-ulcinj.com\/blog\/2013\/05\/25\/arrestime-ne-fshatin-martianj-te-plaves-gucise-video\/#breadcrumb"},"inLanguage":"en-US","potentialAction":[{"@type":"ReadAction","target":["https:\/\/www.visit-ulcinj.com\/blog\/2013\/05\/25\/arrestime-ne-fshatin-martianj-te-plaves-gucise-video\/"]}]},{"@type":"BreadcrumbList","@id":"https:\/\/www.visit-ulcinj.com\/blog\/2013\/05\/25\/arrestime-ne-fshatin-martianj-te-plaves-gucise-video\/#breadcrumb","itemListElement":[{"@type":"ListItem","position":1,"name":"Arrestime ne fshatin Martianj te Plaves &#038; Gucise &#8211; Video"}]},{"@type":"Person","@id":"https:\/\/www.visit-ulcinj.com\/blog\/#\/schema\/person\/dcab619c614d3038751c63bc2aadc06d","name":"ulqini","sameAs":["http:\/\/www.visit-ulcinj.com"],"url":"https:\/\/www.visit-ulcinj.com\/blog\/author\/admin\/"}]}},"jetpack_featured_media_url":"","jetpack_sharing_enabled":true,"jetpack_shortlink":"https:\/\/wp.me\/pe6lTn-iD9","_links":{"self":[{"href":"https:\/\/www.visit-ulcinj.com\/blog\/wp-json\/wp\/v2\/posts\/71619"}],"collection":[{"href":"https:\/\/www.visit-ulcinj.com\/blog\/wp-json\/wp\/v2\/posts"}],"about":[{"href":"https:\/\/www.visit-ulcinj.com\/blog\/wp-json\/wp\/v2\/types\/post"}],"author":[{"embeddable":true,"href":"https:\/\/www.visit-ulcinj.com\/blog\/wp-json\/wp\/v2\/users\/1"}],"replies":[{"embeddable":true,"href":"https:\/\/www.visit-ulcinj.com\/blog\/wp-json\/wp\/v2\/comments?post=71619"}],"version-history":[{"count":4,"href":"https:\/\/www.visit-ulcinj.com\/blog\/wp-json\/wp\/v2\/posts\/71619\/revisions"}],"predecessor-version":[{"id":71659,"href":"https:\/\/www.visit-ulcinj.com\/blog\/wp-json\/wp\/v2\/posts\/71619\/revisions\/71659"}],"wp:attachment":[{"href":"https:\/\/www.visit-ulcinj.com\/blog\/wp-json\/wp\/v2\/media?parent=71619"}],"wp:term":[{"taxonomy":"category","embeddable":true,"href":"https:\/\/www.visit-ulcinj.com\/blog\/wp-json\/wp\/v2\/categories?post=71619"},{"taxonomy":"post_tag","embeddable":true,"href":"https:\/\/www.visit-ulcinj.com\/blog\/wp-json\/wp\/v2\/tags?post=71619"}],"curies":[{"name":"wp","href":"https:\/\/api.w.org\/{rel}","templated":true}]}}