{"id":71678,"date":"2013-05-26T07:30:18","date_gmt":"2013-05-26T06:30:18","guid":{"rendered":"http:\/\/www.visit-ulcinj.com\/blog\/?p=71678"},"modified":"2013-05-26T18:18:24","modified_gmt":"2013-05-26T17:18:24","slug":"sinoc-saobracajna-nesreca-na-bulevaru-teuta","status":"publish","type":"post","link":"https:\/\/www.visit-ulcinj.com\/blog\/2013\/05\/26\/sinoc-saobracajna-nesreca-na-bulevaru-teuta\/","title":{"rendered":"Sino\u0107 saobra\u0107ajna nesre\u0107a na bulevaru Teuta"},"content":{"rendered":"<p><a href=\"http:\/\/www.visit-ulcinj.com\/blog\/wp-content\/uploads\/2013\/05\/sabracajni-udes-na-bulevaru-teuta.jpg\"><img loading=\"lazy\" class=\"alignleft  wp-image-71679\" alt=\"sabracajni udes na bulevaru teuta\" src=\"http:\/\/www.visit-ulcinj.com\/blog\/wp-content\/uploads\/2013\/05\/sabracajni-udes-na-bulevaru-teuta.jpg\" width=\"508\" height=\"380\" \/><\/a><\/p>\n<div id=\"article_text\">\n<p>Sedamnaestogodi\u0161nji Ulcinjanin M.M. te \u0161ko je povrije\u0111en u saobra\u0107ajnoj nezgodi koja se dogodila sino\u0107 oko 21.10 na bulevaru Teuta ka Velikoj pla\u017ei.<\/p>\n<p>Nakon ukazane prve pomo\u0107i u ulcinjskom Domu zdravlja, mladi\u0107 je upu\u0107en na dalje lije\u010denje u barsku bolnicu.<\/p>\n<div><\/div>\n<p>Prema nezvani\u010dmim informacijama, mladi\u0107 je u udesu polomio nogu i zadobio jo\u0161 niz povreda ali je je van \u017eivotne opasnosti.<\/p>\n<p>Sa njim u automobilu BMW ulcinjskih registarskih oznaka bila je djevojka M. M. (17) ali je ona, uprkos te\u0161kom udesu, pro\u0161la sa lak\u0161im tjelesnim ozljedama.<\/p>\n<p>Dvoje mladih uputilo se na proslavu mature. Iz za sada neutvr\u0111enih razloga, mladi\u0107 je izgubio kontrolu nad vozilom dok se kretao iz pravca Ulcinja ka Velikoj pla\u017ei i nakon nekoliko okretanja udario u stub.<\/p>\n<p><strong>Samir Adrovi\u0107<\/strong><br \/>\n<strong>Izvor: Vijesti\n\t\t<style type=\"text\/css\">\n\t\t\t#gallery-1 {\n\t\t\t\tmargin: auto;\n\t\t\t}\n\t\t\t#gallery-1 .gallery-item {\n\t\t\t\tfloat: left;\n\t\t\t\tmargin-top: 10px;\n\t\t\t\ttext-align: center;\n\t\t\t\twidth: 33%;\n\t\t\t}\n\t\t\t#gallery-1 img {\n\t\t\t\tborder: 2px solid #cfcfcf;\n\t\t\t}\n\t\t\t#gallery-1 .gallery-caption {\n\t\t\t\tmargin-left: 0;\n\t\t\t}\n\t\t\t\/* see gallery_shortcode() in wp-includes\/media.php *\/\n\t\t<\/style>\n\t\t<div id='gallery-1' class='gallery galleryid-71678 gallery-columns-3 gallery-size-thumbnail'><dl class='gallery-item'>\n\t\t\t<dt class='gallery-icon landscape'>\n\t\t\t\t<a href='https:\/\/www.visit-ulcinj.com\/blog\/2013\/05\/26\/sinoc-saobracajna-nesreca-na-bulevaru-teuta\/sabracajni-udes-na-bulevaru-teuta-3\/'><img width=\"150\" height=\"150\" src=\"https:\/\/www.visit-ulcinj.com\/blog\/wp-content\/uploads\/2013\/05\/sabracajni-udes-na-bulevaru-teuta.3-150x150.jpg\" class=\"attachment-thumbnail size-thumbnail\" alt=\"\" loading=\"lazy\" \/><\/a>\n\t\t\t<\/dt><\/dl><dl class='gallery-item'>\n\t\t\t<dt class='gallery-icon portrait'>\n\t\t\t\t<a href='https:\/\/www.visit-ulcinj.com\/blog\/2013\/05\/26\/sinoc-saobracajna-nesreca-na-bulevaru-teuta\/sabracajni-udes-na-bulevaru-teuta-2\/'><img width=\"150\" height=\"150\" src=\"https:\/\/www.visit-ulcinj.com\/blog\/wp-content\/uploads\/2013\/05\/sabracajni-udes-na-bulevaru-teuta.2-150x150.jpg\" class=\"attachment-thumbnail size-thumbnail\" alt=\"\" loading=\"lazy\" \/><\/a>\n\t\t\t<\/dt><\/dl><dl class='gallery-item'>\n\t\t\t<dt class='gallery-icon landscape'>\n\t\t\t\t<a href='https:\/\/www.visit-ulcinj.com\/blog\/2013\/05\/26\/sinoc-saobracajna-nesreca-na-bulevaru-teuta\/sabracajni-udes-na-bulevaru-teuta-1\/'><img width=\"150\" height=\"150\" src=\"https:\/\/www.visit-ulcinj.com\/blog\/wp-content\/uploads\/2013\/05\/sabracajni-udes-na-bulevaru-teuta.1-150x150.jpg\" class=\"attachment-thumbnail size-thumbnail\" alt=\"\" loading=\"lazy\" \/><\/a>\n\t\t\t<\/dt><\/dl><br style=\"clear: both\" \/>\n\t\t<\/div>\n<\/p>\n<p><\/strong><\/p>\n<p>&nbsp;<\/p>\n<\/div>\n<div><\/div>\n","protected":false},"excerpt":{"rendered":"<p>Sedamnaestogodi\u0161nji Ulcinjanin M.M. te \u0161ko je povrije\u0111en u saobra\u0107ajnoj nezgodi koja se dogodila sino\u0107 oko 21.10 na bulevaru Teuta ka Velikoj pla\u017ei. Nakon ukazane prve pomo\u0107i u ulcinjskom Domu zdravlja, mladi\u0107 je upu\u0107en na dalje lije\u010denje u barsku bolnicu. Prema nezvani\u010dmim informacijama, mladi\u0107 je u udesu polomio nogu i zadobio jo\u0161 niz povreda ali je [&hellip;]<\/p>\n","protected":false},"author":1,"featured_media":0,"comment_status":"open","ping_status":"closed","sticky":false,"template":"","format":"standard","meta":{"spay_email":"","jetpack_publicize_message":"","jetpack_is_tweetstorm":false,"jetpack_publicize_feature_enabled":true},"categories":[8337],"tags":[],"jetpack_publicize_connections":[],"yoast_head":"<!-- This site is optimized with the Yoast SEO plugin v19.1 - https:\/\/yoast.com\/wordpress\/plugins\/seo\/ -->\n<title>Sino\u0107 saobra\u0107ajna nesre\u0107a na bulevaru Teuta - Lajme nga Ulqini<\/title>\n<meta name=\"description\" content=\"Sedamnaestogodi\u0161nji Ulcinjanin M.M. te \u0161ko je povrije\u0111en u saobra\u0107ajnoj nezgodi koja se dogodila sino\u0107 oko 21.10 na bulevaru Teuta ka Velikoj pla\u017ei. Nakon\" \/>\n<meta name=\"robots\" content=\"index, follow, max-snippet:-1, max-image-preview:large, max-video-preview:-1\" \/>\n<link rel=\"canonical\" href=\"https:\/\/www.visit-ulcinj.com\/blog\/2013\/05\/26\/sinoc-saobracajna-nesreca-na-bulevaru-teuta\/\" \/>\n<meta property=\"og:locale\" content=\"en_US\" \/>\n<meta property=\"og:type\" content=\"article\" \/>\n<meta property=\"og:title\" content=\"Sino\u0107 saobra\u0107ajna nesre\u0107a na bulevaru Teuta - Lajme nga Ulqini\" \/>\n<meta property=\"og:description\" content=\"Sedamnaestogodi\u0161nji Ulcinjanin M.M. te \u0161ko je povrije\u0111en u saobra\u0107ajnoj nezgodi koja se dogodila sino\u0107 oko 21.10 na bulevaru Teuta ka Velikoj pla\u017ei. Nakon\" \/>\n<meta property=\"og:url\" content=\"https:\/\/www.visit-ulcinj.com\/blog\/2013\/05\/26\/sinoc-saobracajna-nesreca-na-bulevaru-teuta\/\" \/>\n<meta property=\"og:site_name\" content=\"Lajme nga Ulqini\" \/>\n<meta property=\"article:published_time\" content=\"2013-05-26T06:30:18+00:00\" \/>\n<meta property=\"article:modified_time\" content=\"2013-05-26T17:18:24+00:00\" \/>\n<meta property=\"og:image\" content=\"https:\/\/www.visit-ulcinj.com\/blog\/wp-content\/uploads\/2013\/05\/sabracajni-udes-na-bulevaru-teuta.3-150x150.jpg\" \/>\n<meta name=\"twitter:label1\" content=\"Written by\" \/>\n\t<meta name=\"twitter:data1\" content=\"ulqini\" \/>\n\t<meta name=\"twitter:label2\" content=\"Est. reading time\" \/>\n\t<meta name=\"twitter:data2\" content=\"1 minute\" \/>\n<script type=\"application\/ld+json\" class=\"yoast-schema-graph\">{\"@context\":\"https:\/\/schema.org\",\"@graph\":[{\"@type\":\"WebSite\",\"@id\":\"https:\/\/www.visit-ulcinj.com\/blog\/#website\",\"url\":\"https:\/\/www.visit-ulcinj.com\/blog\/\",\"name\":\"Lajme nga Ulqini\",\"description\":\"Lajme,Vijesti,Ulqini,Ulqin,Crna Gora,Mali i Zi\",\"potentialAction\":[{\"@type\":\"SearchAction\",\"target\":{\"@type\":\"EntryPoint\",\"urlTemplate\":\"https:\/\/www.visit-ulcinj.com\/blog\/?s={search_term_string}\"},\"query-input\":\"required name=search_term_string\"}],\"inLanguage\":\"en-US\"},{\"@type\":\"ImageObject\",\"inLanguage\":\"en-US\",\"@id\":\"https:\/\/www.visit-ulcinj.com\/blog\/2013\/05\/26\/sinoc-saobracajna-nesreca-na-bulevaru-teuta\/#primaryimage\",\"url\":\"https:\/\/www.visit-ulcinj.com\/blog\/wp-content\/uploads\/2013\/05\/sabracajni-udes-na-bulevaru-teuta.jpg\",\"contentUrl\":\"https:\/\/www.visit-ulcinj.com\/blog\/wp-content\/uploads\/2013\/05\/sabracajni-udes-na-bulevaru-teuta.jpg\",\"width\":900,\"height\":602},{\"@type\":\"WebPage\",\"@id\":\"https:\/\/www.visit-ulcinj.com\/blog\/2013\/05\/26\/sinoc-saobracajna-nesreca-na-bulevaru-teuta\/#webpage\",\"url\":\"https:\/\/www.visit-ulcinj.com\/blog\/2013\/05\/26\/sinoc-saobracajna-nesreca-na-bulevaru-teuta\/\",\"name\":\"Sino\u0107 saobra\u0107ajna nesre\u0107a na bulevaru Teuta - Lajme nga Ulqini\",\"isPartOf\":{\"@id\":\"https:\/\/www.visit-ulcinj.com\/blog\/#website\"},\"primaryImageOfPage\":{\"@id\":\"https:\/\/www.visit-ulcinj.com\/blog\/2013\/05\/26\/sinoc-saobracajna-nesreca-na-bulevaru-teuta\/#primaryimage\"},\"datePublished\":\"2013-05-26T06:30:18+00:00\",\"dateModified\":\"2013-05-26T17:18:24+00:00\",\"author\":{\"@id\":\"https:\/\/www.visit-ulcinj.com\/blog\/#\/schema\/person\/dcab619c614d3038751c63bc2aadc06d\"},\"description\":\"Sedamnaestogodi\u0161nji Ulcinjanin M.M. te \u0161ko je povrije\u0111en u saobra\u0107ajnoj nezgodi koja se dogodila sino\u0107 oko 21.10 na bulevaru Teuta ka Velikoj pla\u017ei. Nakon\",\"breadcrumb\":{\"@id\":\"https:\/\/www.visit-ulcinj.com\/blog\/2013\/05\/26\/sinoc-saobracajna-nesreca-na-bulevaru-teuta\/#breadcrumb\"},\"inLanguage\":\"en-US\",\"potentialAction\":[{\"@type\":\"ReadAction\",\"target\":[\"https:\/\/www.visit-ulcinj.com\/blog\/2013\/05\/26\/sinoc-saobracajna-nesreca-na-bulevaru-teuta\/\"]}]},{\"@type\":\"BreadcrumbList\",\"@id\":\"https:\/\/www.visit-ulcinj.com\/blog\/2013\/05\/26\/sinoc-saobracajna-nesreca-na-bulevaru-teuta\/#breadcrumb\",\"itemListElement\":[{\"@type\":\"ListItem\",\"position\":1,\"name\":\"Sino\u0107 saobra\u0107ajna nesre\u0107a na bulevaru Teuta\"}]},{\"@type\":\"Person\",\"@id\":\"https:\/\/www.visit-ulcinj.com\/blog\/#\/schema\/person\/dcab619c614d3038751c63bc2aadc06d\",\"name\":\"ulqini\",\"sameAs\":[\"http:\/\/www.visit-ulcinj.com\"],\"url\":\"https:\/\/www.visit-ulcinj.com\/blog\/author\/admin\/\"}]}<\/script>\n<!-- \/ Yoast SEO plugin. -->","yoast_head_json":{"title":"Sino\u0107 saobra\u0107ajna nesre\u0107a na bulevaru Teuta - Lajme nga Ulqini","description":"Sedamnaestogodi\u0161nji Ulcinjanin M.M. te \u0161ko je povrije\u0111en u saobra\u0107ajnoj nezgodi koja se dogodila sino\u0107 oko 21.10 na bulevaru Teuta ka Velikoj pla\u017ei. Nakon","robots":{"index":"index","follow":"follow","max-snippet":"max-snippet:-1","max-image-preview":"max-image-preview:large","max-video-preview":"max-video-preview:-1"},"canonical":"https:\/\/www.visit-ulcinj.com\/blog\/2013\/05\/26\/sinoc-saobracajna-nesreca-na-bulevaru-teuta\/","og_locale":"en_US","og_type":"article","og_title":"Sino\u0107 saobra\u0107ajna nesre\u0107a na bulevaru Teuta - Lajme nga Ulqini","og_description":"Sedamnaestogodi\u0161nji Ulcinjanin M.M. te \u0161ko je povrije\u0111en u saobra\u0107ajnoj nezgodi koja se dogodila sino\u0107 oko 21.10 na bulevaru Teuta ka Velikoj pla\u017ei. Nakon","og_url":"https:\/\/www.visit-ulcinj.com\/blog\/2013\/05\/26\/sinoc-saobracajna-nesreca-na-bulevaru-teuta\/","og_site_name":"Lajme nga Ulqini","article_published_time":"2013-05-26T06:30:18+00:00","article_modified_time":"2013-05-26T17:18:24+00:00","og_image":[{"url":"https:\/\/www.visit-ulcinj.com\/blog\/wp-content\/uploads\/2013\/05\/sabracajni-udes-na-bulevaru-teuta.3-150x150.jpg"}],"twitter_misc":{"Written by":"ulqini","Est. reading time":"1 minute"},"schema":{"@context":"https:\/\/schema.org","@graph":[{"@type":"WebSite","@id":"https:\/\/www.visit-ulcinj.com\/blog\/#website","url":"https:\/\/www.visit-ulcinj.com\/blog\/","name":"Lajme nga Ulqini","description":"Lajme,Vijesti,Ulqini,Ulqin,Crna Gora,Mali i Zi","potentialAction":[{"@type":"SearchAction","target":{"@type":"EntryPoint","urlTemplate":"https:\/\/www.visit-ulcinj.com\/blog\/?s={search_term_string}"},"query-input":"required name=search_term_string"}],"inLanguage":"en-US"},{"@type":"ImageObject","inLanguage":"en-US","@id":"https:\/\/www.visit-ulcinj.com\/blog\/2013\/05\/26\/sinoc-saobracajna-nesreca-na-bulevaru-teuta\/#primaryimage","url":"https:\/\/www.visit-ulcinj.com\/blog\/wp-content\/uploads\/2013\/05\/sabracajni-udes-na-bulevaru-teuta.jpg","contentUrl":"https:\/\/www.visit-ulcinj.com\/blog\/wp-content\/uploads\/2013\/05\/sabracajni-udes-na-bulevaru-teuta.jpg","width":900,"height":602},{"@type":"WebPage","@id":"https:\/\/www.visit-ulcinj.com\/blog\/2013\/05\/26\/sinoc-saobracajna-nesreca-na-bulevaru-teuta\/#webpage","url":"https:\/\/www.visit-ulcinj.com\/blog\/2013\/05\/26\/sinoc-saobracajna-nesreca-na-bulevaru-teuta\/","name":"Sino\u0107 saobra\u0107ajna nesre\u0107a na bulevaru Teuta - Lajme nga Ulqini","isPartOf":{"@id":"https:\/\/www.visit-ulcinj.com\/blog\/#website"},"primaryImageOfPage":{"@id":"https:\/\/www.visit-ulcinj.com\/blog\/2013\/05\/26\/sinoc-saobracajna-nesreca-na-bulevaru-teuta\/#primaryimage"},"datePublished":"2013-05-26T06:30:18+00:00","dateModified":"2013-05-26T17:18:24+00:00","author":{"@id":"https:\/\/www.visit-ulcinj.com\/blog\/#\/schema\/person\/dcab619c614d3038751c63bc2aadc06d"},"description":"Sedamnaestogodi\u0161nji Ulcinjanin M.M. te \u0161ko je povrije\u0111en u saobra\u0107ajnoj nezgodi koja se dogodila sino\u0107 oko 21.10 na bulevaru Teuta ka Velikoj pla\u017ei. Nakon","breadcrumb":{"@id":"https:\/\/www.visit-ulcinj.com\/blog\/2013\/05\/26\/sinoc-saobracajna-nesreca-na-bulevaru-teuta\/#breadcrumb"},"inLanguage":"en-US","potentialAction":[{"@type":"ReadAction","target":["https:\/\/www.visit-ulcinj.com\/blog\/2013\/05\/26\/sinoc-saobracajna-nesreca-na-bulevaru-teuta\/"]}]},{"@type":"BreadcrumbList","@id":"https:\/\/www.visit-ulcinj.com\/blog\/2013\/05\/26\/sinoc-saobracajna-nesreca-na-bulevaru-teuta\/#breadcrumb","itemListElement":[{"@type":"ListItem","position":1,"name":"Sino\u0107 saobra\u0107ajna nesre\u0107a na bulevaru Teuta"}]},{"@type":"Person","@id":"https:\/\/www.visit-ulcinj.com\/blog\/#\/schema\/person\/dcab619c614d3038751c63bc2aadc06d","name":"ulqini","sameAs":["http:\/\/www.visit-ulcinj.com"],"url":"https:\/\/www.visit-ulcinj.com\/blog\/author\/admin\/"}]}},"jetpack_featured_media_url":"","jetpack_sharing_enabled":true,"jetpack_shortlink":"https:\/\/wp.me\/pe6lTn-iE6","_links":{"self":[{"href":"https:\/\/www.visit-ulcinj.com\/blog\/wp-json\/wp\/v2\/posts\/71678"}],"collection":[{"href":"https:\/\/www.visit-ulcinj.com\/blog\/wp-json\/wp\/v2\/posts"}],"about":[{"href":"https:\/\/www.visit-ulcinj.com\/blog\/wp-json\/wp\/v2\/types\/post"}],"author":[{"embeddable":true,"href":"https:\/\/www.visit-ulcinj.com\/blog\/wp-json\/wp\/v2\/users\/1"}],"replies":[{"embeddable":true,"href":"https:\/\/www.visit-ulcinj.com\/blog\/wp-json\/wp\/v2\/comments?post=71678"}],"version-history":[{"count":5,"href":"https:\/\/www.visit-ulcinj.com\/blog\/wp-json\/wp\/v2\/posts\/71678\/revisions"}],"predecessor-version":[{"id":71786,"href":"https:\/\/www.visit-ulcinj.com\/blog\/wp-json\/wp\/v2\/posts\/71678\/revisions\/71786"}],"wp:attachment":[{"href":"https:\/\/www.visit-ulcinj.com\/blog\/wp-json\/wp\/v2\/media?parent=71678"}],"wp:term":[{"taxonomy":"category","embeddable":true,"href":"https:\/\/www.visit-ulcinj.com\/blog\/wp-json\/wp\/v2\/categories?post=71678"},{"taxonomy":"post_tag","embeddable":true,"href":"https:\/\/www.visit-ulcinj.com\/blog\/wp-json\/wp\/v2\/tags?post=71678"}],"curies":[{"name":"wp","href":"https:\/\/api.w.org\/{rel}","templated":true}]}}