{"id":71683,"date":"2013-05-26T07:53:53","date_gmt":"2013-05-26T06:53:53","guid":{"rendered":"http:\/\/www.visit-ulcinj.com\/blog\/?p=71683"},"modified":"2013-05-26T18:19:29","modified_gmt":"2013-05-26T17:19:29","slug":"aksident-i-rend-ne-bulevardin-teuta","status":"publish","type":"post","link":"https:\/\/www.visit-ulcinj.com\/blog\/2013\/05\/26\/aksident-i-rend-ne-bulevardin-teuta\/","title":{"rendered":"Aksident i rend ne bulevardin Teuta"},"content":{"rendered":"<p><a href=\"http:\/\/www.visit-ulcinj.com\/blog\/wp-content\/uploads\/2013\/05\/sabracajni-udes-na-bulevaru-teuta.jpg\"><img loading=\"lazy\" class=\"alignleft  wp-image-71679\" alt=\"sabracajni udes na bulevaru teuta\" src=\"http:\/\/www.visit-ulcinj.com\/blog\/wp-content\/uploads\/2013\/05\/sabracajni-udes-na-bulevaru-teuta.jpg\" width=\"508\" height=\"380\" \/><\/a>Gjith\u00e7ka ndodhi kur nj\u00eb person ka humbur drejtimin e automjetit t\u00eb tipit BMW dhe ka goditur nj\u00eb shtyll\u00eb ndri\u00e7imi n\u00eb bulevardin &#8221;Teuta&#8221;.<\/p>\n<p>Nj\u00eb aksident trafiku ka ndodhur mbrem\u00eb n\u00eb ora 21:25 n\u00eb bulevardin Teuta n\u00eb Ulqin, ku dy persona kan\u00eb mbetur t\u00eb l\u00ebnduar r\u00ebnd\u00eb nj\u00eb djal\u00eb dhe nj\u00eb vajz\u00eb nga Ulqini t\u00eb cil\u00ebt, sipas informacioneve nga d\u00ebshmitar\u00eb okular\u00eb ishin maturant\u00eb q\u00eb ishin nisur p\u00ebr t\u00eb festuar mbr\u00ebmjen e matur\u00ebs.<br \/>\n<a href=\"http:\/\/www.visit-ulcinj.com\/blog\/wp-content\/uploads\/2013\/05\/sabracajni-udes-na-bulevaru-teuta.1.jpg\"><img loading=\"lazy\" class=\"alignleft  wp-image-71680\" alt=\"sabracajni udes na bulevaru teuta.1\" src=\"http:\/\/www.visit-ulcinj.com\/blog\/wp-content\/uploads\/2013\/05\/sabracajni-udes-na-bulevaru-teuta.1.jpg\" width=\"508\" height=\"350\" \/><\/a><br \/>\nGjith\u00e7ka ndodhi kur vozit\u00ebsi ka humbur drejtimin e automjetit dhe ka goditur nj\u00eb shtyll\u00eb ndri\u00e7imi. N\u00eb vendngjarje kan\u00eb dalur menj\u00ebher\u00eb nj\u00ebsit\u00eb i e mbrojtjes civile, ndihma e shpejte dhe policia. Gjat\u00eb intervenimit t\u00eb shpejt nga automjeti u nxjerr vajza mirpo vozit\u00ebsi p\u00ebr shkak t\u00eb demtimit t\u00eb rend t\u00eb automjetit\u00a0 asht\u00eb nxjerur mbas 30 minutash.<br \/>\n<a href=\"http:\/\/www.visit-ulcinj.com\/blog\/wp-content\/uploads\/2013\/05\/sabracajni-udes-na-bulevaru-teuta.2.jpg\"><img loading=\"lazy\" class=\"alignleft  wp-image-71681\" alt=\"sabracajni udes na bulevaru teuta.2\" src=\"http:\/\/www.visit-ulcinj.com\/blog\/wp-content\/uploads\/2013\/05\/sabracajni-udes-na-bulevaru-teuta.2.jpg\" width=\"508\" height=\"550\" \/><\/a><\/p>\n<p>T\u00eb l\u00ebnduarit jan\u00eb d\u00ebrguar n\u00eb sht\u00ebpin\u00eb e sh\u00ebndetit n\u00eb Ulqin, ku jan\u00eb percjell\u00eb n\u00eb Qendr\u00ebn Klinike n\u00eb Tivar, ku sipas mjek\u00ebve kujdestar gjendja e tyre sh\u00ebndet\u00ebsore \u00ebsht\u00eb jasht\u00eb rrezikut p\u00ebr jet\u00ebn.<br \/>\n<a href=\"http:\/\/www.visit-ulcinj.com\/blog\/wp-content\/uploads\/2013\/05\/sabracajni-udes-na-bulevaru-teuta.3.jpg\"><img loading=\"lazy\" src=\"http:\/\/www.visit-ulcinj.com\/blog\/wp-content\/uploads\/2013\/05\/sabracajni-udes-na-bulevaru-teuta.3.jpg\" alt=\"sabracajni udes na bulevaru teuta.3\" width=\"508\" height=\"340\" class=\"alignleft size-full wp-image-71783\" \/><\/a><br \/>\nNj\u00ebsiti i trafikut \u00ebsht\u00eb duke u marre me hetimin e k\u00ebtij aksidenti.<\/p>\n<p><strong>Video e emituar mbreme tregon se shiu binte pa u ndal:<\/strong><br \/>\n<iframe loading=\"lazy\" src=\"https:\/\/www.facebook.com\/video\/embed?video_id=494757517273151\" height=\"360\" width=\"508\" frameborder=\"0\"><\/iframe><\/p>\n","protected":false},"excerpt":{"rendered":"<p>Gjith\u00e7ka ndodhi kur nj\u00eb person ka humbur drejtimin e automjetit t\u00eb tipit BMW dhe ka goditur nj\u00eb shtyll\u00eb ndri\u00e7imi n\u00eb bulevardin &#8221;Teuta&#8221;. Nj\u00eb aksident trafiku ka ndodhur mbrem\u00eb n\u00eb ora 21:25 n\u00eb bulevardin Teuta n\u00eb Ulqin, ku dy persona kan\u00eb mbetur t\u00eb l\u00ebnduar r\u00ebnd\u00eb nj\u00eb djal\u00eb dhe nj\u00eb vajz\u00eb nga Ulqini t\u00eb cil\u00ebt, sipas informacioneve [&hellip;]<\/p>\n","protected":false},"author":1,"featured_media":0,"comment_status":"open","ping_status":"closed","sticky":false,"template":"","format":"standard","meta":{"spay_email":"","jetpack_publicize_message":"","jetpack_is_tweetstorm":false,"jetpack_publicize_feature_enabled":true},"categories":[1,12],"tags":[],"jetpack_publicize_connections":[],"yoast_head":"<!-- This site is optimized with the Yoast SEO plugin v19.1 - https:\/\/yoast.com\/wordpress\/plugins\/seo\/ -->\n<title>Aksident i rend ne bulevardin Teuta - Lajme nga Ulqini<\/title>\n<meta name=\"description\" content=\"Gjith\u00e7ka ndodhi kur nj\u00eb person ka humbur drejtimin e automjetit t\u00eb tipit BMW dhe ka goditur nj\u00eb shtyll\u00eb ndri\u00e7imi n\u00eb bulevardin &#039;&#039;Teuta&#039;&#039;. Nj\u00eb aksident\" \/>\n<meta name=\"robots\" content=\"index, follow, max-snippet:-1, max-image-preview:large, max-video-preview:-1\" \/>\n<link rel=\"canonical\" href=\"https:\/\/www.visit-ulcinj.com\/blog\/2013\/05\/26\/aksident-i-rend-ne-bulevardin-teuta\/\" \/>\n<meta property=\"og:locale\" content=\"en_US\" \/>\n<meta property=\"og:type\" content=\"article\" \/>\n<meta property=\"og:title\" content=\"Aksident i rend ne bulevardin Teuta - Lajme nga Ulqini\" \/>\n<meta property=\"og:description\" content=\"Gjith\u00e7ka ndodhi kur nj\u00eb person ka humbur drejtimin e automjetit t\u00eb tipit BMW dhe ka goditur nj\u00eb shtyll\u00eb ndri\u00e7imi n\u00eb bulevardin &#039;&#039;Teuta&#039;&#039;. Nj\u00eb aksident\" \/>\n<meta property=\"og:url\" content=\"https:\/\/www.visit-ulcinj.com\/blog\/2013\/05\/26\/aksident-i-rend-ne-bulevardin-teuta\/\" \/>\n<meta property=\"og:site_name\" content=\"Lajme nga Ulqini\" \/>\n<meta property=\"article:published_time\" content=\"2013-05-26T06:53:53+00:00\" \/>\n<meta property=\"article:modified_time\" content=\"2013-05-26T17:19:29+00:00\" \/>\n<meta property=\"og:image\" content=\"http:\/\/www.visit-ulcinj.com\/blog\/wp-content\/uploads\/2013\/05\/sabracajni-udes-na-bulevaru-teuta.jpg\" \/>\n<meta name=\"twitter:label1\" content=\"Written by\" \/>\n\t<meta name=\"twitter:data1\" content=\"ulqini\" \/>\n\t<meta name=\"twitter:label2\" content=\"Est. reading time\" \/>\n\t<meta name=\"twitter:data2\" content=\"1 minute\" \/>\n<script type=\"application\/ld+json\" class=\"yoast-schema-graph\">{\"@context\":\"https:\/\/schema.org\",\"@graph\":[{\"@type\":\"WebSite\",\"@id\":\"https:\/\/www.visit-ulcinj.com\/blog\/#website\",\"url\":\"https:\/\/www.visit-ulcinj.com\/blog\/\",\"name\":\"Lajme nga Ulqini\",\"description\":\"Lajme,Vijesti,Ulqini,Ulqin,Crna Gora,Mali i Zi\",\"potentialAction\":[{\"@type\":\"SearchAction\",\"target\":{\"@type\":\"EntryPoint\",\"urlTemplate\":\"https:\/\/www.visit-ulcinj.com\/blog\/?s={search_term_string}\"},\"query-input\":\"required name=search_term_string\"}],\"inLanguage\":\"en-US\"},{\"@type\":\"ImageObject\",\"inLanguage\":\"en-US\",\"@id\":\"https:\/\/www.visit-ulcinj.com\/blog\/2013\/05\/26\/aksident-i-rend-ne-bulevardin-teuta\/#primaryimage\",\"url\":\"https:\/\/www.visit-ulcinj.com\/blog\/wp-content\/uploads\/2013\/05\/sabracajni-udes-na-bulevaru-teuta.jpg\",\"contentUrl\":\"https:\/\/www.visit-ulcinj.com\/blog\/wp-content\/uploads\/2013\/05\/sabracajni-udes-na-bulevaru-teuta.jpg\",\"width\":900,\"height\":602},{\"@type\":\"WebPage\",\"@id\":\"https:\/\/www.visit-ulcinj.com\/blog\/2013\/05\/26\/aksident-i-rend-ne-bulevardin-teuta\/#webpage\",\"url\":\"https:\/\/www.visit-ulcinj.com\/blog\/2013\/05\/26\/aksident-i-rend-ne-bulevardin-teuta\/\",\"name\":\"Aksident i rend ne bulevardin Teuta - Lajme nga Ulqini\",\"isPartOf\":{\"@id\":\"https:\/\/www.visit-ulcinj.com\/blog\/#website\"},\"primaryImageOfPage\":{\"@id\":\"https:\/\/www.visit-ulcinj.com\/blog\/2013\/05\/26\/aksident-i-rend-ne-bulevardin-teuta\/#primaryimage\"},\"datePublished\":\"2013-05-26T06:53:53+00:00\",\"dateModified\":\"2013-05-26T17:19:29+00:00\",\"author\":{\"@id\":\"https:\/\/www.visit-ulcinj.com\/blog\/#\/schema\/person\/dcab619c614d3038751c63bc2aadc06d\"},\"description\":\"Gjith\u00e7ka ndodhi kur nj\u00eb person ka humbur drejtimin e automjetit t\u00eb tipit BMW dhe ka goditur nj\u00eb shtyll\u00eb ndri\u00e7imi n\u00eb bulevardin ''Teuta''. Nj\u00eb aksident\",\"breadcrumb\":{\"@id\":\"https:\/\/www.visit-ulcinj.com\/blog\/2013\/05\/26\/aksident-i-rend-ne-bulevardin-teuta\/#breadcrumb\"},\"inLanguage\":\"en-US\",\"potentialAction\":[{\"@type\":\"ReadAction\",\"target\":[\"https:\/\/www.visit-ulcinj.com\/blog\/2013\/05\/26\/aksident-i-rend-ne-bulevardin-teuta\/\"]}]},{\"@type\":\"BreadcrumbList\",\"@id\":\"https:\/\/www.visit-ulcinj.com\/blog\/2013\/05\/26\/aksident-i-rend-ne-bulevardin-teuta\/#breadcrumb\",\"itemListElement\":[{\"@type\":\"ListItem\",\"position\":1,\"name\":\"Aksident i rend ne bulevardin Teuta\"}]},{\"@type\":\"Person\",\"@id\":\"https:\/\/www.visit-ulcinj.com\/blog\/#\/schema\/person\/dcab619c614d3038751c63bc2aadc06d\",\"name\":\"ulqini\",\"sameAs\":[\"http:\/\/www.visit-ulcinj.com\"],\"url\":\"https:\/\/www.visit-ulcinj.com\/blog\/author\/admin\/\"}]}<\/script>\n<!-- \/ Yoast SEO plugin. -->","yoast_head_json":{"title":"Aksident i rend ne bulevardin Teuta - Lajme nga Ulqini","description":"Gjith\u00e7ka ndodhi kur nj\u00eb person ka humbur drejtimin e automjetit t\u00eb tipit BMW dhe ka goditur nj\u00eb shtyll\u00eb ndri\u00e7imi n\u00eb bulevardin ''Teuta''. Nj\u00eb aksident","robots":{"index":"index","follow":"follow","max-snippet":"max-snippet:-1","max-image-preview":"max-image-preview:large","max-video-preview":"max-video-preview:-1"},"canonical":"https:\/\/www.visit-ulcinj.com\/blog\/2013\/05\/26\/aksident-i-rend-ne-bulevardin-teuta\/","og_locale":"en_US","og_type":"article","og_title":"Aksident i rend ne bulevardin Teuta - Lajme nga Ulqini","og_description":"Gjith\u00e7ka ndodhi kur nj\u00eb person ka humbur drejtimin e automjetit t\u00eb tipit BMW dhe ka goditur nj\u00eb shtyll\u00eb ndri\u00e7imi n\u00eb bulevardin ''Teuta''. Nj\u00eb aksident","og_url":"https:\/\/www.visit-ulcinj.com\/blog\/2013\/05\/26\/aksident-i-rend-ne-bulevardin-teuta\/","og_site_name":"Lajme nga Ulqini","article_published_time":"2013-05-26T06:53:53+00:00","article_modified_time":"2013-05-26T17:19:29+00:00","og_image":[{"url":"http:\/\/www.visit-ulcinj.com\/blog\/wp-content\/uploads\/2013\/05\/sabracajni-udes-na-bulevaru-teuta.jpg"}],"twitter_misc":{"Written by":"ulqini","Est. reading time":"1 minute"},"schema":{"@context":"https:\/\/schema.org","@graph":[{"@type":"WebSite","@id":"https:\/\/www.visit-ulcinj.com\/blog\/#website","url":"https:\/\/www.visit-ulcinj.com\/blog\/","name":"Lajme nga Ulqini","description":"Lajme,Vijesti,Ulqini,Ulqin,Crna Gora,Mali i Zi","potentialAction":[{"@type":"SearchAction","target":{"@type":"EntryPoint","urlTemplate":"https:\/\/www.visit-ulcinj.com\/blog\/?s={search_term_string}"},"query-input":"required name=search_term_string"}],"inLanguage":"en-US"},{"@type":"ImageObject","inLanguage":"en-US","@id":"https:\/\/www.visit-ulcinj.com\/blog\/2013\/05\/26\/aksident-i-rend-ne-bulevardin-teuta\/#primaryimage","url":"https:\/\/www.visit-ulcinj.com\/blog\/wp-content\/uploads\/2013\/05\/sabracajni-udes-na-bulevaru-teuta.jpg","contentUrl":"https:\/\/www.visit-ulcinj.com\/blog\/wp-content\/uploads\/2013\/05\/sabracajni-udes-na-bulevaru-teuta.jpg","width":900,"height":602},{"@type":"WebPage","@id":"https:\/\/www.visit-ulcinj.com\/blog\/2013\/05\/26\/aksident-i-rend-ne-bulevardin-teuta\/#webpage","url":"https:\/\/www.visit-ulcinj.com\/blog\/2013\/05\/26\/aksident-i-rend-ne-bulevardin-teuta\/","name":"Aksident i rend ne bulevardin Teuta - Lajme nga Ulqini","isPartOf":{"@id":"https:\/\/www.visit-ulcinj.com\/blog\/#website"},"primaryImageOfPage":{"@id":"https:\/\/www.visit-ulcinj.com\/blog\/2013\/05\/26\/aksident-i-rend-ne-bulevardin-teuta\/#primaryimage"},"datePublished":"2013-05-26T06:53:53+00:00","dateModified":"2013-05-26T17:19:29+00:00","author":{"@id":"https:\/\/www.visit-ulcinj.com\/blog\/#\/schema\/person\/dcab619c614d3038751c63bc2aadc06d"},"description":"Gjith\u00e7ka ndodhi kur nj\u00eb person ka humbur drejtimin e automjetit t\u00eb tipit BMW dhe ka goditur nj\u00eb shtyll\u00eb ndri\u00e7imi n\u00eb bulevardin ''Teuta''. Nj\u00eb aksident","breadcrumb":{"@id":"https:\/\/www.visit-ulcinj.com\/blog\/2013\/05\/26\/aksident-i-rend-ne-bulevardin-teuta\/#breadcrumb"},"inLanguage":"en-US","potentialAction":[{"@type":"ReadAction","target":["https:\/\/www.visit-ulcinj.com\/blog\/2013\/05\/26\/aksident-i-rend-ne-bulevardin-teuta\/"]}]},{"@type":"BreadcrumbList","@id":"https:\/\/www.visit-ulcinj.com\/blog\/2013\/05\/26\/aksident-i-rend-ne-bulevardin-teuta\/#breadcrumb","itemListElement":[{"@type":"ListItem","position":1,"name":"Aksident i rend ne bulevardin Teuta"}]},{"@type":"Person","@id":"https:\/\/www.visit-ulcinj.com\/blog\/#\/schema\/person\/dcab619c614d3038751c63bc2aadc06d","name":"ulqini","sameAs":["http:\/\/www.visit-ulcinj.com"],"url":"https:\/\/www.visit-ulcinj.com\/blog\/author\/admin\/"}]}},"jetpack_featured_media_url":"","jetpack_sharing_enabled":true,"jetpack_shortlink":"https:\/\/wp.me\/pe6lTn-iEb","_links":{"self":[{"href":"https:\/\/www.visit-ulcinj.com\/blog\/wp-json\/wp\/v2\/posts\/71683"}],"collection":[{"href":"https:\/\/www.visit-ulcinj.com\/blog\/wp-json\/wp\/v2\/posts"}],"about":[{"href":"https:\/\/www.visit-ulcinj.com\/blog\/wp-json\/wp\/v2\/types\/post"}],"author":[{"embeddable":true,"href":"https:\/\/www.visit-ulcinj.com\/blog\/wp-json\/wp\/v2\/users\/1"}],"replies":[{"embeddable":true,"href":"https:\/\/www.visit-ulcinj.com\/blog\/wp-json\/wp\/v2\/comments?post=71683"}],"version-history":[{"count":7,"href":"https:\/\/www.visit-ulcinj.com\/blog\/wp-json\/wp\/v2\/posts\/71683\/revisions"}],"predecessor-version":[{"id":71787,"href":"https:\/\/www.visit-ulcinj.com\/blog\/wp-json\/wp\/v2\/posts\/71683\/revisions\/71787"}],"wp:attachment":[{"href":"https:\/\/www.visit-ulcinj.com\/blog\/wp-json\/wp\/v2\/media?parent=71683"}],"wp:term":[{"taxonomy":"category","embeddable":true,"href":"https:\/\/www.visit-ulcinj.com\/blog\/wp-json\/wp\/v2\/categories?post=71683"},{"taxonomy":"post_tag","embeddable":true,"href":"https:\/\/www.visit-ulcinj.com\/blog\/wp-json\/wp\/v2\/tags?post=71683"}],"curies":[{"name":"wp","href":"https:\/\/api.w.org\/{rel}","templated":true}]}}