{"id":71694,"date":"2013-05-26T15:11:33","date_gmt":"2013-05-26T14:11:33","guid":{"rendered":"http:\/\/www.visit-ulcinj.com\/blog\/?p=71694"},"modified":"2013-05-26T22:05:09","modified_gmt":"2013-05-26T21:05:09","slug":"ulqini-ne-uje-turistet-notojn-ne-rruget-e-ulqinit-video","status":"publish","type":"post","link":"https:\/\/www.visit-ulcinj.com\/blog\/2013\/05\/26\/ulqini-ne-uje-turistet-notojn-ne-rruget-e-ulqinit-video\/","title":{"rendered":"Ulqini ne uje, turistet notojn ne rruget e Ulqinit &#8211; Video"},"content":{"rendered":"<p><a href=\"http:\/\/www.visit-ulcinj.com\/blog\/wp-content\/uploads\/2013\/05\/Ulqini-ne-uje-turistet-notojn-ne-rruget-e-Ulqinit.1.jpg\"><img loading=\"lazy\" class=\"alignleft  wp-image-71695\" alt=\"Ulqini ne uje, turistet notojn ne rruget e Ulqinit.1\" src=\"http:\/\/www.visit-ulcinj.com\/blog\/wp-content\/uploads\/2013\/05\/Ulqini-ne-uje-turistet-notojn-ne-rruget-e-Ulqinit.1.jpg\" width=\"508\" height=\"380\" \/><\/a>Duke ndjekur fenomenet e Ulqinit, ka edhe \u00e7udira nga Ulqini, mbasi reshjet e shiut dhe era e forte ka shkaktuar probleme ne rrug\u00ebt e Ulqinit, turistet krijuan surprize duke notuar n\u00eb rrugen e ran\u00ebs pran shikimit t\u00eb shumt\u00eb t\u00eb musafir\u00ebve q\u00eb gjindeshin n\u00eb lokalet e ran\u00ebs.<\/p>\n<p>Por dy- tre vitet e fundit, ulqinak\u00ebt jo vet\u00ebm jan\u00eb lagur, por edhe jan\u00eb p\u00ebrmbytur. Pamvarsisht investimeve te realizuara ne komunen e Ulqinit edhe keto dit\u00eb pranvere permbytjet nga disa centimetra shi do te jen te pa shmangshme. Kan mjaftuar pak centimetra shi qe sot\u00eb ne lagjet kryesore te qytetit te permbyten nga uji dhe t\u00eb notojn njerzit n\u00eb t\u00eb.<\/p>\n<p>Kjo vlen p\u00ebr komun\u00ebn e Ulqinit q\u00eb t\u00eb bej\u00eb publicitet pa pare dhe t\u00eb hyj\u00eb n\u00eb librin Gines t\u00eb rekordeve p\u00ebr \u00e7udirat e bot\u00ebs.<\/p>\n<p><strong>Shiko Videon nga plazhi i vog\u00ebn n\u00eb uj\u00eb duke notuar&#8230;..<\/strong><br \/>\n<iframe loading=\"lazy\" src=\"https:\/\/www.facebook.com\/video\/embed?video_id=10152889464225473\" height=\"600\" width=\"508\" frameborder=\"0\"><\/iframe><\/p>\n<p><a href=\"http:\/\/www.visit-ulcinj.com\/blog\/wp-content\/uploads\/2013\/05\/Ulqini-ne-uje-turistet-notojn-ne-rruget-e-Ulqinit.2.jpg\"><img loading=\"lazy\" class=\"alignleft  wp-image-71696\" alt=\"Ulqini ne uje, turistet notojn ne rruget e Ulqinit.2\" src=\"http:\/\/www.visit-ulcinj.com\/blog\/wp-content\/uploads\/2013\/05\/Ulqini-ne-uje-turistet-notojn-ne-rruget-e-Ulqinit.2.jpg\" width=\"508\" height=\"380\" srcset=\"https:\/\/www.visit-ulcinj.com\/blog\/wp-content\/uploads\/2013\/05\/Ulqini-ne-uje-turistet-notojn-ne-rruget-e-Ulqinit.2.jpg 960w, https:\/\/www.visit-ulcinj.com\/blog\/wp-content\/uploads\/2013\/05\/Ulqini-ne-uje-turistet-notojn-ne-rruget-e-Ulqinit.2-300x225.jpg 300w\" sizes=\"(max-width: 508px) 100vw, 508px\" \/><\/a><\/p>\n<p><a href=\"http:\/\/www.visit-ulcinj.com\/blog\/wp-content\/uploads\/2013\/05\/Ulqini-ne-uje-turistet-notojn-ne-rruget-e-Ulqinit.jpg\"><img loading=\"lazy\" class=\"alignleft size-full wp-image-71697\" alt=\"Ulqini ne uje, turistet notojn ne rruget e Ulqinit\" src=\"http:\/\/www.visit-ulcinj.com\/blog\/wp-content\/uploads\/2013\/05\/Ulqini-ne-uje-turistet-notojn-ne-rruget-e-Ulqinit.jpg\" width=\"508\" height=\"370\" \/><\/a><\/p>\n<p><a href=\"http:\/\/www.visit-ulcinj.com\/blog\/wp-content\/uploads\/2013\/05\/Ulqini-ne-uje-turistet-notojn-ne-rruget-e-Ulqinit.3.jpg\"><img loading=\"lazy\" class=\"alignleft size-full wp-image-71698\" alt=\"Ulqini ne uje, turistet notojn ne rruget e Ulqinit.3\" src=\"http:\/\/www.visit-ulcinj.com\/blog\/wp-content\/uploads\/2013\/05\/Ulqini-ne-uje-turistet-notojn-ne-rruget-e-Ulqinit.3.jpg\" width=\"508\" height=\"380\" srcset=\"https:\/\/www.visit-ulcinj.com\/blog\/wp-content\/uploads\/2013\/05\/Ulqini-ne-uje-turistet-notojn-ne-rruget-e-Ulqinit.3.jpg 640w, https:\/\/www.visit-ulcinj.com\/blog\/wp-content\/uploads\/2013\/05\/Ulqini-ne-uje-turistet-notojn-ne-rruget-e-Ulqinit.3-300x225.jpg 300w\" sizes=\"(max-width: 508px) 100vw, 508px\" \/><\/a><\/p>\n<p><a href=\"http:\/\/www.visit-ulcinj.com\/blog\/wp-content\/uploads\/2013\/05\/moti-ne-ulqin.jpg\"><img loading=\"lazy\" class=\"alignleft size-full wp-image-71699\" alt=\"moti ne ulqin\" src=\"http:\/\/www.visit-ulcinj.com\/blog\/wp-content\/uploads\/2013\/05\/moti-ne-ulqin.jpg\" width=\"508\" height=\"370\" \/><\/a><\/p>\n<p><strong> Gili &amp; Astrit Mulaj n\u00eb Ulqin &#8211; Shpejt Festove<\/strong><br \/>\n<iframe loading=\"lazy\" src=\"http:\/\/www.youtube.com\/embed\/6lA9rLMi_P0\" height=\"360\" width=\"508\" allowfullscreen=\"\" frameborder=\"0\"><\/iframe><\/p>\n","protected":false},"excerpt":{"rendered":"<p>Duke ndjekur fenomenet e Ulqinit, ka edhe \u00e7udira nga Ulqini, mbasi reshjet e shiut dhe era e forte ka shkaktuar probleme ne rrug\u00ebt e Ulqinit, turistet krijuan surprize duke notuar n\u00eb rrugen e ran\u00ebs pran shikimit t\u00eb shumt\u00eb t\u00eb musafir\u00ebve q\u00eb gjindeshin n\u00eb lokalet e ran\u00ebs. Por dy- tre vitet e fundit, ulqinak\u00ebt jo vet\u00ebm [&hellip;]<\/p>\n","protected":false},"author":1,"featured_media":0,"comment_status":"open","ping_status":"closed","sticky":false,"template":"","format":"standard","meta":{"spay_email":"","jetpack_publicize_message":"","jetpack_is_tweetstorm":false,"jetpack_publicize_feature_enabled":true},"categories":[1,15],"tags":[],"jetpack_publicize_connections":[],"yoast_head":"<!-- This site is optimized with the Yoast SEO plugin v19.1 - https:\/\/yoast.com\/wordpress\/plugins\/seo\/ -->\n<title>Ulqini ne uje, turistet notojn ne rruget e Ulqinit - Video - Lajme nga Ulqini<\/title>\n<meta name=\"description\" content=\"Duke ndjekur fenomenet e Ulqinit, ka edhe \u00e7udira nga Ulqini, mbasi reshjet e shiut dhe era e forte ka shkaktuar probleme ne rrug\u00ebt e Ulqinit, turistet\" \/>\n<meta name=\"robots\" content=\"index, follow, max-snippet:-1, max-image-preview:large, max-video-preview:-1\" \/>\n<link rel=\"canonical\" href=\"https:\/\/www.visit-ulcinj.com\/blog\/2013\/05\/26\/ulqini-ne-uje-turistet-notojn-ne-rruget-e-ulqinit-video\/\" \/>\n<meta property=\"og:locale\" content=\"en_US\" \/>\n<meta property=\"og:type\" content=\"article\" \/>\n<meta property=\"og:title\" content=\"Ulqini ne uje, turistet notojn ne rruget e Ulqinit - Video - Lajme nga Ulqini\" \/>\n<meta property=\"og:description\" content=\"Duke ndjekur fenomenet e Ulqinit, ka edhe \u00e7udira nga Ulqini, mbasi reshjet e shiut dhe era e forte ka shkaktuar probleme ne rrug\u00ebt e Ulqinit, turistet\" \/>\n<meta property=\"og:url\" content=\"https:\/\/www.visit-ulcinj.com\/blog\/2013\/05\/26\/ulqini-ne-uje-turistet-notojn-ne-rruget-e-ulqinit-video\/\" \/>\n<meta property=\"og:site_name\" content=\"Lajme nga Ulqini\" \/>\n<meta property=\"article:published_time\" content=\"2013-05-26T14:11:33+00:00\" \/>\n<meta property=\"article:modified_time\" content=\"2013-05-26T21:05:09+00:00\" \/>\n<meta property=\"og:image\" content=\"http:\/\/www.visit-ulcinj.com\/blog\/wp-content\/uploads\/2013\/05\/Ulqini-ne-uje-turistet-notojn-ne-rruget-e-Ulqinit.1.jpg\" \/>\n<meta name=\"twitter:label1\" content=\"Written by\" \/>\n\t<meta name=\"twitter:data1\" content=\"ulqini\" \/>\n\t<meta name=\"twitter:label2\" content=\"Est. reading time\" \/>\n\t<meta name=\"twitter:data2\" content=\"1 minute\" \/>\n<script type=\"application\/ld+json\" class=\"yoast-schema-graph\">{\"@context\":\"https:\/\/schema.org\",\"@graph\":[{\"@type\":\"WebSite\",\"@id\":\"https:\/\/www.visit-ulcinj.com\/blog\/#website\",\"url\":\"https:\/\/www.visit-ulcinj.com\/blog\/\",\"name\":\"Lajme nga Ulqini\",\"description\":\"Lajme,Vijesti,Ulqini,Ulqin,Crna Gora,Mali i Zi\",\"potentialAction\":[{\"@type\":\"SearchAction\",\"target\":{\"@type\":\"EntryPoint\",\"urlTemplate\":\"https:\/\/www.visit-ulcinj.com\/blog\/?s={search_term_string}\"},\"query-input\":\"required name=search_term_string\"}],\"inLanguage\":\"en-US\"},{\"@type\":\"ImageObject\",\"inLanguage\":\"en-US\",\"@id\":\"https:\/\/www.visit-ulcinj.com\/blog\/2013\/05\/26\/ulqini-ne-uje-turistet-notojn-ne-rruget-e-ulqinit-video\/#primaryimage\",\"url\":\"https:\/\/www.visit-ulcinj.com\/blog\/wp-content\/uploads\/2013\/05\/Ulqini-ne-uje-turistet-notojn-ne-rruget-e-Ulqinit.1.jpg\",\"contentUrl\":\"https:\/\/www.visit-ulcinj.com\/blog\/wp-content\/uploads\/2013\/05\/Ulqini-ne-uje-turistet-notojn-ne-rruget-e-Ulqinit.1.jpg\",\"width\":612,\"height\":612},{\"@type\":\"WebPage\",\"@id\":\"https:\/\/www.visit-ulcinj.com\/blog\/2013\/05\/26\/ulqini-ne-uje-turistet-notojn-ne-rruget-e-ulqinit-video\/#webpage\",\"url\":\"https:\/\/www.visit-ulcinj.com\/blog\/2013\/05\/26\/ulqini-ne-uje-turistet-notojn-ne-rruget-e-ulqinit-video\/\",\"name\":\"Ulqini ne uje, turistet notojn ne rruget e Ulqinit - Video - Lajme nga Ulqini\",\"isPartOf\":{\"@id\":\"https:\/\/www.visit-ulcinj.com\/blog\/#website\"},\"primaryImageOfPage\":{\"@id\":\"https:\/\/www.visit-ulcinj.com\/blog\/2013\/05\/26\/ulqini-ne-uje-turistet-notojn-ne-rruget-e-ulqinit-video\/#primaryimage\"},\"datePublished\":\"2013-05-26T14:11:33+00:00\",\"dateModified\":\"2013-05-26T21:05:09+00:00\",\"author\":{\"@id\":\"https:\/\/www.visit-ulcinj.com\/blog\/#\/schema\/person\/dcab619c614d3038751c63bc2aadc06d\"},\"description\":\"Duke ndjekur fenomenet e Ulqinit, ka edhe \u00e7udira nga Ulqini, mbasi reshjet e shiut dhe era e forte ka shkaktuar probleme ne rrug\u00ebt e Ulqinit, turistet\",\"breadcrumb\":{\"@id\":\"https:\/\/www.visit-ulcinj.com\/blog\/2013\/05\/26\/ulqini-ne-uje-turistet-notojn-ne-rruget-e-ulqinit-video\/#breadcrumb\"},\"inLanguage\":\"en-US\",\"potentialAction\":[{\"@type\":\"ReadAction\",\"target\":[\"https:\/\/www.visit-ulcinj.com\/blog\/2013\/05\/26\/ulqini-ne-uje-turistet-notojn-ne-rruget-e-ulqinit-video\/\"]}]},{\"@type\":\"BreadcrumbList\",\"@id\":\"https:\/\/www.visit-ulcinj.com\/blog\/2013\/05\/26\/ulqini-ne-uje-turistet-notojn-ne-rruget-e-ulqinit-video\/#breadcrumb\",\"itemListElement\":[{\"@type\":\"ListItem\",\"position\":1,\"name\":\"Ulqini ne uje, turistet notojn ne rruget e Ulqinit &#8211; Video\"}]},{\"@type\":\"Person\",\"@id\":\"https:\/\/www.visit-ulcinj.com\/blog\/#\/schema\/person\/dcab619c614d3038751c63bc2aadc06d\",\"name\":\"ulqini\",\"sameAs\":[\"http:\/\/www.visit-ulcinj.com\"],\"url\":\"https:\/\/www.visit-ulcinj.com\/blog\/author\/admin\/\"}]}<\/script>\n<!-- \/ Yoast SEO plugin. -->","yoast_head_json":{"title":"Ulqini ne uje, turistet notojn ne rruget e Ulqinit - Video - Lajme nga Ulqini","description":"Duke ndjekur fenomenet e Ulqinit, ka edhe \u00e7udira nga Ulqini, mbasi reshjet e shiut dhe era e forte ka shkaktuar probleme ne rrug\u00ebt e Ulqinit, turistet","robots":{"index":"index","follow":"follow","max-snippet":"max-snippet:-1","max-image-preview":"max-image-preview:large","max-video-preview":"max-video-preview:-1"},"canonical":"https:\/\/www.visit-ulcinj.com\/blog\/2013\/05\/26\/ulqini-ne-uje-turistet-notojn-ne-rruget-e-ulqinit-video\/","og_locale":"en_US","og_type":"article","og_title":"Ulqini ne uje, turistet notojn ne rruget e Ulqinit - Video - Lajme nga Ulqini","og_description":"Duke ndjekur fenomenet e Ulqinit, ka edhe \u00e7udira nga Ulqini, mbasi reshjet e shiut dhe era e forte ka shkaktuar probleme ne rrug\u00ebt e Ulqinit, turistet","og_url":"https:\/\/www.visit-ulcinj.com\/blog\/2013\/05\/26\/ulqini-ne-uje-turistet-notojn-ne-rruget-e-ulqinit-video\/","og_site_name":"Lajme nga Ulqini","article_published_time":"2013-05-26T14:11:33+00:00","article_modified_time":"2013-05-26T21:05:09+00:00","og_image":[{"url":"http:\/\/www.visit-ulcinj.com\/blog\/wp-content\/uploads\/2013\/05\/Ulqini-ne-uje-turistet-notojn-ne-rruget-e-Ulqinit.1.jpg"}],"twitter_misc":{"Written by":"ulqini","Est. reading time":"1 minute"},"schema":{"@context":"https:\/\/schema.org","@graph":[{"@type":"WebSite","@id":"https:\/\/www.visit-ulcinj.com\/blog\/#website","url":"https:\/\/www.visit-ulcinj.com\/blog\/","name":"Lajme nga Ulqini","description":"Lajme,Vijesti,Ulqini,Ulqin,Crna Gora,Mali i Zi","potentialAction":[{"@type":"SearchAction","target":{"@type":"EntryPoint","urlTemplate":"https:\/\/www.visit-ulcinj.com\/blog\/?s={search_term_string}"},"query-input":"required name=search_term_string"}],"inLanguage":"en-US"},{"@type":"ImageObject","inLanguage":"en-US","@id":"https:\/\/www.visit-ulcinj.com\/blog\/2013\/05\/26\/ulqini-ne-uje-turistet-notojn-ne-rruget-e-ulqinit-video\/#primaryimage","url":"https:\/\/www.visit-ulcinj.com\/blog\/wp-content\/uploads\/2013\/05\/Ulqini-ne-uje-turistet-notojn-ne-rruget-e-Ulqinit.1.jpg","contentUrl":"https:\/\/www.visit-ulcinj.com\/blog\/wp-content\/uploads\/2013\/05\/Ulqini-ne-uje-turistet-notojn-ne-rruget-e-Ulqinit.1.jpg","width":612,"height":612},{"@type":"WebPage","@id":"https:\/\/www.visit-ulcinj.com\/blog\/2013\/05\/26\/ulqini-ne-uje-turistet-notojn-ne-rruget-e-ulqinit-video\/#webpage","url":"https:\/\/www.visit-ulcinj.com\/blog\/2013\/05\/26\/ulqini-ne-uje-turistet-notojn-ne-rruget-e-ulqinit-video\/","name":"Ulqini ne uje, turistet notojn ne rruget e Ulqinit - Video - Lajme nga Ulqini","isPartOf":{"@id":"https:\/\/www.visit-ulcinj.com\/blog\/#website"},"primaryImageOfPage":{"@id":"https:\/\/www.visit-ulcinj.com\/blog\/2013\/05\/26\/ulqini-ne-uje-turistet-notojn-ne-rruget-e-ulqinit-video\/#primaryimage"},"datePublished":"2013-05-26T14:11:33+00:00","dateModified":"2013-05-26T21:05:09+00:00","author":{"@id":"https:\/\/www.visit-ulcinj.com\/blog\/#\/schema\/person\/dcab619c614d3038751c63bc2aadc06d"},"description":"Duke ndjekur fenomenet e Ulqinit, ka edhe \u00e7udira nga Ulqini, mbasi reshjet e shiut dhe era e forte ka shkaktuar probleme ne rrug\u00ebt e Ulqinit, turistet","breadcrumb":{"@id":"https:\/\/www.visit-ulcinj.com\/blog\/2013\/05\/26\/ulqini-ne-uje-turistet-notojn-ne-rruget-e-ulqinit-video\/#breadcrumb"},"inLanguage":"en-US","potentialAction":[{"@type":"ReadAction","target":["https:\/\/www.visit-ulcinj.com\/blog\/2013\/05\/26\/ulqini-ne-uje-turistet-notojn-ne-rruget-e-ulqinit-video\/"]}]},{"@type":"BreadcrumbList","@id":"https:\/\/www.visit-ulcinj.com\/blog\/2013\/05\/26\/ulqini-ne-uje-turistet-notojn-ne-rruget-e-ulqinit-video\/#breadcrumb","itemListElement":[{"@type":"ListItem","position":1,"name":"Ulqini ne uje, turistet notojn ne rruget e Ulqinit &#8211; Video"}]},{"@type":"Person","@id":"https:\/\/www.visit-ulcinj.com\/blog\/#\/schema\/person\/dcab619c614d3038751c63bc2aadc06d","name":"ulqini","sameAs":["http:\/\/www.visit-ulcinj.com"],"url":"https:\/\/www.visit-ulcinj.com\/blog\/author\/admin\/"}]}},"jetpack_featured_media_url":"","jetpack_sharing_enabled":true,"jetpack_shortlink":"https:\/\/wp.me\/pe6lTn-iEm","_links":{"self":[{"href":"https:\/\/www.visit-ulcinj.com\/blog\/wp-json\/wp\/v2\/posts\/71694"}],"collection":[{"href":"https:\/\/www.visit-ulcinj.com\/blog\/wp-json\/wp\/v2\/posts"}],"about":[{"href":"https:\/\/www.visit-ulcinj.com\/blog\/wp-json\/wp\/v2\/types\/post"}],"author":[{"embeddable":true,"href":"https:\/\/www.visit-ulcinj.com\/blog\/wp-json\/wp\/v2\/users\/1"}],"replies":[{"embeddable":true,"href":"https:\/\/www.visit-ulcinj.com\/blog\/wp-json\/wp\/v2\/comments?post=71694"}],"version-history":[{"count":5,"href":"https:\/\/www.visit-ulcinj.com\/blog\/wp-json\/wp\/v2\/posts\/71694\/revisions"}],"predecessor-version":[{"id":71812,"href":"https:\/\/www.visit-ulcinj.com\/blog\/wp-json\/wp\/v2\/posts\/71694\/revisions\/71812"}],"wp:attachment":[{"href":"https:\/\/www.visit-ulcinj.com\/blog\/wp-json\/wp\/v2\/media?parent=71694"}],"wp:term":[{"taxonomy":"category","embeddable":true,"href":"https:\/\/www.visit-ulcinj.com\/blog\/wp-json\/wp\/v2\/categories?post=71694"},{"taxonomy":"post_tag","embeddable":true,"href":"https:\/\/www.visit-ulcinj.com\/blog\/wp-json\/wp\/v2\/tags?post=71694"}],"curies":[{"name":"wp","href":"https:\/\/api.w.org\/{rel}","templated":true}]}}