{"id":7172,"date":"2008-12-14T09:00:03","date_gmt":"2008-12-14T08:00:03","guid":{"rendered":"http:\/\/www.visit-ulcinj.com\/blog\/?p=7172"},"modified":"2008-12-14T09:00:03","modified_gmt":"2008-12-14T08:00:03","slug":"valtoni-nuk-e-kam-ditur-qe-kenga-ime-ishte-e-kopjuar","status":"publish","type":"post","link":"https:\/\/www.visit-ulcinj.com\/blog\/2008\/12\/14\/valtoni-nuk-e-kam-ditur-qe-kenga-ime-ishte-e-kopjuar\/","title":{"rendered":"Valtoni: Nuk e kam ditur q\u00eb k\u00ebnga ime ishte e kopjuar"},"content":{"rendered":"<p><a href=\"http:\/\/www.visit-ulcinj.com\/blog\/wp-content\/uploads\/2008\/12\/valton-krasniqi.jpg\"><img loading=\"lazy\" class=\"alignleft size-medium wp-image-7173\" title=\"valton-krasniqi\" src=\"http:\/\/www.visit-ulcinj.com\/blog\/wp-content\/uploads\/2008\/12\/valton-krasniqi-300x200.jpg\" alt=\"\" width=\"390\" height=\"289\" \/><\/a><strong>Jonida Maliqi ka fituar \u00e7mimin e pare ne festivalin &#8220;K\u00ebnga Magjike&#8221;, me k\u00ebng\u00ebn &#8220;Nj\u00ebri nga ata\u201d, nd\u00ebrsa paraprakisht k\u00ebng\u00ebtari kosovar Valton Krasniqi ishte p\u00ebrjashtuar nga festivali pasi q\u00eb u njoftua nga revista &#8220;Albaniac&#8221; se k\u00ebnga tij &#8220;Syt\u00eb e tu s\u2019i mashtroj kurr\u00eb&#8221; \u00ebsht\u00eb identike me nj\u00eb k\u00ebng\u00eb gjermane. Nd\u00ebrsa vet\u00eb k\u00ebng\u00ebtari ka preferuar ta tregoj\u00eb versionin e tij gjat\u00eb nj\u00eb interviste p\u00ebr &#8220;Panorama Plus&#8221;.<\/strong><\/p>\n<p><strong>Valton u p\u00ebrjashtuat nga \u201cK\u00ebnga Magjike\u201d, pasi k\u00ebnga juaj \u201cSyt\u00eb e tu s\u2019i mashtroj kurr\u00eb\u201d u zbulua t\u00eb ishte e kopjuar. Si \u00ebsht\u00eb e v\u00ebrteta? <\/strong><\/p>\n<p>Nuk e kam ditur q\u00eb k\u00ebnga ime ishte e kopjuar, apo se kishte ngjashm\u00ebri me nj\u00eb tjet\u00ebr k\u00ebng\u00eb, deri nj\u00eb dit\u00eb para nat\u00ebs s\u00eb par\u00eb t\u00eb \u201cK\u00ebnga Magjike\u201d. Un\u00eb e prezantova pak jav\u00eb m\u00eb par\u00eb at\u00eb k\u00ebng\u00eb, dhe publiku m\u00eb priti mjaft mir\u00eb. <a href=\"http:\/\/www.visit-ulcinj.com\/blog\/wp-content\/uploads\/2008\/12\/valton-krasniqi1.jpg\"><img loading=\"lazy\" class=\"alignright size-medium wp-image-7174\" title=\"valton-krasniqi1\" src=\"http:\/\/www.visit-ulcinj.com\/blog\/wp-content\/uploads\/2008\/12\/valton-krasniqi1-200x300.jpg\" alt=\"\" width=\"200\" height=\"300\" \/><\/a><\/p>\n<p><strong>Kush \u00ebsht\u00eb kompozitori i k\u00ebng\u00ebs? <\/strong><\/p>\n<p>\u00cbsht\u00eb nj\u00eb djal\u00eb i ri q\u00eb jeton n\u00eb Zvic\u00ebr, shoku i v\u00ebllait tim, i cili ma fali at\u00eb kompozim. Ai ma d\u00ebrgoi t\u00eb punuar vet\u00ebm n\u00eb kitar\u00eb, q\u00eb un\u00eb m\u00eb pas e regjistrova si fillim n\u00eb studion e Ilir Toljat n\u00eb Kosov\u00eb. K\u00ebnga q\u00eb kam k\u00ebnduar \u00ebsht\u00eb n\u00eb dy versione, pasi nuk m\u00eb p\u00eblqeu miksimi i par\u00eb, dhe e punova edhe nj\u00ebher\u00eb vet\u00eb, version me t\u00eb cilin konkurrova n\u00eb Tiran\u00eb.<\/p>\n<p><strong>Keni kontaktuar me kompozitorin dhe \u00e7far\u00eb ju tha?<\/strong><\/p>\n<p><strong> <\/strong>Un\u00eb u ktheva n\u00eb Zvic\u00ebr me urgjenc\u00eb pasi kisha n\u00ebn\u00ebn s\u00ebmur\u00eb. M\u00eb njoftuan nga \u201cK\u00ebnga magjike\u201d se isha p\u00ebrjashtuar p\u00ebr k\u00ebt\u00eb arsye, e telefonova kompozitorin menj\u00ebher\u00eb, dhe m\u00eb tha se ai ishte frym\u00ebzuar nga nj\u00eb k\u00ebng\u00eb gjermane.<\/p>\n<p><strong>\u00c7far\u00eb k\u00ebnge \u00ebsht\u00eb ajo, dhe kush \u00ebsht\u00eb autori?<\/strong><\/p>\n<p>Krijim i nj\u00eb k\u00ebng\u00ebtari amator, q\u00eb jeton n\u00eb Gjermani, jo i famsh\u00ebm dhe q\u00eb quhet Piero. Nuk kam informacion m\u00eb tep\u00ebr pasi k\u00ebng\u00ebn ai e ka publikuar vet\u00ebm n\u00eb \u201cYoutube\u201d, n\u00eb gjermanisht me titullin \u201cDu bist mein leben\u201d.<\/p>\n<p><a href=\"http:\/\/www.visit-ulcinj.com\/blog\/wp-content\/uploads\/2008\/12\/valton-krasniqi2.jpg\"><img loading=\"lazy\" class=\"alignleft size-medium wp-image-7175\" title=\"valton-krasniqi2\" src=\"http:\/\/www.visit-ulcinj.com\/blog\/wp-content\/uploads\/2008\/12\/valton-krasniqi2-200x300.jpg\" alt=\"\" width=\"200\" height=\"300\" \/><\/a><strong>Sipas jush, sa ngjashm\u00ebri kan\u00eb dy k\u00ebng\u00ebt?<\/strong><\/p>\n<p>P\u00ebr mendimin tim, tani pasi e kam d\u00ebgjuar dhe variantin tjet\u00ebr them se kan\u00eb ngjashm\u00ebri vet\u00ebm n\u00eb refren. Muzika \u00ebsht\u00eb krejt di\u00e7ka tjet\u00ebr.<\/p>\n<p><strong>Si ndiheni tani, mendoni se ju d\u00ebmton n\u00eb karrier\u00ebn tuaj kjo q\u00eb ndodhi?<\/strong><\/p>\n<p>Jo n\u00ebse e shoh n\u00eb tjet\u00ebr aspekt, e marr pak me humor pasi jam i lumtur q\u00eb k\u00ebnga \u00ebsht\u00eb b\u00ebr\u00eb hit n\u00eb Kosov\u00eb, Maqedoni dhe Shqip\u00ebri. N\u00eb \u201cYoutube\u201d ka mbi 4556 komente t\u00eb mira p\u00ebr k\u00ebng\u00ebn. Pastaj un\u00eb nuk mund t\u2019i di t\u00eb gjitha k\u00ebng\u00ebt e bot\u00ebs.<\/p>\n<p><strong>N\u00ebse takoni kompozitorin gjerman, \u00e7far\u00eb do i thoni?<\/strong><\/p>\n<p>Do e komplimentoj shum\u00eb p\u00ebr k\u00ebng\u00ebn e bukur dhe q\u00eb m\u00eb p\u00eblqen, dhe pse jo t\u2019i k\u00ebrkoj bashk\u00ebpunim n\u00ebse mund t\u00eb realizoj ndonj\u00eb duet me t\u00eb. Besoj mund t\u00eb dal\u00eb nj\u00eb k\u00ebng\u00eb shum\u00eb interesante shqip-gjermanisht.<\/p>\n<p><strong>Ju kishit pretendime p\u00ebr \u00e7mim? <\/strong><\/p>\n<p>Po patjet\u00ebr, k\u00ebnga ime ishte e favorizuar p\u00ebr \u00e7mim, pasi nga informacionet q\u00eb kam pasur deri tani ka qen\u00eb nj\u00eb nga k\u00ebng\u00ebt m\u00eb t\u00eb p\u00eblqyera n\u00eb radiotshqiptare dhe maqedonase.<\/p>\n<p><strong>Me \u00e7far\u00eb jeni duke punuar tani?<\/strong><\/p>\n<p>Jam duke punuar p\u00ebr nj\u00eb klip surpriz\u00eb q\u00eb do ta publikoj n\u00eb dhjetor, pasi do dal duet. Por kaq mund t\u00eb them p\u00ebr momentin.<\/p>\n<p><strong>Panorama Plus<\/strong><\/p>\n<p><strong><\/strong><\/p>\n<!--YouTube Error: bad URL entered-->\n","protected":false},"excerpt":{"rendered":"<p>Jonida Maliqi ka fituar \u00e7mimin e pare ne festivalin &#8220;K\u00ebnga Magjike&#8221;, me k\u00ebng\u00ebn &#8220;Nj\u00ebri nga ata\u201d, nd\u00ebrsa paraprakisht k\u00ebng\u00ebtari kosovar Valton Krasniqi ishte p\u00ebrjashtuar nga festivali pasi q\u00eb u njoftua nga revista &#8220;Albaniac&#8221; se k\u00ebnga tij &#8220;Syt\u00eb e tu s\u2019i mashtroj kurr\u00eb&#8221; \u00ebsht\u00eb identike me nj\u00eb k\u00ebng\u00eb gjermane. Nd\u00ebrsa vet\u00eb k\u00ebng\u00ebtari ka preferuar ta tregoj\u00eb [&hellip;]<\/p>\n","protected":false},"author":1,"featured_media":0,"comment_status":"open","ping_status":"closed","sticky":false,"template":"","format":"standard","meta":{"spay_email":"","jetpack_publicize_message":"","jetpack_is_tweetstorm":false,"jetpack_publicize_feature_enabled":true},"categories":[1],"tags":[5211],"jetpack_publicize_connections":[],"yoast_head":"<!-- This site is optimized with the Yoast SEO plugin v19.1 - https:\/\/yoast.com\/wordpress\/plugins\/seo\/ -->\n<title>Valtoni: Nuk e kam ditur q\u00eb k\u00ebnga ime ishte e kopjuar - Lajme nga Ulqini<\/title>\n<meta name=\"description\" content=\"Jonida Maliqi ka fituar \u00e7mimin e pare ne festivalin &quot;K\u00ebnga Magjike&quot;, me k\u00ebng\u00ebn &quot;Nj\u00ebri nga ata\u201d, nd\u00ebrsa paraprakisht k\u00ebng\u00ebtari kosovar Valton Krasniqi\" \/>\n<meta name=\"robots\" content=\"index, follow, max-snippet:-1, max-image-preview:large, max-video-preview:-1\" \/>\n<link rel=\"canonical\" href=\"https:\/\/www.visit-ulcinj.com\/blog\/2008\/12\/14\/valtoni-nuk-e-kam-ditur-qe-kenga-ime-ishte-e-kopjuar\/\" \/>\n<meta property=\"og:locale\" content=\"en_US\" \/>\n<meta property=\"og:type\" content=\"article\" \/>\n<meta property=\"og:title\" content=\"Valtoni: Nuk e kam ditur q\u00eb k\u00ebnga ime ishte e kopjuar - Lajme nga Ulqini\" \/>\n<meta property=\"og:description\" content=\"Jonida Maliqi ka fituar \u00e7mimin e pare ne festivalin &quot;K\u00ebnga Magjike&quot;, me k\u00ebng\u00ebn &quot;Nj\u00ebri nga ata\u201d, nd\u00ebrsa paraprakisht k\u00ebng\u00ebtari kosovar Valton Krasniqi\" \/>\n<meta property=\"og:url\" content=\"https:\/\/www.visit-ulcinj.com\/blog\/2008\/12\/14\/valtoni-nuk-e-kam-ditur-qe-kenga-ime-ishte-e-kopjuar\/\" \/>\n<meta property=\"og:site_name\" content=\"Lajme nga Ulqini\" \/>\n<meta property=\"article:published_time\" content=\"2008-12-14T08:00:03+00:00\" \/>\n<meta property=\"og:image\" content=\"https:\/\/www.visit-ulcinj.com\/blog\/wp-content\/uploads\/2008\/12\/valton-krasniqi5-150x150.jpg\" \/>\n<meta name=\"twitter:label1\" content=\"Written by\" \/>\n\t<meta name=\"twitter:data1\" content=\"ulqini\" \/>\n\t<meta name=\"twitter:label2\" content=\"Est. reading time\" \/>\n\t<meta name=\"twitter:data2\" content=\"3 minutes\" \/>\n<script type=\"application\/ld+json\" class=\"yoast-schema-graph\">{\"@context\":\"https:\/\/schema.org\",\"@graph\":[{\"@type\":\"WebSite\",\"@id\":\"https:\/\/www.visit-ulcinj.com\/blog\/#website\",\"url\":\"https:\/\/www.visit-ulcinj.com\/blog\/\",\"name\":\"Lajme nga Ulqini\",\"description\":\"Lajme,Vijesti,Ulqini,Ulqin,Crna Gora,Mali i Zi\",\"potentialAction\":[{\"@type\":\"SearchAction\",\"target\":{\"@type\":\"EntryPoint\",\"urlTemplate\":\"https:\/\/www.visit-ulcinj.com\/blog\/?s={search_term_string}\"},\"query-input\":\"required name=search_term_string\"}],\"inLanguage\":\"en-US\"},{\"@type\":\"ImageObject\",\"inLanguage\":\"en-US\",\"@id\":\"https:\/\/www.visit-ulcinj.com\/blog\/2008\/12\/14\/valtoni-nuk-e-kam-ditur-qe-kenga-ime-ishte-e-kopjuar\/#primaryimage\",\"url\":\"http:\/\/www.visit-ulcinj.com\/blog\/wp-content\/uploads\/2008\/12\/valton-krasniqi-300x200.jpg\",\"contentUrl\":\"http:\/\/www.visit-ulcinj.com\/blog\/wp-content\/uploads\/2008\/12\/valton-krasniqi-300x200.jpg\"},{\"@type\":\"WebPage\",\"@id\":\"https:\/\/www.visit-ulcinj.com\/blog\/2008\/12\/14\/valtoni-nuk-e-kam-ditur-qe-kenga-ime-ishte-e-kopjuar\/#webpage\",\"url\":\"https:\/\/www.visit-ulcinj.com\/blog\/2008\/12\/14\/valtoni-nuk-e-kam-ditur-qe-kenga-ime-ishte-e-kopjuar\/\",\"name\":\"Valtoni: Nuk e kam ditur q\u00eb k\u00ebnga ime ishte e kopjuar - Lajme nga Ulqini\",\"isPartOf\":{\"@id\":\"https:\/\/www.visit-ulcinj.com\/blog\/#website\"},\"primaryImageOfPage\":{\"@id\":\"https:\/\/www.visit-ulcinj.com\/blog\/2008\/12\/14\/valtoni-nuk-e-kam-ditur-qe-kenga-ime-ishte-e-kopjuar\/#primaryimage\"},\"datePublished\":\"2008-12-14T08:00:03+00:00\",\"dateModified\":\"2008-12-14T08:00:03+00:00\",\"author\":{\"@id\":\"https:\/\/www.visit-ulcinj.com\/blog\/#\/schema\/person\/dcab619c614d3038751c63bc2aadc06d\"},\"description\":\"Jonida Maliqi ka fituar \u00e7mimin e pare ne festivalin \\\"K\u00ebnga Magjike\\\", me k\u00ebng\u00ebn \\\"Nj\u00ebri nga ata\u201d, nd\u00ebrsa paraprakisht k\u00ebng\u00ebtari kosovar Valton Krasniqi\",\"breadcrumb\":{\"@id\":\"https:\/\/www.visit-ulcinj.com\/blog\/2008\/12\/14\/valtoni-nuk-e-kam-ditur-qe-kenga-ime-ishte-e-kopjuar\/#breadcrumb\"},\"inLanguage\":\"en-US\",\"potentialAction\":[{\"@type\":\"ReadAction\",\"target\":[\"https:\/\/www.visit-ulcinj.com\/blog\/2008\/12\/14\/valtoni-nuk-e-kam-ditur-qe-kenga-ime-ishte-e-kopjuar\/\"]}]},{\"@type\":\"BreadcrumbList\",\"@id\":\"https:\/\/www.visit-ulcinj.com\/blog\/2008\/12\/14\/valtoni-nuk-e-kam-ditur-qe-kenga-ime-ishte-e-kopjuar\/#breadcrumb\",\"itemListElement\":[{\"@type\":\"ListItem\",\"position\":1,\"name\":\"Valtoni: Nuk e kam ditur q\u00eb k\u00ebnga ime ishte e kopjuar\"}]},{\"@type\":\"Person\",\"@id\":\"https:\/\/www.visit-ulcinj.com\/blog\/#\/schema\/person\/dcab619c614d3038751c63bc2aadc06d\",\"name\":\"ulqini\",\"sameAs\":[\"http:\/\/www.visit-ulcinj.com\"],\"url\":\"https:\/\/www.visit-ulcinj.com\/blog\/author\/admin\/\"}]}<\/script>\n<!-- \/ Yoast SEO plugin. -->","yoast_head_json":{"title":"Valtoni: Nuk e kam ditur q\u00eb k\u00ebnga ime ishte e kopjuar - Lajme nga Ulqini","description":"Jonida Maliqi ka fituar \u00e7mimin e pare ne festivalin \"K\u00ebnga Magjike\", me k\u00ebng\u00ebn \"Nj\u00ebri nga ata\u201d, nd\u00ebrsa paraprakisht k\u00ebng\u00ebtari kosovar Valton Krasniqi","robots":{"index":"index","follow":"follow","max-snippet":"max-snippet:-1","max-image-preview":"max-image-preview:large","max-video-preview":"max-video-preview:-1"},"canonical":"https:\/\/www.visit-ulcinj.com\/blog\/2008\/12\/14\/valtoni-nuk-e-kam-ditur-qe-kenga-ime-ishte-e-kopjuar\/","og_locale":"en_US","og_type":"article","og_title":"Valtoni: Nuk e kam ditur q\u00eb k\u00ebnga ime ishte e kopjuar - Lajme nga Ulqini","og_description":"Jonida Maliqi ka fituar \u00e7mimin e pare ne festivalin \"K\u00ebnga Magjike\", me k\u00ebng\u00ebn \"Nj\u00ebri nga ata\u201d, nd\u00ebrsa paraprakisht k\u00ebng\u00ebtari kosovar Valton Krasniqi","og_url":"https:\/\/www.visit-ulcinj.com\/blog\/2008\/12\/14\/valtoni-nuk-e-kam-ditur-qe-kenga-ime-ishte-e-kopjuar\/","og_site_name":"Lajme nga Ulqini","article_published_time":"2008-12-14T08:00:03+00:00","og_image":[{"url":"https:\/\/www.visit-ulcinj.com\/blog\/wp-content\/uploads\/2008\/12\/valton-krasniqi5-150x150.jpg"}],"twitter_misc":{"Written by":"ulqini","Est. reading time":"3 minutes"},"schema":{"@context":"https:\/\/schema.org","@graph":[{"@type":"WebSite","@id":"https:\/\/www.visit-ulcinj.com\/blog\/#website","url":"https:\/\/www.visit-ulcinj.com\/blog\/","name":"Lajme nga Ulqini","description":"Lajme,Vijesti,Ulqini,Ulqin,Crna Gora,Mali i Zi","potentialAction":[{"@type":"SearchAction","target":{"@type":"EntryPoint","urlTemplate":"https:\/\/www.visit-ulcinj.com\/blog\/?s={search_term_string}"},"query-input":"required name=search_term_string"}],"inLanguage":"en-US"},{"@type":"ImageObject","inLanguage":"en-US","@id":"https:\/\/www.visit-ulcinj.com\/blog\/2008\/12\/14\/valtoni-nuk-e-kam-ditur-qe-kenga-ime-ishte-e-kopjuar\/#primaryimage","url":"http:\/\/www.visit-ulcinj.com\/blog\/wp-content\/uploads\/2008\/12\/valton-krasniqi-300x200.jpg","contentUrl":"http:\/\/www.visit-ulcinj.com\/blog\/wp-content\/uploads\/2008\/12\/valton-krasniqi-300x200.jpg"},{"@type":"WebPage","@id":"https:\/\/www.visit-ulcinj.com\/blog\/2008\/12\/14\/valtoni-nuk-e-kam-ditur-qe-kenga-ime-ishte-e-kopjuar\/#webpage","url":"https:\/\/www.visit-ulcinj.com\/blog\/2008\/12\/14\/valtoni-nuk-e-kam-ditur-qe-kenga-ime-ishte-e-kopjuar\/","name":"Valtoni: Nuk e kam ditur q\u00eb k\u00ebnga ime ishte e kopjuar - Lajme nga Ulqini","isPartOf":{"@id":"https:\/\/www.visit-ulcinj.com\/blog\/#website"},"primaryImageOfPage":{"@id":"https:\/\/www.visit-ulcinj.com\/blog\/2008\/12\/14\/valtoni-nuk-e-kam-ditur-qe-kenga-ime-ishte-e-kopjuar\/#primaryimage"},"datePublished":"2008-12-14T08:00:03+00:00","dateModified":"2008-12-14T08:00:03+00:00","author":{"@id":"https:\/\/www.visit-ulcinj.com\/blog\/#\/schema\/person\/dcab619c614d3038751c63bc2aadc06d"},"description":"Jonida Maliqi ka fituar \u00e7mimin e pare ne festivalin \"K\u00ebnga Magjike\", me k\u00ebng\u00ebn \"Nj\u00ebri nga ata\u201d, nd\u00ebrsa paraprakisht k\u00ebng\u00ebtari kosovar Valton Krasniqi","breadcrumb":{"@id":"https:\/\/www.visit-ulcinj.com\/blog\/2008\/12\/14\/valtoni-nuk-e-kam-ditur-qe-kenga-ime-ishte-e-kopjuar\/#breadcrumb"},"inLanguage":"en-US","potentialAction":[{"@type":"ReadAction","target":["https:\/\/www.visit-ulcinj.com\/blog\/2008\/12\/14\/valtoni-nuk-e-kam-ditur-qe-kenga-ime-ishte-e-kopjuar\/"]}]},{"@type":"BreadcrumbList","@id":"https:\/\/www.visit-ulcinj.com\/blog\/2008\/12\/14\/valtoni-nuk-e-kam-ditur-qe-kenga-ime-ishte-e-kopjuar\/#breadcrumb","itemListElement":[{"@type":"ListItem","position":1,"name":"Valtoni: Nuk e kam ditur q\u00eb k\u00ebnga ime ishte e kopjuar"}]},{"@type":"Person","@id":"https:\/\/www.visit-ulcinj.com\/blog\/#\/schema\/person\/dcab619c614d3038751c63bc2aadc06d","name":"ulqini","sameAs":["http:\/\/www.visit-ulcinj.com"],"url":"https:\/\/www.visit-ulcinj.com\/blog\/author\/admin\/"}]}},"jetpack_featured_media_url":"","jetpack_sharing_enabled":true,"jetpack_shortlink":"https:\/\/wp.me\/pe6lTn-1RG","_links":{"self":[{"href":"https:\/\/www.visit-ulcinj.com\/blog\/wp-json\/wp\/v2\/posts\/7172"}],"collection":[{"href":"https:\/\/www.visit-ulcinj.com\/blog\/wp-json\/wp\/v2\/posts"}],"about":[{"href":"https:\/\/www.visit-ulcinj.com\/blog\/wp-json\/wp\/v2\/types\/post"}],"author":[{"embeddable":true,"href":"https:\/\/www.visit-ulcinj.com\/blog\/wp-json\/wp\/v2\/users\/1"}],"replies":[{"embeddable":true,"href":"https:\/\/www.visit-ulcinj.com\/blog\/wp-json\/wp\/v2\/comments?post=7172"}],"version-history":[{"count":0,"href":"https:\/\/www.visit-ulcinj.com\/blog\/wp-json\/wp\/v2\/posts\/7172\/revisions"}],"wp:attachment":[{"href":"https:\/\/www.visit-ulcinj.com\/blog\/wp-json\/wp\/v2\/media?parent=7172"}],"wp:term":[{"taxonomy":"category","embeddable":true,"href":"https:\/\/www.visit-ulcinj.com\/blog\/wp-json\/wp\/v2\/categories?post=7172"},{"taxonomy":"post_tag","embeddable":true,"href":"https:\/\/www.visit-ulcinj.com\/blog\/wp-json\/wp\/v2\/tags?post=7172"}],"curies":[{"name":"wp","href":"https:\/\/api.w.org\/{rel}","templated":true}]}}