{"id":71729,"date":"2013-05-26T16:31:49","date_gmt":"2013-05-26T15:31:49","guid":{"rendered":"http:\/\/www.visit-ulcinj.com\/blog\/?p=71729"},"modified":"2013-05-26T16:32:06","modified_gmt":"2013-05-26T15:32:06","slug":"fdi-martinaj-t-po-mbrojne-pronat-e-veta","status":"publish","type":"post","link":"https:\/\/www.visit-ulcinj.com\/blog\/2013\/05\/26\/fdi-martinaj-t-po-mbrojne-pronat-e-veta\/","title":{"rendered":"FDI: Martinaj-t po mbrojn\u00eb pronat e veta"},"content":{"rendered":"<p><a href=\"http:\/\/www.visit-ulcinj.com\/blog\/wp-content\/uploads\/2013\/05\/FDI-Reagon-ne-Arrestime-ne-fshatin-Martinaj.jpg\"><img loading=\"lazy\" class=\"alignleft  wp-image-71730\" alt=\"FDI Reagon  ne Arrestime-ne-fshatin-Martinaj\" src=\"http:\/\/www.visit-ulcinj.com\/blog\/wp-content\/uploads\/2013\/05\/FDI-Reagon-ne-Arrestime-ne-fshatin-Martinaj.jpg\" width=\"508\" height=\"360\" \/><\/a>FDI ka p\u00ebrcjell\u00eb me kujdes situat\u00ebn jo t\u00eb volitshme t\u00eb krijuar n\u00eb fshatin Martinaj t\u00eb Plav\u00eb e Gucis\u00eb. Burgosja e 22 shqiptar\u00ebve t\u00eb cil\u00ebt nuk b\u00ebnin asgj\u00eb tjet\u00ebr, p\u00ebrve\u00e7 mbrojtjes s\u00eb pronave t\u00eb tyre, \u00ebsht\u00eb p\u00ebrgjegj\u00ebsi e organeve shtet\u00ebrore dhe duhet nd\u00ebshkuar. Kjo situat\u00eb mund t\u00eb krijoj\u00eb destabilitet, p\u00ebr shkak t\u00eb burgosjes s\u00eb personave n\u00eb mosh\u00eb mbi 70 vje\u00e7 dhe f\u00ebmij\u00ebve t\u00eb cil\u00ebt ende nuk kan\u00eb zot\u00ebsi t\u00eb plot\u00eb juridike p\u00ebr t\u00eb vepruar t\u00eb cil\u00ebt jan\u00eb n\u00ebn mosh\u00ebn 18 vje\u00e7are.<br \/>\n\u00cbsht\u00eb m\u00eb se e dukshme q\u00eb tentativat laboratorike t\u00eb pushtetit shtet\u00ebrore, p\u00ebr t\u00eb destabilizuar shqiptar\u00ebt, si n\u00eb Mal\u00ebsi, poashtu edhe n\u00eb Pav\u00eb e Guci, jan\u00eb t\u00eb pandalshme dhe tep\u00ebr posht\u00ebruese. Dhuna e p\u00ebrdorur nga organet policore kund\u00ebr protestues\u00ebve paq\u00ebsor, duhet d\u00ebnuar nga organet kompetente. \u00cbsht\u00eb e pafalshme q\u00eb n\u00eb momentin e avancimit t\u00eb negociatave me Bashkimin Evropian, Mali i Zi ushtron dhun\u00eb ndaj qytetar\u00ebve t\u00eb vet\u00eb. Mbrojtja e pronave \u00ebsht\u00eb nj\u00eb dukuri jo e rradh\u00eb dhe e detyrueshme n\u00eb Mal t\u00eb Zi nga grupet etnike. Shteti tregon munges\u00eb t\u00eb instrumentave dhe kapaciteteve t\u00eb veta p\u00ebr mbrojtjen e pron\u00ebs private. Kjo sjell nd\u00ebrtim t\u00eb objekteve t\u00eb ndrysme n\u00eb prona t\u00eb pronar\u00ebve t\u00eb cil\u00ebt nuk jan\u00eb kompensuar as nuk kan\u00eb ndjekur rrug\u00ebn ligjore p\u00ebr shpron\u00ebsim.<br \/>\nFDI u b\u00ebn thirrje t\u00eb gjitha rrjeteve mediatike dhe elektronike t\u00eb cilat e kan\u00eb dh\u00ebn\u00eb k\u00ebt\u00eb lajm, q\u00eb t\u00eb ken\u00eb kujdes n\u00eb titujt q\u00eb i etiketojn\u00eb lajmit. Nuk \u00ebsht\u00eb e v\u00ebrtet\u00eb se fshati Martinaj kund\u00ebrshton nd\u00ebrtimin e \u201ckultit fetar\u201d, por e v\u00ebrteta q\u00ebndron q\u00eb Martinajt po mbrojn\u00eb pronat e tyre.<br \/>\nNe k\u00ebrkojm\u00eb q\u00eb situata t\u00eb tilla, t\u00eb infiltruara nga qasje t\u00eb zakonshme n\u00eb d\u00ebm t\u00eb shqiptar\u00ebve, duhet t\u00eb menaxhohen me gjakftoht\u00ebsi. FDI, pas shqyrtimit t\u00eb k\u00ebtyre situatave dhe mbledhjes s\u00eb jasht\u00ebzakonshme, del me k\u00ebto k\u00ebrkesa publike:<\/p>\n<p>1. K\u00ebrkojm\u00eb unifikimin e z\u00ebrit t\u00eb p\u00ebrfaq\u00ebsues\u00ebve politik p\u00ebr situat\u00ebn e krijuar n\u00eb Martinaj;<br \/>\n2. K\u00ebrkojm\u00eb q\u00eb t\u00eb nd\u00ebshkohen t\u00eb gjith\u00eb ushtruesit e detyr\u00ebs s\u00eb trupave policor\u00eb t\u00eb cil\u00ebt kan\u00eb ushtruar dhun\u00eb ndaj personave n\u00eb protest\u00eb paq\u00ebsore;<br \/>\n3. K\u00ebrkojm\u00eb q\u00eb organet kompetente t\u00eb mos ekzekutojn\u00eb sanskionet e v\u00ebna ndaj t\u00eb arrestuar\u00ebve (gjob\u00eb);<br \/>\n4. K\u00ebrkojm\u00eb q\u00eb Diaspora shqiptare n\u00ebp\u00ebr Bot\u00eb t\u00eb ngrej\u00eb z\u00ebrin p\u00ebr shqiptar\u00ebt n\u00eb Mal t\u00eb Zi;<br \/>\n5. K\u00ebrkojm\u00eb reagim zyrtar\u00eb t\u00eb Tiran\u00ebs dhe Prishtin\u00ebs, si dy nga q\u00ebndrat q\u00eb e kan\u00eb t\u00eb obliguesh\u00ebm prononcimin ndaj k\u00ebtyre fenomeneve q\u00eb d\u00ebmtojn\u00eb pozit\u00ebn e shqiptar\u00ebve n\u00eb Mal t\u00eb Zi.<\/p>\n<p>&nbsp;<\/p>\n<p><strong>Forumi Demokratik p\u00ebr Integrim<\/strong><\/p>\n","protected":false},"excerpt":{"rendered":"<p>FDI ka p\u00ebrcjell\u00eb me kujdes situat\u00ebn jo t\u00eb volitshme t\u00eb krijuar n\u00eb fshatin Martinaj t\u00eb Plav\u00eb e Gucis\u00eb. Burgosja e 22 shqiptar\u00ebve t\u00eb cil\u00ebt nuk b\u00ebnin asgj\u00eb tjet\u00ebr, p\u00ebrve\u00e7 mbrojtjes s\u00eb pronave t\u00eb tyre, \u00ebsht\u00eb p\u00ebrgjegj\u00ebsi e organeve shtet\u00ebrore dhe duhet nd\u00ebshkuar. Kjo situat\u00eb mund t\u00eb krijoj\u00eb destabilitet, p\u00ebr shkak t\u00eb burgosjes s\u00eb personave n\u00eb [&hellip;]<\/p>\n","protected":false},"author":1,"featured_media":0,"comment_status":"open","ping_status":"closed","sticky":false,"template":"","format":"standard","meta":{"spay_email":"","jetpack_publicize_message":"","jetpack_is_tweetstorm":false,"jetpack_publicize_feature_enabled":true},"categories":[14],"tags":[],"jetpack_publicize_connections":[],"yoast_head":"<!-- This site is optimized with the Yoast SEO plugin v19.1 - https:\/\/yoast.com\/wordpress\/plugins\/seo\/ -->\n<title>FDI: Martinaj-t po mbrojn\u00eb pronat e veta - Lajme nga Ulqini<\/title>\n<meta name=\"description\" content=\"FDI ka p\u00ebrcjell\u00eb me kujdes situat\u00ebn jo t\u00eb volitshme t\u00eb krijuar n\u00eb fshatin Martinaj t\u00eb Plav\u00eb e Gucis\u00eb. Burgosja e 22 shqiptar\u00ebve t\u00eb cil\u00ebt nuk b\u00ebnin asgj\u00eb\" \/>\n<meta name=\"robots\" content=\"index, follow, max-snippet:-1, max-image-preview:large, max-video-preview:-1\" \/>\n<link rel=\"canonical\" href=\"https:\/\/www.visit-ulcinj.com\/blog\/2013\/05\/26\/fdi-martinaj-t-po-mbrojne-pronat-e-veta\/\" \/>\n<meta property=\"og:locale\" content=\"en_US\" \/>\n<meta property=\"og:type\" content=\"article\" \/>\n<meta property=\"og:title\" content=\"FDI: Martinaj-t po mbrojn\u00eb pronat e veta - Lajme nga Ulqini\" \/>\n<meta property=\"og:description\" content=\"FDI ka p\u00ebrcjell\u00eb me kujdes situat\u00ebn jo t\u00eb volitshme t\u00eb krijuar n\u00eb fshatin Martinaj t\u00eb Plav\u00eb e Gucis\u00eb. Burgosja e 22 shqiptar\u00ebve t\u00eb cil\u00ebt nuk b\u00ebnin asgj\u00eb\" \/>\n<meta property=\"og:url\" content=\"https:\/\/www.visit-ulcinj.com\/blog\/2013\/05\/26\/fdi-martinaj-t-po-mbrojne-pronat-e-veta\/\" \/>\n<meta property=\"og:site_name\" content=\"Lajme nga Ulqini\" \/>\n<meta property=\"article:published_time\" content=\"2013-05-26T15:31:49+00:00\" \/>\n<meta property=\"article:modified_time\" content=\"2013-05-26T15:32:06+00:00\" \/>\n<meta property=\"og:image\" content=\"http:\/\/www.visit-ulcinj.com\/blog\/wp-content\/uploads\/2013\/05\/FDI-Reagon-ne-Arrestime-ne-fshatin-Martinaj.jpg\" \/>\n<meta name=\"twitter:label1\" content=\"Written by\" \/>\n\t<meta name=\"twitter:data1\" content=\"ulqini\" \/>\n\t<meta name=\"twitter:label2\" content=\"Est. reading time\" \/>\n\t<meta name=\"twitter:data2\" content=\"2 minutes\" \/>\n<script type=\"application\/ld+json\" class=\"yoast-schema-graph\">{\"@context\":\"https:\/\/schema.org\",\"@graph\":[{\"@type\":\"WebSite\",\"@id\":\"https:\/\/www.visit-ulcinj.com\/blog\/#website\",\"url\":\"https:\/\/www.visit-ulcinj.com\/blog\/\",\"name\":\"Lajme nga Ulqini\",\"description\":\"Lajme,Vijesti,Ulqini,Ulqin,Crna Gora,Mali i Zi\",\"potentialAction\":[{\"@type\":\"SearchAction\",\"target\":{\"@type\":\"EntryPoint\",\"urlTemplate\":\"https:\/\/www.visit-ulcinj.com\/blog\/?s={search_term_string}\"},\"query-input\":\"required name=search_term_string\"}],\"inLanguage\":\"en-US\"},{\"@type\":\"ImageObject\",\"inLanguage\":\"en-US\",\"@id\":\"https:\/\/www.visit-ulcinj.com\/blog\/2013\/05\/26\/fdi-martinaj-t-po-mbrojne-pronat-e-veta\/#primaryimage\",\"url\":\"https:\/\/www.visit-ulcinj.com\/blog\/wp-content\/uploads\/2013\/05\/FDI-Reagon-ne-Arrestime-ne-fshatin-Martinaj.jpg\",\"contentUrl\":\"https:\/\/www.visit-ulcinj.com\/blog\/wp-content\/uploads\/2013\/05\/FDI-Reagon-ne-Arrestime-ne-fshatin-Martinaj.jpg\",\"width\":960,\"height\":720},{\"@type\":\"WebPage\",\"@id\":\"https:\/\/www.visit-ulcinj.com\/blog\/2013\/05\/26\/fdi-martinaj-t-po-mbrojne-pronat-e-veta\/#webpage\",\"url\":\"https:\/\/www.visit-ulcinj.com\/blog\/2013\/05\/26\/fdi-martinaj-t-po-mbrojne-pronat-e-veta\/\",\"name\":\"FDI: Martinaj-t po mbrojn\u00eb pronat e veta - Lajme nga Ulqini\",\"isPartOf\":{\"@id\":\"https:\/\/www.visit-ulcinj.com\/blog\/#website\"},\"primaryImageOfPage\":{\"@id\":\"https:\/\/www.visit-ulcinj.com\/blog\/2013\/05\/26\/fdi-martinaj-t-po-mbrojne-pronat-e-veta\/#primaryimage\"},\"datePublished\":\"2013-05-26T15:31:49+00:00\",\"dateModified\":\"2013-05-26T15:32:06+00:00\",\"author\":{\"@id\":\"https:\/\/www.visit-ulcinj.com\/blog\/#\/schema\/person\/dcab619c614d3038751c63bc2aadc06d\"},\"description\":\"FDI ka p\u00ebrcjell\u00eb me kujdes situat\u00ebn jo t\u00eb volitshme t\u00eb krijuar n\u00eb fshatin Martinaj t\u00eb Plav\u00eb e Gucis\u00eb. Burgosja e 22 shqiptar\u00ebve t\u00eb cil\u00ebt nuk b\u00ebnin asgj\u00eb\",\"breadcrumb\":{\"@id\":\"https:\/\/www.visit-ulcinj.com\/blog\/2013\/05\/26\/fdi-martinaj-t-po-mbrojne-pronat-e-veta\/#breadcrumb\"},\"inLanguage\":\"en-US\",\"potentialAction\":[{\"@type\":\"ReadAction\",\"target\":[\"https:\/\/www.visit-ulcinj.com\/blog\/2013\/05\/26\/fdi-martinaj-t-po-mbrojne-pronat-e-veta\/\"]}]},{\"@type\":\"BreadcrumbList\",\"@id\":\"https:\/\/www.visit-ulcinj.com\/blog\/2013\/05\/26\/fdi-martinaj-t-po-mbrojne-pronat-e-veta\/#breadcrumb\",\"itemListElement\":[{\"@type\":\"ListItem\",\"position\":1,\"name\":\"FDI: Martinaj-t po mbrojn\u00eb pronat e veta\"}]},{\"@type\":\"Person\",\"@id\":\"https:\/\/www.visit-ulcinj.com\/blog\/#\/schema\/person\/dcab619c614d3038751c63bc2aadc06d\",\"name\":\"ulqini\",\"sameAs\":[\"http:\/\/www.visit-ulcinj.com\"],\"url\":\"https:\/\/www.visit-ulcinj.com\/blog\/author\/admin\/\"}]}<\/script>\n<!-- \/ Yoast SEO plugin. -->","yoast_head_json":{"title":"FDI: Martinaj-t po mbrojn\u00eb pronat e veta - Lajme nga Ulqini","description":"FDI ka p\u00ebrcjell\u00eb me kujdes situat\u00ebn jo t\u00eb volitshme t\u00eb krijuar n\u00eb fshatin Martinaj t\u00eb Plav\u00eb e Gucis\u00eb. Burgosja e 22 shqiptar\u00ebve t\u00eb cil\u00ebt nuk b\u00ebnin asgj\u00eb","robots":{"index":"index","follow":"follow","max-snippet":"max-snippet:-1","max-image-preview":"max-image-preview:large","max-video-preview":"max-video-preview:-1"},"canonical":"https:\/\/www.visit-ulcinj.com\/blog\/2013\/05\/26\/fdi-martinaj-t-po-mbrojne-pronat-e-veta\/","og_locale":"en_US","og_type":"article","og_title":"FDI: Martinaj-t po mbrojn\u00eb pronat e veta - Lajme nga Ulqini","og_description":"FDI ka p\u00ebrcjell\u00eb me kujdes situat\u00ebn jo t\u00eb volitshme t\u00eb krijuar n\u00eb fshatin Martinaj t\u00eb Plav\u00eb e Gucis\u00eb. Burgosja e 22 shqiptar\u00ebve t\u00eb cil\u00ebt nuk b\u00ebnin asgj\u00eb","og_url":"https:\/\/www.visit-ulcinj.com\/blog\/2013\/05\/26\/fdi-martinaj-t-po-mbrojne-pronat-e-veta\/","og_site_name":"Lajme nga Ulqini","article_published_time":"2013-05-26T15:31:49+00:00","article_modified_time":"2013-05-26T15:32:06+00:00","og_image":[{"url":"http:\/\/www.visit-ulcinj.com\/blog\/wp-content\/uploads\/2013\/05\/FDI-Reagon-ne-Arrestime-ne-fshatin-Martinaj.jpg"}],"twitter_misc":{"Written by":"ulqini","Est. reading time":"2 minutes"},"schema":{"@context":"https:\/\/schema.org","@graph":[{"@type":"WebSite","@id":"https:\/\/www.visit-ulcinj.com\/blog\/#website","url":"https:\/\/www.visit-ulcinj.com\/blog\/","name":"Lajme nga Ulqini","description":"Lajme,Vijesti,Ulqini,Ulqin,Crna Gora,Mali i Zi","potentialAction":[{"@type":"SearchAction","target":{"@type":"EntryPoint","urlTemplate":"https:\/\/www.visit-ulcinj.com\/blog\/?s={search_term_string}"},"query-input":"required name=search_term_string"}],"inLanguage":"en-US"},{"@type":"ImageObject","inLanguage":"en-US","@id":"https:\/\/www.visit-ulcinj.com\/blog\/2013\/05\/26\/fdi-martinaj-t-po-mbrojne-pronat-e-veta\/#primaryimage","url":"https:\/\/www.visit-ulcinj.com\/blog\/wp-content\/uploads\/2013\/05\/FDI-Reagon-ne-Arrestime-ne-fshatin-Martinaj.jpg","contentUrl":"https:\/\/www.visit-ulcinj.com\/blog\/wp-content\/uploads\/2013\/05\/FDI-Reagon-ne-Arrestime-ne-fshatin-Martinaj.jpg","width":960,"height":720},{"@type":"WebPage","@id":"https:\/\/www.visit-ulcinj.com\/blog\/2013\/05\/26\/fdi-martinaj-t-po-mbrojne-pronat-e-veta\/#webpage","url":"https:\/\/www.visit-ulcinj.com\/blog\/2013\/05\/26\/fdi-martinaj-t-po-mbrojne-pronat-e-veta\/","name":"FDI: Martinaj-t po mbrojn\u00eb pronat e veta - Lajme nga Ulqini","isPartOf":{"@id":"https:\/\/www.visit-ulcinj.com\/blog\/#website"},"primaryImageOfPage":{"@id":"https:\/\/www.visit-ulcinj.com\/blog\/2013\/05\/26\/fdi-martinaj-t-po-mbrojne-pronat-e-veta\/#primaryimage"},"datePublished":"2013-05-26T15:31:49+00:00","dateModified":"2013-05-26T15:32:06+00:00","author":{"@id":"https:\/\/www.visit-ulcinj.com\/blog\/#\/schema\/person\/dcab619c614d3038751c63bc2aadc06d"},"description":"FDI ka p\u00ebrcjell\u00eb me kujdes situat\u00ebn jo t\u00eb volitshme t\u00eb krijuar n\u00eb fshatin Martinaj t\u00eb Plav\u00eb e Gucis\u00eb. Burgosja e 22 shqiptar\u00ebve t\u00eb cil\u00ebt nuk b\u00ebnin asgj\u00eb","breadcrumb":{"@id":"https:\/\/www.visit-ulcinj.com\/blog\/2013\/05\/26\/fdi-martinaj-t-po-mbrojne-pronat-e-veta\/#breadcrumb"},"inLanguage":"en-US","potentialAction":[{"@type":"ReadAction","target":["https:\/\/www.visit-ulcinj.com\/blog\/2013\/05\/26\/fdi-martinaj-t-po-mbrojne-pronat-e-veta\/"]}]},{"@type":"BreadcrumbList","@id":"https:\/\/www.visit-ulcinj.com\/blog\/2013\/05\/26\/fdi-martinaj-t-po-mbrojne-pronat-e-veta\/#breadcrumb","itemListElement":[{"@type":"ListItem","position":1,"name":"FDI: Martinaj-t po mbrojn\u00eb pronat e veta"}]},{"@type":"Person","@id":"https:\/\/www.visit-ulcinj.com\/blog\/#\/schema\/person\/dcab619c614d3038751c63bc2aadc06d","name":"ulqini","sameAs":["http:\/\/www.visit-ulcinj.com"],"url":"https:\/\/www.visit-ulcinj.com\/blog\/author\/admin\/"}]}},"jetpack_featured_media_url":"","jetpack_sharing_enabled":true,"jetpack_shortlink":"https:\/\/wp.me\/pe6lTn-iEV","_links":{"self":[{"href":"https:\/\/www.visit-ulcinj.com\/blog\/wp-json\/wp\/v2\/posts\/71729"}],"collection":[{"href":"https:\/\/www.visit-ulcinj.com\/blog\/wp-json\/wp\/v2\/posts"}],"about":[{"href":"https:\/\/www.visit-ulcinj.com\/blog\/wp-json\/wp\/v2\/types\/post"}],"author":[{"embeddable":true,"href":"https:\/\/www.visit-ulcinj.com\/blog\/wp-json\/wp\/v2\/users\/1"}],"replies":[{"embeddable":true,"href":"https:\/\/www.visit-ulcinj.com\/blog\/wp-json\/wp\/v2\/comments?post=71729"}],"version-history":[{"count":2,"href":"https:\/\/www.visit-ulcinj.com\/blog\/wp-json\/wp\/v2\/posts\/71729\/revisions"}],"predecessor-version":[{"id":71732,"href":"https:\/\/www.visit-ulcinj.com\/blog\/wp-json\/wp\/v2\/posts\/71729\/revisions\/71732"}],"wp:attachment":[{"href":"https:\/\/www.visit-ulcinj.com\/blog\/wp-json\/wp\/v2\/media?parent=71729"}],"wp:term":[{"taxonomy":"category","embeddable":true,"href":"https:\/\/www.visit-ulcinj.com\/blog\/wp-json\/wp\/v2\/categories?post=71729"},{"taxonomy":"post_tag","embeddable":true,"href":"https:\/\/www.visit-ulcinj.com\/blog\/wp-json\/wp\/v2\/tags?post=71729"}],"curies":[{"name":"wp","href":"https:\/\/api.w.org\/{rel}","templated":true}]}}