{"id":71733,"date":"2013-05-26T16:41:40","date_gmt":"2013-05-26T15:41:40","guid":{"rendered":"http:\/\/www.visit-ulcinj.com\/blog\/?p=71733"},"modified":"2013-05-27T07:17:34","modified_gmt":"2013-05-27T06:17:34","slug":"studentet-e-ulqinit-ne-prishtine-reagojm-per-arrestimet-ne-plave","status":"publish","type":"post","link":"https:\/\/www.visit-ulcinj.com\/blog\/2013\/05\/26\/studentet-e-ulqinit-ne-prishtine-reagojm-per-arrestimet-ne-plave\/","title":{"rendered":"Studentet e Ulqinit ne Prishtine reagojm p\u00ebr arrestimet n\u00eb Plav\u00eb"},"content":{"rendered":"<p><a href=\"http:\/\/www.visit-ulcinj.com\/blog\/wp-content\/uploads\/2013\/05\/Studentet-e-Ulqinit-ne-Prishtin-Reagojn-ne-Arrestime-ne-fshatin-Martinaj.jpg\"><img loading=\"lazy\" class=\"alignleft  wp-image-71734\" alt=\"Studentet e Ulqinit ne Prishtin Reagojn ne Arrestime-ne-fshatin-Martinaj\" src=\"http:\/\/www.visit-ulcinj.com\/blog\/wp-content\/uploads\/2013\/05\/Studentet-e-Ulqinit-ne-Prishtin-Reagojn-ne-Arrestime-ne-fshatin-Martinaj.jpg\" width=\"508\" height=\"360\" \/><\/a>At\u00ebher\u00eb kur t\u00eb gjith\u00eb menduam se shteti i &#8220;fluturimit t\u00eb shqiponj\u00ebs&#8221; ka ndryshuar dhe se nuk i ka m\u00eb ato kthetra sikurse n\u00eb vitin 2006,<br \/>\nna doli se paskemi qen\u00eb gabim. Jemi d\u00ebshmitar t\u00eb s\u00eb sotmes ku ky shtet nj\u00ebher\u00eb tenton t\u00eb b\u00ebj\u00eb nj\u00eb deponi, nj\u00eb kancer t\u00eb gjall\u00eb n\u00eb nj\u00eb nga<br \/>\ntrojet m\u00eb t\u00eb lashta shqiptare n\u00eb Ballkan nd\u00ebrsa sot tregon edhe nj\u00ebher\u00eb se sa jotolerant dhe i dhunsh\u00ebm \u00ebsht\u00eb ndaj banor\u00ebve t\u00eb k\u00ebtyre trojeve.<br \/>\nSUP d\u00ebnon ashp\u00ebr aktin e dhunsh\u00ebm e barbar t\u00eb shtetit t\u00eb Malit t\u00eb Zi p\u00ebrmes forcave speciale policore ndaj bashk\u00ebshtetasve t\u00eb vet,<br \/>\nbanor\u00ebve t\u00eb fshatit Martinaj t\u00eb Plav\u00ebs. Ky \u00ebsht\u00eb nj\u00eb demonstrim qyqar i nj\u00eb vendi q\u00eb rrejsh\u00ebm pretendon t\u00eb drejt\u00ebn,<br \/>\nzhvillimin dhe familjen euro-atlantike. Kjo \u00ebsht\u00eb rruga t\u00eb cil\u00ebn pandeh\u00ebm q\u00eb e kishim l\u00ebn\u00eb prapa n\u00eb shekullin e kaluar dhe n\u00eb gjeneratat<br \/>\ne regjimeve t\u00eb kaluara por fatkeq\u00ebsisht e sotmja vazhdon t\u00eb na e rikujtoj\u00eb at\u00eb teksa b\u00ebhet pre e diktateve t\u00eb s\u00eb kaluar\u00ebs s\u00eb hidhur dhe<br \/>\nduket sikur nuk e ka nd\u00ebrmend ta kap\u00ebrcej\u00eb asnj\u00eb brez t\u00eb k\u00ebtij n\u00ebnqielli pa konflikt e armiq\u00ebsi.<br \/>\nSUP n\u00eb an\u00ebn tjet\u00ebr, k\u00ebrkon rizgjim dhe mir\u00ebp\u00ebrfaq\u00ebsim nga subjektet politike t\u00eb shqiptar\u00ebve n\u00eb Malin e Zi. K\u00ebt\u00eb n\u00eb rradh\u00eb t\u00eb par\u00eb si<br \/>\nobligim e p\u00ebrgjegj\u00ebsi ndaj sovranit e moralit. Ne mendojm\u00eb q\u00eb pik\u00ebrisht p\u00ebrgjumja, rraskapitja dhe shitblerja e p\u00ebrfaq\u00ebsues\u00ebve tan\u00eb po<br \/>\nsjellin dit\u00eb t\u00eb tilla e m\u00eb keq se kaq. Ata n\u00eb vend q\u00eb t&#8217;i prijn\u00eb k\u00ebtij populli n\u00eb dit\u00eb t\u00eb mira e t\u00eb k\u00ebqija, zgjedhin \u201cvrim\u00ebn e miut\u201d<br \/>\nn\u00eb rastet si ky i fundit.<br \/>\nSUP k\u00ebrkon nga institucionet relevante t\u00eb Malit t\u00eb Zi q\u00eb t\u00eb tregojn\u00eb p\u00ebrmbajtje e maturi ndaj etnicitetit shqiptar dhe ndaj \u00e7do pakice<br \/>\ntjet\u00ebr komb\u00ebtare t\u00eb k\u00ebtij vendi. N\u00eb asnj\u00eb rast nuk k\u00ebrkojm\u00eb m\u00ebshir\u00eb por vet\u00ebm respektim t\u00eb t\u00eb drejtave qytetare, etnike dhe nd\u00ebrkomb\u00ebtare.<br \/>\nNe nuk duam trazira e armiq\u00ebsi t\u00eb reja e rip\u00ebrt\u00ebrira n\u00eb Ballkan. Ne duam Evrop\u00ebn<br \/>\nme t\u00eb gjitha t\u00eb mirat e dob\u00ebsit\u00eb e saj. Mbi t\u00eb gjitha sepse ajo besojm\u00eb t\u00eb jet\u00eb garant i t\u00eb drejt\u00ebs e lirive t\u00eb \u00e7do individi a komb\u00ebsie.<\/p>\n<p><strong>Studentet e Ulqinit ne Prishtine<\/strong><\/p>\n","protected":false},"excerpt":{"rendered":"<p>At\u00ebher\u00eb kur t\u00eb gjith\u00eb menduam se shteti i &#8220;fluturimit t\u00eb shqiponj\u00ebs&#8221; ka ndryshuar dhe se nuk i ka m\u00eb ato kthetra sikurse n\u00eb vitin 2006, na doli se paskemi qen\u00eb gabim. Jemi d\u00ebshmitar t\u00eb s\u00eb sotmes ku ky shtet nj\u00ebher\u00eb tenton t\u00eb b\u00ebj\u00eb nj\u00eb deponi, nj\u00eb kancer t\u00eb gjall\u00eb n\u00eb nj\u00eb nga trojet m\u00eb t\u00eb [&hellip;]<\/p>\n","protected":false},"author":1,"featured_media":0,"comment_status":"open","ping_status":"closed","sticky":false,"template":"","format":"standard","meta":{"spay_email":"","jetpack_publicize_message":"","jetpack_is_tweetstorm":false,"jetpack_publicize_feature_enabled":true},"categories":[14],"tags":[],"jetpack_publicize_connections":[],"yoast_head":"<!-- This site is optimized with the Yoast SEO plugin v19.1 - https:\/\/yoast.com\/wordpress\/plugins\/seo\/ -->\n<title>Studentet e Ulqinit ne Prishtine reagojm p\u00ebr arrestimet n\u00eb Plav\u00eb - Lajme nga Ulqini<\/title>\n<meta name=\"description\" content=\"At\u00ebher\u00eb kur t\u00eb gjith\u00eb menduam se shteti i &quot;fluturimit t\u00eb shqiponj\u00ebs&quot; ka ndryshuar dhe se nuk i ka m\u00eb ato kthetra sikurse n\u00eb vitin 2006, na doli se paskemi\" \/>\n<meta name=\"robots\" content=\"index, follow, max-snippet:-1, max-image-preview:large, max-video-preview:-1\" \/>\n<link rel=\"canonical\" href=\"https:\/\/www.visit-ulcinj.com\/blog\/2013\/05\/26\/studentet-e-ulqinit-ne-prishtine-reagojm-per-arrestimet-ne-plave\/\" \/>\n<meta property=\"og:locale\" content=\"en_US\" \/>\n<meta property=\"og:type\" content=\"article\" \/>\n<meta property=\"og:title\" content=\"Studentet e Ulqinit ne Prishtine reagojm p\u00ebr arrestimet n\u00eb Plav\u00eb - Lajme nga Ulqini\" \/>\n<meta property=\"og:description\" content=\"At\u00ebher\u00eb kur t\u00eb gjith\u00eb menduam se shteti i &quot;fluturimit t\u00eb shqiponj\u00ebs&quot; ka ndryshuar dhe se nuk i ka m\u00eb ato kthetra sikurse n\u00eb vitin 2006, na doli se paskemi\" \/>\n<meta property=\"og:url\" content=\"https:\/\/www.visit-ulcinj.com\/blog\/2013\/05\/26\/studentet-e-ulqinit-ne-prishtine-reagojm-per-arrestimet-ne-plave\/\" \/>\n<meta property=\"og:site_name\" content=\"Lajme nga Ulqini\" \/>\n<meta property=\"article:published_time\" content=\"2013-05-26T15:41:40+00:00\" \/>\n<meta property=\"article:modified_time\" content=\"2013-05-27T06:17:34+00:00\" \/>\n<meta property=\"og:image\" content=\"http:\/\/www.visit-ulcinj.com\/blog\/wp-content\/uploads\/2013\/05\/Studentet-e-Ulqinit-ne-Prishtin-Reagojn-ne-Arrestime-ne-fshatin-Martinaj.jpg\" \/>\n<meta name=\"twitter:label1\" content=\"Written by\" \/>\n\t<meta name=\"twitter:data1\" content=\"ulqini\" \/>\n\t<meta name=\"twitter:label2\" content=\"Est. reading time\" \/>\n\t<meta name=\"twitter:data2\" content=\"2 minutes\" \/>\n<script type=\"application\/ld+json\" class=\"yoast-schema-graph\">{\"@context\":\"https:\/\/schema.org\",\"@graph\":[{\"@type\":\"WebSite\",\"@id\":\"https:\/\/www.visit-ulcinj.com\/blog\/#website\",\"url\":\"https:\/\/www.visit-ulcinj.com\/blog\/\",\"name\":\"Lajme nga Ulqini\",\"description\":\"Lajme,Vijesti,Ulqini,Ulqin,Crna Gora,Mali i Zi\",\"potentialAction\":[{\"@type\":\"SearchAction\",\"target\":{\"@type\":\"EntryPoint\",\"urlTemplate\":\"https:\/\/www.visit-ulcinj.com\/blog\/?s={search_term_string}\"},\"query-input\":\"required name=search_term_string\"}],\"inLanguage\":\"en-US\"},{\"@type\":\"ImageObject\",\"inLanguage\":\"en-US\",\"@id\":\"https:\/\/www.visit-ulcinj.com\/blog\/2013\/05\/26\/studentet-e-ulqinit-ne-prishtine-reagojm-per-arrestimet-ne-plave\/#primaryimage\",\"url\":\"https:\/\/www.visit-ulcinj.com\/blog\/wp-content\/uploads\/2013\/05\/Studentet-e-Ulqinit-ne-Prishtin-Reagojn-ne-Arrestime-ne-fshatin-Martinaj.jpg\",\"contentUrl\":\"https:\/\/www.visit-ulcinj.com\/blog\/wp-content\/uploads\/2013\/05\/Studentet-e-Ulqinit-ne-Prishtin-Reagojn-ne-Arrestime-ne-fshatin-Martinaj.jpg\",\"width\":960,\"height\":720},{\"@type\":\"WebPage\",\"@id\":\"https:\/\/www.visit-ulcinj.com\/blog\/2013\/05\/26\/studentet-e-ulqinit-ne-prishtine-reagojm-per-arrestimet-ne-plave\/#webpage\",\"url\":\"https:\/\/www.visit-ulcinj.com\/blog\/2013\/05\/26\/studentet-e-ulqinit-ne-prishtine-reagojm-per-arrestimet-ne-plave\/\",\"name\":\"Studentet e Ulqinit ne Prishtine reagojm p\u00ebr arrestimet n\u00eb Plav\u00eb - Lajme nga Ulqini\",\"isPartOf\":{\"@id\":\"https:\/\/www.visit-ulcinj.com\/blog\/#website\"},\"primaryImageOfPage\":{\"@id\":\"https:\/\/www.visit-ulcinj.com\/blog\/2013\/05\/26\/studentet-e-ulqinit-ne-prishtine-reagojm-per-arrestimet-ne-plave\/#primaryimage\"},\"datePublished\":\"2013-05-26T15:41:40+00:00\",\"dateModified\":\"2013-05-27T06:17:34+00:00\",\"author\":{\"@id\":\"https:\/\/www.visit-ulcinj.com\/blog\/#\/schema\/person\/dcab619c614d3038751c63bc2aadc06d\"},\"description\":\"At\u00ebher\u00eb kur t\u00eb gjith\u00eb menduam se shteti i \\\"fluturimit t\u00eb shqiponj\u00ebs\\\" ka ndryshuar dhe se nuk i ka m\u00eb ato kthetra sikurse n\u00eb vitin 2006, na doli se paskemi\",\"breadcrumb\":{\"@id\":\"https:\/\/www.visit-ulcinj.com\/blog\/2013\/05\/26\/studentet-e-ulqinit-ne-prishtine-reagojm-per-arrestimet-ne-plave\/#breadcrumb\"},\"inLanguage\":\"en-US\",\"potentialAction\":[{\"@type\":\"ReadAction\",\"target\":[\"https:\/\/www.visit-ulcinj.com\/blog\/2013\/05\/26\/studentet-e-ulqinit-ne-prishtine-reagojm-per-arrestimet-ne-plave\/\"]}]},{\"@type\":\"BreadcrumbList\",\"@id\":\"https:\/\/www.visit-ulcinj.com\/blog\/2013\/05\/26\/studentet-e-ulqinit-ne-prishtine-reagojm-per-arrestimet-ne-plave\/#breadcrumb\",\"itemListElement\":[{\"@type\":\"ListItem\",\"position\":1,\"name\":\"Studentet e Ulqinit ne Prishtine reagojm p\u00ebr arrestimet n\u00eb Plav\u00eb\"}]},{\"@type\":\"Person\",\"@id\":\"https:\/\/www.visit-ulcinj.com\/blog\/#\/schema\/person\/dcab619c614d3038751c63bc2aadc06d\",\"name\":\"ulqini\",\"sameAs\":[\"http:\/\/www.visit-ulcinj.com\"],\"url\":\"https:\/\/www.visit-ulcinj.com\/blog\/author\/admin\/\"}]}<\/script>\n<!-- \/ Yoast SEO plugin. -->","yoast_head_json":{"title":"Studentet e Ulqinit ne Prishtine reagojm p\u00ebr arrestimet n\u00eb Plav\u00eb - Lajme nga Ulqini","description":"At\u00ebher\u00eb kur t\u00eb gjith\u00eb menduam se shteti i \"fluturimit t\u00eb shqiponj\u00ebs\" ka ndryshuar dhe se nuk i ka m\u00eb ato kthetra sikurse n\u00eb vitin 2006, na doli se paskemi","robots":{"index":"index","follow":"follow","max-snippet":"max-snippet:-1","max-image-preview":"max-image-preview:large","max-video-preview":"max-video-preview:-1"},"canonical":"https:\/\/www.visit-ulcinj.com\/blog\/2013\/05\/26\/studentet-e-ulqinit-ne-prishtine-reagojm-per-arrestimet-ne-plave\/","og_locale":"en_US","og_type":"article","og_title":"Studentet e Ulqinit ne Prishtine reagojm p\u00ebr arrestimet n\u00eb Plav\u00eb - Lajme nga Ulqini","og_description":"At\u00ebher\u00eb kur t\u00eb gjith\u00eb menduam se shteti i \"fluturimit t\u00eb shqiponj\u00ebs\" ka ndryshuar dhe se nuk i ka m\u00eb ato kthetra sikurse n\u00eb vitin 2006, na doli se paskemi","og_url":"https:\/\/www.visit-ulcinj.com\/blog\/2013\/05\/26\/studentet-e-ulqinit-ne-prishtine-reagojm-per-arrestimet-ne-plave\/","og_site_name":"Lajme nga Ulqini","article_published_time":"2013-05-26T15:41:40+00:00","article_modified_time":"2013-05-27T06:17:34+00:00","og_image":[{"url":"http:\/\/www.visit-ulcinj.com\/blog\/wp-content\/uploads\/2013\/05\/Studentet-e-Ulqinit-ne-Prishtin-Reagojn-ne-Arrestime-ne-fshatin-Martinaj.jpg"}],"twitter_misc":{"Written by":"ulqini","Est. reading time":"2 minutes"},"schema":{"@context":"https:\/\/schema.org","@graph":[{"@type":"WebSite","@id":"https:\/\/www.visit-ulcinj.com\/blog\/#website","url":"https:\/\/www.visit-ulcinj.com\/blog\/","name":"Lajme nga Ulqini","description":"Lajme,Vijesti,Ulqini,Ulqin,Crna Gora,Mali i Zi","potentialAction":[{"@type":"SearchAction","target":{"@type":"EntryPoint","urlTemplate":"https:\/\/www.visit-ulcinj.com\/blog\/?s={search_term_string}"},"query-input":"required name=search_term_string"}],"inLanguage":"en-US"},{"@type":"ImageObject","inLanguage":"en-US","@id":"https:\/\/www.visit-ulcinj.com\/blog\/2013\/05\/26\/studentet-e-ulqinit-ne-prishtine-reagojm-per-arrestimet-ne-plave\/#primaryimage","url":"https:\/\/www.visit-ulcinj.com\/blog\/wp-content\/uploads\/2013\/05\/Studentet-e-Ulqinit-ne-Prishtin-Reagojn-ne-Arrestime-ne-fshatin-Martinaj.jpg","contentUrl":"https:\/\/www.visit-ulcinj.com\/blog\/wp-content\/uploads\/2013\/05\/Studentet-e-Ulqinit-ne-Prishtin-Reagojn-ne-Arrestime-ne-fshatin-Martinaj.jpg","width":960,"height":720},{"@type":"WebPage","@id":"https:\/\/www.visit-ulcinj.com\/blog\/2013\/05\/26\/studentet-e-ulqinit-ne-prishtine-reagojm-per-arrestimet-ne-plave\/#webpage","url":"https:\/\/www.visit-ulcinj.com\/blog\/2013\/05\/26\/studentet-e-ulqinit-ne-prishtine-reagojm-per-arrestimet-ne-plave\/","name":"Studentet e Ulqinit ne Prishtine reagojm p\u00ebr arrestimet n\u00eb Plav\u00eb - Lajme nga Ulqini","isPartOf":{"@id":"https:\/\/www.visit-ulcinj.com\/blog\/#website"},"primaryImageOfPage":{"@id":"https:\/\/www.visit-ulcinj.com\/blog\/2013\/05\/26\/studentet-e-ulqinit-ne-prishtine-reagojm-per-arrestimet-ne-plave\/#primaryimage"},"datePublished":"2013-05-26T15:41:40+00:00","dateModified":"2013-05-27T06:17:34+00:00","author":{"@id":"https:\/\/www.visit-ulcinj.com\/blog\/#\/schema\/person\/dcab619c614d3038751c63bc2aadc06d"},"description":"At\u00ebher\u00eb kur t\u00eb gjith\u00eb menduam se shteti i \"fluturimit t\u00eb shqiponj\u00ebs\" ka ndryshuar dhe se nuk i ka m\u00eb ato kthetra sikurse n\u00eb vitin 2006, na doli se paskemi","breadcrumb":{"@id":"https:\/\/www.visit-ulcinj.com\/blog\/2013\/05\/26\/studentet-e-ulqinit-ne-prishtine-reagojm-per-arrestimet-ne-plave\/#breadcrumb"},"inLanguage":"en-US","potentialAction":[{"@type":"ReadAction","target":["https:\/\/www.visit-ulcinj.com\/blog\/2013\/05\/26\/studentet-e-ulqinit-ne-prishtine-reagojm-per-arrestimet-ne-plave\/"]}]},{"@type":"BreadcrumbList","@id":"https:\/\/www.visit-ulcinj.com\/blog\/2013\/05\/26\/studentet-e-ulqinit-ne-prishtine-reagojm-per-arrestimet-ne-plave\/#breadcrumb","itemListElement":[{"@type":"ListItem","position":1,"name":"Studentet e Ulqinit ne Prishtine reagojm p\u00ebr arrestimet n\u00eb Plav\u00eb"}]},{"@type":"Person","@id":"https:\/\/www.visit-ulcinj.com\/blog\/#\/schema\/person\/dcab619c614d3038751c63bc2aadc06d","name":"ulqini","sameAs":["http:\/\/www.visit-ulcinj.com"],"url":"https:\/\/www.visit-ulcinj.com\/blog\/author\/admin\/"}]}},"jetpack_featured_media_url":"","jetpack_sharing_enabled":true,"jetpack_shortlink":"https:\/\/wp.me\/pe6lTn-iEZ","_links":{"self":[{"href":"https:\/\/www.visit-ulcinj.com\/blog\/wp-json\/wp\/v2\/posts\/71733"}],"collection":[{"href":"https:\/\/www.visit-ulcinj.com\/blog\/wp-json\/wp\/v2\/posts"}],"about":[{"href":"https:\/\/www.visit-ulcinj.com\/blog\/wp-json\/wp\/v2\/types\/post"}],"author":[{"embeddable":true,"href":"https:\/\/www.visit-ulcinj.com\/blog\/wp-json\/wp\/v2\/users\/1"}],"replies":[{"embeddable":true,"href":"https:\/\/www.visit-ulcinj.com\/blog\/wp-json\/wp\/v2\/comments?post=71733"}],"version-history":[{"count":2,"href":"https:\/\/www.visit-ulcinj.com\/blog\/wp-json\/wp\/v2\/posts\/71733\/revisions"}],"predecessor-version":[{"id":71816,"href":"https:\/\/www.visit-ulcinj.com\/blog\/wp-json\/wp\/v2\/posts\/71733\/revisions\/71816"}],"wp:attachment":[{"href":"https:\/\/www.visit-ulcinj.com\/blog\/wp-json\/wp\/v2\/media?parent=71733"}],"wp:term":[{"taxonomy":"category","embeddable":true,"href":"https:\/\/www.visit-ulcinj.com\/blog\/wp-json\/wp\/v2\/categories?post=71733"},{"taxonomy":"post_tag","embeddable":true,"href":"https:\/\/www.visit-ulcinj.com\/blog\/wp-json\/wp\/v2\/tags?post=71733"}],"curies":[{"name":"wp","href":"https:\/\/api.w.org\/{rel}","templated":true}]}}