{"id":71736,"date":"2013-05-26T16:48:01","date_gmt":"2013-05-26T15:48:01","guid":{"rendered":"http:\/\/www.visit-ulcinj.com\/blog\/?p=71736"},"modified":"2013-05-26T16:52:41","modified_gmt":"2013-05-26T15:52:41","slug":"forca-reagon-ne-arrestimin-e-shqiptareve-ne-plave","status":"publish","type":"post","link":"https:\/\/www.visit-ulcinj.com\/blog\/2013\/05\/26\/forca-reagon-ne-arrestimin-e-shqiptareve-ne-plave\/","title":{"rendered":"Forca reagon n\u00eb arrestimin e shqiptar\u00ebve n\u00eb Plav\u00eb"},"content":{"rendered":"<p><a href=\"http:\/\/www.visit-ulcinj.com\/blog\/wp-content\/uploads\/2013\/05\/forca-logo-ulcinj-ulqin.jpg\"><img loading=\"lazy\" class=\"alignleft  wp-image-71737\" alt=\"forca-logo-ulcinj-ulqin\" src=\"http:\/\/www.visit-ulcinj.com\/blog\/wp-content\/uploads\/2013\/05\/forca-logo-ulcinj-ulqin.jpg\" width=\"508\" height=\"380\" \/><\/a>Reagim n\u00eb lidhje me arrestimin e shqiptar\u00ebve n\u00eb Plav\u00eb\u00a0\u00a0\u00a0\u00a0\u00a0\u00a0\u00a0\u00a0\u00a0\u00a0\u00a0\u00a0\u00a0\u00a0\u00a0\u00a0\u00a0\u00a0\u00a0\u00a0\u00a0\u00a0\u00a0\u00a0\u00a0\u00a0\u00a0\u00a0\u00a0\u00a0\u00a0\u00a0\u00a0\u00a0\u00a0\u00a0\u00a0\u00a0\u00a0\u00a0\u00a0\u00a0\u00a0\u00a0\u00a0\u00a0\u00a0\u00a0\u00a0\u00a0\u00a0\u00a0\u00a0\u00a0\u00a0\u00a0\u00a0\u00a0\u00a0\u00a0\u00a0\u00a0\u00a0\u00a0\u00a0\u00a0\u00a0\u00a0\u00a0\u00a0\u00a0\u00a0\u00a0\u00a0\u00a0\u00a0\u00a0\u00a0\u00a0\u00a0\u00a0\u00a0\u00a0\u00a0\u00a0\u00a0\u00a0 \u00a0\u00a0\u00a0\u00a0\u00a0\u00a0\u00a0\u00a0\u00a0\u00a0\u00a0\u00a0\u00a0\u00a0\u00a0\u00a0\u00a0\u00a0\u00a0\u00a0\u00a0\u00a0\u00a0\u00a0\u00a0\u00a0\u00a0\u00a0\u00a0\u00a0\u00a0\u00a0\u00a0\u00a0\u00a0\u00a0\u00a0\u00a0\u00a0\u00a0\u00a0\u00a0\u00a0\u00a0\u00a0\u00a0\u00a0\u00a0\u00a0\u00a0\u00a0\u00a0\u00a0\u00a0\u00a0\u00a0\u00a0\u00a0\u00a0\u00a0\u00a0\u00a0\u00a0\u00a0\u00a0\u00a0\u00a0\u00a0\u00a0\u00a0 Ulqin, 26.05.201<\/p>\n<p>Nr.40\/13<\/p>\n<p>Forca shpreh pak\u00ebnaq\u00ebsi t\u00eb madhe dhe protest me rastin e\u00a0 e arrestimit t\u00eb 22 banor\u00ebve t\u00eb fshatit Martinaj nga ana e policis\u00eb, t\u00eb shtun\u00ebn me 25 maj, si dhe d\u00ebnimin nga ana e gjykat\u00ebsit p\u00ebr kund\u00ebrvajtje e t\u00eb gjith\u00eb personave t\u00eb arrestuar.<\/p>\n<p>&nbsp;<\/p>\n<p>Nga ana e banor\u00ebve t\u00eb fshatit Martinaj jemi informuar me koh\u00eb p\u00ebr problematik\u00ebn e pron\u00ebs s\u00eb tyre dhe d\u00ebshir\u00ebn q\u00eb ky problem t\u00eb zgjidhet n\u00eb m\u00ebnyr\u00eb t\u00eb qet\u00eb brenda sistemit t\u00eb institucioneve dhe pa tensione t\u00eb panevojshme.<\/p>\n<p>Edhe pse nga Forca me koh\u00eb Ju kemi t\u00ebrhequr v\u00ebrejtjen Ministris\u00eb s\u00eb Pun\u00ebve t\u00eb Brendshme dhe Ministris\u00eb s\u00eb Drejt\u00ebsis\u00eb lidhur me qendrimet e banor\u00ebve t\u00eb fshatit Martinaj dhe gatishm\u00ebrin\u00eb e tyre q\u00eb me dialog t\u00eb zgjidhet \u00e7\u00ebshtja brenda sistemit t\u00eb institucioneve, dhe kjo nuk ka treguar asnjefar\u00eb rezultatesh, por p\u00ebrkundrazi, masat e ndermarra jan\u00eb joadekuate, me elemente t\u00eb frik\u00ebs dhe tensioneve ndaj vendasve edhe pse m\u00eb par\u00eb i jan\u00eb drejtuar me let\u00ebr institucioneve;\u00a0 Qeveris\u00eb dhe Ministrive, partive politike dhe Organizatave Nd\u00ebrkomb\u00ebtare.<\/p>\n<p>Me arrestimin dhe d\u00ebnimin e vendasve vet\u00ebm sa shtohet mosbesimi i shqiptar\u00ebve n\u00eb sistemin e institucioneve si dhe dyshimi se ato veprojn\u00eb n\u00eb m\u00ebnyr\u00eb selektive. N\u00eb t\u00eb v\u00ebrrtet\u00eb shum\u00eb protesta t\u00eb ngjashme n\u00eb Mal t\u00eb Zi nuk kan\u00eb rezultuar me rrethimet e ashtuquajtura policore t\u00eb fshatrave dhe as me arrestimin dhe d\u00ebnimin e aq numri t\u00eb madh t\u00eb vendasve.<\/p>\n<p>Sigurisht q\u00eb nuk ka m\u00eb shqiptar\u00eb naiv dhe t\u00eb paarsimuar q\u00eb t\u00eb mos e dijn\u00eb se cili \u00ebsht\u00eb q\u00ebllimi i p\u00ebrfaq\u00ebsuesve t\u00eb SPC-s\u00eb. Ajo vazhdon me planet e saja t\u00eb vjetra t\u00eb nacionalizmit dhe sh\u00ebnimin e teritoreve pa marr\u00eb parasysh q\u00ebndrimet e vendasve dhe mar\u00ebdh\u00ebnjet nd\u00ebrnacionale n\u00eb Mal t\u00eb Zi. Ngritja e tensioneve nd\u00ebrnacionale n\u00eb Mal t\u00eb Zi askujt nuk i shkon n\u00eb favor, por i shkon t\u00eb gjith\u00ebve n\u00eb d\u00ebm.<\/p>\n<p>\u00cbsht\u00eb e sigurt\u00eb q\u00eb Malit t\u00eb zi nuk i duhet edhe nj\u00eb problem i ngjash\u00ebm me problemin e Rumis\u00eb. Prandaj konsiderojm\u00eb se organet kompetente \u00ebsht\u00eb dashur t\u00eb nd\u00ebrpresin punimet.Me k\u00ebt\u00eb do t\u00eb nd\u00ebrpiteshin edhe protestat edhe arrestimet dhe \u00e7do gj\u00eb q\u00eb ka pasuar.<\/p>\n<p>&nbsp;<\/p>\n<p>Forca do t\u00eb inicoj\u00eb q\u00eb th\u00ebniet e vendasve t\u00eb fshatit Martinaj rreth vendimit t\u00eb gjykat\u00ebs, t\u00eb shqyrtohen n\u00eb pjes\u00ebn p\u00ebr besueshm\u00ebrin\u00eb dhe validitetin e provave t\u00eb cilat i ka pranuar gjyqi gjat\u00eb vendosjes p\u00ebr pron\u00ebn kontestuese.<\/p>\n<p>&nbsp;<\/p>\n<p>Shprehim d\u00ebshir\u00ebn q\u00eb banor\u00ebt e Martinajve me durim qytetar t\u00eb tregojn\u00eb dinjitet, maturi dhe qet\u00ebsi n\u00eb k\u00ebto momente provokuese p\u00ebr ta, kur pas problemit t\u00eb deponies, situat\u00ebs s\u00eb dob\u00ebt ekonomike dhe papun\u00ebsis\u00eb, paraqitet edhe ky provokim.<\/p>\n<p>&nbsp;<\/p>\n<p>Me respekt,<\/p>\n<p>Genci Nimanbegu,<\/p>\n<p>Deputet n\u00eb Kuvendin e Malit t\u00eb Zi<\/p>\n","protected":false},"excerpt":{"rendered":"<p>Reagim n\u00eb lidhje me arrestimin e shqiptar\u00ebve n\u00eb Plav\u00eb\u00a0\u00a0\u00a0\u00a0\u00a0\u00a0\u00a0\u00a0\u00a0\u00a0\u00a0\u00a0\u00a0\u00a0\u00a0\u00a0\u00a0\u00a0\u00a0\u00a0\u00a0\u00a0\u00a0\u00a0\u00a0\u00a0\u00a0\u00a0\u00a0\u00a0\u00a0\u00a0\u00a0\u00a0\u00a0\u00a0\u00a0\u00a0\u00a0\u00a0\u00a0\u00a0\u00a0\u00a0\u00a0\u00a0\u00a0\u00a0\u00a0\u00a0\u00a0\u00a0\u00a0\u00a0\u00a0\u00a0\u00a0\u00a0\u00a0\u00a0\u00a0\u00a0\u00a0\u00a0\u00a0\u00a0\u00a0\u00a0\u00a0\u00a0\u00a0\u00a0\u00a0\u00a0\u00a0\u00a0\u00a0\u00a0\u00a0\u00a0\u00a0\u00a0\u00a0\u00a0\u00a0\u00a0\u00a0 \u00a0\u00a0\u00a0\u00a0\u00a0\u00a0\u00a0\u00a0\u00a0\u00a0\u00a0\u00a0\u00a0\u00a0\u00a0\u00a0\u00a0\u00a0\u00a0\u00a0\u00a0\u00a0\u00a0\u00a0\u00a0\u00a0\u00a0\u00a0\u00a0\u00a0\u00a0\u00a0\u00a0\u00a0\u00a0\u00a0\u00a0\u00a0\u00a0\u00a0\u00a0\u00a0\u00a0\u00a0\u00a0\u00a0\u00a0\u00a0\u00a0\u00a0\u00a0\u00a0\u00a0\u00a0\u00a0\u00a0\u00a0\u00a0\u00a0\u00a0\u00a0\u00a0\u00a0\u00a0\u00a0\u00a0\u00a0\u00a0\u00a0\u00a0 Ulqin, 26.05.201 Nr.40\/13 Forca shpreh pak\u00ebnaq\u00ebsi t\u00eb madhe dhe protest me rastin e\u00a0 e arrestimit t\u00eb 22 banor\u00ebve t\u00eb fshatit Martinaj nga ana e policis\u00eb, t\u00eb shtun\u00ebn me 25 maj, si dhe d\u00ebnimin nga ana e gjykat\u00ebsit p\u00ebr kund\u00ebrvajtje e t\u00eb gjith\u00eb personave t\u00eb arrestuar. [&hellip;]<\/p>\n","protected":false},"author":1,"featured_media":0,"comment_status":"open","ping_status":"closed","sticky":false,"template":"","format":"standard","meta":{"spay_email":"","jetpack_publicize_message":"","jetpack_is_tweetstorm":false,"jetpack_publicize_feature_enabled":true},"categories":[11],"tags":[],"jetpack_publicize_connections":[],"yoast_head":"<!-- This site is optimized with the Yoast SEO plugin v19.1 - https:\/\/yoast.com\/wordpress\/plugins\/seo\/ -->\n<title>Forca reagon n\u00eb arrestimin e shqiptar\u00ebve n\u00eb Plav\u00eb  - Lajme nga Ulqini<\/title>\n<meta name=\"description\" content=\"Reagim n\u00eb lidhje me arrestimin e shqiptar\u00ebve n\u00eb Plav\u00eb\u00a0\u00a0\u00a0\u00a0\u00a0\u00a0\u00a0\u00a0\u00a0\u00a0\u00a0\u00a0\u00a0\u00a0\u00a0\u00a0\u00a0\u00a0\u00a0\u00a0\u00a0\u00a0\u00a0\u00a0\u00a0\u00a0\u00a0\u00a0\u00a0\u00a0\u00a0\u00a0\u00a0\u00a0\u00a0\u00a0\u00a0\u00a0\u00a0\u00a0\u00a0\u00a0\u00a0\u00a0\u00a0\u00a0\u00a0\u00a0\u00a0\u00a0\u00a0\u00a0\u00a0\u00a0\u00a0\u00a0\u00a0\u00a0\u00a0\u00a0\u00a0\u00a0\u00a0\u00a0\u00a0\u00a0\u00a0\u00a0\u00a0\u00a0\u00a0\u00a0\u00a0\u00a0\u00a0\u00a0\u00a0\u00a0\u00a0\u00a0\u00a0\u00a0\u00a0\u00a0\u00a0\u00a0\u00a0\" \/>\n<meta name=\"robots\" content=\"index, follow, max-snippet:-1, max-image-preview:large, max-video-preview:-1\" \/>\n<link rel=\"canonical\" href=\"https:\/\/www.visit-ulcinj.com\/blog\/2013\/05\/26\/forca-reagon-ne-arrestimin-e-shqiptareve-ne-plave\/\" \/>\n<meta property=\"og:locale\" content=\"en_US\" \/>\n<meta property=\"og:type\" content=\"article\" \/>\n<meta property=\"og:title\" content=\"Forca reagon n\u00eb arrestimin e shqiptar\u00ebve n\u00eb Plav\u00eb  - Lajme nga Ulqini\" \/>\n<meta property=\"og:description\" content=\"Reagim n\u00eb lidhje me arrestimin e shqiptar\u00ebve n\u00eb Plav\u00eb\u00a0\u00a0\u00a0\u00a0\u00a0\u00a0\u00a0\u00a0\u00a0\u00a0\u00a0\u00a0\u00a0\u00a0\u00a0\u00a0\u00a0\u00a0\u00a0\u00a0\u00a0\u00a0\u00a0\u00a0\u00a0\u00a0\u00a0\u00a0\u00a0\u00a0\u00a0\u00a0\u00a0\u00a0\u00a0\u00a0\u00a0\u00a0\u00a0\u00a0\u00a0\u00a0\u00a0\u00a0\u00a0\u00a0\u00a0\u00a0\u00a0\u00a0\u00a0\u00a0\u00a0\u00a0\u00a0\u00a0\u00a0\u00a0\u00a0\u00a0\u00a0\u00a0\u00a0\u00a0\u00a0\u00a0\u00a0\u00a0\u00a0\u00a0\u00a0\u00a0\u00a0\u00a0\u00a0\u00a0\u00a0\u00a0\u00a0\u00a0\u00a0\u00a0\u00a0\u00a0\u00a0\u00a0\u00a0\" \/>\n<meta property=\"og:url\" content=\"https:\/\/www.visit-ulcinj.com\/blog\/2013\/05\/26\/forca-reagon-ne-arrestimin-e-shqiptareve-ne-plave\/\" \/>\n<meta property=\"og:site_name\" content=\"Lajme nga Ulqini\" \/>\n<meta property=\"article:published_time\" content=\"2013-05-26T15:48:01+00:00\" \/>\n<meta property=\"article:modified_time\" content=\"2013-05-26T15:52:41+00:00\" \/>\n<meta property=\"og:image\" content=\"http:\/\/www.visit-ulcinj.com\/blog\/wp-content\/uploads\/2013\/05\/forca-logo-ulcinj-ulqin.jpg\" \/>\n<meta name=\"twitter:label1\" content=\"Written by\" \/>\n\t<meta name=\"twitter:data1\" content=\"ulqini\" \/>\n\t<meta name=\"twitter:label2\" content=\"Est. reading time\" \/>\n\t<meta name=\"twitter:data2\" content=\"2 minutes\" \/>\n<script type=\"application\/ld+json\" class=\"yoast-schema-graph\">{\"@context\":\"https:\/\/schema.org\",\"@graph\":[{\"@type\":\"WebSite\",\"@id\":\"https:\/\/www.visit-ulcinj.com\/blog\/#website\",\"url\":\"https:\/\/www.visit-ulcinj.com\/blog\/\",\"name\":\"Lajme nga Ulqini\",\"description\":\"Lajme,Vijesti,Ulqini,Ulqin,Crna Gora,Mali i Zi\",\"potentialAction\":[{\"@type\":\"SearchAction\",\"target\":{\"@type\":\"EntryPoint\",\"urlTemplate\":\"https:\/\/www.visit-ulcinj.com\/blog\/?s={search_term_string}\"},\"query-input\":\"required name=search_term_string\"}],\"inLanguage\":\"en-US\"},{\"@type\":\"ImageObject\",\"inLanguage\":\"en-US\",\"@id\":\"https:\/\/www.visit-ulcinj.com\/blog\/2013\/05\/26\/forca-reagon-ne-arrestimin-e-shqiptareve-ne-plave\/#primaryimage\",\"url\":\"https:\/\/www.visit-ulcinj.com\/blog\/wp-content\/uploads\/2013\/05\/forca-logo-ulcinj-ulqin.jpg\",\"contentUrl\":\"https:\/\/www.visit-ulcinj.com\/blog\/wp-content\/uploads\/2013\/05\/forca-logo-ulcinj-ulqin.jpg\",\"width\":500,\"height\":481},{\"@type\":\"WebPage\",\"@id\":\"https:\/\/www.visit-ulcinj.com\/blog\/2013\/05\/26\/forca-reagon-ne-arrestimin-e-shqiptareve-ne-plave\/#webpage\",\"url\":\"https:\/\/www.visit-ulcinj.com\/blog\/2013\/05\/26\/forca-reagon-ne-arrestimin-e-shqiptareve-ne-plave\/\",\"name\":\"Forca reagon n\u00eb arrestimin e shqiptar\u00ebve n\u00eb Plav\u00eb - Lajme nga Ulqini\",\"isPartOf\":{\"@id\":\"https:\/\/www.visit-ulcinj.com\/blog\/#website\"},\"primaryImageOfPage\":{\"@id\":\"https:\/\/www.visit-ulcinj.com\/blog\/2013\/05\/26\/forca-reagon-ne-arrestimin-e-shqiptareve-ne-plave\/#primaryimage\"},\"datePublished\":\"2013-05-26T15:48:01+00:00\",\"dateModified\":\"2013-05-26T15:52:41+00:00\",\"author\":{\"@id\":\"https:\/\/www.visit-ulcinj.com\/blog\/#\/schema\/person\/dcab619c614d3038751c63bc2aadc06d\"},\"description\":\"Reagim n\u00eb lidhje me arrestimin e shqiptar\u00ebve n\u00eb Plav\u00eb\u00a0\u00a0\u00a0\u00a0\u00a0\u00a0\u00a0\u00a0\u00a0\u00a0\u00a0\u00a0\u00a0\u00a0\u00a0\u00a0\u00a0\u00a0\u00a0\u00a0\u00a0\u00a0\u00a0\u00a0\u00a0\u00a0\u00a0\u00a0\u00a0\u00a0\u00a0\u00a0\u00a0\u00a0\u00a0\u00a0\u00a0\u00a0\u00a0\u00a0\u00a0\u00a0\u00a0\u00a0\u00a0\u00a0\u00a0\u00a0\u00a0\u00a0\u00a0\u00a0\u00a0\u00a0\u00a0\u00a0\u00a0\u00a0\u00a0\u00a0\u00a0\u00a0\u00a0\u00a0\u00a0\u00a0\u00a0\u00a0\u00a0\u00a0\u00a0\u00a0\u00a0\u00a0\u00a0\u00a0\u00a0\u00a0\u00a0\u00a0\u00a0\u00a0\u00a0\u00a0\u00a0\u00a0\u00a0\",\"breadcrumb\":{\"@id\":\"https:\/\/www.visit-ulcinj.com\/blog\/2013\/05\/26\/forca-reagon-ne-arrestimin-e-shqiptareve-ne-plave\/#breadcrumb\"},\"inLanguage\":\"en-US\",\"potentialAction\":[{\"@type\":\"ReadAction\",\"target\":[\"https:\/\/www.visit-ulcinj.com\/blog\/2013\/05\/26\/forca-reagon-ne-arrestimin-e-shqiptareve-ne-plave\/\"]}]},{\"@type\":\"BreadcrumbList\",\"@id\":\"https:\/\/www.visit-ulcinj.com\/blog\/2013\/05\/26\/forca-reagon-ne-arrestimin-e-shqiptareve-ne-plave\/#breadcrumb\",\"itemListElement\":[{\"@type\":\"ListItem\",\"position\":1,\"name\":\"Forca reagon n\u00eb arrestimin e shqiptar\u00ebve n\u00eb Plav\u00eb\"}]},{\"@type\":\"Person\",\"@id\":\"https:\/\/www.visit-ulcinj.com\/blog\/#\/schema\/person\/dcab619c614d3038751c63bc2aadc06d\",\"name\":\"ulqini\",\"sameAs\":[\"http:\/\/www.visit-ulcinj.com\"],\"url\":\"https:\/\/www.visit-ulcinj.com\/blog\/author\/admin\/\"}]}<\/script>\n<!-- \/ Yoast SEO plugin. -->","yoast_head_json":{"title":"Forca reagon n\u00eb arrestimin e shqiptar\u00ebve n\u00eb Plav\u00eb  - Lajme nga Ulqini","description":"Reagim n\u00eb lidhje me arrestimin e shqiptar\u00ebve n\u00eb Plav\u00eb\u00a0\u00a0\u00a0\u00a0\u00a0\u00a0\u00a0\u00a0\u00a0\u00a0\u00a0\u00a0\u00a0\u00a0\u00a0\u00a0\u00a0\u00a0\u00a0\u00a0\u00a0\u00a0\u00a0\u00a0\u00a0\u00a0\u00a0\u00a0\u00a0\u00a0\u00a0\u00a0\u00a0\u00a0\u00a0\u00a0\u00a0\u00a0\u00a0\u00a0\u00a0\u00a0\u00a0\u00a0\u00a0\u00a0\u00a0\u00a0\u00a0\u00a0\u00a0\u00a0\u00a0\u00a0\u00a0\u00a0\u00a0\u00a0\u00a0\u00a0\u00a0\u00a0\u00a0\u00a0\u00a0\u00a0\u00a0\u00a0\u00a0\u00a0\u00a0\u00a0\u00a0\u00a0\u00a0\u00a0\u00a0\u00a0\u00a0\u00a0\u00a0\u00a0\u00a0\u00a0\u00a0\u00a0\u00a0","robots":{"index":"index","follow":"follow","max-snippet":"max-snippet:-1","max-image-preview":"max-image-preview:large","max-video-preview":"max-video-preview:-1"},"canonical":"https:\/\/www.visit-ulcinj.com\/blog\/2013\/05\/26\/forca-reagon-ne-arrestimin-e-shqiptareve-ne-plave\/","og_locale":"en_US","og_type":"article","og_title":"Forca reagon n\u00eb arrestimin e shqiptar\u00ebve n\u00eb Plav\u00eb  - Lajme nga Ulqini","og_description":"Reagim n\u00eb lidhje me arrestimin e shqiptar\u00ebve n\u00eb Plav\u00eb\u00a0\u00a0\u00a0\u00a0\u00a0\u00a0\u00a0\u00a0\u00a0\u00a0\u00a0\u00a0\u00a0\u00a0\u00a0\u00a0\u00a0\u00a0\u00a0\u00a0\u00a0\u00a0\u00a0\u00a0\u00a0\u00a0\u00a0\u00a0\u00a0\u00a0\u00a0\u00a0\u00a0\u00a0\u00a0\u00a0\u00a0\u00a0\u00a0\u00a0\u00a0\u00a0\u00a0\u00a0\u00a0\u00a0\u00a0\u00a0\u00a0\u00a0\u00a0\u00a0\u00a0\u00a0\u00a0\u00a0\u00a0\u00a0\u00a0\u00a0\u00a0\u00a0\u00a0\u00a0\u00a0\u00a0\u00a0\u00a0\u00a0\u00a0\u00a0\u00a0\u00a0\u00a0\u00a0\u00a0\u00a0\u00a0\u00a0\u00a0\u00a0\u00a0\u00a0\u00a0\u00a0\u00a0\u00a0","og_url":"https:\/\/www.visit-ulcinj.com\/blog\/2013\/05\/26\/forca-reagon-ne-arrestimin-e-shqiptareve-ne-plave\/","og_site_name":"Lajme nga Ulqini","article_published_time":"2013-05-26T15:48:01+00:00","article_modified_time":"2013-05-26T15:52:41+00:00","og_image":[{"url":"http:\/\/www.visit-ulcinj.com\/blog\/wp-content\/uploads\/2013\/05\/forca-logo-ulcinj-ulqin.jpg"}],"twitter_misc":{"Written by":"ulqini","Est. reading time":"2 minutes"},"schema":{"@context":"https:\/\/schema.org","@graph":[{"@type":"WebSite","@id":"https:\/\/www.visit-ulcinj.com\/blog\/#website","url":"https:\/\/www.visit-ulcinj.com\/blog\/","name":"Lajme nga Ulqini","description":"Lajme,Vijesti,Ulqini,Ulqin,Crna Gora,Mali i Zi","potentialAction":[{"@type":"SearchAction","target":{"@type":"EntryPoint","urlTemplate":"https:\/\/www.visit-ulcinj.com\/blog\/?s={search_term_string}"},"query-input":"required name=search_term_string"}],"inLanguage":"en-US"},{"@type":"ImageObject","inLanguage":"en-US","@id":"https:\/\/www.visit-ulcinj.com\/blog\/2013\/05\/26\/forca-reagon-ne-arrestimin-e-shqiptareve-ne-plave\/#primaryimage","url":"https:\/\/www.visit-ulcinj.com\/blog\/wp-content\/uploads\/2013\/05\/forca-logo-ulcinj-ulqin.jpg","contentUrl":"https:\/\/www.visit-ulcinj.com\/blog\/wp-content\/uploads\/2013\/05\/forca-logo-ulcinj-ulqin.jpg","width":500,"height":481},{"@type":"WebPage","@id":"https:\/\/www.visit-ulcinj.com\/blog\/2013\/05\/26\/forca-reagon-ne-arrestimin-e-shqiptareve-ne-plave\/#webpage","url":"https:\/\/www.visit-ulcinj.com\/blog\/2013\/05\/26\/forca-reagon-ne-arrestimin-e-shqiptareve-ne-plave\/","name":"Forca reagon n\u00eb arrestimin e shqiptar\u00ebve n\u00eb Plav\u00eb - Lajme nga Ulqini","isPartOf":{"@id":"https:\/\/www.visit-ulcinj.com\/blog\/#website"},"primaryImageOfPage":{"@id":"https:\/\/www.visit-ulcinj.com\/blog\/2013\/05\/26\/forca-reagon-ne-arrestimin-e-shqiptareve-ne-plave\/#primaryimage"},"datePublished":"2013-05-26T15:48:01+00:00","dateModified":"2013-05-26T15:52:41+00:00","author":{"@id":"https:\/\/www.visit-ulcinj.com\/blog\/#\/schema\/person\/dcab619c614d3038751c63bc2aadc06d"},"description":"Reagim n\u00eb lidhje me arrestimin e shqiptar\u00ebve n\u00eb Plav\u00eb\u00a0\u00a0\u00a0\u00a0\u00a0\u00a0\u00a0\u00a0\u00a0\u00a0\u00a0\u00a0\u00a0\u00a0\u00a0\u00a0\u00a0\u00a0\u00a0\u00a0\u00a0\u00a0\u00a0\u00a0\u00a0\u00a0\u00a0\u00a0\u00a0\u00a0\u00a0\u00a0\u00a0\u00a0\u00a0\u00a0\u00a0\u00a0\u00a0\u00a0\u00a0\u00a0\u00a0\u00a0\u00a0\u00a0\u00a0\u00a0\u00a0\u00a0\u00a0\u00a0\u00a0\u00a0\u00a0\u00a0\u00a0\u00a0\u00a0\u00a0\u00a0\u00a0\u00a0\u00a0\u00a0\u00a0\u00a0\u00a0\u00a0\u00a0\u00a0\u00a0\u00a0\u00a0\u00a0\u00a0\u00a0\u00a0\u00a0\u00a0\u00a0\u00a0\u00a0\u00a0\u00a0\u00a0\u00a0","breadcrumb":{"@id":"https:\/\/www.visit-ulcinj.com\/blog\/2013\/05\/26\/forca-reagon-ne-arrestimin-e-shqiptareve-ne-plave\/#breadcrumb"},"inLanguage":"en-US","potentialAction":[{"@type":"ReadAction","target":["https:\/\/www.visit-ulcinj.com\/blog\/2013\/05\/26\/forca-reagon-ne-arrestimin-e-shqiptareve-ne-plave\/"]}]},{"@type":"BreadcrumbList","@id":"https:\/\/www.visit-ulcinj.com\/blog\/2013\/05\/26\/forca-reagon-ne-arrestimin-e-shqiptareve-ne-plave\/#breadcrumb","itemListElement":[{"@type":"ListItem","position":1,"name":"Forca reagon n\u00eb arrestimin e shqiptar\u00ebve n\u00eb Plav\u00eb"}]},{"@type":"Person","@id":"https:\/\/www.visit-ulcinj.com\/blog\/#\/schema\/person\/dcab619c614d3038751c63bc2aadc06d","name":"ulqini","sameAs":["http:\/\/www.visit-ulcinj.com"],"url":"https:\/\/www.visit-ulcinj.com\/blog\/author\/admin\/"}]}},"jetpack_featured_media_url":"","jetpack_sharing_enabled":true,"jetpack_shortlink":"https:\/\/wp.me\/pe6lTn-iF2","_links":{"self":[{"href":"https:\/\/www.visit-ulcinj.com\/blog\/wp-json\/wp\/v2\/posts\/71736"}],"collection":[{"href":"https:\/\/www.visit-ulcinj.com\/blog\/wp-json\/wp\/v2\/posts"}],"about":[{"href":"https:\/\/www.visit-ulcinj.com\/blog\/wp-json\/wp\/v2\/types\/post"}],"author":[{"embeddable":true,"href":"https:\/\/www.visit-ulcinj.com\/blog\/wp-json\/wp\/v2\/users\/1"}],"replies":[{"embeddable":true,"href":"https:\/\/www.visit-ulcinj.com\/blog\/wp-json\/wp\/v2\/comments?post=71736"}],"version-history":[{"count":2,"href":"https:\/\/www.visit-ulcinj.com\/blog\/wp-json\/wp\/v2\/posts\/71736\/revisions"}],"predecessor-version":[{"id":71739,"href":"https:\/\/www.visit-ulcinj.com\/blog\/wp-json\/wp\/v2\/posts\/71736\/revisions\/71739"}],"wp:attachment":[{"href":"https:\/\/www.visit-ulcinj.com\/blog\/wp-json\/wp\/v2\/media?parent=71736"}],"wp:term":[{"taxonomy":"category","embeddable":true,"href":"https:\/\/www.visit-ulcinj.com\/blog\/wp-json\/wp\/v2\/categories?post=71736"},{"taxonomy":"post_tag","embeddable":true,"href":"https:\/\/www.visit-ulcinj.com\/blog\/wp-json\/wp\/v2\/tags?post=71736"}],"curies":[{"name":"wp","href":"https:\/\/api.w.org\/{rel}","templated":true}]}}