{"id":718,"date":"2008-03-01T14:46:41","date_gmt":"2008-03-01T19:46:41","guid":{"rendered":"http:\/\/www.visit-ulcinj.com\/blog\/2008\/03\/01\/alarm-i-rrejshem-per-bombe-ne-kuvendin-e-malit-te-zi\/"},"modified":"2008-03-01T14:47:40","modified_gmt":"2008-03-01T19:47:40","slug":"alarm-i-rrejshem-per-bombe-ne-kuvendin-e-malit-te-zi","status":"publish","type":"post","link":"https:\/\/www.visit-ulcinj.com\/blog\/2008\/03\/01\/alarm-i-rrejshem-per-bombe-ne-kuvendin-e-malit-te-zi\/","title":{"rendered":"Alarm i rrejsh\u00ebm p\u00ebr bomb\u00eb n\u00eb Kuvendin e Malit t\u00eb Zi"},"content":{"rendered":"<p><a href=\"http:\/\/www.visit-ulcinj.com\/blog\/wp-content\/uploads\/2008\/02\/skupstina-crne-gore.jpg\" rel=\"lightbox[pics-1204400645]\" title=\"SKUP\u0160TINA CRNE GORE\"><img loading=\"lazy\" src=\"http:\/\/www.visit-ulcinj.com\/blog\/wp-content\/uploads\/2008\/02\/skupstina-crne-gore.thumbnail.jpg\" alt=\"SKUP\u0160TINA CRNE GORE\" align=\"left\" height=\"96\" width=\"128\" \/><\/a>Kuvendi i Malit t\u00eb Zi nd\u00ebrpreu seanc\u00ebn e s\u00eb enjtes rreth or\u00ebs 17:30, pas thirrjes anonime se n\u00eb nd\u00ebrtes\u00eb \u00ebsht\u00eb vendosur nj\u00eb bomb\u00eb, megjith\u00ebse m\u00eb von\u00eb doli se alarmi ishte i rrejsh\u00ebm.<br \/>\nPas hetimit t\u00eb detajuar q\u00eb e kryen nj\u00ebsitet speciale t\u00eb policis\u00eb u v\u00ebrtetua se n\u00eb nd\u00ebrtes\u00eb nuk kishte asnj\u00eb lloj eksplozivi, k\u00ebshtu q\u00eb deputet\u00ebt, personeli dhe gazetar\u00ebt u kthyen n\u00eb hap\u00ebsirat e Kuvendit. Menj\u00ebher\u00eb pas thirrjes seanca u nd\u00ebrpre, kurse deputet\u00ebt, personeli dhe gazetar\u00ebt u evakuuan nga nd\u00ebrtesa e Kuvendit dhe disa rrug\u00eb p\u00ebrreth Kuvendit u mbyll\u00ebn.<br \/>\nTrafiku u normalizua diku pas or\u00ebs 18. Seanca, n\u00eb t\u00eb cil\u00ebn po diskutohet p\u00ebr mandatarin e ri t\u00eb qeveris\u00eb, Milo Djukanoviq, dhe p\u00ebr ekspozeun e tij, pritej t\u00eb vazhdonte gjat\u00eb dit\u00ebs s\u00eb premte.<\/p>\n<p>Gazeta Express<\/p>\n","protected":false},"excerpt":{"rendered":"<p><img loading=\"lazy\" src=\"http:\/\/www.visit-ulcinj.com\/blog\/wp-content\/uploads\/2008\/02\/skupstina-crne-gore.thumbnail.jpg\" alt=\"SKUP\u0160TINA CRNE GORE\" align=\"left\" height=\"140\" width=\"140\" \/><\/p>\n","protected":false},"author":1,"featured_media":0,"comment_status":"open","ping_status":"closed","sticky":false,"template":"","format":"standard","meta":{"spay_email":"","jetpack_publicize_message":"","jetpack_is_tweetstorm":false,"jetpack_publicize_feature_enabled":true},"categories":[12],"tags":[1333,2050,528],"jetpack_publicize_connections":[],"yoast_head":"<!-- This site is optimized with the Yoast SEO plugin v19.1 - https:\/\/yoast.com\/wordpress\/plugins\/seo\/ -->\n<title>Alarm i rrejsh\u00ebm p\u00ebr bomb\u00eb n\u00eb Kuvendin e Malit t\u00eb Zi - Lajme nga Ulqini<\/title>\n<meta name=\"robots\" content=\"index, follow, max-snippet:-1, max-image-preview:large, max-video-preview:-1\" \/>\n<link rel=\"canonical\" href=\"https:\/\/www.visit-ulcinj.com\/blog\/2008\/03\/01\/alarm-i-rrejshem-per-bombe-ne-kuvendin-e-malit-te-zi\/\" \/>\n<meta property=\"og:locale\" content=\"en_US\" \/>\n<meta property=\"og:type\" content=\"article\" \/>\n<meta property=\"og:title\" content=\"Alarm i rrejsh\u00ebm p\u00ebr bomb\u00eb n\u00eb Kuvendin e Malit t\u00eb Zi - Lajme nga Ulqini\" \/>\n<meta property=\"og:url\" content=\"https:\/\/www.visit-ulcinj.com\/blog\/2008\/03\/01\/alarm-i-rrejshem-per-bombe-ne-kuvendin-e-malit-te-zi\/\" \/>\n<meta property=\"og:site_name\" content=\"Lajme nga Ulqini\" \/>\n<meta property=\"article:published_time\" content=\"2008-03-01T19:46:41+00:00\" \/>\n<meta property=\"article:modified_time\" content=\"2008-03-01T19:47:40+00:00\" \/>\n<meta property=\"og:image\" content=\"http:\/\/www.visit-ulcinj.com\/blog\/wp-content\/uploads\/2008\/02\/skupstina-crne-gore.thumbnail.jpg\" \/>\n<meta name=\"twitter:label1\" content=\"Written by\" \/>\n\t<meta name=\"twitter:data1\" content=\"ulqini\" \/>\n\t<meta name=\"twitter:label2\" content=\"Est. reading time\" \/>\n\t<meta name=\"twitter:data2\" content=\"1 minute\" \/>\n<script type=\"application\/ld+json\" class=\"yoast-schema-graph\">{\"@context\":\"https:\/\/schema.org\",\"@graph\":[{\"@type\":\"WebSite\",\"@id\":\"https:\/\/www.visit-ulcinj.com\/blog\/#website\",\"url\":\"https:\/\/www.visit-ulcinj.com\/blog\/\",\"name\":\"Lajme nga Ulqini\",\"description\":\"Lajme,Vijesti,Ulqini,Ulqin,Crna Gora,Mali i Zi\",\"potentialAction\":[{\"@type\":\"SearchAction\",\"target\":{\"@type\":\"EntryPoint\",\"urlTemplate\":\"https:\/\/www.visit-ulcinj.com\/blog\/?s={search_term_string}\"},\"query-input\":\"required name=search_term_string\"}],\"inLanguage\":\"en-US\"},{\"@type\":\"ImageObject\",\"inLanguage\":\"en-US\",\"@id\":\"https:\/\/www.visit-ulcinj.com\/blog\/2008\/03\/01\/alarm-i-rrejshem-per-bombe-ne-kuvendin-e-malit-te-zi\/#primaryimage\",\"url\":\"http:\/\/www.visit-ulcinj.com\/blog\/wp-content\/uploads\/2008\/02\/skupstina-crne-gore.thumbnail.jpg\",\"contentUrl\":\"http:\/\/www.visit-ulcinj.com\/blog\/wp-content\/uploads\/2008\/02\/skupstina-crne-gore.thumbnail.jpg\"},{\"@type\":\"WebPage\",\"@id\":\"https:\/\/www.visit-ulcinj.com\/blog\/2008\/03\/01\/alarm-i-rrejshem-per-bombe-ne-kuvendin-e-malit-te-zi\/#webpage\",\"url\":\"https:\/\/www.visit-ulcinj.com\/blog\/2008\/03\/01\/alarm-i-rrejshem-per-bombe-ne-kuvendin-e-malit-te-zi\/\",\"name\":\"Alarm i rrejsh\u00ebm p\u00ebr bomb\u00eb n\u00eb Kuvendin e Malit t\u00eb Zi - Lajme nga Ulqini\",\"isPartOf\":{\"@id\":\"https:\/\/www.visit-ulcinj.com\/blog\/#website\"},\"primaryImageOfPage\":{\"@id\":\"https:\/\/www.visit-ulcinj.com\/blog\/2008\/03\/01\/alarm-i-rrejshem-per-bombe-ne-kuvendin-e-malit-te-zi\/#primaryimage\"},\"datePublished\":\"2008-03-01T19:46:41+00:00\",\"dateModified\":\"2008-03-01T19:47:40+00:00\",\"author\":{\"@id\":\"https:\/\/www.visit-ulcinj.com\/blog\/#\/schema\/person\/dcab619c614d3038751c63bc2aadc06d\"},\"breadcrumb\":{\"@id\":\"https:\/\/www.visit-ulcinj.com\/blog\/2008\/03\/01\/alarm-i-rrejshem-per-bombe-ne-kuvendin-e-malit-te-zi\/#breadcrumb\"},\"inLanguage\":\"en-US\",\"potentialAction\":[{\"@type\":\"ReadAction\",\"target\":[\"https:\/\/www.visit-ulcinj.com\/blog\/2008\/03\/01\/alarm-i-rrejshem-per-bombe-ne-kuvendin-e-malit-te-zi\/\"]}]},{\"@type\":\"BreadcrumbList\",\"@id\":\"https:\/\/www.visit-ulcinj.com\/blog\/2008\/03\/01\/alarm-i-rrejshem-per-bombe-ne-kuvendin-e-malit-te-zi\/#breadcrumb\",\"itemListElement\":[{\"@type\":\"ListItem\",\"position\":1,\"name\":\"Alarm i rrejsh\u00ebm p\u00ebr bomb\u00eb n\u00eb Kuvendin e Malit t\u00eb Zi\"}]},{\"@type\":\"Person\",\"@id\":\"https:\/\/www.visit-ulcinj.com\/blog\/#\/schema\/person\/dcab619c614d3038751c63bc2aadc06d\",\"name\":\"ulqini\",\"sameAs\":[\"http:\/\/www.visit-ulcinj.com\"],\"url\":\"https:\/\/www.visit-ulcinj.com\/blog\/author\/admin\/\"}]}<\/script>\n<!-- \/ Yoast SEO plugin. -->","yoast_head_json":{"title":"Alarm i rrejsh\u00ebm p\u00ebr bomb\u00eb n\u00eb Kuvendin e Malit t\u00eb Zi - Lajme nga Ulqini","robots":{"index":"index","follow":"follow","max-snippet":"max-snippet:-1","max-image-preview":"max-image-preview:large","max-video-preview":"max-video-preview:-1"},"canonical":"https:\/\/www.visit-ulcinj.com\/blog\/2008\/03\/01\/alarm-i-rrejshem-per-bombe-ne-kuvendin-e-malit-te-zi\/","og_locale":"en_US","og_type":"article","og_title":"Alarm i rrejsh\u00ebm p\u00ebr bomb\u00eb n\u00eb Kuvendin e Malit t\u00eb Zi - Lajme nga Ulqini","og_url":"https:\/\/www.visit-ulcinj.com\/blog\/2008\/03\/01\/alarm-i-rrejshem-per-bombe-ne-kuvendin-e-malit-te-zi\/","og_site_name":"Lajme nga Ulqini","article_published_time":"2008-03-01T19:46:41+00:00","article_modified_time":"2008-03-01T19:47:40+00:00","og_image":[{"url":"http:\/\/www.visit-ulcinj.com\/blog\/wp-content\/uploads\/2008\/02\/skupstina-crne-gore.thumbnail.jpg"}],"twitter_misc":{"Written by":"ulqini","Est. reading time":"1 minute"},"schema":{"@context":"https:\/\/schema.org","@graph":[{"@type":"WebSite","@id":"https:\/\/www.visit-ulcinj.com\/blog\/#website","url":"https:\/\/www.visit-ulcinj.com\/blog\/","name":"Lajme nga Ulqini","description":"Lajme,Vijesti,Ulqini,Ulqin,Crna Gora,Mali i Zi","potentialAction":[{"@type":"SearchAction","target":{"@type":"EntryPoint","urlTemplate":"https:\/\/www.visit-ulcinj.com\/blog\/?s={search_term_string}"},"query-input":"required name=search_term_string"}],"inLanguage":"en-US"},{"@type":"ImageObject","inLanguage":"en-US","@id":"https:\/\/www.visit-ulcinj.com\/blog\/2008\/03\/01\/alarm-i-rrejshem-per-bombe-ne-kuvendin-e-malit-te-zi\/#primaryimage","url":"http:\/\/www.visit-ulcinj.com\/blog\/wp-content\/uploads\/2008\/02\/skupstina-crne-gore.thumbnail.jpg","contentUrl":"http:\/\/www.visit-ulcinj.com\/blog\/wp-content\/uploads\/2008\/02\/skupstina-crne-gore.thumbnail.jpg"},{"@type":"WebPage","@id":"https:\/\/www.visit-ulcinj.com\/blog\/2008\/03\/01\/alarm-i-rrejshem-per-bombe-ne-kuvendin-e-malit-te-zi\/#webpage","url":"https:\/\/www.visit-ulcinj.com\/blog\/2008\/03\/01\/alarm-i-rrejshem-per-bombe-ne-kuvendin-e-malit-te-zi\/","name":"Alarm i rrejsh\u00ebm p\u00ebr bomb\u00eb n\u00eb Kuvendin e Malit t\u00eb Zi - Lajme nga Ulqini","isPartOf":{"@id":"https:\/\/www.visit-ulcinj.com\/blog\/#website"},"primaryImageOfPage":{"@id":"https:\/\/www.visit-ulcinj.com\/blog\/2008\/03\/01\/alarm-i-rrejshem-per-bombe-ne-kuvendin-e-malit-te-zi\/#primaryimage"},"datePublished":"2008-03-01T19:46:41+00:00","dateModified":"2008-03-01T19:47:40+00:00","author":{"@id":"https:\/\/www.visit-ulcinj.com\/blog\/#\/schema\/person\/dcab619c614d3038751c63bc2aadc06d"},"breadcrumb":{"@id":"https:\/\/www.visit-ulcinj.com\/blog\/2008\/03\/01\/alarm-i-rrejshem-per-bombe-ne-kuvendin-e-malit-te-zi\/#breadcrumb"},"inLanguage":"en-US","potentialAction":[{"@type":"ReadAction","target":["https:\/\/www.visit-ulcinj.com\/blog\/2008\/03\/01\/alarm-i-rrejshem-per-bombe-ne-kuvendin-e-malit-te-zi\/"]}]},{"@type":"BreadcrumbList","@id":"https:\/\/www.visit-ulcinj.com\/blog\/2008\/03\/01\/alarm-i-rrejshem-per-bombe-ne-kuvendin-e-malit-te-zi\/#breadcrumb","itemListElement":[{"@type":"ListItem","position":1,"name":"Alarm i rrejsh\u00ebm p\u00ebr bomb\u00eb n\u00eb Kuvendin e Malit t\u00eb Zi"}]},{"@type":"Person","@id":"https:\/\/www.visit-ulcinj.com\/blog\/#\/schema\/person\/dcab619c614d3038751c63bc2aadc06d","name":"ulqini","sameAs":["http:\/\/www.visit-ulcinj.com"],"url":"https:\/\/www.visit-ulcinj.com\/blog\/author\/admin\/"}]}},"jetpack_featured_media_url":"","jetpack_sharing_enabled":true,"jetpack_shortlink":"https:\/\/wp.me\/pe6lTn-bA","_links":{"self":[{"href":"https:\/\/www.visit-ulcinj.com\/blog\/wp-json\/wp\/v2\/posts\/718"}],"collection":[{"href":"https:\/\/www.visit-ulcinj.com\/blog\/wp-json\/wp\/v2\/posts"}],"about":[{"href":"https:\/\/www.visit-ulcinj.com\/blog\/wp-json\/wp\/v2\/types\/post"}],"author":[{"embeddable":true,"href":"https:\/\/www.visit-ulcinj.com\/blog\/wp-json\/wp\/v2\/users\/1"}],"replies":[{"embeddable":true,"href":"https:\/\/www.visit-ulcinj.com\/blog\/wp-json\/wp\/v2\/comments?post=718"}],"version-history":[{"count":0,"href":"https:\/\/www.visit-ulcinj.com\/blog\/wp-json\/wp\/v2\/posts\/718\/revisions"}],"wp:attachment":[{"href":"https:\/\/www.visit-ulcinj.com\/blog\/wp-json\/wp\/v2\/media?parent=718"}],"wp:term":[{"taxonomy":"category","embeddable":true,"href":"https:\/\/www.visit-ulcinj.com\/blog\/wp-json\/wp\/v2\/categories?post=718"},{"taxonomy":"post_tag","embeddable":true,"href":"https:\/\/www.visit-ulcinj.com\/blog\/wp-json\/wp\/v2\/tags?post=718"}],"curies":[{"name":"wp","href":"https:\/\/api.w.org\/{rel}","templated":true}]}}