{"id":71804,"date":"2013-05-26T22:02:49","date_gmt":"2013-05-26T21:02:49","guid":{"rendered":"http:\/\/www.visit-ulcinj.com\/blog\/?p=71804"},"modified":"2013-05-26T22:03:12","modified_gmt":"2013-05-26T21:03:12","slug":"shkolla-fillore-marshali-tito-kremtoi-diten-e-saj","status":"publish","type":"post","link":"https:\/\/www.visit-ulcinj.com\/blog\/2013\/05\/26\/shkolla-fillore-marshali-tito-kremtoi-diten-e-saj\/","title":{"rendered":"Shkolla fillore \u201cMarshali Tito\u201d kremtoi dit\u00ebn e saj"},"content":{"rendered":"<p><strong><a href=\"http:\/\/www.visit-ulcinj.com\/blog\/wp-content\/uploads\/2013\/05\/Shkolla-marshali-Tito-Ulqin.jpg\"><img loading=\"lazy\" class=\"alignleft  wp-image-71805\" alt=\"Shkolla marshali Tito Ulqin\" src=\"http:\/\/www.visit-ulcinj.com\/blog\/wp-content\/uploads\/2013\/05\/Shkolla-marshali-Tito-Ulqin.jpg\" width=\"508\" height=\"360\" \/><\/a>Krenar p\u00ebr pun\u00ebn e vet<\/strong><\/p>\n<p><strong>Nga Gjek\u00eb Gjonaj<\/strong><\/p>\n<p>E premtja e kaluar\u00a0 ishte nj\u00eb dit\u00eb e ve\u00e7ant\u00eb p\u00ebr nx\u00ebn\u00ebsit\u00a0 dhe m\u00ebsimdh\u00ebn\u00ebsit e Shkoll\u00ebs fillore \u201c Marshali Tito\u201d n\u00eb Ulqin.\u00a0 At\u00eb dit\u00eb n\u00eb lokalet e k\u00ebsaj shkoll\u00eb me nj\u00eb tradit\u00eb\u00a0 t\u00eb\u00a0 gjat\u00eb\u00a0 t\u00eb pun\u00ebs s\u00eb suksesshme\u00a0 n\u00eb\u00a0 arsimimin dhe edukimin e\u00a0 nx\u00ebn\u00ebsve t\u00eb k\u00ebsaj komun\u00eb u\u00a0\u00a0 sh\u00ebnua \u00a025 maji &#8211; Dita\u00a0 e shkoll\u00ebs. T\u00eb pranish\u00ebm n\u00eb k\u00ebt\u00eb manifestim solemn ishin\u00a0 nx\u00ebn\u00ebs, m\u00ebsimdh\u00ebn\u00ebs, udh\u00ebheq\u00ebsia e shkoll\u00ebs, prind\u00ebr, ish arsimtar\u00eb t\u00eb k\u00ebsaj shkoll\u00eb, drejtor t\u00eb shkollave t\u00eb k\u00ebsaj komun\u00eb ,\u00a0 kryetari i Komun\u00ebs s\u00eb Ulqinit, Nazif Cungu, kryetari i parlamentit t\u00eb\u00a0 k\u00ebtij qyteti, Milazim Mustafa,\u00a0 p\u00ebrfaq\u00ebsues t\u00eb tjer\u00eb t\u00eb Komun\u00ebs s\u00eb Ulqinit, dhe p\u00ebrfaq\u00ebsues t\u00eb Policis\u00eb s\u00eb Ulqinit.<\/p>\n<p>Me nj\u00eb program kulturoro-artistik t\u00eb organizuar nga nx\u00ebn\u00ebsit e shkoll\u00ebs n\u00ebn mbikqyrjen e arsimtar\u00ebve t\u00eb gjuh\u00ebs shqipe, arsimtar\u00ebve t\u00eb kultur\u00ebs muzikore dhe t\u00eb tjer\u00ebve, e b\u00ebn\u00eb m\u00eb madh\u00ebshtor sh\u00ebnimin e dit\u00ebs s\u00eb shkoll\u00ebs. Fillimisht u intonua hymni i Malit t\u00eb Zi. M\u00eb pas ka vazhduar programi i larmish\u00ebm\u00a0 kulturoro-artistik\u00a0 n\u00eb gjuh\u00ebn shqipe, malazeze dhe angleze i g\u00ebrshetuar me recitime, k\u00ebng\u00eb, valle, interpretime n\u00eb piano,\u00a0\u00a0 violin\u00eb e koreografi t\u00eb tjera q\u00eb u p\u00eblqyen nga t\u00eb pranishmit.<\/p>\n<p><strong>Zadrima: Rezultatet\u00a0 e arritura flasin p\u00ebr\u00a0 pun\u00ebn ton\u00eb t\u00eb mir\u00eb<br \/>\n<a href=\"http:\/\/www.visit-ulcinj.com\/blog\/wp-content\/uploads\/2013\/05\/Martin-Zadrima_Direktor_-shkolla-fillore_Marsal-Tito_Ulqin.jpg\"><img loading=\"lazy\" class=\"alignleft  wp-image-71806\" alt=\"Martin-Zadrima_Direktor_-shkolla-fillore_Marsal-Tito_Ulqin\" src=\"http:\/\/www.visit-ulcinj.com\/blog\/wp-content\/uploads\/2013\/05\/Martin-Zadrima_Direktor_-shkolla-fillore_Marsal-Tito_Ulqin.jpg\" width=\"508\" height=\"340\" \/><\/a><br \/>\n<\/strong><\/p>\n<p>P\u00ebr rezultatet e arritura\u00a0 k\u00ebt\u00eb vit shkollor\u00a0 n\u00eb procesin edukativ dhe arsimor t\u00eb k\u00ebsaj shkoll\u00eb, foli\u00a0 Martin Zadrima , drejtor i shkoll\u00ebs.<\/p>\n<p>Ai e vler\u00ebsoi pun\u00ebn e personelit arsimor n\u00eb k\u00ebt\u00eb shkoll\u00eb, duke th\u00ebn\u00eb se vet\u00eb rezultatet e treguara dhe suksesi i nx\u00ebn\u00ebsve flasin m\u00eb s\u00eb miri p\u00ebr pun\u00ebn\u00a0 ton\u00eb t\u00eb mir\u00eb.<\/p>\n<p>\u201c Sa i p\u00ebrket suksesit\u00a0 t\u00eb p\u00ebrgjithsh\u00ebm n\u00eb nivel t\u00eb shkoll\u00ebs\u00a0 80 p\u00ebr qind e\u00a0 nx\u00ebn\u00ebsve kan\u00eb arrijt\u00eb sukses pozitiv.\u00a0 Nga\u00a0 gjasht\u00eb paralele t\u00eb klas\u00ebve t\u00eb n\u00ebnta q\u00eb p\u00ebrfunduan vitin shkollor, 99 nx\u00ebn\u00ebs kan\u00eb treguar rezultat pozitiv,\u00a0 t\u00eb shk\u00eblqyesh\u00ebm jan\u00eb 38, prej t\u00eb cil\u00ebve 16\u00a0 jan\u00eb fitues t\u00eb diplom\u00ebs \u201c Llu\u00e7a\u201d:\u00a0 Ajdina Metanoviq ( nx\u00ebn\u00ebsja m\u00eb e mir\u00eb\u00a0 e gjenarat\u00ebs)\u00a0 Besart Hoxhiq, Rajmond Gjonaj, Blendi \u00c7apriqi, Miranda Maku,\u00a0 Leudrita Mustafa, Antoneta Elezoviq, Aksa Murati, Maida Gjoni, Marina Luliq, Kristina Junkoviq, Lenka Llalloviq, Katarina Marnikoviq, Nagja\u00a0 Nuculloviq, Amella Muriq dhe\u00a0 Katarina Kujunxhiq.<\/p>\n<p>Edhe sivjet nx\u00ebn\u00ebsit tan\u00eb kan\u00eb marr\u00eb pjes\u00eb n\u00eb gara shtet\u00ebrore n\u00eb disa l\u00ebnd\u00eb. Sukses t\u00eb lart\u00eb\u00a0 ve\u00e7mas treguan\u00a0 Ajdina Metanoviq dhe\u00a0 Marina Luliq nga gjuha\u00a0 gjermane, t\u00eb cilat\u00a0 zun\u00eb vendin e dyt\u00eb dhe tret\u00eb\u00a0 n\u00eb nivel shtet\u00ebror, kurse mentori i tyre i gjuh\u00ebs gjermane\u00a0 Bernd Vogel u shpall\u00a0 me merit\u00eb mentori m\u00eb i mir\u00eb n\u00eb Mal t\u00eb Zi n\u00eb kat\u00ebr vitet e fundit, i cili \u00ebsht\u00eb nd\u00ebr profesor\u00ebt e rrall\u00eb\u00a0 q\u00eb m\u00ebsimin\u00a0 n\u00eb or\u00eb e shpjegon\u00a0 n\u00eb\u00a0 m\u00ebnyr\u00eb interesante p\u00ebrmes loj\u00ebs dhe\u00a0\u00a0 komunikimit\u00a0 t\u00eb vazhduesh\u00ebm n\u00eb gjuh\u00ebn gjermane\u201d, tha Zadrima. Sipas tij\u00a0 k\u00ebto rezultate\u00a0 dhe ky\u00a0\u00a0 sukses i\u00a0 nx\u00ebn\u00ebsve\u00a0 \u00ebsht\u00eb\u00a0\u00a0\u00a0 arrijt\u00eb fal\u00eb\u00a0 organizimit t\u00eb mir\u00eb t\u00eb pun\u00ebs\u00a0 s\u00eb arsimtar\u00ebve dhe besimit q\u00eb tregojn\u00eb nga viti n\u00eb vit prind\u00ebrit p\u00ebr pun\u00ebn ton\u00eb.<\/p>\n<p><a href=\"http:\/\/www.visit-ulcinj.com\/blog\/wp-content\/uploads\/2013\/05\/Osnovna-Skolla-Marsal-Tito_Ulcinj.jpg\"><img loading=\"lazy\" class=\"alignleft  wp-image-71807\" alt=\"Osnovna-Skolla-Marsal-Tito_Ulcinj\" src=\"http:\/\/www.visit-ulcinj.com\/blog\/wp-content\/uploads\/2013\/05\/Osnovna-Skolla-Marsal-Tito_Ulcinj.jpg\" width=\"508\" height=\"340\" \/><\/a><\/p>\n<p><strong>\u00a0Njer\u00ebz t\u00eb vegj\u00ebl dhe t\u00eb\u00a0 m\u00ebdhenj<\/strong><\/p>\n<p>M\u00ebsimdh\u00ebn\u00ebsit e shkoll\u00ebs, Abdullah Kurti,\u00a0\u00a0\u00a0 Mefit Tela, Abaz Mustafa, Muho Ceka, Rudi Goga, Hinda Llolla, Emina Muja, Martin\u00a0 Kocoviq, Lubo Llukiq\u00a0\u00a0 e t\u00eb tjer\u00eb\u00a0 thon\u00eb\u00a0 fjal\u00eb\u00a0 t\u00eb mira p\u00ebr\u00a0 nx\u00ebn\u00ebsit e tyre,\u00a0 p\u00ebr t\u00eb cil\u00ebt shprehen se tashm\u00eb nuk jan\u00eb m\u00eb\u00a0 f\u00ebmij\u00eb t\u00eb vegj\u00ebl, por njer\u00ebz t\u00eb rritur. T\u00eb gjith\u00eb\u00a0 m\u00ebsimdh\u00ebn\u00ebsit e shkoll\u00ebs\u00a0 deklarohen\u00a0 t\u00eb k\u00ebnaqur\u00a0 me suksesin\u00a0 e nx\u00ebn\u00ebsve si n\u00eb aktivitete m\u00ebsimore ashtu edhe jasht\u00eb tyre. \u201c K\u00ebt\u00eb gjenerat\u00eb, e cila sivjet p\u00ebr her\u00eb t\u00eb par\u00eb do t\u00eb jap\u00eb provim matur\u00ebn\u00a0 e vog\u00ebl,\u00a0\u00a0 e karakterizon\u00a0 edukata, sjellja e mir\u00eb e cila\u00a0 v\u00ebrehet\u00a0 p\u00ebrmes nderimit t\u00eb m\u00ebsimdh\u00ebn\u00ebsve, respektimit t\u00eb nd\u00ebrsjellt\u00eb\u00a0 dhe\u00a0\u00a0 toleranc\u00ebs. Ndjehemi krenar dhe fatlum p\u00ebr k\u00ebt\u00eb gjenerat\u00eb t\u00eb gjysm\u00ebmaturant\u00ebve\u00a0 e cila\u00a0 tek ne ka l\u00ebn\u00eb p\u00ebrshtypje t\u00eb\u00a0 m\u00ebdha. Me\u00a0 arsye\u00a0 mund t\u00eb lavd\u00ebrohemi me rezultatet e arritura n\u00eb procesin edukativo-arsimor t\u00eb nx\u00ebn\u00ebsave tan\u00eb, gj\u00eb t\u00eb cil\u00ebn e d\u00ebshmojn\u00eb 16\u00a0 mir\u00ebnjohje prestigjioze \u201c Llu\u00e7a\u201d,\u00a0 thon\u00eb me sinqeritet\u00a0 m\u00ebsimdh\u00ebn\u00ebsit, duke u uruar nx\u00ebn\u00ebsve t\u00eb tyre\u00a0 t\u00eb jen\u00eb t\u00eb mir\u00eb e t\u00eb suksessh\u00ebm , sikur kan\u00eb qen\u00eb n\u00eb shkoll\u00ebn fillore,\u00a0 t\u00eb ken\u00eb\u00a0 sh\u00ebndet dhe fat n\u00eb jet\u00ebn e tyre.<\/p>\n<p><strong>\u00a0Shkolla fillore \u00ebsht\u00eb di\u00e7ka q\u00eb nuk harrohet<\/strong><\/p>\n<p>Gjysm\u00ebmaturant\u00ebve shembullor\u00eb dhe\u00a0 atyre me sukses t\u00eb shk\u00eblqyesh\u00ebm t\u00eb k\u00ebsaj shkoll\u00eb\u00a0 u vjen mir\u00eb p\u00ebr suksesin\u00a0 e arritur. Ata thon\u00eb se\u00a0 p\u00ebr t\u00eb arritur k\u00ebt\u00eb sukses u \u00ebsht\u00eb dashur t\u00eb m\u00ebsojn\u00eb n\u00eb m\u00ebnyr\u00eb sistematike, duke\u00a0 shtuar se p\u00ebr suksesin e tyre\u00a0 meritat m\u00eb t\u00eb m\u00ebdha i kan\u00eb m\u00ebsimdh\u00ebn\u00ebsit dhe prind\u00ebrit e tyre t\u00eb cil\u00ebt i kan\u00eb p\u00ebrkrahur\u00a0 q\u00eb nga takimi i par\u00eb me m\u00ebsuesin n\u00eb\u00a0 foshnjore. Por ajo q\u00eb ata\u00a0 do ta mbajn\u00eb mend\u00a0 gjithmon\u00eb sigurisht jan\u00eb dit\u00ebt\u00a0 e p\u00ebrbashk\u00ebta shkollore.\u00a0 \u201c\u00a0 Na vjen keq q\u00eb\u00a0 e lam\u00eb shkoll\u00ebn fillore, sepse\u00a0 p\u00ebr t\u00eb mbajm\u00eb shum\u00eb kujtime. Ajo \u00ebsht\u00eb di\u00e7ka q\u00eb nuk harrohet\u201d, thon\u00eb\u00a0 shoqet e klas\u00ebs Leudrita, Lejla, Antoneta, Emina dhe\u00a0 Miranda. Ngjash\u00ebm shprehen edhe\u00a0\u00a0 shok\u00ebt e tyre Besarti, Blendi, Rajmondi, Arlindi dhe Fitori . \u201cGjat\u00eb shkollimit n\u00ebnt\u00ebvje\u00e7ar\u00a0 kemi patur momente t\u00eb bukura.Jemi shoq\u00ebruar me nj\u00ebri-tjetrin. S\u00eb bashku kemi kaluar mjaft\u00a0 \u00e7aste t\u00eb k\u00ebnaqshme, t\u00eb cilat nuk do t\u2019i harrojm\u00eb kurr\u00eb, sikurse as m\u00ebsimdh\u00ebn\u00ebsit tan\u00eb t\u00eb dashur nga t\u00eb cil\u00ebt m\u00ebsuam q\u00eb\u00a0 t\u00eb b\u00ebhemi njer\u00ebz t\u00eb ditur dhe t\u00eb kulturuar\u201d, pohojn\u00eb ata dhe shtojn\u00eb se nuk kan\u00eb frik\u00eb nga matura e vog\u00ebl, sepse p\u00ebr k\u00ebt\u00eb provim nga gjuha shqipe, matematika dhe l\u00ebnda zgjedh\u00ebse\u00a0 i kan\u00eb p\u00ebrgatitur profesor\u00ebt e tyre.<br \/>\n<a href=\"http:\/\/www.visit-ulcinj.com\/blog\/wp-content\/uploads\/2013\/05\/Osnovna-Skolla-Marsal-Tito_Ulcinj.1.jpg\"><img loading=\"lazy\" class=\"alignleft  wp-image-71808\" alt=\"Osnovna-Skolla-Marsal-Tito_Ulcinj.1\" src=\"http:\/\/www.visit-ulcinj.com\/blog\/wp-content\/uploads\/2013\/05\/Osnovna-Skolla-Marsal-Tito_Ulcinj.1.jpg\" width=\"508\" height=\"340\" \/><\/a><\/p>\n<p><strong>Revista e shkoll\u00ebs \u201c Fjala jon\u00eb\u201d<br \/>\n<\/strong><\/p>\n<p>Me rastin e sh\u00ebnimit t\u00eb dit\u00ebs s\u00eb shkoll\u00ebs\u00a0\u00a0 u promovua\u00a0 numri 9-t\u00eb i revist\u00ebs\u00a0\u00a0\u00a0 shkollore \u201c Fjala jon\u00eb\u201d n\u00eb gjuh\u00ebn shqipe dhe gjuh\u00ebn malazeze. N\u00eb faqet e k\u00ebsaj reviste\u00a0 jan\u00eb botuar\u00a0 punime t\u00eb nx\u00ebn\u00ebsve t\u00eb talentuar n\u00eb l\u00ebmi t\u00eb ndryshme, artikuj , ku b\u00ebhet fjal\u00eb p\u00ebr\u00a0 suksesin e nx\u00ebn\u00ebsve t\u00eb dalluar n\u00eb shkoll\u00eb dhe jasht\u00eb saj,\u00a0\u00a0 garat e ndryshme\u00a0 shkollore, komunale, shtet\u00ebrore dhe\u00a0 nd\u00ebrkomb\u00ebtare.\u00a0\u00a0 Poashtu\u00a0\u00a0 n\u00eb faqet e k\u00ebsaj reviste\u00a0\u00a0 kan\u00eb z\u00ebn\u00eb vend\u00a0 edhe\u00a0 ngjarje e aktivitete t\u00eb ndryshme punuese dhe organizative t\u00eb k\u00ebsaj shkoll\u00eb gjat\u00eb k\u00ebtij viti shkollor, pastaj punime letrare t\u00eb nx\u00ebn\u00ebsve n\u00eb poezi dhe proz\u00eb, fjal\u00eb t\u00eb urta popullore, kuriozitete, kuizi, fjal\u00ebkryqi, punime artistike nga l\u00ebnda e artit figurtaiv t\u00eb nx\u00ebn\u00ebsve , anketa me nx\u00ebn\u00ebs, dhe preferencat e\u00a0\u00a0 nx\u00ebn\u00ebsve nga fusha e muzik\u00ebs, filmit dhe let\u00ebrsis\u00eb.<\/p>\n<p>&nbsp;<\/p>\n<p><strong>Mesazh urimi<\/strong><\/p>\n<p>Natyrsiht se t\u00eb gjith\u00eb nx\u00ebn\u00ebsit nuk kan\u00eb\u00a0 mundur t\u00eb jen\u00eb nj\u00eblloj t\u00eb suksessh\u00ebm ,por tani kan\u00eb mund\u00ebsin\u00eb dhe rastin t\u00eb zgjedhin at\u00eb q\u00eb d\u00ebshirojn\u00eb, at\u00eb q\u00eb u intereson . Ajo \u00e7ka \u00ebsht\u00eb m\u00eb e r\u00ebnd\u00ebsishme \u00ebsht\u00eb fakti q\u00eb gjat\u00eb shkollimit t\u00eb m\u00ebtejsh\u00ebm t\u00eb jeni njer\u00ebz t\u00eb mir\u00eb.\u00a0 Dhe\u00a0 k\u00ebt\u00eb\u00a0 u lutemi\u00a0 q\u00eb gjithmon\u00eb ta keni n\u00eb mendje. Sepse fitimi m\u00eb i madh i shkoll\u00ebs, i shoq\u00ebris\u00eb dhe i prind\u00ebrve\u00a0 tuaj\u00a0\u00a0 \u00ebsht\u00eb\u00a0 q\u00eb\u00a0 ju\u00a0 t\u00eb formoheni\u00a0 si njer\u00ebz t\u00eb dobish\u00ebm. M\u00ebsoni, m\u00ebsoni dhe vet\u00ebm m\u00ebsoni. M\u00ebsimi ju ofron sfida t\u00eb shumta.<\/p>\n<p>&nbsp;<\/p>\n<p>&nbsp;<\/p>\n","protected":false},"excerpt":{"rendered":"<p>Krenar p\u00ebr pun\u00ebn e vet Nga Gjek\u00eb Gjonaj E premtja e kaluar\u00a0 ishte nj\u00eb dit\u00eb e ve\u00e7ant\u00eb p\u00ebr nx\u00ebn\u00ebsit\u00a0 dhe m\u00ebsimdh\u00ebn\u00ebsit e Shkoll\u00ebs fillore \u201c Marshali Tito\u201d n\u00eb Ulqin.\u00a0 At\u00eb dit\u00eb n\u00eb lokalet e k\u00ebsaj shkoll\u00eb me nj\u00eb tradit\u00eb\u00a0 t\u00eb\u00a0 gjat\u00eb\u00a0 t\u00eb pun\u00ebs s\u00eb suksesshme\u00a0 n\u00eb\u00a0 arsimimin dhe edukimin e\u00a0 nx\u00ebn\u00ebsve t\u00eb k\u00ebsaj komun\u00eb u\u00a0\u00a0 [&hellip;]<\/p>\n","protected":false},"author":1,"featured_media":0,"comment_status":"open","ping_status":"closed","sticky":false,"template":"","format":"standard","meta":{"spay_email":"","jetpack_publicize_message":"","jetpack_is_tweetstorm":false,"jetpack_publicize_feature_enabled":true},"categories":[4],"tags":[],"jetpack_publicize_connections":[],"yoast_head":"<!-- This site is optimized with the Yoast SEO plugin v19.1 - https:\/\/yoast.com\/wordpress\/plugins\/seo\/ -->\n<title>Shkolla fillore \u201cMarshali Tito\u201d kremtoi dit\u00ebn e saj - Lajme nga Ulqini<\/title>\n<meta name=\"description\" content=\"Krenar p\u00ebr pun\u00ebn e vet Nga Gjek\u00eb Gjonaj E premtja e kaluar\u00a0 ishte nj\u00eb dit\u00eb e ve\u00e7ant\u00eb p\u00ebr nx\u00ebn\u00ebsit\u00a0 dhe m\u00ebsimdh\u00ebn\u00ebsit e Shkoll\u00ebs fillore \u201c Marshali Tito\u201d\" \/>\n<meta name=\"robots\" content=\"index, follow, max-snippet:-1, max-image-preview:large, max-video-preview:-1\" \/>\n<link rel=\"canonical\" href=\"https:\/\/www.visit-ulcinj.com\/blog\/2013\/05\/26\/shkolla-fillore-marshali-tito-kremtoi-diten-e-saj\/\" \/>\n<meta property=\"og:locale\" content=\"en_US\" \/>\n<meta property=\"og:type\" content=\"article\" \/>\n<meta property=\"og:title\" content=\"Shkolla fillore \u201cMarshali Tito\u201d kremtoi dit\u00ebn e saj - Lajme nga Ulqini\" \/>\n<meta property=\"og:description\" content=\"Krenar p\u00ebr pun\u00ebn e vet Nga Gjek\u00eb Gjonaj E premtja e kaluar\u00a0 ishte nj\u00eb dit\u00eb e ve\u00e7ant\u00eb p\u00ebr nx\u00ebn\u00ebsit\u00a0 dhe m\u00ebsimdh\u00ebn\u00ebsit e Shkoll\u00ebs fillore \u201c Marshali Tito\u201d\" \/>\n<meta property=\"og:url\" content=\"https:\/\/www.visit-ulcinj.com\/blog\/2013\/05\/26\/shkolla-fillore-marshali-tito-kremtoi-diten-e-saj\/\" \/>\n<meta property=\"og:site_name\" content=\"Lajme nga Ulqini\" \/>\n<meta property=\"article:published_time\" content=\"2013-05-26T21:02:49+00:00\" \/>\n<meta property=\"article:modified_time\" content=\"2013-05-26T21:03:12+00:00\" \/>\n<meta property=\"og:image\" content=\"http:\/\/www.visit-ulcinj.com\/blog\/wp-content\/uploads\/2013\/05\/Shkolla-marshali-Tito-Ulqin.jpg\" \/>\n<meta name=\"twitter:label1\" content=\"Written by\" \/>\n\t<meta name=\"twitter:data1\" content=\"ulqini\" \/>\n\t<meta name=\"twitter:label2\" content=\"Est. reading time\" \/>\n\t<meta name=\"twitter:data2\" content=\"7 minutes\" \/>\n<script type=\"application\/ld+json\" class=\"yoast-schema-graph\">{\"@context\":\"https:\/\/schema.org\",\"@graph\":[{\"@type\":\"WebSite\",\"@id\":\"https:\/\/www.visit-ulcinj.com\/blog\/#website\",\"url\":\"https:\/\/www.visit-ulcinj.com\/blog\/\",\"name\":\"Lajme nga Ulqini\",\"description\":\"Lajme,Vijesti,Ulqini,Ulqin,Crna Gora,Mali i Zi\",\"potentialAction\":[{\"@type\":\"SearchAction\",\"target\":{\"@type\":\"EntryPoint\",\"urlTemplate\":\"https:\/\/www.visit-ulcinj.com\/blog\/?s={search_term_string}\"},\"query-input\":\"required name=search_term_string\"}],\"inLanguage\":\"en-US\"},{\"@type\":\"ImageObject\",\"inLanguage\":\"en-US\",\"@id\":\"https:\/\/www.visit-ulcinj.com\/blog\/2013\/05\/26\/shkolla-fillore-marshali-tito-kremtoi-diten-e-saj\/#primaryimage\",\"url\":\"https:\/\/www.visit-ulcinj.com\/blog\/wp-content\/uploads\/2013\/05\/Shkolla-marshali-Tito-Ulqin.jpg\",\"contentUrl\":\"https:\/\/www.visit-ulcinj.com\/blog\/wp-content\/uploads\/2013\/05\/Shkolla-marshali-Tito-Ulqin.jpg\",\"width\":606,\"height\":455},{\"@type\":\"WebPage\",\"@id\":\"https:\/\/www.visit-ulcinj.com\/blog\/2013\/05\/26\/shkolla-fillore-marshali-tito-kremtoi-diten-e-saj\/#webpage\",\"url\":\"https:\/\/www.visit-ulcinj.com\/blog\/2013\/05\/26\/shkolla-fillore-marshali-tito-kremtoi-diten-e-saj\/\",\"name\":\"Shkolla fillore \u201cMarshali Tito\u201d kremtoi dit\u00ebn e saj - Lajme nga Ulqini\",\"isPartOf\":{\"@id\":\"https:\/\/www.visit-ulcinj.com\/blog\/#website\"},\"primaryImageOfPage\":{\"@id\":\"https:\/\/www.visit-ulcinj.com\/blog\/2013\/05\/26\/shkolla-fillore-marshali-tito-kremtoi-diten-e-saj\/#primaryimage\"},\"datePublished\":\"2013-05-26T21:02:49+00:00\",\"dateModified\":\"2013-05-26T21:03:12+00:00\",\"author\":{\"@id\":\"https:\/\/www.visit-ulcinj.com\/blog\/#\/schema\/person\/dcab619c614d3038751c63bc2aadc06d\"},\"description\":\"Krenar p\u00ebr pun\u00ebn e vet Nga Gjek\u00eb Gjonaj E premtja e kaluar\u00a0 ishte nj\u00eb dit\u00eb e ve\u00e7ant\u00eb p\u00ebr nx\u00ebn\u00ebsit\u00a0 dhe m\u00ebsimdh\u00ebn\u00ebsit e Shkoll\u00ebs fillore \u201c Marshali Tito\u201d\",\"breadcrumb\":{\"@id\":\"https:\/\/www.visit-ulcinj.com\/blog\/2013\/05\/26\/shkolla-fillore-marshali-tito-kremtoi-diten-e-saj\/#breadcrumb\"},\"inLanguage\":\"en-US\",\"potentialAction\":[{\"@type\":\"ReadAction\",\"target\":[\"https:\/\/www.visit-ulcinj.com\/blog\/2013\/05\/26\/shkolla-fillore-marshali-tito-kremtoi-diten-e-saj\/\"]}]},{\"@type\":\"BreadcrumbList\",\"@id\":\"https:\/\/www.visit-ulcinj.com\/blog\/2013\/05\/26\/shkolla-fillore-marshali-tito-kremtoi-diten-e-saj\/#breadcrumb\",\"itemListElement\":[{\"@type\":\"ListItem\",\"position\":1,\"name\":\"Shkolla fillore \u201cMarshali Tito\u201d kremtoi dit\u00ebn e saj\"}]},{\"@type\":\"Person\",\"@id\":\"https:\/\/www.visit-ulcinj.com\/blog\/#\/schema\/person\/dcab619c614d3038751c63bc2aadc06d\",\"name\":\"ulqini\",\"sameAs\":[\"http:\/\/www.visit-ulcinj.com\"],\"url\":\"https:\/\/www.visit-ulcinj.com\/blog\/author\/admin\/\"}]}<\/script>\n<!-- \/ Yoast SEO plugin. -->","yoast_head_json":{"title":"Shkolla fillore \u201cMarshali Tito\u201d kremtoi dit\u00ebn e saj - Lajme nga Ulqini","description":"Krenar p\u00ebr pun\u00ebn e vet Nga Gjek\u00eb Gjonaj E premtja e kaluar\u00a0 ishte nj\u00eb dit\u00eb e ve\u00e7ant\u00eb p\u00ebr nx\u00ebn\u00ebsit\u00a0 dhe m\u00ebsimdh\u00ebn\u00ebsit e Shkoll\u00ebs fillore \u201c Marshali Tito\u201d","robots":{"index":"index","follow":"follow","max-snippet":"max-snippet:-1","max-image-preview":"max-image-preview:large","max-video-preview":"max-video-preview:-1"},"canonical":"https:\/\/www.visit-ulcinj.com\/blog\/2013\/05\/26\/shkolla-fillore-marshali-tito-kremtoi-diten-e-saj\/","og_locale":"en_US","og_type":"article","og_title":"Shkolla fillore \u201cMarshali Tito\u201d kremtoi dit\u00ebn e saj - Lajme nga Ulqini","og_description":"Krenar p\u00ebr pun\u00ebn e vet Nga Gjek\u00eb Gjonaj E premtja e kaluar\u00a0 ishte nj\u00eb dit\u00eb e ve\u00e7ant\u00eb p\u00ebr nx\u00ebn\u00ebsit\u00a0 dhe m\u00ebsimdh\u00ebn\u00ebsit e Shkoll\u00ebs fillore \u201c Marshali Tito\u201d","og_url":"https:\/\/www.visit-ulcinj.com\/blog\/2013\/05\/26\/shkolla-fillore-marshali-tito-kremtoi-diten-e-saj\/","og_site_name":"Lajme nga Ulqini","article_published_time":"2013-05-26T21:02:49+00:00","article_modified_time":"2013-05-26T21:03:12+00:00","og_image":[{"url":"http:\/\/www.visit-ulcinj.com\/blog\/wp-content\/uploads\/2013\/05\/Shkolla-marshali-Tito-Ulqin.jpg"}],"twitter_misc":{"Written by":"ulqini","Est. reading time":"7 minutes"},"schema":{"@context":"https:\/\/schema.org","@graph":[{"@type":"WebSite","@id":"https:\/\/www.visit-ulcinj.com\/blog\/#website","url":"https:\/\/www.visit-ulcinj.com\/blog\/","name":"Lajme nga Ulqini","description":"Lajme,Vijesti,Ulqini,Ulqin,Crna Gora,Mali i Zi","potentialAction":[{"@type":"SearchAction","target":{"@type":"EntryPoint","urlTemplate":"https:\/\/www.visit-ulcinj.com\/blog\/?s={search_term_string}"},"query-input":"required name=search_term_string"}],"inLanguage":"en-US"},{"@type":"ImageObject","inLanguage":"en-US","@id":"https:\/\/www.visit-ulcinj.com\/blog\/2013\/05\/26\/shkolla-fillore-marshali-tito-kremtoi-diten-e-saj\/#primaryimage","url":"https:\/\/www.visit-ulcinj.com\/blog\/wp-content\/uploads\/2013\/05\/Shkolla-marshali-Tito-Ulqin.jpg","contentUrl":"https:\/\/www.visit-ulcinj.com\/blog\/wp-content\/uploads\/2013\/05\/Shkolla-marshali-Tito-Ulqin.jpg","width":606,"height":455},{"@type":"WebPage","@id":"https:\/\/www.visit-ulcinj.com\/blog\/2013\/05\/26\/shkolla-fillore-marshali-tito-kremtoi-diten-e-saj\/#webpage","url":"https:\/\/www.visit-ulcinj.com\/blog\/2013\/05\/26\/shkolla-fillore-marshali-tito-kremtoi-diten-e-saj\/","name":"Shkolla fillore \u201cMarshali Tito\u201d kremtoi dit\u00ebn e saj - Lajme nga Ulqini","isPartOf":{"@id":"https:\/\/www.visit-ulcinj.com\/blog\/#website"},"primaryImageOfPage":{"@id":"https:\/\/www.visit-ulcinj.com\/blog\/2013\/05\/26\/shkolla-fillore-marshali-tito-kremtoi-diten-e-saj\/#primaryimage"},"datePublished":"2013-05-26T21:02:49+00:00","dateModified":"2013-05-26T21:03:12+00:00","author":{"@id":"https:\/\/www.visit-ulcinj.com\/blog\/#\/schema\/person\/dcab619c614d3038751c63bc2aadc06d"},"description":"Krenar p\u00ebr pun\u00ebn e vet Nga Gjek\u00eb Gjonaj E premtja e kaluar\u00a0 ishte nj\u00eb dit\u00eb e ve\u00e7ant\u00eb p\u00ebr nx\u00ebn\u00ebsit\u00a0 dhe m\u00ebsimdh\u00ebn\u00ebsit e Shkoll\u00ebs fillore \u201c Marshali Tito\u201d","breadcrumb":{"@id":"https:\/\/www.visit-ulcinj.com\/blog\/2013\/05\/26\/shkolla-fillore-marshali-tito-kremtoi-diten-e-saj\/#breadcrumb"},"inLanguage":"en-US","potentialAction":[{"@type":"ReadAction","target":["https:\/\/www.visit-ulcinj.com\/blog\/2013\/05\/26\/shkolla-fillore-marshali-tito-kremtoi-diten-e-saj\/"]}]},{"@type":"BreadcrumbList","@id":"https:\/\/www.visit-ulcinj.com\/blog\/2013\/05\/26\/shkolla-fillore-marshali-tito-kremtoi-diten-e-saj\/#breadcrumb","itemListElement":[{"@type":"ListItem","position":1,"name":"Shkolla fillore \u201cMarshali Tito\u201d kremtoi dit\u00ebn e saj"}]},{"@type":"Person","@id":"https:\/\/www.visit-ulcinj.com\/blog\/#\/schema\/person\/dcab619c614d3038751c63bc2aadc06d","name":"ulqini","sameAs":["http:\/\/www.visit-ulcinj.com"],"url":"https:\/\/www.visit-ulcinj.com\/blog\/author\/admin\/"}]}},"jetpack_featured_media_url":"","jetpack_sharing_enabled":true,"jetpack_shortlink":"https:\/\/wp.me\/pe6lTn-iG8","_links":{"self":[{"href":"https:\/\/www.visit-ulcinj.com\/blog\/wp-json\/wp\/v2\/posts\/71804"}],"collection":[{"href":"https:\/\/www.visit-ulcinj.com\/blog\/wp-json\/wp\/v2\/posts"}],"about":[{"href":"https:\/\/www.visit-ulcinj.com\/blog\/wp-json\/wp\/v2\/types\/post"}],"author":[{"embeddable":true,"href":"https:\/\/www.visit-ulcinj.com\/blog\/wp-json\/wp\/v2\/users\/1"}],"replies":[{"embeddable":true,"href":"https:\/\/www.visit-ulcinj.com\/blog\/wp-json\/wp\/v2\/comments?post=71804"}],"version-history":[{"count":2,"href":"https:\/\/www.visit-ulcinj.com\/blog\/wp-json\/wp\/v2\/posts\/71804\/revisions"}],"predecessor-version":[{"id":71810,"href":"https:\/\/www.visit-ulcinj.com\/blog\/wp-json\/wp\/v2\/posts\/71804\/revisions\/71810"}],"wp:attachment":[{"href":"https:\/\/www.visit-ulcinj.com\/blog\/wp-json\/wp\/v2\/media?parent=71804"}],"wp:term":[{"taxonomy":"category","embeddable":true,"href":"https:\/\/www.visit-ulcinj.com\/blog\/wp-json\/wp\/v2\/categories?post=71804"},{"taxonomy":"post_tag","embeddable":true,"href":"https:\/\/www.visit-ulcinj.com\/blog\/wp-json\/wp\/v2\/tags?post=71804"}],"curies":[{"name":"wp","href":"https:\/\/api.w.org\/{rel}","templated":true}]}}