{"id":71813,"date":"2013-05-27T07:14:03","date_gmt":"2013-05-27T06:14:03","guid":{"rendered":"http:\/\/www.visit-ulcinj.com\/blog\/?p=71813"},"modified":"2013-05-27T07:14:03","modified_gmt":"2013-05-27T06:14:03","slug":"valmir-gashi-populli-im-bagetia-ime","status":"publish","type":"post","link":"https:\/\/www.visit-ulcinj.com\/blog\/2013\/05\/27\/valmir-gashi-populli-im-bagetia-ime\/","title":{"rendered":"Valmir Gashi: \u201cPopulli im, bag\u00ebtia ime\u201d!"},"content":{"rendered":"<p><a href=\"http:\/\/www.visit-ulcinj.com\/blog\/wp-content\/uploads\/2013\/05\/valmir_gashi.jpg\"><img loading=\"lazy\" class=\"alignleft size-full wp-image-71814\" alt=\"valmir_gashi\" src=\"http:\/\/www.visit-ulcinj.com\/blog\/wp-content\/uploads\/2013\/05\/valmir_gashi.jpg\" width=\"351\" height=\"322\" srcset=\"https:\/\/www.visit-ulcinj.com\/blog\/wp-content\/uploads\/2013\/05\/valmir_gashi.jpg 351w, https:\/\/www.visit-ulcinj.com\/blog\/wp-content\/uploads\/2013\/05\/valmir_gashi-300x275.jpg 300w\" sizes=\"(max-width: 351px) 100vw, 351px\" \/><\/a>Jo, jo, titulli nuk i takon th\u00ebnjes time, por n\u00eb k\u00ebt\u00eb m\u00ebnyr\u00eb mendojn\u00eb politikan\u00ebt, n\u00eb t\u00eb shumt\u00ebn e rasteve, fatkeq\u00ebsisht.<br \/>\nDuhet t\u00eb jemi t\u00eb zgjuar, q\u00eb koha e cila ka kaluar nuk e kemi mund\u00ebsin\u00eb ta ndryshojm\u00eb, por sa m\u00eb shpejt\u00eb duhet t\u00eb ndryshojm\u00eb vetvehten q\u00eb t\u00eb mbijetojm\u00eb, si njer\u00ebz, sepse jemi popull q\u00eb kemi pikuar gjak shekuj me rradh\u00eb. Po t\u00eb zgjedhim nga e kaluara jon\u00eb nga shum\u00eb t\u00eb k\u00ebqija, do t\u00eb duhej q\u00eb t\u00eb mendojm\u00eb e shijojm\u00eb t\u00eb gjitha ato, t\u00eb cilat na kan\u00eb kushtuar shum\u00eb neve si popull, dhe asnj\u00ebher\u00eb nuk u mbushem mend, e t\u00ebra p\u00ebr shkak t\u00eb mir\u00ebsis\u00eb s\u00eb tep\u00ebrt q\u00eb kemi si popull. Po t\u00eb mos ishte kjo gjendje p\u00ebr t\u2019u ardh keq, do t\u00eb ishte shum\u00eb qesharake!<br \/>\nKur populli im shqiptar b\u00ebn nj\u00eb hap p\u00ebrpara, aty m\u00eb duket q\u00eb fatit ton\u00eb i vjen fundi, sepse kthehemi dy hapa prapa. Dhe k\u00ebshtu shpesh pyes vehten se a \u00ebsht\u00eb e v\u00ebrtet\u00eb q\u00eb kaq shpejt harrojm\u00eb obligimet tona t\u00eb cilat i kemi nj\u00ebri ndaj tjetrit dhe n\u00eb p\u00ebrgjith\u00ebsi ndaj popullit ton\u00eb.<br \/>\nPopulli jon\u00eb, si secili popull tjet\u00ebr, besojn\u00eb t\u00eb gjitha \u00e7ka i thuhet, dhe ec\u00ebn me persona t\u00eb cil\u00ebt kan\u00eb humbur orientimin moral, duke na \u2018mbuluar\u2019 me premtime dhe ideja t\u00eb parealizueshme, duke u fshehur pas lojrave t\u00eb disa partive dhe organizatave, ose edhe nga ata, te ndryshmit, gjithnj\u00eb t\u00eb mbuluar n\u00eb petkun e demokracis\u00eb, por t\u00eb cilat nuk kan\u00eb asgj\u00eb as demokratike e as njer\u00ebzore n\u00eb vehte! K\u00ebta t\u2019i quajm\u00eb \u2018tradhtar\u00eb\u2019 t\u00eb popullit t\u00eb tyre, jan\u00eb n\u00eb fakt shit\u00ebs t\u00eb mjegull\u00ebs, sjellja e t\u00eb cil\u00ebve kositet n\u00eb trurin e sh\u00ebndosh\u00eb t\u00eb popullit, e populli si populli, i shtyn para vehtes derisa varf\u00ebrohet aq shum\u00eb, ose vjen deri t\u00eb cepi i turpit!<br \/>\nPopulli im harron se jeta \u00ebsht\u00eb e shkurt\u00ebr, se \u00ebsht\u00eb prej sot deri nes\u00ebr dhe se kualiteti i jet\u00ebs s\u00eb tyre varet prej k\u00ebtyre politikan\u00ebve, t\u00eb cil\u00ebve ju japin besimin. Po, k\u00ebtyre njerzve ne i kemi dh\u00ebn\u00eb besimin q\u00eb n\u00eb em\u00ebr ton\u00eb t\u00eb rregullojn\u00eb kualitetin e jet\u00ebs ton\u00eb, por \u00ebsht\u00eb treguar disa her\u00eb q\u00eb k\u00ebta njer\u00ebz kan\u00eb synimet e veta, si t\u00eb rregullojn\u00eb vet\u00ebm jet\u00ebn e tyre dhe t\u00eb af\u00ebrmve t\u00eb tyre. Kryesore \u00ebsht\u00eb q\u00eb kolltuk\u00ebt mos t\u2019ju mungojn\u00eb, q\u00eb t\u00eb mos ken\u00eb deficit n\u00eb \u2018grazhdin\u2019 e tyre, e \u201ckujt \u00a0po ja n\u2019in\u201d p\u00ebr popullin, dhe k\u00ebshtu shkohet deri n\u00eb zgjedhjet e ardhshme. Para se t\u00eb rahatohen duke premtuar dhe duke g\u00ebnjyer popullin e vet, k\u00ebta njer\u00ebz mendojn\u00eb se nj\u00ebmend kan\u00eb dinamik\u00eb dhe fuqi kreative, sepse ne populli ua mund\u00ebsojm\u00eb k\u00ebt\u00eb mend\u00ebsi.<br \/>\nNjejt sikurse nuk ka karakter t\u00eb ngurt\u00eb n\u00ebp\u00ebr alkoolist\u00ebt kronik, ashtu edhe shum\u00eb politikan\u00eb tan\u00eb nuk dijn\u00eb se \u00e7ka \u00ebsht\u00eb njerzore, nuk kan\u00eb asgj\u00eb t\u00eb p\u00ebrbashk\u00ebt me popullin e tyre. Sjellja e p\u00ebrfaq\u00ebsuesve t\u00eb popullit n\u00eb institucionet shtet\u00ebrore, m\u00eb kujton nj\u00eb th\u00ebnje t\u00eb drejt\u00eb q\u00eb shekullin e kaluar bullgari q\u00eb m\u00eb von\u00eb u konvertua n\u00eb serb Nikolla Pashiq, derisa ishte kryeminist\u00ebr i mbret\u00ebris\u00eb s\u00eb Serbis\u00eb, rreth luft\u00ebs s\u00eb pare bot\u00ebrore, i ka th\u00ebn\u00eb popullit \u201cPopulli im, bag\u00ebtia ime\u201d. Athua, politikan\u00ebt tan\u00eb kan\u00eb mentalitetin e k\u00ebtij bullgari q\u00eb u konvertua n\u00eb serb, dhe serb\u00ebt e pranuan edhe si kryeminist\u00ebr t\u00eb tyre? Nuk dua t\u00eb besoj!<br \/>\nDje ishim ata q\u00eb dua t\u00eb harroj, por nuk jemi krijuar n\u00eb asgj\u00eb tjet\u00ebr!<br \/>\nNuk dua ta pranoj th\u00ebnjen m\u00eblart\u00eb, por n\u00eb t\u00eb mund t\u00eb fle e v\u00ebrteta,<br \/>\nKam lexuar diku n\u00eb portale nj\u00eb koment q\u00eb thoshte: \u201cPeshku pastrohet nga bishti, por kund\u00ebrmon nga koka\u201d. Gjithashtu kam lexuar edhe k\u00ebt\u00eb: \u201cKemi popull shum\u00eb t\u00eb shkolluar, por edhe njer\u00ebz me m\u00eb t\u00eb vogl\u00ebn mend\u00ebsi t\u00eb sh\u00ebndosh\u00eb\u201d. \u00c7ka \u00ebsht\u00eb n\u00eb t\u00eb v\u00ebrtet\u00eb e t\u00ebr\u00eb kjo gjendje te ne? A ka ardh\u00eb nj\u00ebmend koha e humbjes kuptimplot\u00eb t\u00eb tipareve t\u00eb orientimit moral, apo \u00ebsht\u00eb n\u00eb pyetje hamendja jon\u00eb, e cila nuk na l\u00ebshon nga gjendja palidhje e s\u00eb kaluar\u00ebs ton\u00eb politike. Sado q\u00eb provojm\u00eb t\u00eb kuptojm\u00eb sjelljen e nj\u00eb pjese t\u00eb njerzve tan\u00eb n\u00eb politik\u00eb, nuk jemi ne gjendje t\u00eb kuptojm\u00eb ku po shkojn\u00eb k\u00ebto fantazma!<br \/>\nSa njer\u00ebz nga populli im mendon apo i din k\u00ebto gj\u00ebra, un\u00eb nuk kam ndonj\u00eb p\u00ebrqindje dhe nuk d\u00ebshiroj t\u00eb jap ndonj\u00eb mendim specifik, por shum\u00eb shpesh turp\u00ebrohem nga disa bashk\u00ebkombas t\u00eb mi t\u00eb cil\u00ebt n\u00eb t\u00eb shumt\u00ebn e rasteve sillen e pshtillen n\u00eb m\u00ebnyr\u00eb t\u00eb hutuar pa orientim ose kompas. K\u00ebta japin t\u00eb drejt\u00eb pozit\u00ebs shqiptare kudo q\u00eb \u00ebsht\u00eb dhe \u201caradhave\u201d t\u00eb tyre, q\u00eb thon\u00eb \u201cnuk mund t\u2019i besohet opozit\u00ebs\u201d dhe n\u00eb k\u00ebt\u00eb m\u00ebnyr\u00eb \u2018shesin mjegull\u2019 kinse k\u00ebtyre b\u00ebn t\u00eb ju besohet! T\u00eb gjith\u00eb me vet\u00ebdije i marrin k\u00ebto fjal\u00eb si g\u00ebnjeshtra, por si t\u00eb zgjohet ky popull nga gjumi, dhe si t\u00eb p\u00ebrplaset m\u00eb k\u00ebta njer\u00ebz, ende nuk ka ndonje \u201cre\u00e7et\u00eb\u201d!<br \/>\nJa, un\u00eb prap duke \u2018sulmuar\u2019 popullin tim, t\u00eb cilin me t\u00eb v\u00ebrtet\u00eb e dua, por ia urrej mendj\u00ebsin\u00eb jostabile, e cila ia nd\u00ebrron kursin \/ drejtimin q\u00eb t\u00eb arrij di\u00e7ka t\u00eb mir\u00eb p\u00ebr vehte. Ajo q\u00eb ia z\u00eb p\u00ebr t\u00eb madhe popullit tim \u00ebsht\u00eb harresa, \u00a0Po, neve na gropojn\u00eb n\u00eb shpirtin ton\u00eb gjithnj\u00eb sepse kemi mir\u00ebsi me shumic\u00eb p\u00ebr ata q\u00eb na hajn\u00eb p\u00ebr s\u00eb gjalli gjithnj\u00eb me k\u00ebt\u00eb politik\u00eb primitive t\u00eb grupeve t\u00eb interest e jo t\u00eb s\u00eb mir\u00ebs s\u00eb popullit n\u00eb p\u00ebrgjith\u00ebsi e t\u00eb atdheut.<br \/>\nK\u00ebt\u00eb lloj t\u00eb politik\u00ebs kan\u00eb pas edhe shtetet e civilizuara bot\u00ebrore, por para m\u00eb shum\u00eb se 200 viteve. K\u00ebtu po p\u00ebrfshij edhe Amerik\u00ebn, Gjermanin\u00eb, shtetet skandinave, etj. Por, me koh\u00eb populli i k\u00ebtyre shteteve u civilizua, filloj t\u00eb mendoj se \u00e7ka mund t\u00eb b\u00ebhet p\u00ebr shtetin, e jo vet\u00ebm se \u00e7ka mund t\u00eb b\u00ebj shteti p\u00ebr popullin. Pra, n\u00eb k\u00ebto shtete, ateher\u00eb para m\u00eb shum\u00eb se 200 viteve, \u00ebsht\u00eb zgjuar qytetaria aktive, \u00ebsht\u00eb zgjuar shpresa dhe besimi se duhet t\u00eb punohet per interesin e p\u00ebrgjithsh\u00ebm, dhe t\u00eb lihen anash interesat personal e grupor. Athua, a po i bie q\u00eb ne si popull jemi diku m\u00eb shum\u00eb se 200 vjet prapa duke u krahasuar nga shtetet e civilizuara bot\u00ebrore, ose kulturat e tyre? Nuk dua t\u00eb besoj n\u00eb ket\u00eb!<br \/>\n\u201cP\u00ebr \u00e7do dhimbje, koha sjell ilaqin\u201d \u2013 thot\u00eb nj\u00eb proverb\u00eb e vjet\u00ebr popullore, por popullit tim dhimbjen m\u00eb t\u00eb madhe po ia sjellin bijt\u00eb e vet, pra duhemi q\u00eb p\u00ebr gjithnj\u00eb t\u00eb vetdij\u00ebsohemi dhe t\u00eb ndalemi s\u00eb besuari atyre t\u00eb cil\u00ebt nuk pritojn\u00eb t\u00eb na tregojn\u00eb p\u00ebr \u2018rrug\u00ebn e drejt\u00eb\u2019 t\u00eb tyre.<br \/>\nT\u00eb dashur shqiptar\u00eb, popullit ton\u00eb i duhen udh\u00ebheq\u00ebs, lider\u00eb, e jo sundues. T\u00eb mbushemi mend p\u00ebrgjithmon\u00eb. Mos votoni persona ose fjal\u00ebt q\u00eb ata flasin n\u00eb takime politike e t\u00eb fushat\u00ebs, \u00a0por kapni e lexoni programet politike q\u00eb ata prezentojn\u00eb, dhe votoni programin politik q\u00eb juve ju p\u00ebrshtatet m\u00eb shum\u00eb. Dhe n\u00ebse gjat\u00eb mandatit, nuk i p\u00ebrmbahen programit t\u00eb tyre politik, mos i votoni m\u00eb. Kur politikan\u00ebt e hetojn\u00eb q\u00eb populli din t\u00eb d\u00ebnoj ata q\u00eb nuk p\u00ebrmbushin programin e tyre politik, at\u00ebher\u00eb nuk do t\u00eb mungoj\u00eb as civilizimi i politikan\u00ebve, dhe p\u00ebr 5-6 kat\u00ebrvje\u00e7ar zgjedhjesh, vet populli do t\u00eb filtroj sken\u00ebn politike, dhe do t\u00eb b\u00ebhet e mundshme q\u00eb politikani t\u00eb punoj p\u00ebr popullin dhe interesat e p\u00ebrgjithshme e jo anasjelltas.<br \/>\nP\u00ebrtej hundesh tenton te na dali votimi klanor, fisnor, se ku voton plaku i katundit, t\u00eb gjith\u00eb duhet po atij t\u2019i japin vot\u00ebn. Pse dhe ne te mos jemi popull i civilizuar dhe te themi q\u00eb kan\u00eb marr fund vendimet klanore \/ fisnore, dhe secili te p\u00ebrcepton mendimin e vet. Pse ne, t\u00eb mos kemi fuqi t\u00eb themi, zoterinj\u00eb, n\u2019a lini te qete, t\u00eb vendosim vet<\/p>\n<p>VALMIR GASHI<\/p>\n","protected":false},"excerpt":{"rendered":"<p>Jo, jo, titulli nuk i takon th\u00ebnjes time, por n\u00eb k\u00ebt\u00eb m\u00ebnyr\u00eb mendojn\u00eb politikan\u00ebt, n\u00eb t\u00eb shumt\u00ebn e rasteve, fatkeq\u00ebsisht. Duhet t\u00eb jemi t\u00eb zgjuar, q\u00eb koha e cila ka kaluar nuk e kemi mund\u00ebsin\u00eb ta ndryshojm\u00eb, por sa m\u00eb shpejt\u00eb duhet t\u00eb ndryshojm\u00eb vetvehten q\u00eb t\u00eb mbijetojm\u00eb, si njer\u00ebz, sepse jemi popull q\u00eb kemi [&hellip;]<\/p>\n","protected":false},"author":1,"featured_media":0,"comment_status":"open","ping_status":"closed","sticky":false,"template":"","format":"standard","meta":{"spay_email":"","jetpack_publicize_message":"","jetpack_is_tweetstorm":false,"jetpack_publicize_feature_enabled":true},"categories":[14249],"tags":[],"jetpack_publicize_connections":[],"yoast_head":"<!-- This site is optimized with the Yoast SEO plugin v19.1 - https:\/\/yoast.com\/wordpress\/plugins\/seo\/ -->\n<title>Valmir Gashi: \u201cPopulli im, bag\u00ebtia ime\u201d! - Lajme nga Ulqini<\/title>\n<meta name=\"description\" content=\"Jo, jo, titulli nuk i takon th\u00ebnjes time, por n\u00eb k\u00ebt\u00eb m\u00ebnyr\u00eb mendojn\u00eb politikan\u00ebt, n\u00eb t\u00eb shumt\u00ebn e rasteve, fatkeq\u00ebsisht. Duhet t\u00eb jemi t\u00eb zgjuar, q\u00eb koha\" \/>\n<meta name=\"robots\" content=\"index, follow, max-snippet:-1, max-image-preview:large, max-video-preview:-1\" \/>\n<link rel=\"canonical\" href=\"https:\/\/www.visit-ulcinj.com\/blog\/2013\/05\/27\/valmir-gashi-populli-im-bagetia-ime\/\" \/>\n<meta property=\"og:locale\" content=\"en_US\" \/>\n<meta property=\"og:type\" content=\"article\" \/>\n<meta property=\"og:title\" content=\"Valmir Gashi: \u201cPopulli im, bag\u00ebtia ime\u201d! - Lajme nga Ulqini\" \/>\n<meta property=\"og:description\" content=\"Jo, jo, titulli nuk i takon th\u00ebnjes time, por n\u00eb k\u00ebt\u00eb m\u00ebnyr\u00eb mendojn\u00eb politikan\u00ebt, n\u00eb t\u00eb shumt\u00ebn e rasteve, fatkeq\u00ebsisht. Duhet t\u00eb jemi t\u00eb zgjuar, q\u00eb koha\" \/>\n<meta property=\"og:url\" content=\"https:\/\/www.visit-ulcinj.com\/blog\/2013\/05\/27\/valmir-gashi-populli-im-bagetia-ime\/\" \/>\n<meta property=\"og:site_name\" content=\"Lajme nga Ulqini\" \/>\n<meta property=\"article:published_time\" content=\"2013-05-27T06:14:03+00:00\" \/>\n<meta property=\"og:image\" content=\"http:\/\/www.visit-ulcinj.com\/blog\/wp-content\/uploads\/2013\/05\/valmir_gashi.jpg\" \/>\n<meta name=\"twitter:label1\" content=\"Written by\" \/>\n\t<meta name=\"twitter:data1\" content=\"ulqini\" \/>\n\t<meta name=\"twitter:label2\" content=\"Est. reading time\" \/>\n\t<meta name=\"twitter:data2\" content=\"7 minutes\" \/>\n<script type=\"application\/ld+json\" class=\"yoast-schema-graph\">{\"@context\":\"https:\/\/schema.org\",\"@graph\":[{\"@type\":\"WebSite\",\"@id\":\"https:\/\/www.visit-ulcinj.com\/blog\/#website\",\"url\":\"https:\/\/www.visit-ulcinj.com\/blog\/\",\"name\":\"Lajme nga Ulqini\",\"description\":\"Lajme,Vijesti,Ulqini,Ulqin,Crna Gora,Mali i Zi\",\"potentialAction\":[{\"@type\":\"SearchAction\",\"target\":{\"@type\":\"EntryPoint\",\"urlTemplate\":\"https:\/\/www.visit-ulcinj.com\/blog\/?s={search_term_string}\"},\"query-input\":\"required name=search_term_string\"}],\"inLanguage\":\"en-US\"},{\"@type\":\"ImageObject\",\"inLanguage\":\"en-US\",\"@id\":\"https:\/\/www.visit-ulcinj.com\/blog\/2013\/05\/27\/valmir-gashi-populli-im-bagetia-ime\/#primaryimage\",\"url\":\"https:\/\/www.visit-ulcinj.com\/blog\/wp-content\/uploads\/2013\/05\/valmir_gashi.jpg\",\"contentUrl\":\"https:\/\/www.visit-ulcinj.com\/blog\/wp-content\/uploads\/2013\/05\/valmir_gashi.jpg\",\"width\":351,\"height\":322},{\"@type\":\"WebPage\",\"@id\":\"https:\/\/www.visit-ulcinj.com\/blog\/2013\/05\/27\/valmir-gashi-populli-im-bagetia-ime\/#webpage\",\"url\":\"https:\/\/www.visit-ulcinj.com\/blog\/2013\/05\/27\/valmir-gashi-populli-im-bagetia-ime\/\",\"name\":\"Valmir Gashi: \u201cPopulli im, bag\u00ebtia ime\u201d! - Lajme nga Ulqini\",\"isPartOf\":{\"@id\":\"https:\/\/www.visit-ulcinj.com\/blog\/#website\"},\"primaryImageOfPage\":{\"@id\":\"https:\/\/www.visit-ulcinj.com\/blog\/2013\/05\/27\/valmir-gashi-populli-im-bagetia-ime\/#primaryimage\"},\"datePublished\":\"2013-05-27T06:14:03+00:00\",\"dateModified\":\"2013-05-27T06:14:03+00:00\",\"author\":{\"@id\":\"https:\/\/www.visit-ulcinj.com\/blog\/#\/schema\/person\/dcab619c614d3038751c63bc2aadc06d\"},\"description\":\"Jo, jo, titulli nuk i takon th\u00ebnjes time, por n\u00eb k\u00ebt\u00eb m\u00ebnyr\u00eb mendojn\u00eb politikan\u00ebt, n\u00eb t\u00eb shumt\u00ebn e rasteve, fatkeq\u00ebsisht. Duhet t\u00eb jemi t\u00eb zgjuar, q\u00eb koha\",\"breadcrumb\":{\"@id\":\"https:\/\/www.visit-ulcinj.com\/blog\/2013\/05\/27\/valmir-gashi-populli-im-bagetia-ime\/#breadcrumb\"},\"inLanguage\":\"en-US\",\"potentialAction\":[{\"@type\":\"ReadAction\",\"target\":[\"https:\/\/www.visit-ulcinj.com\/blog\/2013\/05\/27\/valmir-gashi-populli-im-bagetia-ime\/\"]}]},{\"@type\":\"BreadcrumbList\",\"@id\":\"https:\/\/www.visit-ulcinj.com\/blog\/2013\/05\/27\/valmir-gashi-populli-im-bagetia-ime\/#breadcrumb\",\"itemListElement\":[{\"@type\":\"ListItem\",\"position\":1,\"name\":\"Valmir Gashi: \u201cPopulli im, bag\u00ebtia ime\u201d!\"}]},{\"@type\":\"Person\",\"@id\":\"https:\/\/www.visit-ulcinj.com\/blog\/#\/schema\/person\/dcab619c614d3038751c63bc2aadc06d\",\"name\":\"ulqini\",\"sameAs\":[\"http:\/\/www.visit-ulcinj.com\"],\"url\":\"https:\/\/www.visit-ulcinj.com\/blog\/author\/admin\/\"}]}<\/script>\n<!-- \/ Yoast SEO plugin. -->","yoast_head_json":{"title":"Valmir Gashi: \u201cPopulli im, bag\u00ebtia ime\u201d! - Lajme nga Ulqini","description":"Jo, jo, titulli nuk i takon th\u00ebnjes time, por n\u00eb k\u00ebt\u00eb m\u00ebnyr\u00eb mendojn\u00eb politikan\u00ebt, n\u00eb t\u00eb shumt\u00ebn e rasteve, fatkeq\u00ebsisht. Duhet t\u00eb jemi t\u00eb zgjuar, q\u00eb koha","robots":{"index":"index","follow":"follow","max-snippet":"max-snippet:-1","max-image-preview":"max-image-preview:large","max-video-preview":"max-video-preview:-1"},"canonical":"https:\/\/www.visit-ulcinj.com\/blog\/2013\/05\/27\/valmir-gashi-populli-im-bagetia-ime\/","og_locale":"en_US","og_type":"article","og_title":"Valmir Gashi: \u201cPopulli im, bag\u00ebtia ime\u201d! - Lajme nga Ulqini","og_description":"Jo, jo, titulli nuk i takon th\u00ebnjes time, por n\u00eb k\u00ebt\u00eb m\u00ebnyr\u00eb mendojn\u00eb politikan\u00ebt, n\u00eb t\u00eb shumt\u00ebn e rasteve, fatkeq\u00ebsisht. Duhet t\u00eb jemi t\u00eb zgjuar, q\u00eb koha","og_url":"https:\/\/www.visit-ulcinj.com\/blog\/2013\/05\/27\/valmir-gashi-populli-im-bagetia-ime\/","og_site_name":"Lajme nga Ulqini","article_published_time":"2013-05-27T06:14:03+00:00","og_image":[{"url":"http:\/\/www.visit-ulcinj.com\/blog\/wp-content\/uploads\/2013\/05\/valmir_gashi.jpg"}],"twitter_misc":{"Written by":"ulqini","Est. reading time":"7 minutes"},"schema":{"@context":"https:\/\/schema.org","@graph":[{"@type":"WebSite","@id":"https:\/\/www.visit-ulcinj.com\/blog\/#website","url":"https:\/\/www.visit-ulcinj.com\/blog\/","name":"Lajme nga Ulqini","description":"Lajme,Vijesti,Ulqini,Ulqin,Crna Gora,Mali i Zi","potentialAction":[{"@type":"SearchAction","target":{"@type":"EntryPoint","urlTemplate":"https:\/\/www.visit-ulcinj.com\/blog\/?s={search_term_string}"},"query-input":"required name=search_term_string"}],"inLanguage":"en-US"},{"@type":"ImageObject","inLanguage":"en-US","@id":"https:\/\/www.visit-ulcinj.com\/blog\/2013\/05\/27\/valmir-gashi-populli-im-bagetia-ime\/#primaryimage","url":"https:\/\/www.visit-ulcinj.com\/blog\/wp-content\/uploads\/2013\/05\/valmir_gashi.jpg","contentUrl":"https:\/\/www.visit-ulcinj.com\/blog\/wp-content\/uploads\/2013\/05\/valmir_gashi.jpg","width":351,"height":322},{"@type":"WebPage","@id":"https:\/\/www.visit-ulcinj.com\/blog\/2013\/05\/27\/valmir-gashi-populli-im-bagetia-ime\/#webpage","url":"https:\/\/www.visit-ulcinj.com\/blog\/2013\/05\/27\/valmir-gashi-populli-im-bagetia-ime\/","name":"Valmir Gashi: \u201cPopulli im, bag\u00ebtia ime\u201d! - Lajme nga Ulqini","isPartOf":{"@id":"https:\/\/www.visit-ulcinj.com\/blog\/#website"},"primaryImageOfPage":{"@id":"https:\/\/www.visit-ulcinj.com\/blog\/2013\/05\/27\/valmir-gashi-populli-im-bagetia-ime\/#primaryimage"},"datePublished":"2013-05-27T06:14:03+00:00","dateModified":"2013-05-27T06:14:03+00:00","author":{"@id":"https:\/\/www.visit-ulcinj.com\/blog\/#\/schema\/person\/dcab619c614d3038751c63bc2aadc06d"},"description":"Jo, jo, titulli nuk i takon th\u00ebnjes time, por n\u00eb k\u00ebt\u00eb m\u00ebnyr\u00eb mendojn\u00eb politikan\u00ebt, n\u00eb t\u00eb shumt\u00ebn e rasteve, fatkeq\u00ebsisht. Duhet t\u00eb jemi t\u00eb zgjuar, q\u00eb koha","breadcrumb":{"@id":"https:\/\/www.visit-ulcinj.com\/blog\/2013\/05\/27\/valmir-gashi-populli-im-bagetia-ime\/#breadcrumb"},"inLanguage":"en-US","potentialAction":[{"@type":"ReadAction","target":["https:\/\/www.visit-ulcinj.com\/blog\/2013\/05\/27\/valmir-gashi-populli-im-bagetia-ime\/"]}]},{"@type":"BreadcrumbList","@id":"https:\/\/www.visit-ulcinj.com\/blog\/2013\/05\/27\/valmir-gashi-populli-im-bagetia-ime\/#breadcrumb","itemListElement":[{"@type":"ListItem","position":1,"name":"Valmir Gashi: \u201cPopulli im, bag\u00ebtia ime\u201d!"}]},{"@type":"Person","@id":"https:\/\/www.visit-ulcinj.com\/blog\/#\/schema\/person\/dcab619c614d3038751c63bc2aadc06d","name":"ulqini","sameAs":["http:\/\/www.visit-ulcinj.com"],"url":"https:\/\/www.visit-ulcinj.com\/blog\/author\/admin\/"}]}},"jetpack_featured_media_url":"","jetpack_sharing_enabled":true,"jetpack_shortlink":"https:\/\/wp.me\/pe6lTn-iGh","_links":{"self":[{"href":"https:\/\/www.visit-ulcinj.com\/blog\/wp-json\/wp\/v2\/posts\/71813"}],"collection":[{"href":"https:\/\/www.visit-ulcinj.com\/blog\/wp-json\/wp\/v2\/posts"}],"about":[{"href":"https:\/\/www.visit-ulcinj.com\/blog\/wp-json\/wp\/v2\/types\/post"}],"author":[{"embeddable":true,"href":"https:\/\/www.visit-ulcinj.com\/blog\/wp-json\/wp\/v2\/users\/1"}],"replies":[{"embeddable":true,"href":"https:\/\/www.visit-ulcinj.com\/blog\/wp-json\/wp\/v2\/comments?post=71813"}],"version-history":[{"count":1,"href":"https:\/\/www.visit-ulcinj.com\/blog\/wp-json\/wp\/v2\/posts\/71813\/revisions"}],"predecessor-version":[{"id":71815,"href":"https:\/\/www.visit-ulcinj.com\/blog\/wp-json\/wp\/v2\/posts\/71813\/revisions\/71815"}],"wp:attachment":[{"href":"https:\/\/www.visit-ulcinj.com\/blog\/wp-json\/wp\/v2\/media?parent=71813"}],"wp:term":[{"taxonomy":"category","embeddable":true,"href":"https:\/\/www.visit-ulcinj.com\/blog\/wp-json\/wp\/v2\/categories?post=71813"},{"taxonomy":"post_tag","embeddable":true,"href":"https:\/\/www.visit-ulcinj.com\/blog\/wp-json\/wp\/v2\/tags?post=71813"}],"curies":[{"name":"wp","href":"https:\/\/api.w.org\/{rel}","templated":true}]}}