{"id":71821,"date":"2013-05-27T07:42:10","date_gmt":"2013-05-27T06:42:10","guid":{"rendered":"http:\/\/www.visit-ulcinj.com\/blog\/?p=71821"},"modified":"2013-05-27T07:42:27","modified_gmt":"2013-05-27T06:42:27","slug":"ulcinj-tragovi-u-kamenu","status":"publish","type":"post","link":"https:\/\/www.visit-ulcinj.com\/blog\/2013\/05\/27\/ulcinj-tragovi-u-kamenu\/","title":{"rendered":"Ulcinj: Tragovi u kamenu"},"content":{"rendered":"<p><strong>ULCINJ \u2013 Ulcinj je grad u kome su nakon 25 vjekova postojanja, tragove u kamenu i duhu ostavili Iliri, stari Grci, Rimljani, Vizantinci, Nemanji\u0107i, Bal\u0161i\u0107i, Mle\u010dani i Turci, a Istok i Zapad ovako spojeni u privla\u010dne kontraste nikoga ne ostavljaju ravnodu\u0161nim. Najju\u017eniji grad u Crnoj Gori protkan je istorijom i mjesto je gdje u jedinstvu \u017eive i rado ga posje\u0107uju sve religije i nacije. Ispri\u010da\u0107emo vam pri\u010du o manje poznatim i skrivenim tragovima istorije koji bi svaki turista trebalo da vidi ili \u010duje.<br \/>\n<a href=\"http:\/\/www.visit-ulcinj.com\/blog\/wp-content\/uploads\/2013\/05\/Crnci-Ulcinja.jpg\"><img loading=\"lazy\" class=\"alignleft  wp-image-71822\" alt=\"Crnci Ulcinja\" src=\"http:\/\/www.visit-ulcinj.com\/blog\/wp-content\/uploads\/2013\/05\/Crnci-Ulcinja.jpg\" width=\"508\" height=\"360\" \/><\/a><br \/>\n<\/strong><\/p>\n<p><strong>Trg robova <\/strong><\/p>\n<p>Trg robova koji se nalazi na najvi\u0161em dijelu ulcinjskog starog grada svedo\u010di o trgovini robova na ovim prostorima u 17. i 18. vijeku. U Ulcinj su dovo\u0111eni robovi iz \u010ditavog sredozemlja zarobljeni od strane ulcinjskih gusara.<\/p>\n<p>Ulcinjani nijesu koristili roblje kao radnu snagu, ve\u0107 za otkup srodnika, prijatelja ili zemljaka. Oni robovi za koje nije dobijen otkup postajali bi slobodni gra\u0111ani Ulcinja koji su se prete\u017eno bavili zemljoradnjom i pomorstvom.<\/p>\n<p>Prvi crnci stigli su u Ulcinj mogu\u0107e zajedno sa tursko-arapskim pomorcima, gusarima-piratima, kao robovi i sluge na njihovim brodovima sredinom 16. vijeka, pa i kao robovi i sluge u njihovim porodicama, poslije turske okupacije grada.<br \/>\nNa brdu Pinje\u0161, iznad Ulcinja, nalazi se poljana, zvana Arapsko polje. Tu su se sastajali i igrali svoje ritualne igre. Pod uticajem tih igara nastala je temperamentna igra ,,Saraveli\u201c, koja se i danas rado igra i gleda.<\/p>\n<p><strong>Servantes<\/strong><\/p>\n<p>Trg robova u Ulcinju bio je najveci na Jadranu. Ka\u017eu da su tu prodali i Servantesa sa njegovim bratom Rodrigom. Prema predanju, pet godina svog \u017eivota u jednoj od samica proveo je jednoruki rob, Miguel de Cervantes. On je junakinji romana \u201eDon Kihot\u201c dao ime Dulcinea, \u0161to u prijevodu zna\u010di Ulcinjanka, a mnogi predjeli opisani u ovom remek djelu svjetske knji\u017eevnosti su autenti\u010dni opisi grada gdje je Servantes robovao.<br \/>\n<a href=\"http:\/\/www.visit-ulcinj.com\/blog\/wp-content\/uploads\/2013\/05\/SHASI_ANA-MALIT.jpg\"><img loading=\"lazy\" class=\"alignleft  wp-image-71823\" alt=\"Mrtvi grad  \u0160as\" src=\"http:\/\/www.visit-ulcinj.com\/blog\/wp-content\/uploads\/2013\/05\/SHASI_ANA-MALIT.jpg\" width=\"508\" height=\"350\" \/><\/a><\/p>\n<p><strong>\u201eMrtvi grad\u201c \u0160as<\/strong><\/p>\n<p>Stari grad \u0160as (Sva\u010d) se nalazi na jednom proplanku iznad \u0160askog jezera u blizini Ulcinja, a spada u najatraktivnije \u201emrtve gradove\u201c na Jadranu. Predstavlja neiscrpno blago za arheologe i istori\u010dare. \u0160as je, po legendi, imao 365 crkava \u2013 koliko i godina ima dana. Prona\u0111eni su ostaci petnaestak srednjovjekovnih crkava, od kojih su dvije monumentalne. Crkva Svetog Jovana je nastala krajem XIII vijeka unutar tvr\u0111ave.\u00a0 Crkva Sveta Marija je sagra\u0111ena u XIV vijeku van zidina tvr\u0111ave, u predgra\u0111u.<\/p>\n<p>\u010cinjenice o najju\u017enijem gradu: Ulcinj sa Vladimirom ima 24 d\u017eamije,\u00a0 najve\u0107i broj kulturno istorijskih spomenika nalazi se u Starom gradu Ulcinja.<\/p>\n<p>&nbsp;<\/p>\n<p><strong>A. \u017divanovi\u0107<br \/>\nIzvor: Pobjeda<\/strong><\/p>\n","protected":false},"excerpt":{"rendered":"<p>ULCINJ \u2013 Ulcinj je grad u kome su nakon 25 vjekova postojanja, tragove u kamenu i duhu ostavili Iliri, stari Grci, Rimljani, Vizantinci, Nemanji\u0107i, Bal\u0161i\u0107i, Mle\u010dani i Turci, a Istok i Zapad ovako spojeni u privla\u010dne kontraste nikoga ne ostavljaju ravnodu\u0161nim. Najju\u017eniji grad u Crnoj Gori protkan je istorijom i mjesto je gdje u jedinstvu [&hellip;]<\/p>\n","protected":false},"author":1,"featured_media":0,"comment_status":"open","ping_status":"closed","sticky":false,"template":"","format":"standard","meta":{"spay_email":"","jetpack_publicize_message":"","jetpack_is_tweetstorm":false,"jetpack_publicize_feature_enabled":true},"categories":[6950],"tags":[],"jetpack_publicize_connections":[],"yoast_head":"<!-- This site is optimized with the Yoast SEO plugin v19.1 - https:\/\/yoast.com\/wordpress\/plugins\/seo\/ -->\n<title>Ulcinj: Tragovi u kamenu - Lajme nga Ulqini<\/title>\n<meta name=\"description\" content=\"ULCINJ \u2013 Ulcinj je grad u kome su nakon 25 vjekova postojanja, tragove u kamenu i duhu ostavili Iliri, stari Grci, Rimljani, Vizantinci, Nemanji\u0107i,\" \/>\n<meta name=\"robots\" content=\"index, follow, max-snippet:-1, max-image-preview:large, max-video-preview:-1\" \/>\n<link rel=\"canonical\" href=\"https:\/\/www.visit-ulcinj.com\/blog\/2013\/05\/27\/ulcinj-tragovi-u-kamenu\/\" \/>\n<meta property=\"og:locale\" content=\"en_US\" \/>\n<meta property=\"og:type\" content=\"article\" \/>\n<meta property=\"og:title\" content=\"Ulcinj: Tragovi u kamenu - Lajme nga Ulqini\" \/>\n<meta property=\"og:description\" content=\"ULCINJ \u2013 Ulcinj je grad u kome su nakon 25 vjekova postojanja, tragove u kamenu i duhu ostavili Iliri, stari Grci, Rimljani, Vizantinci, Nemanji\u0107i,\" \/>\n<meta property=\"og:url\" content=\"https:\/\/www.visit-ulcinj.com\/blog\/2013\/05\/27\/ulcinj-tragovi-u-kamenu\/\" \/>\n<meta property=\"og:site_name\" content=\"Lajme nga Ulqini\" \/>\n<meta property=\"article:published_time\" content=\"2013-05-27T06:42:10+00:00\" \/>\n<meta property=\"article:modified_time\" content=\"2013-05-27T06:42:27+00:00\" \/>\n<meta property=\"og:image\" content=\"http:\/\/www.visit-ulcinj.com\/blog\/wp-content\/uploads\/2013\/05\/Crnci-Ulcinja.jpg\" \/>\n<meta name=\"twitter:label1\" content=\"Written by\" \/>\n\t<meta name=\"twitter:data1\" content=\"ulqini\" \/>\n\t<meta name=\"twitter:label2\" content=\"Est. reading time\" \/>\n\t<meta name=\"twitter:data2\" content=\"2 minutes\" \/>\n<script type=\"application\/ld+json\" class=\"yoast-schema-graph\">{\"@context\":\"https:\/\/schema.org\",\"@graph\":[{\"@type\":\"WebSite\",\"@id\":\"https:\/\/www.visit-ulcinj.com\/blog\/#website\",\"url\":\"https:\/\/www.visit-ulcinj.com\/blog\/\",\"name\":\"Lajme nga Ulqini\",\"description\":\"Lajme,Vijesti,Ulqini,Ulqin,Crna Gora,Mali i Zi\",\"potentialAction\":[{\"@type\":\"SearchAction\",\"target\":{\"@type\":\"EntryPoint\",\"urlTemplate\":\"https:\/\/www.visit-ulcinj.com\/blog\/?s={search_term_string}\"},\"query-input\":\"required name=search_term_string\"}],\"inLanguage\":\"en-US\"},{\"@type\":\"ImageObject\",\"inLanguage\":\"en-US\",\"@id\":\"https:\/\/www.visit-ulcinj.com\/blog\/2013\/05\/27\/ulcinj-tragovi-u-kamenu\/#primaryimage\",\"url\":\"https:\/\/www.visit-ulcinj.com\/blog\/wp-content\/uploads\/2013\/05\/Crnci-Ulcinja.jpg\",\"contentUrl\":\"https:\/\/www.visit-ulcinj.com\/blog\/wp-content\/uploads\/2013\/05\/Crnci-Ulcinja.jpg\",\"width\":640,\"height\":431},{\"@type\":\"WebPage\",\"@id\":\"https:\/\/www.visit-ulcinj.com\/blog\/2013\/05\/27\/ulcinj-tragovi-u-kamenu\/#webpage\",\"url\":\"https:\/\/www.visit-ulcinj.com\/blog\/2013\/05\/27\/ulcinj-tragovi-u-kamenu\/\",\"name\":\"Ulcinj: Tragovi u kamenu - Lajme nga Ulqini\",\"isPartOf\":{\"@id\":\"https:\/\/www.visit-ulcinj.com\/blog\/#website\"},\"primaryImageOfPage\":{\"@id\":\"https:\/\/www.visit-ulcinj.com\/blog\/2013\/05\/27\/ulcinj-tragovi-u-kamenu\/#primaryimage\"},\"datePublished\":\"2013-05-27T06:42:10+00:00\",\"dateModified\":\"2013-05-27T06:42:27+00:00\",\"author\":{\"@id\":\"https:\/\/www.visit-ulcinj.com\/blog\/#\/schema\/person\/dcab619c614d3038751c63bc2aadc06d\"},\"description\":\"ULCINJ \u2013 Ulcinj je grad u kome su nakon 25 vjekova postojanja, tragove u kamenu i duhu ostavili Iliri, stari Grci, Rimljani, Vizantinci, Nemanji\u0107i,\",\"breadcrumb\":{\"@id\":\"https:\/\/www.visit-ulcinj.com\/blog\/2013\/05\/27\/ulcinj-tragovi-u-kamenu\/#breadcrumb\"},\"inLanguage\":\"en-US\",\"potentialAction\":[{\"@type\":\"ReadAction\",\"target\":[\"https:\/\/www.visit-ulcinj.com\/blog\/2013\/05\/27\/ulcinj-tragovi-u-kamenu\/\"]}]},{\"@type\":\"BreadcrumbList\",\"@id\":\"https:\/\/www.visit-ulcinj.com\/blog\/2013\/05\/27\/ulcinj-tragovi-u-kamenu\/#breadcrumb\",\"itemListElement\":[{\"@type\":\"ListItem\",\"position\":1,\"name\":\"Ulcinj: Tragovi u kamenu\"}]},{\"@type\":\"Person\",\"@id\":\"https:\/\/www.visit-ulcinj.com\/blog\/#\/schema\/person\/dcab619c614d3038751c63bc2aadc06d\",\"name\":\"ulqini\",\"sameAs\":[\"http:\/\/www.visit-ulcinj.com\"],\"url\":\"https:\/\/www.visit-ulcinj.com\/blog\/author\/admin\/\"}]}<\/script>\n<!-- \/ Yoast SEO plugin. -->","yoast_head_json":{"title":"Ulcinj: Tragovi u kamenu - Lajme nga Ulqini","description":"ULCINJ \u2013 Ulcinj je grad u kome su nakon 25 vjekova postojanja, tragove u kamenu i duhu ostavili Iliri, stari Grci, Rimljani, Vizantinci, Nemanji\u0107i,","robots":{"index":"index","follow":"follow","max-snippet":"max-snippet:-1","max-image-preview":"max-image-preview:large","max-video-preview":"max-video-preview:-1"},"canonical":"https:\/\/www.visit-ulcinj.com\/blog\/2013\/05\/27\/ulcinj-tragovi-u-kamenu\/","og_locale":"en_US","og_type":"article","og_title":"Ulcinj: Tragovi u kamenu - Lajme nga Ulqini","og_description":"ULCINJ \u2013 Ulcinj je grad u kome su nakon 25 vjekova postojanja, tragove u kamenu i duhu ostavili Iliri, stari Grci, Rimljani, Vizantinci, Nemanji\u0107i,","og_url":"https:\/\/www.visit-ulcinj.com\/blog\/2013\/05\/27\/ulcinj-tragovi-u-kamenu\/","og_site_name":"Lajme nga Ulqini","article_published_time":"2013-05-27T06:42:10+00:00","article_modified_time":"2013-05-27T06:42:27+00:00","og_image":[{"url":"http:\/\/www.visit-ulcinj.com\/blog\/wp-content\/uploads\/2013\/05\/Crnci-Ulcinja.jpg"}],"twitter_misc":{"Written by":"ulqini","Est. reading time":"2 minutes"},"schema":{"@context":"https:\/\/schema.org","@graph":[{"@type":"WebSite","@id":"https:\/\/www.visit-ulcinj.com\/blog\/#website","url":"https:\/\/www.visit-ulcinj.com\/blog\/","name":"Lajme nga Ulqini","description":"Lajme,Vijesti,Ulqini,Ulqin,Crna Gora,Mali i Zi","potentialAction":[{"@type":"SearchAction","target":{"@type":"EntryPoint","urlTemplate":"https:\/\/www.visit-ulcinj.com\/blog\/?s={search_term_string}"},"query-input":"required name=search_term_string"}],"inLanguage":"en-US"},{"@type":"ImageObject","inLanguage":"en-US","@id":"https:\/\/www.visit-ulcinj.com\/blog\/2013\/05\/27\/ulcinj-tragovi-u-kamenu\/#primaryimage","url":"https:\/\/www.visit-ulcinj.com\/blog\/wp-content\/uploads\/2013\/05\/Crnci-Ulcinja.jpg","contentUrl":"https:\/\/www.visit-ulcinj.com\/blog\/wp-content\/uploads\/2013\/05\/Crnci-Ulcinja.jpg","width":640,"height":431},{"@type":"WebPage","@id":"https:\/\/www.visit-ulcinj.com\/blog\/2013\/05\/27\/ulcinj-tragovi-u-kamenu\/#webpage","url":"https:\/\/www.visit-ulcinj.com\/blog\/2013\/05\/27\/ulcinj-tragovi-u-kamenu\/","name":"Ulcinj: Tragovi u kamenu - Lajme nga Ulqini","isPartOf":{"@id":"https:\/\/www.visit-ulcinj.com\/blog\/#website"},"primaryImageOfPage":{"@id":"https:\/\/www.visit-ulcinj.com\/blog\/2013\/05\/27\/ulcinj-tragovi-u-kamenu\/#primaryimage"},"datePublished":"2013-05-27T06:42:10+00:00","dateModified":"2013-05-27T06:42:27+00:00","author":{"@id":"https:\/\/www.visit-ulcinj.com\/blog\/#\/schema\/person\/dcab619c614d3038751c63bc2aadc06d"},"description":"ULCINJ \u2013 Ulcinj je grad u kome su nakon 25 vjekova postojanja, tragove u kamenu i duhu ostavili Iliri, stari Grci, Rimljani, Vizantinci, Nemanji\u0107i,","breadcrumb":{"@id":"https:\/\/www.visit-ulcinj.com\/blog\/2013\/05\/27\/ulcinj-tragovi-u-kamenu\/#breadcrumb"},"inLanguage":"en-US","potentialAction":[{"@type":"ReadAction","target":["https:\/\/www.visit-ulcinj.com\/blog\/2013\/05\/27\/ulcinj-tragovi-u-kamenu\/"]}]},{"@type":"BreadcrumbList","@id":"https:\/\/www.visit-ulcinj.com\/blog\/2013\/05\/27\/ulcinj-tragovi-u-kamenu\/#breadcrumb","itemListElement":[{"@type":"ListItem","position":1,"name":"Ulcinj: Tragovi u kamenu"}]},{"@type":"Person","@id":"https:\/\/www.visit-ulcinj.com\/blog\/#\/schema\/person\/dcab619c614d3038751c63bc2aadc06d","name":"ulqini","sameAs":["http:\/\/www.visit-ulcinj.com"],"url":"https:\/\/www.visit-ulcinj.com\/blog\/author\/admin\/"}]}},"jetpack_featured_media_url":"","jetpack_sharing_enabled":true,"jetpack_shortlink":"https:\/\/wp.me\/pe6lTn-iGp","_links":{"self":[{"href":"https:\/\/www.visit-ulcinj.com\/blog\/wp-json\/wp\/v2\/posts\/71821"}],"collection":[{"href":"https:\/\/www.visit-ulcinj.com\/blog\/wp-json\/wp\/v2\/posts"}],"about":[{"href":"https:\/\/www.visit-ulcinj.com\/blog\/wp-json\/wp\/v2\/types\/post"}],"author":[{"embeddable":true,"href":"https:\/\/www.visit-ulcinj.com\/blog\/wp-json\/wp\/v2\/users\/1"}],"replies":[{"embeddable":true,"href":"https:\/\/www.visit-ulcinj.com\/blog\/wp-json\/wp\/v2\/comments?post=71821"}],"version-history":[{"count":2,"href":"https:\/\/www.visit-ulcinj.com\/blog\/wp-json\/wp\/v2\/posts\/71821\/revisions"}],"predecessor-version":[{"id":71825,"href":"https:\/\/www.visit-ulcinj.com\/blog\/wp-json\/wp\/v2\/posts\/71821\/revisions\/71825"}],"wp:attachment":[{"href":"https:\/\/www.visit-ulcinj.com\/blog\/wp-json\/wp\/v2\/media?parent=71821"}],"wp:term":[{"taxonomy":"category","embeddable":true,"href":"https:\/\/www.visit-ulcinj.com\/blog\/wp-json\/wp\/v2\/categories?post=71821"},{"taxonomy":"post_tag","embeddable":true,"href":"https:\/\/www.visit-ulcinj.com\/blog\/wp-json\/wp\/v2\/tags?post=71821"}],"curies":[{"name":"wp","href":"https:\/\/api.w.org\/{rel}","templated":true}]}}