{"id":71870,"date":"2013-05-28T16:59:46","date_gmt":"2013-05-28T15:59:46","guid":{"rendered":"http:\/\/www.visit-ulcinj.com\/blog\/?p=71870"},"modified":"2013-05-28T17:00:10","modified_gmt":"2013-05-28T16:00:10","slug":"ti-jepet-fund-uzurpimit-te-pronave-shqiptare-ne-martinaj","status":"publish","type":"post","link":"https:\/\/www.visit-ulcinj.com\/blog\/2013\/05\/28\/ti-jepet-fund-uzurpimit-te-pronave-shqiptare-ne-martinaj\/","title":{"rendered":"Ti Jepet Fund Uzurpimit t\u00eb Pronave Shqiptare n\u00eb Martinaj"},"content":{"rendered":"<p><a href=\"http:\/\/www.visit-ulcinj.com\/blog\/wp-content\/uploads\/2013\/05\/Ti-Jepet-Fund-Uzurpimit-t\u00eb-Pronave-Shqiptare-n\u00eb-Martinaj.jpg\"><img loading=\"lazy\" class=\"alignleft  wp-image-71871\" alt=\"Ti Jepet Fund Uzurpimit t\u00eb Pronave Shqiptare n\u00eb Martinaj\" src=\"http:\/\/www.visit-ulcinj.com\/blog\/wp-content\/uploads\/2013\/05\/Ti-Jepet-Fund-Uzurpimit-t\u00eb-Pronave-Shqiptare-n\u00eb-Martinaj.jpg\" width=\"508\" height=\"360\" \/><\/a>N\u00eb \u00e7do shtet t\u00eb mir\u00ebfillt\u00eb demokratik , e drejta e fjal\u00ebs s\u00eb lir\u00eb si edhe e drejta p\u00ebr t\u00eb protestuar n\u00eb m\u00ebnyr\u00eb paq\u00ebsore,\u00ebsht\u00eb e garantuar me ligj apo kushtetut\u00eb,mir\u00ebpo n\u00eb Mal t\u00eb Zi,pra n\u00eb shtetin i cili pretendon t\u00eb jet\u00eb demokratik dhe q\u00eb aspiron t\u00eb jet\u00eb pjes\u00eb e integrimeve europiane,fatkeq\u00ebsisht k\u00ebto t\u00eb drejta themelore cenohen vazhdimisht.<\/p>\n<p>Shembulli i fundit i arrestimit dhe burgosjes s\u00eb grupit shqiptar nga Martinajt t\u00eb cil\u00ebt protestuan n\u00eb m\u00ebnyr\u00eb paq\u00ebsore dhe ushtruan t\u00eb drejt\u00ebn e mbrojtjes s\u00eb pronave t\u00eb tyre,tregon dispunimin antishqiptar t\u00eb pushtetit t\u00eb tanish\u00ebm malazez.<\/p>\n<p>Veprimet e fundit t\u00eb pushtetit malazez n\u00eb fshatin Martinaj, jan\u00eb plot\u00ebsisht n\u00eb kund\u00ebrshtim me parimet demokratike sepse autoritett qeveritare t\u00eb Malit t\u00eb Zi, n\u00eb vend t\u00eb dialogut dhe mir\u00ebkuptimit me banor\u00ebt vendas t\u00eb fshatit Martinaj, ato po ushtrojn\u00eb\u00a0 gjuh\u00ebn e dhun\u00ebs ndaj shqiptar\u00ebve t\u00eb k\u00ebsaj treve etnike,duke burgosur njer\u00ebz t\u00eb pafajsh\u00ebm t\u00eb cil\u00ebt k\u00ebrkuan drejt\u00ebn e tyre legjitime.<\/p>\n<p>Kjo nuk \u00ebsht\u00eb hera e par\u00eb q\u00eb pushteti malazez mundohet t\u00eb zgjidh problemet p\u00ebrmes aksioneve\u00a0 policore ndaj shqiptar\u00ebve.Arrestimet e fundit t\u00eb shqiptar\u00ebve n\u00eb Martinaj,d\u00ebshmon edhe nj\u00eb her\u00eb se qeveris\u00eb malazeze nuk i intereson zgjidhja e problemeve t\u00eb shqiptar\u00ebve sipas standardeve europiane,por p\u00ebrkundrazi,\u00a0 p\u00ebrmes uzurpimit t\u00eb pronave ku banojn\u00eb shqiptar\u00ebt si dhe p\u00ebrmes metodave t\u00eb ndryshme t\u00eb presionit politik dhe ekonomik ndaj tyre ,ky pushtet, ka p\u00ebr q\u00ebllim\u00a0 shp\u00ebrnguljen e shqiptar\u00ebve nga vendi i tyre st\u00ebrgjyshor me synim p\u00ebrfundimtar t\u00eb spastrimit etnik t\u00eb trevave shqiptare.<\/p>\n<p>Apelojm\u00eb tek autoritet malazeze q\u00eb t\u00eb japin fund nj\u00eb her\u00eb e p\u00ebrgjithmon\u00eb metodate t\u00eb dhun\u00ebs dhe sjelljes s\u00eb tyre diktatoriale dhe antidemokratike ndaj k\u00ebrkesave t\u00eb drejta dhe paq\u00ebsore t\u00eb shqiptar\u00ebve dhe t\u00eb demonstroj\u00eb respekt dhe toleranc\u00eb n\u00eb rend t\u00eb par\u00eb ndaj banor\u00ebve shqiptar n\u00eb Martinaj,por edhe ndaj k\u00ebrkesave t\u00eb p\u00ebrgjithshme t\u00eb shqiptar\u00ebve n\u00eb Mal t\u00eb Zi.<\/p>\n<p>&nbsp;<\/p>\n<p>&nbsp;<\/p>\n<p>SHOQATA SHQIPTARO- AMERIKANE &#8220;ANA E MALIT &#8211; NY<\/p>\n<p>SHOQATA ATDHETARE &#8221; KRAJA&#8221; &#8211; NY<\/p>\n<p>&nbsp;<\/p>\n<p>Maj 2013<\/p>\n","protected":false},"excerpt":{"rendered":"<p>N\u00eb \u00e7do shtet t\u00eb mir\u00ebfillt\u00eb demokratik , e drejta e fjal\u00ebs s\u00eb lir\u00eb si edhe e drejta p\u00ebr t\u00eb protestuar n\u00eb m\u00ebnyr\u00eb paq\u00ebsore,\u00ebsht\u00eb e garantuar me ligj apo kushtetut\u00eb,mir\u00ebpo n\u00eb Mal t\u00eb Zi,pra n\u00eb shtetin i cili pretendon t\u00eb jet\u00eb demokratik dhe q\u00eb aspiron t\u00eb jet\u00eb pjes\u00eb e integrimeve europiane,fatkeq\u00ebsisht k\u00ebto t\u00eb drejta themelore cenohen [&hellip;]<\/p>\n","protected":false},"author":1,"featured_media":0,"comment_status":"open","ping_status":"closed","sticky":false,"template":"","format":"standard","meta":{"spay_email":"","jetpack_publicize_message":"","jetpack_is_tweetstorm":false,"jetpack_publicize_feature_enabled":true},"categories":[6950],"tags":[],"jetpack_publicize_connections":[],"yoast_head":"<!-- This site is optimized with the Yoast SEO plugin v19.1 - https:\/\/yoast.com\/wordpress\/plugins\/seo\/ -->\n<title>Ti Jepet Fund Uzurpimit t\u00eb Pronave Shqiptare n\u00eb Martinaj - Lajme nga Ulqini<\/title>\n<meta name=\"description\" content=\"N\u00eb \u00e7do shtet t\u00eb mir\u00ebfillt\u00eb demokratik , e drejta e fjal\u00ebs s\u00eb lir\u00eb si edhe e drejta p\u00ebr t\u00eb protestuar n\u00eb m\u00ebnyr\u00eb paq\u00ebsore,\u00ebsht\u00eb e garantuar me ligj apo\" \/>\n<meta name=\"robots\" content=\"index, follow, max-snippet:-1, max-image-preview:large, max-video-preview:-1\" \/>\n<link rel=\"canonical\" href=\"https:\/\/www.visit-ulcinj.com\/blog\/2013\/05\/28\/ti-jepet-fund-uzurpimit-te-pronave-shqiptare-ne-martinaj\/\" \/>\n<meta property=\"og:locale\" content=\"en_US\" \/>\n<meta property=\"og:type\" content=\"article\" \/>\n<meta property=\"og:title\" content=\"Ti Jepet Fund Uzurpimit t\u00eb Pronave Shqiptare n\u00eb Martinaj - Lajme nga Ulqini\" \/>\n<meta property=\"og:description\" content=\"N\u00eb \u00e7do shtet t\u00eb mir\u00ebfillt\u00eb demokratik , e drejta e fjal\u00ebs s\u00eb lir\u00eb si edhe e drejta p\u00ebr t\u00eb protestuar n\u00eb m\u00ebnyr\u00eb paq\u00ebsore,\u00ebsht\u00eb e garantuar me ligj apo\" \/>\n<meta property=\"og:url\" content=\"https:\/\/www.visit-ulcinj.com\/blog\/2013\/05\/28\/ti-jepet-fund-uzurpimit-te-pronave-shqiptare-ne-martinaj\/\" \/>\n<meta property=\"og:site_name\" content=\"Lajme nga Ulqini\" \/>\n<meta property=\"article:published_time\" content=\"2013-05-28T15:59:46+00:00\" \/>\n<meta property=\"article:modified_time\" content=\"2013-05-28T16:00:10+00:00\" \/>\n<meta name=\"twitter:label1\" content=\"Written by\" \/>\n\t<meta name=\"twitter:data1\" content=\"ulqini\" \/>\n\t<meta name=\"twitter:label2\" content=\"Est. reading time\" \/>\n\t<meta name=\"twitter:data2\" content=\"2 minutes\" \/>\n<script type=\"application\/ld+json\" class=\"yoast-schema-graph\">{\"@context\":\"https:\/\/schema.org\",\"@graph\":[{\"@type\":\"WebSite\",\"@id\":\"https:\/\/www.visit-ulcinj.com\/blog\/#website\",\"url\":\"https:\/\/www.visit-ulcinj.com\/blog\/\",\"name\":\"Lajme nga Ulqini\",\"description\":\"Lajme,Vijesti,Ulqini,Ulqin,Crna Gora,Mali i Zi\",\"potentialAction\":[{\"@type\":\"SearchAction\",\"target\":{\"@type\":\"EntryPoint\",\"urlTemplate\":\"https:\/\/www.visit-ulcinj.com\/blog\/?s={search_term_string}\"},\"query-input\":\"required name=search_term_string\"}],\"inLanguage\":\"en-US\"},{\"@type\":\"WebPage\",\"@id\":\"https:\/\/www.visit-ulcinj.com\/blog\/2013\/05\/28\/ti-jepet-fund-uzurpimit-te-pronave-shqiptare-ne-martinaj\/#webpage\",\"url\":\"https:\/\/www.visit-ulcinj.com\/blog\/2013\/05\/28\/ti-jepet-fund-uzurpimit-te-pronave-shqiptare-ne-martinaj\/\",\"name\":\"Ti Jepet Fund Uzurpimit t\u00eb Pronave Shqiptare n\u00eb Martinaj - Lajme nga Ulqini\",\"isPartOf\":{\"@id\":\"https:\/\/www.visit-ulcinj.com\/blog\/#website\"},\"datePublished\":\"2013-05-28T15:59:46+00:00\",\"dateModified\":\"2013-05-28T16:00:10+00:00\",\"author\":{\"@id\":\"https:\/\/www.visit-ulcinj.com\/blog\/#\/schema\/person\/dcab619c614d3038751c63bc2aadc06d\"},\"description\":\"N\u00eb \u00e7do shtet t\u00eb mir\u00ebfillt\u00eb demokratik , e drejta e fjal\u00ebs s\u00eb lir\u00eb si edhe e drejta p\u00ebr t\u00eb protestuar n\u00eb m\u00ebnyr\u00eb paq\u00ebsore,\u00ebsht\u00eb e garantuar me ligj apo\",\"breadcrumb\":{\"@id\":\"https:\/\/www.visit-ulcinj.com\/blog\/2013\/05\/28\/ti-jepet-fund-uzurpimit-te-pronave-shqiptare-ne-martinaj\/#breadcrumb\"},\"inLanguage\":\"en-US\",\"potentialAction\":[{\"@type\":\"ReadAction\",\"target\":[\"https:\/\/www.visit-ulcinj.com\/blog\/2013\/05\/28\/ti-jepet-fund-uzurpimit-te-pronave-shqiptare-ne-martinaj\/\"]}]},{\"@type\":\"BreadcrumbList\",\"@id\":\"https:\/\/www.visit-ulcinj.com\/blog\/2013\/05\/28\/ti-jepet-fund-uzurpimit-te-pronave-shqiptare-ne-martinaj\/#breadcrumb\",\"itemListElement\":[{\"@type\":\"ListItem\",\"position\":1,\"name\":\"Ti Jepet Fund Uzurpimit t\u00eb Pronave Shqiptare n\u00eb Martinaj\"}]},{\"@type\":\"Person\",\"@id\":\"https:\/\/www.visit-ulcinj.com\/blog\/#\/schema\/person\/dcab619c614d3038751c63bc2aadc06d\",\"name\":\"ulqini\",\"sameAs\":[\"http:\/\/www.visit-ulcinj.com\"],\"url\":\"https:\/\/www.visit-ulcinj.com\/blog\/author\/admin\/\"}]}<\/script>\n<!-- \/ Yoast SEO plugin. -->","yoast_head_json":{"title":"Ti Jepet Fund Uzurpimit t\u00eb Pronave Shqiptare n\u00eb Martinaj - Lajme nga Ulqini","description":"N\u00eb \u00e7do shtet t\u00eb mir\u00ebfillt\u00eb demokratik , e drejta e fjal\u00ebs s\u00eb lir\u00eb si edhe e drejta p\u00ebr t\u00eb protestuar n\u00eb m\u00ebnyr\u00eb paq\u00ebsore,\u00ebsht\u00eb e garantuar me ligj apo","robots":{"index":"index","follow":"follow","max-snippet":"max-snippet:-1","max-image-preview":"max-image-preview:large","max-video-preview":"max-video-preview:-1"},"canonical":"https:\/\/www.visit-ulcinj.com\/blog\/2013\/05\/28\/ti-jepet-fund-uzurpimit-te-pronave-shqiptare-ne-martinaj\/","og_locale":"en_US","og_type":"article","og_title":"Ti Jepet Fund Uzurpimit t\u00eb Pronave Shqiptare n\u00eb Martinaj - Lajme nga Ulqini","og_description":"N\u00eb \u00e7do shtet t\u00eb mir\u00ebfillt\u00eb demokratik , e drejta e fjal\u00ebs s\u00eb lir\u00eb si edhe e drejta p\u00ebr t\u00eb protestuar n\u00eb m\u00ebnyr\u00eb paq\u00ebsore,\u00ebsht\u00eb e garantuar me ligj apo","og_url":"https:\/\/www.visit-ulcinj.com\/blog\/2013\/05\/28\/ti-jepet-fund-uzurpimit-te-pronave-shqiptare-ne-martinaj\/","og_site_name":"Lajme nga Ulqini","article_published_time":"2013-05-28T15:59:46+00:00","article_modified_time":"2013-05-28T16:00:10+00:00","twitter_misc":{"Written by":"ulqini","Est. reading time":"2 minutes"},"schema":{"@context":"https:\/\/schema.org","@graph":[{"@type":"WebSite","@id":"https:\/\/www.visit-ulcinj.com\/blog\/#website","url":"https:\/\/www.visit-ulcinj.com\/blog\/","name":"Lajme nga Ulqini","description":"Lajme,Vijesti,Ulqini,Ulqin,Crna Gora,Mali i Zi","potentialAction":[{"@type":"SearchAction","target":{"@type":"EntryPoint","urlTemplate":"https:\/\/www.visit-ulcinj.com\/blog\/?s={search_term_string}"},"query-input":"required name=search_term_string"}],"inLanguage":"en-US"},{"@type":"WebPage","@id":"https:\/\/www.visit-ulcinj.com\/blog\/2013\/05\/28\/ti-jepet-fund-uzurpimit-te-pronave-shqiptare-ne-martinaj\/#webpage","url":"https:\/\/www.visit-ulcinj.com\/blog\/2013\/05\/28\/ti-jepet-fund-uzurpimit-te-pronave-shqiptare-ne-martinaj\/","name":"Ti Jepet Fund Uzurpimit t\u00eb Pronave Shqiptare n\u00eb Martinaj - Lajme nga Ulqini","isPartOf":{"@id":"https:\/\/www.visit-ulcinj.com\/blog\/#website"},"datePublished":"2013-05-28T15:59:46+00:00","dateModified":"2013-05-28T16:00:10+00:00","author":{"@id":"https:\/\/www.visit-ulcinj.com\/blog\/#\/schema\/person\/dcab619c614d3038751c63bc2aadc06d"},"description":"N\u00eb \u00e7do shtet t\u00eb mir\u00ebfillt\u00eb demokratik , e drejta e fjal\u00ebs s\u00eb lir\u00eb si edhe e drejta p\u00ebr t\u00eb protestuar n\u00eb m\u00ebnyr\u00eb paq\u00ebsore,\u00ebsht\u00eb e garantuar me ligj apo","breadcrumb":{"@id":"https:\/\/www.visit-ulcinj.com\/blog\/2013\/05\/28\/ti-jepet-fund-uzurpimit-te-pronave-shqiptare-ne-martinaj\/#breadcrumb"},"inLanguage":"en-US","potentialAction":[{"@type":"ReadAction","target":["https:\/\/www.visit-ulcinj.com\/blog\/2013\/05\/28\/ti-jepet-fund-uzurpimit-te-pronave-shqiptare-ne-martinaj\/"]}]},{"@type":"BreadcrumbList","@id":"https:\/\/www.visit-ulcinj.com\/blog\/2013\/05\/28\/ti-jepet-fund-uzurpimit-te-pronave-shqiptare-ne-martinaj\/#breadcrumb","itemListElement":[{"@type":"ListItem","position":1,"name":"Ti Jepet Fund Uzurpimit t\u00eb Pronave Shqiptare n\u00eb Martinaj"}]},{"@type":"Person","@id":"https:\/\/www.visit-ulcinj.com\/blog\/#\/schema\/person\/dcab619c614d3038751c63bc2aadc06d","name":"ulqini","sameAs":["http:\/\/www.visit-ulcinj.com"],"url":"https:\/\/www.visit-ulcinj.com\/blog\/author\/admin\/"}]}},"jetpack_featured_media_url":"","jetpack_sharing_enabled":true,"jetpack_shortlink":"https:\/\/wp.me\/pe6lTn-iHc","_links":{"self":[{"href":"https:\/\/www.visit-ulcinj.com\/blog\/wp-json\/wp\/v2\/posts\/71870"}],"collection":[{"href":"https:\/\/www.visit-ulcinj.com\/blog\/wp-json\/wp\/v2\/posts"}],"about":[{"href":"https:\/\/www.visit-ulcinj.com\/blog\/wp-json\/wp\/v2\/types\/post"}],"author":[{"embeddable":true,"href":"https:\/\/www.visit-ulcinj.com\/blog\/wp-json\/wp\/v2\/users\/1"}],"replies":[{"embeddable":true,"href":"https:\/\/www.visit-ulcinj.com\/blog\/wp-json\/wp\/v2\/comments?post=71870"}],"version-history":[{"count":2,"href":"https:\/\/www.visit-ulcinj.com\/blog\/wp-json\/wp\/v2\/posts\/71870\/revisions"}],"predecessor-version":[{"id":71873,"href":"https:\/\/www.visit-ulcinj.com\/blog\/wp-json\/wp\/v2\/posts\/71870\/revisions\/71873"}],"wp:attachment":[{"href":"https:\/\/www.visit-ulcinj.com\/blog\/wp-json\/wp\/v2\/media?parent=71870"}],"wp:term":[{"taxonomy":"category","embeddable":true,"href":"https:\/\/www.visit-ulcinj.com\/blog\/wp-json\/wp\/v2\/categories?post=71870"},{"taxonomy":"post_tag","embeddable":true,"href":"https:\/\/www.visit-ulcinj.com\/blog\/wp-json\/wp\/v2\/tags?post=71870"}],"curies":[{"name":"wp","href":"https:\/\/api.w.org\/{rel}","templated":true}]}}