{"id":71874,"date":"2013-05-28T17:12:40","date_gmt":"2013-05-28T16:12:40","guid":{"rendered":"http:\/\/www.visit-ulcinj.com\/blog\/?p=71874"},"modified":"2013-05-28T17:13:05","modified_gmt":"2013-05-28T16:13:05","slug":"ulcinj-stratesko-neznanje","status":"publish","type":"post","link":"https:\/\/www.visit-ulcinj.com\/blog\/2013\/05\/28\/ulcinj-stratesko-neznanje\/","title":{"rendered":"Ulcinj: Strate\u0161ko neznanje"},"content":{"rendered":"<p><a href=\"http:\/\/www.visit-ulcinj.com\/blog\/wp-content\/uploads\/2013\/05\/Ulcinj.jpg\"><img loading=\"lazy\" class=\"alignleft  wp-image-71875\" alt=\"Ulcinj\" src=\"http:\/\/www.visit-ulcinj.com\/blog\/wp-content\/uploads\/2013\/05\/Ulcinj.jpg\" width=\"508\" height=\"360\" \/><\/a><strong>Mustafa Canka<\/strong><br \/>\n,,Imali ste zakonsku obavezu da strate\u0161ki plan op\u0161tine usvojite do kraja pro\u0161le godine&#8221;, rekao je nedavno ministar odr\u017eivog razvoja i turizma Branimir Gvozdenovi\u0107 delegaciji op\u0161tine Ulcinj koja je s njim razgovarala o aktivnostima oko dono\u0161enja prostorno-urbanisti\u010dkog plana (PUP) te op\u0161tine. Jer, izrada PUP-a, tog najva\u017enijeg dokumenta za planiranje razvoja, sredinom 2009. godine odlukom tada\u0161njeg gradona\u010delnika Gzima Hajdinage prepu\u0161tena je Vladi Crne Gore. O\u010dekuje se da ubrzo bude zavr\u0161en Nacrt tog dokumenta, o kojem \u0107e se, na javnoj raspravi, gra\u0111ani Ulcinja i svi zainteresovani, izja\u0161njavati tokom sezone, a kasnije i odbornici lokalnog parlamenta.<\/p>\n<p>Iz onoga \u0161to je do sada procurilo u javnost, mali \u0107e biti broj onih Ulcinjana koje \u0107e zadovoljiti predlo\u017eena rje\u0161enja za pojedine lokalitete u tom dokumentu. To se prije svega odnosi na prijedloge da se uvala Valdanos razvija po dr\u017eavnoj Studiji lokacije i u znatnoj mjeri betonira, te da prostor Ulcinjskog polja ostane ,,zelena povr\u0161ina&#8221;. Sporne su tako\u0111e projekcije Solane, Velike pla\u017ee, \u0160asa i Starog grada, podru\u010dja od najve\u0107e va\u017enosti za ovaj grad. Ovakve namjere Ministarstva, odnosno Vlade koju podr\u017eavaju sve vladaju\u0107e stranke u Ulcinju, nikoga ovdje, me\u0111utim, previ\u0161e ne uzbu\u0111uju, ali \u010dudi skandalozno pona\u0161anje op\u0161tinskih organa. Jer, upravljanje prostorom najdjelotvorniji je instrument razvoja op\u0161tine i stoga je lokalna samouprava morala da ve\u0107 u prvoj godini svoje vladavine donese strate\u0161ki plan, kao sopstvenu viziju i osnovni razvojni mehanizam op\u0161tine koja ima najve\u0107e resurse u zemlji, s osnovnim ciljem da se na racionalan i odr\u017eiv na\u010din iskoriste potencijali Ulcinja u interesu njegovih gra\u0111ana, a ne doma\u0107ih ili bjelosvjetskih tajkuna i \u0161pekulanata.<\/p>\n<p>No, prve sjednice tzv. Op\u0161tinske konsultativne grupe za izradu strate\u0161kog plana, kojom je predsjedavao potpredsjednik op\u0161tine D\u017eaudet Cakuli (koji je u me\u0111uvremenu podnio ostavku), pokazale su da nedostaje znanja i odgovornosti u pristupu izradi tog dokumenta, pa su neki \u010dlanovi napu\u0161tili to tijelo ve\u0107 nakon rasprave o procjeni stanja. Od tada posao ide veoma traljavo i rezultat je svima vidljiv. Olako obe\u0107ana brzina ostala je samo na rije\u010dima.<\/p>\n<p>Ukupna de\u0161avanja u Ulcinju pokazuju da je takvo pona\u0161anje postalo pravilo i standard. Jer, ova op\u0161tina ve\u0107 sto dana nema ni glavnog administratora, predsjednik op\u0161tine Nazif Cungu jo\u0161 nijednom nije podnio izvje\u0161taj o radu Skup\u0161tini op\u0161tine koja ga je birala, iako je to zakonska i statutarna obaveza jednom godi\u0161nje, a nepripremljenost za predstoje\u0107u turisti\u010dku sezonu ve\u0107 izaziva zebnju gra\u0111ana. Nema nijednog novog parking-mjesta, problemi s bukom ve\u0107 eskaliraju, kao i zauzimanje op\u0161tinskog zemlji\u0161ta.<\/p>\n<p>Svemu tome treba dodati me\u0111usobno (ne)povjerenje kod koalicionih partnera na lokalnom nivou (FORCA, Demokratska partija, Socijaldemokratska partija i Gra\u0111anski pokret Perspektiva) koje je na najni\u017eem nivou. Zapo\u0161ljenima u lokalnoj samoupravi i preduze\u0107ima \u010diji je ona osniva\u010d duguje se od pet do 17 plata, a doprinosi se ne upla\u0107uju godinama.<\/p>\n<p>Jedina nada da \u0107e se do nekih sredstava do\u0107i i bar prevladati dio ovih problema jeste uzimanje novog kredita kod komercijalnih banaka. No, prije toga je neophodno usvojiti rebalans bud\u017eeta i izraditi sanacioni plan, \u0161to nije mogu\u0107e za manje od tri mjeseca. Zato je realno o\u010dekivati da lokalna samouprava dobije planiranih 1,5 miliona kreditnih sredstava tek sredinom avgusta. Mada, iskreno govore\u0107i, nije lako na\u0107i ni banku koja \u0107e to uraditi, pod uslovom da su ta\u010dne izjave \u010delnika Ulcinja da ta op\u0161tina duguje oko 23 miliona eura. Lani je op\u0161tinski bud\u017eet realizovan sa 4,4 miliona eura, ili tek 60 odsto od plana.<\/p>\n<p>Doga\u0111aji, dakle, naprosto preti\u010du rukovodstvo nesposobno da se nosi sa svim ovim otvorenim pitanjima i izazovima, ba\u0161 ono koje se prije dolaska na vlast godinama hvalilo svojim \u201eekspertima, profesionalcima, spremljenim planovima za izlazak iz krize&#8221;. Sve je bilo blef, pa Ulcinj nezaustavljivo nazaduje u svakom pogledu.<\/p>\n<p>Podaci Monstata pokazuju da ovaj grad ima najmanju prosje\u010dnu mjese\u010dnu zaradu u zemlji, te da je Ulcinj jedini grad na Primorju u kojem se bilje\u017ei pad broja stanovnika. Zbog neobnavljanja sru\u0161enih hotela i ruinirane privrede, u Ulcinju je danas zapo\u0161ljeno tek oko dvije hiljade ljudi, \u0161to je za \u010dak 60 odsto manje nego prije 2,5 decenije. Izostanak i sporost u dono\u0161enju klju\u010dnih razvojnih planova, koje imaju sve crnogorske op\u0161tine, samo \u0107e pogor\u0161ati ionako nepodno\u0161ljivo stanje. Posljedice ovog strate\u0161kog neznanja, nemara i neodgovornosti gra\u0111ani Ulcinja \u0107e godinama osje\u0107ati.<\/p>\n<p>Sru\u010dnjaci za lokalnu samoupravu upozaravaju da je neshvatljivo da u Ulcinju ve\u0107 3,5 mjeseca nema glavnog administratora op\u0161tine. Na taj na\u010din nije obezbije\u0111eno funkcionisanje lokalne samouprave, jer je ta li\u010dnost drugostepeni organ. To zna\u010di da gra\u0111ani na lokalnom nivou ne mogu da obezbijede svoja prava u upravnom postupku i da im onda preostaje da se \u017eale Upravnom sudu.<\/p>\n<p>U tom kontekstu logi\u010dno je \u0161to su neki op\u0161tinski sekretari sekretarijata, nakon vi\u0161e od 17 mjeseci na tim funkcijama, jo\u0161 vr\u0161ioci du\u017enosti. Sve to upotpunjava haoti\u010dnu sliku Ulcinja.<br \/>\n<a href=\"http:\/\/www.monitor.co.me\/index.php?option=com_content&amp;view=article&amp;id=4343:strateko-neznanje&amp;catid=2950:broj-1178&amp;Itemid=4192\" target=\"_blank\"><strong>Mustafa CANKA<\/strong><\/a><br \/>\n<a href=\"http:\/\/www.monitor.co.me\/index.php?option=com_content&amp;view=article&amp;id=4343:strateko-neznanje&amp;catid=2950:broj-1178&amp;Itemid=4192\" target=\"_blank\"><strong>Izvor: Monitor<\/strong><\/a><\/p>\n","protected":false},"excerpt":{"rendered":"<p>Mustafa Canka ,,Imali ste zakonsku obavezu da strate\u0161ki plan op\u0161tine usvojite do kraja pro\u0161le godine&#8221;, rekao je nedavno ministar odr\u017eivog razvoja i turizma Branimir Gvozdenovi\u0107 delegaciji op\u0161tine Ulcinj koja je s njim razgovarala o aktivnostima oko dono\u0161enja prostorno-urbanisti\u010dkog plana (PUP) te op\u0161tine. Jer, izrada PUP-a, tog najva\u017enijeg dokumenta za planiranje razvoja, sredinom 2009. godine odlukom [&hellip;]<\/p>\n","protected":false},"author":1,"featured_media":0,"comment_status":"open","ping_status":"closed","sticky":false,"template":"","format":"standard","meta":{"spay_email":"","jetpack_publicize_message":"","jetpack_is_tweetstorm":false,"jetpack_publicize_feature_enabled":true},"categories":[8337],"tags":[],"jetpack_publicize_connections":[],"yoast_head":"<!-- This site is optimized with the Yoast SEO plugin v19.1 - https:\/\/yoast.com\/wordpress\/plugins\/seo\/ -->\n<title>Ulcinj: Strate\u0161ko neznanje - Lajme nga Ulqini<\/title>\n<meta name=\"description\" content=\"Mustafa Canka ,,Imali ste zakonsku obavezu da strate\u0161ki plan op\u0161tine usvojite do kraja pro\u0161le godine&quot;, rekao je nedavno ministar odr\u017eivog razvoja i\" \/>\n<meta name=\"robots\" content=\"index, follow, max-snippet:-1, max-image-preview:large, max-video-preview:-1\" \/>\n<link rel=\"canonical\" href=\"https:\/\/www.visit-ulcinj.com\/blog\/2013\/05\/28\/ulcinj-stratesko-neznanje\/\" \/>\n<meta property=\"og:locale\" content=\"en_US\" \/>\n<meta property=\"og:type\" content=\"article\" \/>\n<meta property=\"og:title\" content=\"Ulcinj: Strate\u0161ko neznanje - Lajme nga Ulqini\" \/>\n<meta property=\"og:description\" content=\"Mustafa Canka ,,Imali ste zakonsku obavezu da strate\u0161ki plan op\u0161tine usvojite do kraja pro\u0161le godine&quot;, rekao je nedavno ministar odr\u017eivog razvoja i\" \/>\n<meta property=\"og:url\" content=\"https:\/\/www.visit-ulcinj.com\/blog\/2013\/05\/28\/ulcinj-stratesko-neznanje\/\" \/>\n<meta property=\"og:site_name\" content=\"Lajme nga Ulqini\" \/>\n<meta property=\"article:published_time\" content=\"2013-05-28T16:12:40+00:00\" \/>\n<meta property=\"article:modified_time\" content=\"2013-05-28T16:13:05+00:00\" \/>\n<meta property=\"og:image\" content=\"http:\/\/www.visit-ulcinj.com\/blog\/wp-content\/uploads\/2013\/05\/Ulcinj.jpg\" \/>\n<meta name=\"twitter:label1\" content=\"Written by\" \/>\n\t<meta name=\"twitter:data1\" content=\"ulqini\" \/>\n\t<meta name=\"twitter:label2\" content=\"Est. reading time\" \/>\n\t<meta name=\"twitter:data2\" content=\"4 minutes\" \/>\n<script type=\"application\/ld+json\" class=\"yoast-schema-graph\">{\"@context\":\"https:\/\/schema.org\",\"@graph\":[{\"@type\":\"WebSite\",\"@id\":\"https:\/\/www.visit-ulcinj.com\/blog\/#website\",\"url\":\"https:\/\/www.visit-ulcinj.com\/blog\/\",\"name\":\"Lajme nga Ulqini\",\"description\":\"Lajme,Vijesti,Ulqini,Ulqin,Crna Gora,Mali i Zi\",\"potentialAction\":[{\"@type\":\"SearchAction\",\"target\":{\"@type\":\"EntryPoint\",\"urlTemplate\":\"https:\/\/www.visit-ulcinj.com\/blog\/?s={search_term_string}\"},\"query-input\":\"required name=search_term_string\"}],\"inLanguage\":\"en-US\"},{\"@type\":\"ImageObject\",\"inLanguage\":\"en-US\",\"@id\":\"https:\/\/www.visit-ulcinj.com\/blog\/2013\/05\/28\/ulcinj-stratesko-neznanje\/#primaryimage\",\"url\":\"https:\/\/www.visit-ulcinj.com\/blog\/wp-content\/uploads\/2013\/05\/Ulcinj.jpg\",\"contentUrl\":\"https:\/\/www.visit-ulcinj.com\/blog\/wp-content\/uploads\/2013\/05\/Ulcinj.jpg\",\"width\":800,\"height\":516},{\"@type\":\"WebPage\",\"@id\":\"https:\/\/www.visit-ulcinj.com\/blog\/2013\/05\/28\/ulcinj-stratesko-neznanje\/#webpage\",\"url\":\"https:\/\/www.visit-ulcinj.com\/blog\/2013\/05\/28\/ulcinj-stratesko-neznanje\/\",\"name\":\"Ulcinj: Strate\u0161ko neznanje - Lajme nga Ulqini\",\"isPartOf\":{\"@id\":\"https:\/\/www.visit-ulcinj.com\/blog\/#website\"},\"primaryImageOfPage\":{\"@id\":\"https:\/\/www.visit-ulcinj.com\/blog\/2013\/05\/28\/ulcinj-stratesko-neznanje\/#primaryimage\"},\"datePublished\":\"2013-05-28T16:12:40+00:00\",\"dateModified\":\"2013-05-28T16:13:05+00:00\",\"author\":{\"@id\":\"https:\/\/www.visit-ulcinj.com\/blog\/#\/schema\/person\/dcab619c614d3038751c63bc2aadc06d\"},\"description\":\"Mustafa Canka ,,Imali ste zakonsku obavezu da strate\u0161ki plan op\u0161tine usvojite do kraja pro\u0161le godine\\\", rekao je nedavno ministar odr\u017eivog razvoja i\",\"breadcrumb\":{\"@id\":\"https:\/\/www.visit-ulcinj.com\/blog\/2013\/05\/28\/ulcinj-stratesko-neznanje\/#breadcrumb\"},\"inLanguage\":\"en-US\",\"potentialAction\":[{\"@type\":\"ReadAction\",\"target\":[\"https:\/\/www.visit-ulcinj.com\/blog\/2013\/05\/28\/ulcinj-stratesko-neznanje\/\"]}]},{\"@type\":\"BreadcrumbList\",\"@id\":\"https:\/\/www.visit-ulcinj.com\/blog\/2013\/05\/28\/ulcinj-stratesko-neznanje\/#breadcrumb\",\"itemListElement\":[{\"@type\":\"ListItem\",\"position\":1,\"name\":\"Ulcinj: Strate\u0161ko neznanje\"}]},{\"@type\":\"Person\",\"@id\":\"https:\/\/www.visit-ulcinj.com\/blog\/#\/schema\/person\/dcab619c614d3038751c63bc2aadc06d\",\"name\":\"ulqini\",\"sameAs\":[\"http:\/\/www.visit-ulcinj.com\"],\"url\":\"https:\/\/www.visit-ulcinj.com\/blog\/author\/admin\/\"}]}<\/script>\n<!-- \/ Yoast SEO plugin. -->","yoast_head_json":{"title":"Ulcinj: Strate\u0161ko neznanje - Lajme nga Ulqini","description":"Mustafa Canka ,,Imali ste zakonsku obavezu da strate\u0161ki plan op\u0161tine usvojite do kraja pro\u0161le godine\", rekao je nedavno ministar odr\u017eivog razvoja i","robots":{"index":"index","follow":"follow","max-snippet":"max-snippet:-1","max-image-preview":"max-image-preview:large","max-video-preview":"max-video-preview:-1"},"canonical":"https:\/\/www.visit-ulcinj.com\/blog\/2013\/05\/28\/ulcinj-stratesko-neznanje\/","og_locale":"en_US","og_type":"article","og_title":"Ulcinj: Strate\u0161ko neznanje - Lajme nga Ulqini","og_description":"Mustafa Canka ,,Imali ste zakonsku obavezu da strate\u0161ki plan op\u0161tine usvojite do kraja pro\u0161le godine\", rekao je nedavno ministar odr\u017eivog razvoja i","og_url":"https:\/\/www.visit-ulcinj.com\/blog\/2013\/05\/28\/ulcinj-stratesko-neznanje\/","og_site_name":"Lajme nga Ulqini","article_published_time":"2013-05-28T16:12:40+00:00","article_modified_time":"2013-05-28T16:13:05+00:00","og_image":[{"url":"http:\/\/www.visit-ulcinj.com\/blog\/wp-content\/uploads\/2013\/05\/Ulcinj.jpg"}],"twitter_misc":{"Written by":"ulqini","Est. reading time":"4 minutes"},"schema":{"@context":"https:\/\/schema.org","@graph":[{"@type":"WebSite","@id":"https:\/\/www.visit-ulcinj.com\/blog\/#website","url":"https:\/\/www.visit-ulcinj.com\/blog\/","name":"Lajme nga Ulqini","description":"Lajme,Vijesti,Ulqini,Ulqin,Crna Gora,Mali i Zi","potentialAction":[{"@type":"SearchAction","target":{"@type":"EntryPoint","urlTemplate":"https:\/\/www.visit-ulcinj.com\/blog\/?s={search_term_string}"},"query-input":"required name=search_term_string"}],"inLanguage":"en-US"},{"@type":"ImageObject","inLanguage":"en-US","@id":"https:\/\/www.visit-ulcinj.com\/blog\/2013\/05\/28\/ulcinj-stratesko-neznanje\/#primaryimage","url":"https:\/\/www.visit-ulcinj.com\/blog\/wp-content\/uploads\/2013\/05\/Ulcinj.jpg","contentUrl":"https:\/\/www.visit-ulcinj.com\/blog\/wp-content\/uploads\/2013\/05\/Ulcinj.jpg","width":800,"height":516},{"@type":"WebPage","@id":"https:\/\/www.visit-ulcinj.com\/blog\/2013\/05\/28\/ulcinj-stratesko-neznanje\/#webpage","url":"https:\/\/www.visit-ulcinj.com\/blog\/2013\/05\/28\/ulcinj-stratesko-neznanje\/","name":"Ulcinj: Strate\u0161ko neznanje - Lajme nga Ulqini","isPartOf":{"@id":"https:\/\/www.visit-ulcinj.com\/blog\/#website"},"primaryImageOfPage":{"@id":"https:\/\/www.visit-ulcinj.com\/blog\/2013\/05\/28\/ulcinj-stratesko-neznanje\/#primaryimage"},"datePublished":"2013-05-28T16:12:40+00:00","dateModified":"2013-05-28T16:13:05+00:00","author":{"@id":"https:\/\/www.visit-ulcinj.com\/blog\/#\/schema\/person\/dcab619c614d3038751c63bc2aadc06d"},"description":"Mustafa Canka ,,Imali ste zakonsku obavezu da strate\u0161ki plan op\u0161tine usvojite do kraja pro\u0161le godine\", rekao je nedavno ministar odr\u017eivog razvoja i","breadcrumb":{"@id":"https:\/\/www.visit-ulcinj.com\/blog\/2013\/05\/28\/ulcinj-stratesko-neznanje\/#breadcrumb"},"inLanguage":"en-US","potentialAction":[{"@type":"ReadAction","target":["https:\/\/www.visit-ulcinj.com\/blog\/2013\/05\/28\/ulcinj-stratesko-neznanje\/"]}]},{"@type":"BreadcrumbList","@id":"https:\/\/www.visit-ulcinj.com\/blog\/2013\/05\/28\/ulcinj-stratesko-neznanje\/#breadcrumb","itemListElement":[{"@type":"ListItem","position":1,"name":"Ulcinj: Strate\u0161ko neznanje"}]},{"@type":"Person","@id":"https:\/\/www.visit-ulcinj.com\/blog\/#\/schema\/person\/dcab619c614d3038751c63bc2aadc06d","name":"ulqini","sameAs":["http:\/\/www.visit-ulcinj.com"],"url":"https:\/\/www.visit-ulcinj.com\/blog\/author\/admin\/"}]}},"jetpack_featured_media_url":"","jetpack_sharing_enabled":true,"jetpack_shortlink":"https:\/\/wp.me\/pe6lTn-iHg","_links":{"self":[{"href":"https:\/\/www.visit-ulcinj.com\/blog\/wp-json\/wp\/v2\/posts\/71874"}],"collection":[{"href":"https:\/\/www.visit-ulcinj.com\/blog\/wp-json\/wp\/v2\/posts"}],"about":[{"href":"https:\/\/www.visit-ulcinj.com\/blog\/wp-json\/wp\/v2\/types\/post"}],"author":[{"embeddable":true,"href":"https:\/\/www.visit-ulcinj.com\/blog\/wp-json\/wp\/v2\/users\/1"}],"replies":[{"embeddable":true,"href":"https:\/\/www.visit-ulcinj.com\/blog\/wp-json\/wp\/v2\/comments?post=71874"}],"version-history":[{"count":2,"href":"https:\/\/www.visit-ulcinj.com\/blog\/wp-json\/wp\/v2\/posts\/71874\/revisions"}],"predecessor-version":[{"id":71877,"href":"https:\/\/www.visit-ulcinj.com\/blog\/wp-json\/wp\/v2\/posts\/71874\/revisions\/71877"}],"wp:attachment":[{"href":"https:\/\/www.visit-ulcinj.com\/blog\/wp-json\/wp\/v2\/media?parent=71874"}],"wp:term":[{"taxonomy":"category","embeddable":true,"href":"https:\/\/www.visit-ulcinj.com\/blog\/wp-json\/wp\/v2\/categories?post=71874"},{"taxonomy":"post_tag","embeddable":true,"href":"https:\/\/www.visit-ulcinj.com\/blog\/wp-json\/wp\/v2\/tags?post=71874"}],"curies":[{"name":"wp","href":"https:\/\/api.w.org\/{rel}","templated":true}]}}