{"id":7188,"date":"2008-12-14T09:51:30","date_gmt":"2008-12-14T08:51:30","guid":{"rendered":"http:\/\/www.visit-ulcinj.com\/blog\/?p=7188"},"modified":"2008-12-14T09:51:30","modified_gmt":"2008-12-14T08:51:30","slug":"kenga-magjike-jo-nostalgji-por-fillim","status":"publish","type":"post","link":"https:\/\/www.visit-ulcinj.com\/blog\/2008\/12\/14\/kenga-magjike-jo-nostalgji-por-fillim\/","title":{"rendered":"&#8220;K\u00ebnga Magjike&#8221;, jo nostalgji, por fillim"},"content":{"rendered":"<p><a href=\"http:\/\/www.visit-ulcinj.com\/blog\/wp-content\/uploads\/2008\/12\/ardit-gjebrea.jpg\"><img loading=\"lazy\" class=\"alignleft size-medium wp-image-7189\" title=\"ardit-gjebrea\" src=\"http:\/\/www.visit-ulcinj.com\/blog\/wp-content\/uploads\/2008\/12\/ardit-gjebrea-208x300.jpg\" alt=\"\" width=\"247\" height=\"382\" \/><\/a><strong style=\"font-family: arial,helvetica,sans-serif;\">P\u00ebrreth ka nj\u00eb staf t\u00eb madh n\u00eb num\u00ebr, por duket se shum\u00eb gj\u00ebra duhet t\u2019i \u00e7oj\u00eb vet\u00eb deri n\u00eb fund. Telefoni bie pa pushim dhe nuk di se kujt t\u2019i p\u00ebrgjigjet m\u00eb par\u00eb. \u00cbsht\u00eb vigjilja e festivalit dhe Ardit Gjebrea \u00ebsht\u00eb si n\u00eb gjemba. Ndoshta sepse \u00ebsht\u00eb nj\u00eb 10-vjetor dhe p\u00ebrgjegj\u00ebsia sa vjen e rritet. T\u00eb enjten, n\u00eb Pallatin e Kongreseve nis edicioni i 10-t\u00eb i festivalit &#8220;K\u00ebnga Magjike&#8221;. Emra t\u00eb njohur t\u00eb muzik\u00ebs shqiptare do t\u00eb ngjiten n\u00eb sken\u00eb p\u00ebrgjat\u00eb tre net\u00ebve. Konkurrenc\u00eb e fort\u00eb, spektak\u00ebl, por edhe shum\u00eb \u00e7mime.<\/strong><\/p>\n<p style=\"font-family: arial,helvetica,sans-serif;\"><strong>K\u00ebt\u00eb vit \u201cK\u00ebnga Magjike\u201d mbush 10 vjet, si vjen ky festival n\u00eb k\u00ebt\u00eb edicion?<\/strong><\/p>\n<p>P\u00ebr nj\u00eb gj\u00eb jam i lumtur. Ka pjes\u00ebmarr\u00ebs artist\u00ebsh dhe k\u00ebng\u00eb t\u00eb bukura si asnj\u00eb vit tjet\u00ebr. Autor\u00ebt, interpretuesit dhe studiot jan\u00eb nd\u00ebr m\u00eb t\u00eb mir\u00ebt, q\u00eb kan\u00eb trojet shqiptare dhe ajo q\u00eb \u00ebsht\u00eb pika e fort\u00eb e festivalit \u00ebsht\u00eb krijimtaria. Artist\u00ebt kan\u00eb ardhur t\u00eb p\u00ebrgjegjsh\u00ebm si asnj\u00eb vit tjet\u00ebr.<\/p>\n<p><strong>Mund t\u00eb lidhet kjo me jubileun?<\/strong><\/p>\n<p>Nuk di n\u00ebse kjo lidhet me 10-vjetorin e festivalit, apo me p\u00ebrgjegjshm\u00ebrin\u00eb e artist\u00ebve q\u00eb \u00ebsht\u00eb rritur, me pretendimin e tyre p\u00ebr t\u00eb arritur n\u00eb nivelet e larta profesionale.<\/p>\n<p><strong>Ka nj\u00eb tendenc\u00eb muzikore ky edicion?<\/strong><\/p>\n<p>\u00c7udit\u00ebrisht ky \u00ebsht\u00eb viti i baladave. Ndoshta \u00ebsht\u00eb nj\u00eb rikthim i balad\u00ebs si rrym\u00eb, pasi duhet th\u00ebn\u00eb q\u00eb k\u00ebng\u00ebt e k\u00ebtij lloji i rezistojn\u00eb koh\u00ebs dhe ndoshta si e till\u00eb ka ardhur me shumic\u00eb n\u00eb festival. Por vjen moderne dhe tek-tuk me ndonj\u00eb element ritmik. Viteve t\u00eb shkuara ka pasur edhe ndonj\u00eb problem, t\u00eb tipit, k\u00ebng\u00eb e vjedhur, nd\u00ebrhyrje n\u00eb juri&#8230;<\/p>\n<p><strong>Keni qen\u00eb m\u00eb t\u00eb qet\u00eb k\u00ebt\u00eb vit nga k\u00ebto fenomene?<\/strong><\/p>\n<p>P\u00ebr fat t\u00eb keq ka pasur dy k\u00ebng\u00eb, q\u00eb jan\u00eb p\u00ebrjashtuar nga festivali. Nj\u00ebra \u00ebsht\u00eb p\u00ebr faj t\u00eb \u201clupeve\u201d muzikore, q\u00eb qarkullojn\u00eb n\u00eb t\u00eb gjith\u00eb bot\u00ebn dhe kjo k\u00ebng\u00eb ishte marr\u00eb sipas k\u00ebtij formati, nd\u00ebrsa tjetra \u00ebsht\u00eb shitur nga nj\u00eb kompozitor zviceran. Ishte shitur p\u00ebr origjinale, por n\u00eb t\u00eb v\u00ebrtet\u00eb ishte e vjedhur dhe k\u00ebng\u00ebtari nuk dinte asgj\u00eb p\u00ebr k\u00ebt\u00eb. Sigurisht k\u00ebng\u00ebtar\u00ebt vet\u00eb nuk mund t\u00eb din\u00eb gjith\u00e7ka q\u00eb b\u00ebhet n\u00eb bot\u00eb, por me keqardhje mu desh t\u00eb mos i pranoja, edhe pse t\u00eb dyja ishin t\u00eb vlefshme p\u00ebr n\u00eb gjysm\u00eb finale.<\/p>\n<p><strong>S\u00ebrish vet\u00ebm n\u00eb sken\u00eb?<\/strong><\/p>\n<p>Nuk do t\u00eb jem vet\u00ebm, do t\u00eb kem dhe dy partnere, Artemisa Ozajn dhe Elektr\u00ebn e Radio NRG. Jan\u00eb dy prezantuese t\u00eb reja, q\u00eb provojn\u00eb p\u00ebr her\u00eb t\u00eb par\u00eb k\u00ebt\u00eb eksperienc\u00eb. M\u00eb p\u00eblqen t\u00eb provoj, t\u00eb jap mund\u00ebsi, t\u00eb krijoj hap\u00ebsira p\u00ebr t\u00eb rinjt\u00eb. M\u00eb p\u00eblqen q\u00eb gj\u00ebrat t\u00eb b\u00ebhen ndryshe, p\u00ebrkund\u00ebr gjith\u00e7kaje q\u00eb ne kemi par\u00eb.<\/p>\n<p><strong>Ende nuk jan\u00eb ndezur dritat e sken\u00ebs, megjithat\u00eb skenografia duket t\u00ebrheq\u00ebse&#8230;<\/strong><\/p>\n<p>\u00cbsht\u00eb nj\u00eb tjet\u00ebr element i r\u00ebnd\u00ebsish\u00ebm q\u00eb ne ia besojm\u00eb nj\u00eb emri t\u00eb madh t\u00eb skenografis\u00eb italiane. B\u00ebhet fjal\u00eb p\u00ebr Gaetano Castellin. \u00cbsht\u00eb nj\u00eb em\u00ebr i madh q\u00eb ka fituar shum\u00eb \u00e7mime nd\u00ebrkomb\u00ebtare, ka b\u00ebr\u00eb 16 festivale t\u00eb Sanremos, mes t\u00eb cilave dy t\u00eb fundit. \u201cSerata d\u2019onore\u201d e Pippo Baudo-s, skenografit\u00eb e Adriano \u00c7elentanos, \u201cSenso della vita\u201d e Paolo Bonolis, 6 skenografi n\u00eb studiot e RAI-t, q\u00eb shihen \u00e7do dit\u00eb&#8230; t\u00eb gjitha mbajn\u00eb firm\u00ebn e Castellit. Pra, mund t\u00eb thuhet se \u00ebsht\u00eb nj\u00eb artist q\u00eb ka b\u00ebr\u00eb historin\u00eb e skenografis\u00eb italiane. K\u00ebshtu q\u00eb \u00ebsht\u00eb nder p\u00ebr ne, q\u00eb bashk\u00eb me Franco Ferrarin q\u00eb \u00ebsht\u00eb drejtori i fotografis\u00eb s\u00eb RAI-t, vijn\u00eb p\u00ebr t\u00eb punuar p\u00ebr nj\u00eb festival shqiptar.<\/p>\n<p><strong>Meq\u00eb mbushet nj\u00eb dekad\u00eb, keni l\u00ebn\u00eb vend p\u00ebr pak retrospektiv\u00eb?<\/strong><\/p>\n<p>Juria e k\u00ebtij viti p\u00ebrb\u00ebhet nga president\u00ebt e 9 edicioneve t\u00eb shkuara. (P\u00ebr fat t\u00eb keq Vath Koreshi nuk \u00ebsht\u00eb m\u00eb). N\u00eb nat\u00ebn e tret\u00eb do t\u00eb jen\u00eb fituesit e festivaleve. Pra do t\u00eb ket\u00eb restrospektiv\u00eb, por e ekuilibruar, sepse ngjarja e v\u00ebrtet\u00eb \u00ebsht\u00eb festivali i dhjet\u00eb. P\u00ebr mua, ky edicion \u00ebsht\u00eb fillimi i nj\u00eb kapitulli t\u00eb ri, jo nj\u00eb p\u00ebrmbledhje.<\/p>\n<p><strong>Sistemi i votimit vazhdon t\u00eb jet\u00eb i nj\u00ebjti? <\/strong><\/p>\n<p style=\"font-family: arial,helvetica,sans-serif;\">Edhe k\u00ebt\u00eb her\u00eb artist\u00ebt votojn\u00eb p\u00ebr nj\u00ebri-tjetrin. Vijon t\u00eb jet\u00eb e nj\u00ebjta struktur\u00eb. Sapo mbaruam nj\u00eb mbledhje me ta. K\u00ebrkova transparenc\u00eb dhe mir\u00ebkuptim, t\u00eb evitojn\u00eb lobingjet dhe m\u00ebrirat q\u00eb mund t\u00eb ken\u00eb me nj\u00ebri-tjetrin, p\u00ebr t\u00eb pasur nj\u00eb votim sa m\u00eb t\u00eb mir\u00eb.<\/p>\n<p><strong>\u00cbsht\u00eb e v\u00ebrtet\u00eb q\u00eb ky sistem \u201c\u00e7liron\u201d jurin\u00eb nga p\u00ebrgjegj\u00ebsit\u00eb, por sa t\u00eb v\u00ebrtet\u00eb jan\u00eb k\u00ebng\u00ebtar\u00ebt n\u00eb votim? <\/strong><\/p>\n<p style=\"font-family: arial,helvetica,sans-serif;\">Viteve t\u00eb fundit kam qen\u00eb i k\u00ebnaqur, sepse \u00ebsht\u00eb p\u00ebrmir\u00ebsuar sistemi. M\u00eb par\u00eb k\u00ebng\u00ebtar\u00ebt votonin vet\u00ebm p\u00ebr 10 k\u00ebng\u00eb, duke e pasur shum\u00eb t\u00eb v\u00ebshtir\u00eb dhe duhet th\u00ebn\u00eb se kishte shum\u00eb subjektiviz\u00ebm. N\u00eb tre vitet e kaluara u dhash\u00eb mund\u00ebsin\u00eb t\u00eb votonin p\u00ebr 15 k\u00ebng\u00eb dhe kam qen\u00eb i k\u00ebnaqur, nd\u00ebrsa k\u00ebt\u00eb vit do t\u00eb votojn\u00eb p\u00ebr 20 k\u00ebng\u00eb. Kam shtuar mund\u00ebsin\u00eb e votimit, duke evituar diferenc\u00ebn e \u00e7mimeve nga i pari tek i dyti e k\u00ebshtu me radh\u00eb. Shpresoj q\u00eb t\u00eb jet\u00eb nj\u00eb sistem optimal.<\/p>\n<p style=\"font-weight: bold; font-family: arial,helvetica,sans-serif;\">Panorama<\/p>\n<p style=\"font-weight: bold; font-family: arial,helvetica,sans-serif;\">\n\t\t<style type=\"text\/css\">\n\t\t\t#gallery-1 {\n\t\t\t\tmargin: auto;\n\t\t\t}\n\t\t\t#gallery-1 .gallery-item {\n\t\t\t\tfloat: left;\n\t\t\t\tmargin-top: 10px;\n\t\t\t\ttext-align: center;\n\t\t\t\twidth: 33%;\n\t\t\t}\n\t\t\t#gallery-1 img {\n\t\t\t\tborder: 2px solid #cfcfcf;\n\t\t\t}\n\t\t\t#gallery-1 .gallery-caption {\n\t\t\t\tmargin-left: 0;\n\t\t\t}\n\t\t\t\/* see gallery_shortcode() in wp-includes\/media.php *\/\n\t\t<\/style>\n\t\t<div id='gallery-1' class='gallery galleryid-7188 gallery-columns-3 gallery-size-thumbnail'><dl class='gallery-item'>\n\t\t\t<dt class='gallery-icon portrait'>\n\t\t\t\t<a href='https:\/\/www.visit-ulcinj.com\/blog\/2008\/12\/14\/kenga-magjike-jo-nostalgji-por-fillim\/ardit-gjebrea-1\/'><img width=\"150\" height=\"150\" src=\"https:\/\/www.visit-ulcinj.com\/blog\/wp-content\/uploads\/2008\/12\/ardit-gjebrea-1-150x150.jpg\" class=\"attachment-thumbnail size-thumbnail\" alt=\"\" loading=\"lazy\" \/><\/a>\n\t\t\t<\/dt><\/dl><dl class='gallery-item'>\n\t\t\t<dt class='gallery-icon portrait'>\n\t\t\t\t<a href='https:\/\/www.visit-ulcinj.com\/blog\/2008\/12\/14\/kenga-magjike-jo-nostalgji-por-fillim\/ardit-gjebrea-4\/'><img width=\"150\" height=\"150\" src=\"https:\/\/www.visit-ulcinj.com\/blog\/wp-content\/uploads\/2008\/12\/ardit-gjebrea-4-150x150.jpg\" class=\"attachment-thumbnail size-thumbnail\" alt=\"\" loading=\"lazy\" \/><\/a>\n\t\t\t<\/dt><\/dl><dl class='gallery-item'>\n\t\t\t<dt class='gallery-icon portrait'>\n\t\t\t\t<a href='https:\/\/www.visit-ulcinj.com\/blog\/2008\/12\/14\/kenga-magjike-jo-nostalgji-por-fillim\/ardit-gjebrea-2\/'><img width=\"150\" height=\"150\" src=\"https:\/\/www.visit-ulcinj.com\/blog\/wp-content\/uploads\/2008\/12\/ardit-gjebrea-2-150x150.jpg\" class=\"attachment-thumbnail size-thumbnail\" alt=\"\" loading=\"lazy\" \/><\/a>\n\t\t\t<\/dt><\/dl><br style=\"clear: both\" \/>\n\t\t<\/div>\n<\/p>\n<p style=\"font-weight: bold; font-family: arial,helvetica,sans-serif;\"><!--YouTube Error: bad URL entered--><\/p>\n","protected":false},"excerpt":{"rendered":"<p>P\u00ebrreth ka nj\u00eb staf t\u00eb madh n\u00eb num\u00ebr, por duket se shum\u00eb gj\u00ebra duhet t\u2019i \u00e7oj\u00eb vet\u00eb deri n\u00eb fund. Telefoni bie pa pushim dhe nuk di se kujt t\u2019i p\u00ebrgjigjet m\u00eb par\u00eb. \u00cbsht\u00eb vigjilja e festivalit dhe Ardit Gjebrea \u00ebsht\u00eb si n\u00eb gjemba. Ndoshta sepse \u00ebsht\u00eb nj\u00eb 10-vjetor dhe p\u00ebrgjegj\u00ebsia sa vjen e rritet. [&hellip;]<\/p>\n","protected":false},"author":1,"featured_media":0,"comment_status":"open","ping_status":"closed","sticky":false,"template":"","format":"standard","meta":{"spay_email":"","jetpack_publicize_message":"","jetpack_is_tweetstorm":false,"jetpack_publicize_feature_enabled":true},"categories":[1],"tags":[5212],"jetpack_publicize_connections":[],"yoast_head":"<!-- This site is optimized with the Yoast SEO plugin v19.1 - https:\/\/yoast.com\/wordpress\/plugins\/seo\/ -->\n<title>&quot;K\u00ebnga Magjike&quot;, jo nostalgji, por fillim - Lajme nga Ulqini<\/title>\n<meta name=\"description\" content=\"P\u00ebrreth ka nj\u00eb staf t\u00eb madh n\u00eb num\u00ebr, por duket se shum\u00eb gj\u00ebra duhet t\u2019i \u00e7oj\u00eb vet\u00eb deri n\u00eb fund. Telefoni bie pa pushim dhe nuk di se kujt t\u2019i p\u00ebrgjigjet\" \/>\n<meta name=\"robots\" content=\"index, follow, max-snippet:-1, max-image-preview:large, max-video-preview:-1\" \/>\n<link rel=\"canonical\" href=\"https:\/\/www.visit-ulcinj.com\/blog\/2008\/12\/14\/kenga-magjike-jo-nostalgji-por-fillim\/\" \/>\n<meta property=\"og:locale\" content=\"en_US\" \/>\n<meta property=\"og:type\" content=\"article\" \/>\n<meta property=\"og:title\" content=\"&quot;K\u00ebnga Magjike&quot;, jo nostalgji, por fillim - Lajme nga Ulqini\" \/>\n<meta property=\"og:description\" content=\"P\u00ebrreth ka nj\u00eb staf t\u00eb madh n\u00eb num\u00ebr, por duket se shum\u00eb gj\u00ebra duhet t\u2019i \u00e7oj\u00eb vet\u00eb deri n\u00eb fund. Telefoni bie pa pushim dhe nuk di se kujt t\u2019i p\u00ebrgjigjet\" \/>\n<meta property=\"og:url\" content=\"https:\/\/www.visit-ulcinj.com\/blog\/2008\/12\/14\/kenga-magjike-jo-nostalgji-por-fillim\/\" \/>\n<meta property=\"og:site_name\" content=\"Lajme nga Ulqini\" \/>\n<meta property=\"article:published_time\" content=\"2008-12-14T08:51:30+00:00\" \/>\n<meta property=\"og:image\" content=\"https:\/\/www.visit-ulcinj.com\/blog\/wp-content\/uploads\/2008\/12\/ardit-gjebrea-150x150.jpg\" \/>\n<meta name=\"twitter:label1\" content=\"Written by\" \/>\n\t<meta name=\"twitter:data1\" content=\"ulqini\" \/>\n\t<meta name=\"twitter:label2\" content=\"Est. reading time\" \/>\n\t<meta name=\"twitter:data2\" content=\"5 minutes\" \/>\n<script type=\"application\/ld+json\" class=\"yoast-schema-graph\">{\"@context\":\"https:\/\/schema.org\",\"@graph\":[{\"@type\":\"WebSite\",\"@id\":\"https:\/\/www.visit-ulcinj.com\/blog\/#website\",\"url\":\"https:\/\/www.visit-ulcinj.com\/blog\/\",\"name\":\"Lajme nga Ulqini\",\"description\":\"Lajme,Vijesti,Ulqini,Ulqin,Crna Gora,Mali i Zi\",\"potentialAction\":[{\"@type\":\"SearchAction\",\"target\":{\"@type\":\"EntryPoint\",\"urlTemplate\":\"https:\/\/www.visit-ulcinj.com\/blog\/?s={search_term_string}\"},\"query-input\":\"required name=search_term_string\"}],\"inLanguage\":\"en-US\"},{\"@type\":\"ImageObject\",\"inLanguage\":\"en-US\",\"@id\":\"https:\/\/www.visit-ulcinj.com\/blog\/2008\/12\/14\/kenga-magjike-jo-nostalgji-por-fillim\/#primaryimage\",\"url\":\"http:\/\/www.visit-ulcinj.com\/blog\/wp-content\/uploads\/2008\/12\/ardit-gjebrea-208x300.jpg\",\"contentUrl\":\"http:\/\/www.visit-ulcinj.com\/blog\/wp-content\/uploads\/2008\/12\/ardit-gjebrea-208x300.jpg\"},{\"@type\":\"WebPage\",\"@id\":\"https:\/\/www.visit-ulcinj.com\/blog\/2008\/12\/14\/kenga-magjike-jo-nostalgji-por-fillim\/#webpage\",\"url\":\"https:\/\/www.visit-ulcinj.com\/blog\/2008\/12\/14\/kenga-magjike-jo-nostalgji-por-fillim\/\",\"name\":\"\\\"K\u00ebnga Magjike\\\", jo nostalgji, por fillim - Lajme nga Ulqini\",\"isPartOf\":{\"@id\":\"https:\/\/www.visit-ulcinj.com\/blog\/#website\"},\"primaryImageOfPage\":{\"@id\":\"https:\/\/www.visit-ulcinj.com\/blog\/2008\/12\/14\/kenga-magjike-jo-nostalgji-por-fillim\/#primaryimage\"},\"datePublished\":\"2008-12-14T08:51:30+00:00\",\"dateModified\":\"2008-12-14T08:51:30+00:00\",\"author\":{\"@id\":\"https:\/\/www.visit-ulcinj.com\/blog\/#\/schema\/person\/dcab619c614d3038751c63bc2aadc06d\"},\"description\":\"P\u00ebrreth ka nj\u00eb staf t\u00eb madh n\u00eb num\u00ebr, por duket se shum\u00eb gj\u00ebra duhet t\u2019i \u00e7oj\u00eb vet\u00eb deri n\u00eb fund. Telefoni bie pa pushim dhe nuk di se kujt t\u2019i p\u00ebrgjigjet\",\"breadcrumb\":{\"@id\":\"https:\/\/www.visit-ulcinj.com\/blog\/2008\/12\/14\/kenga-magjike-jo-nostalgji-por-fillim\/#breadcrumb\"},\"inLanguage\":\"en-US\",\"potentialAction\":[{\"@type\":\"ReadAction\",\"target\":[\"https:\/\/www.visit-ulcinj.com\/blog\/2008\/12\/14\/kenga-magjike-jo-nostalgji-por-fillim\/\"]}]},{\"@type\":\"BreadcrumbList\",\"@id\":\"https:\/\/www.visit-ulcinj.com\/blog\/2008\/12\/14\/kenga-magjike-jo-nostalgji-por-fillim\/#breadcrumb\",\"itemListElement\":[{\"@type\":\"ListItem\",\"position\":1,\"name\":\"&#8220;K\u00ebnga Magjike&#8221;, jo nostalgji, por fillim\"}]},{\"@type\":\"Person\",\"@id\":\"https:\/\/www.visit-ulcinj.com\/blog\/#\/schema\/person\/dcab619c614d3038751c63bc2aadc06d\",\"name\":\"ulqini\",\"sameAs\":[\"http:\/\/www.visit-ulcinj.com\"],\"url\":\"https:\/\/www.visit-ulcinj.com\/blog\/author\/admin\/\"}]}<\/script>\n<!-- \/ Yoast SEO plugin. -->","yoast_head_json":{"title":"\"K\u00ebnga Magjike\", jo nostalgji, por fillim - Lajme nga Ulqini","description":"P\u00ebrreth ka nj\u00eb staf t\u00eb madh n\u00eb num\u00ebr, por duket se shum\u00eb gj\u00ebra duhet t\u2019i \u00e7oj\u00eb vet\u00eb deri n\u00eb fund. Telefoni bie pa pushim dhe nuk di se kujt t\u2019i p\u00ebrgjigjet","robots":{"index":"index","follow":"follow","max-snippet":"max-snippet:-1","max-image-preview":"max-image-preview:large","max-video-preview":"max-video-preview:-1"},"canonical":"https:\/\/www.visit-ulcinj.com\/blog\/2008\/12\/14\/kenga-magjike-jo-nostalgji-por-fillim\/","og_locale":"en_US","og_type":"article","og_title":"\"K\u00ebnga Magjike\", jo nostalgji, por fillim - Lajme nga Ulqini","og_description":"P\u00ebrreth ka nj\u00eb staf t\u00eb madh n\u00eb num\u00ebr, por duket se shum\u00eb gj\u00ebra duhet t\u2019i \u00e7oj\u00eb vet\u00eb deri n\u00eb fund. Telefoni bie pa pushim dhe nuk di se kujt t\u2019i p\u00ebrgjigjet","og_url":"https:\/\/www.visit-ulcinj.com\/blog\/2008\/12\/14\/kenga-magjike-jo-nostalgji-por-fillim\/","og_site_name":"Lajme nga Ulqini","article_published_time":"2008-12-14T08:51:30+00:00","og_image":[{"url":"https:\/\/www.visit-ulcinj.com\/blog\/wp-content\/uploads\/2008\/12\/ardit-gjebrea-150x150.jpg"}],"twitter_misc":{"Written by":"ulqini","Est. reading time":"5 minutes"},"schema":{"@context":"https:\/\/schema.org","@graph":[{"@type":"WebSite","@id":"https:\/\/www.visit-ulcinj.com\/blog\/#website","url":"https:\/\/www.visit-ulcinj.com\/blog\/","name":"Lajme nga Ulqini","description":"Lajme,Vijesti,Ulqini,Ulqin,Crna Gora,Mali i Zi","potentialAction":[{"@type":"SearchAction","target":{"@type":"EntryPoint","urlTemplate":"https:\/\/www.visit-ulcinj.com\/blog\/?s={search_term_string}"},"query-input":"required name=search_term_string"}],"inLanguage":"en-US"},{"@type":"ImageObject","inLanguage":"en-US","@id":"https:\/\/www.visit-ulcinj.com\/blog\/2008\/12\/14\/kenga-magjike-jo-nostalgji-por-fillim\/#primaryimage","url":"http:\/\/www.visit-ulcinj.com\/blog\/wp-content\/uploads\/2008\/12\/ardit-gjebrea-208x300.jpg","contentUrl":"http:\/\/www.visit-ulcinj.com\/blog\/wp-content\/uploads\/2008\/12\/ardit-gjebrea-208x300.jpg"},{"@type":"WebPage","@id":"https:\/\/www.visit-ulcinj.com\/blog\/2008\/12\/14\/kenga-magjike-jo-nostalgji-por-fillim\/#webpage","url":"https:\/\/www.visit-ulcinj.com\/blog\/2008\/12\/14\/kenga-magjike-jo-nostalgji-por-fillim\/","name":"\"K\u00ebnga Magjike\", jo nostalgji, por fillim - Lajme nga Ulqini","isPartOf":{"@id":"https:\/\/www.visit-ulcinj.com\/blog\/#website"},"primaryImageOfPage":{"@id":"https:\/\/www.visit-ulcinj.com\/blog\/2008\/12\/14\/kenga-magjike-jo-nostalgji-por-fillim\/#primaryimage"},"datePublished":"2008-12-14T08:51:30+00:00","dateModified":"2008-12-14T08:51:30+00:00","author":{"@id":"https:\/\/www.visit-ulcinj.com\/blog\/#\/schema\/person\/dcab619c614d3038751c63bc2aadc06d"},"description":"P\u00ebrreth ka nj\u00eb staf t\u00eb madh n\u00eb num\u00ebr, por duket se shum\u00eb gj\u00ebra duhet t\u2019i \u00e7oj\u00eb vet\u00eb deri n\u00eb fund. Telefoni bie pa pushim dhe nuk di se kujt t\u2019i p\u00ebrgjigjet","breadcrumb":{"@id":"https:\/\/www.visit-ulcinj.com\/blog\/2008\/12\/14\/kenga-magjike-jo-nostalgji-por-fillim\/#breadcrumb"},"inLanguage":"en-US","potentialAction":[{"@type":"ReadAction","target":["https:\/\/www.visit-ulcinj.com\/blog\/2008\/12\/14\/kenga-magjike-jo-nostalgji-por-fillim\/"]}]},{"@type":"BreadcrumbList","@id":"https:\/\/www.visit-ulcinj.com\/blog\/2008\/12\/14\/kenga-magjike-jo-nostalgji-por-fillim\/#breadcrumb","itemListElement":[{"@type":"ListItem","position":1,"name":"&#8220;K\u00ebnga Magjike&#8221;, jo nostalgji, por fillim"}]},{"@type":"Person","@id":"https:\/\/www.visit-ulcinj.com\/blog\/#\/schema\/person\/dcab619c614d3038751c63bc2aadc06d","name":"ulqini","sameAs":["http:\/\/www.visit-ulcinj.com"],"url":"https:\/\/www.visit-ulcinj.com\/blog\/author\/admin\/"}]}},"jetpack_featured_media_url":"","jetpack_sharing_enabled":true,"jetpack_shortlink":"https:\/\/wp.me\/pe6lTn-1RW","_links":{"self":[{"href":"https:\/\/www.visit-ulcinj.com\/blog\/wp-json\/wp\/v2\/posts\/7188"}],"collection":[{"href":"https:\/\/www.visit-ulcinj.com\/blog\/wp-json\/wp\/v2\/posts"}],"about":[{"href":"https:\/\/www.visit-ulcinj.com\/blog\/wp-json\/wp\/v2\/types\/post"}],"author":[{"embeddable":true,"href":"https:\/\/www.visit-ulcinj.com\/blog\/wp-json\/wp\/v2\/users\/1"}],"replies":[{"embeddable":true,"href":"https:\/\/www.visit-ulcinj.com\/blog\/wp-json\/wp\/v2\/comments?post=7188"}],"version-history":[{"count":0,"href":"https:\/\/www.visit-ulcinj.com\/blog\/wp-json\/wp\/v2\/posts\/7188\/revisions"}],"wp:attachment":[{"href":"https:\/\/www.visit-ulcinj.com\/blog\/wp-json\/wp\/v2\/media?parent=7188"}],"wp:term":[{"taxonomy":"category","embeddable":true,"href":"https:\/\/www.visit-ulcinj.com\/blog\/wp-json\/wp\/v2\/categories?post=7188"},{"taxonomy":"post_tag","embeddable":true,"href":"https:\/\/www.visit-ulcinj.com\/blog\/wp-json\/wp\/v2\/tags?post=7188"}],"curies":[{"name":"wp","href":"https:\/\/api.w.org\/{rel}","templated":true}]}}