{"id":71889,"date":"2013-05-30T15:41:43","date_gmt":"2013-05-30T14:41:43","guid":{"rendered":"http:\/\/www.visit-ulcinj.com\/blog\/?p=71889"},"modified":"2013-05-31T06:50:10","modified_gmt":"2013-05-31T05:50:10","slug":"dritan-abazoviq-mbron-punetoret-e-hotel-otrantit-ne-parlament-video","status":"publish","type":"post","link":"https:\/\/www.visit-ulcinj.com\/blog\/2013\/05\/30\/dritan-abazoviq-mbron-punetoret-e-hotel-otrantit-ne-parlament-video\/","title":{"rendered":"Dritan Abazoviq mbron punetoret e Hotel Otrantit ne Parlament &#8211; Video"},"content":{"rendered":"<p><a href=\"http:\/\/www.visit-ulcinj.com\/blog\/wp-content\/uploads\/2013\/05\/DritanAbazoviq-ulqin.1.jpg\"><img loading=\"lazy\" class=\"alignleft  wp-image-71890\" alt=\"DritanAbazoviq-ulqin.1\" src=\"http:\/\/www.visit-ulcinj.com\/blog\/wp-content\/uploads\/2013\/05\/DritanAbazoviq-ulqin.1.jpg\" width=\"508\" height=\"311\" \/><\/a>Deputeti i Malit t\u00eb Zi Pozitiv Dritan Abazoviq tregon shqet\u00ebsimin e koalicionit udh\u00ebheq\u00ebs p\u00ebr situat\u00ebn socio-ekonomike t\u00eb shtetit, ku dje n\u00eb Parlamentin e Malit t\u00eb Zi mbroi edhe puntor\u00ebt e hotelit Otrant t\u00eb Ulqinit<\/p>\n<p>\u201cMali i Zi duhet t\u00eb kthehet kah e ardhmja dhe t\u00eb filloj t\u00eb tregoj q\u00eb ka kapacitete njer\u00ebzore dhe sociale t\u00eb prodhoj reforma, q\u00eb jan\u00eb m\u00eb se t\u00eb domosdoshme p\u00ebr shoq\u00ebrin\u00eb ton\u00eb\u201d, konkludoi Abazoviq.<\/p>\n<p>Ju ftojm\u00eb t\u00eb ndiqni videon dhe t\u00eb jepni konkludimet e veta.<\/p>\n<p><iframe loading=\"lazy\" src=\"http:\/\/www.youtube.com\/embed\/AtAcEXWP2vE\" height=\"360\" width=\"508\" allowfullscreen=\"\" frameborder=\"0\"><\/iframe><\/p>\n","protected":false},"excerpt":{"rendered":"<p>Deputeti i Malit t\u00eb Zi Pozitiv Dritan Abazoviq tregon shqet\u00ebsimin e koalicionit udh\u00ebheq\u00ebs p\u00ebr situat\u00ebn socio-ekonomike t\u00eb shtetit, ku dje n\u00eb Parlamentin e Malit t\u00eb Zi mbroi edhe puntor\u00ebt e hotelit Otrant t\u00eb Ulqinit \u201cMali i Zi duhet t\u00eb kthehet kah e ardhmja dhe t\u00eb filloj t\u00eb tregoj q\u00eb ka kapacitete njer\u00ebzore dhe sociale t\u00eb [&hellip;]<\/p>\n","protected":false},"author":1,"featured_media":0,"comment_status":"open","ping_status":"closed","sticky":false,"template":"","format":"standard","meta":{"spay_email":"","jetpack_publicize_message":"","jetpack_is_tweetstorm":false,"jetpack_publicize_feature_enabled":true},"categories":[10,1],"tags":[],"jetpack_publicize_connections":[],"yoast_head":"<!-- This site is optimized with the Yoast SEO plugin v19.1 - https:\/\/yoast.com\/wordpress\/plugins\/seo\/ -->\n<title>Dritan Abazoviq mbron punetoret e Hotel Otrantit ne Parlament - Video - Lajme nga Ulqini<\/title>\n<meta name=\"description\" content=\"Deputeti i Malit t\u00eb Zi Pozitiv Dritan Abazoviq tregon shqet\u00ebsimin e koalicionit udh\u00ebheq\u00ebs p\u00ebr situat\u00ebn socio-ekonomike t\u00eb shtetit, ku dje n\u00eb Parlamentin e\" \/>\n<meta name=\"robots\" content=\"index, follow, max-snippet:-1, max-image-preview:large, max-video-preview:-1\" \/>\n<link rel=\"canonical\" href=\"https:\/\/www.visit-ulcinj.com\/blog\/2013\/05\/30\/dritan-abazoviq-mbron-punetoret-e-hotel-otrantit-ne-parlament-video\/\" \/>\n<meta property=\"og:locale\" content=\"en_US\" \/>\n<meta property=\"og:type\" content=\"article\" \/>\n<meta property=\"og:title\" content=\"Dritan Abazoviq mbron punetoret e Hotel Otrantit ne Parlament - Video - Lajme nga Ulqini\" \/>\n<meta property=\"og:description\" content=\"Deputeti i Malit t\u00eb Zi Pozitiv Dritan Abazoviq tregon shqet\u00ebsimin e koalicionit udh\u00ebheq\u00ebs p\u00ebr situat\u00ebn socio-ekonomike t\u00eb shtetit, ku dje n\u00eb Parlamentin e\" \/>\n<meta property=\"og:url\" content=\"https:\/\/www.visit-ulcinj.com\/blog\/2013\/05\/30\/dritan-abazoviq-mbron-punetoret-e-hotel-otrantit-ne-parlament-video\/\" \/>\n<meta property=\"og:site_name\" content=\"Lajme nga Ulqini\" \/>\n<meta property=\"article:published_time\" content=\"2013-05-30T14:41:43+00:00\" \/>\n<meta property=\"article:modified_time\" content=\"2013-05-31T05:50:10+00:00\" \/>\n<meta property=\"og:image\" content=\"http:\/\/www.visit-ulcinj.com\/blog\/wp-content\/uploads\/2013\/05\/DritanAbazoviq-ulqin.1.jpg\" \/>\n<meta name=\"twitter:label1\" content=\"Written by\" \/>\n\t<meta name=\"twitter:data1\" content=\"ulqini\" \/>\n<script type=\"application\/ld+json\" class=\"yoast-schema-graph\">{\"@context\":\"https:\/\/schema.org\",\"@graph\":[{\"@type\":\"WebSite\",\"@id\":\"https:\/\/www.visit-ulcinj.com\/blog\/#website\",\"url\":\"https:\/\/www.visit-ulcinj.com\/blog\/\",\"name\":\"Lajme nga Ulqini\",\"description\":\"Lajme,Vijesti,Ulqini,Ulqin,Crna Gora,Mali i Zi\",\"potentialAction\":[{\"@type\":\"SearchAction\",\"target\":{\"@type\":\"EntryPoint\",\"urlTemplate\":\"https:\/\/www.visit-ulcinj.com\/blog\/?s={search_term_string}\"},\"query-input\":\"required name=search_term_string\"}],\"inLanguage\":\"en-US\"},{\"@type\":\"ImageObject\",\"inLanguage\":\"en-US\",\"@id\":\"https:\/\/www.visit-ulcinj.com\/blog\/2013\/05\/30\/dritan-abazoviq-mbron-punetoret-e-hotel-otrantit-ne-parlament-video\/#primaryimage\",\"url\":\"https:\/\/www.visit-ulcinj.com\/blog\/wp-content\/uploads\/2013\/05\/DritanAbazoviq-ulqin.1.jpg\",\"contentUrl\":\"https:\/\/www.visit-ulcinj.com\/blog\/wp-content\/uploads\/2013\/05\/DritanAbazoviq-ulqin.1.jpg\",\"width\":413,\"height\":311},{\"@type\":\"WebPage\",\"@id\":\"https:\/\/www.visit-ulcinj.com\/blog\/2013\/05\/30\/dritan-abazoviq-mbron-punetoret-e-hotel-otrantit-ne-parlament-video\/#webpage\",\"url\":\"https:\/\/www.visit-ulcinj.com\/blog\/2013\/05\/30\/dritan-abazoviq-mbron-punetoret-e-hotel-otrantit-ne-parlament-video\/\",\"name\":\"Dritan Abazoviq mbron punetoret e Hotel Otrantit ne Parlament - Video - Lajme nga Ulqini\",\"isPartOf\":{\"@id\":\"https:\/\/www.visit-ulcinj.com\/blog\/#website\"},\"primaryImageOfPage\":{\"@id\":\"https:\/\/www.visit-ulcinj.com\/blog\/2013\/05\/30\/dritan-abazoviq-mbron-punetoret-e-hotel-otrantit-ne-parlament-video\/#primaryimage\"},\"datePublished\":\"2013-05-30T14:41:43+00:00\",\"dateModified\":\"2013-05-31T05:50:10+00:00\",\"author\":{\"@id\":\"https:\/\/www.visit-ulcinj.com\/blog\/#\/schema\/person\/dcab619c614d3038751c63bc2aadc06d\"},\"description\":\"Deputeti i Malit t\u00eb Zi Pozitiv Dritan Abazoviq tregon shqet\u00ebsimin e koalicionit udh\u00ebheq\u00ebs p\u00ebr situat\u00ebn socio-ekonomike t\u00eb shtetit, ku dje n\u00eb Parlamentin e\",\"breadcrumb\":{\"@id\":\"https:\/\/www.visit-ulcinj.com\/blog\/2013\/05\/30\/dritan-abazoviq-mbron-punetoret-e-hotel-otrantit-ne-parlament-video\/#breadcrumb\"},\"inLanguage\":\"en-US\",\"potentialAction\":[{\"@type\":\"ReadAction\",\"target\":[\"https:\/\/www.visit-ulcinj.com\/blog\/2013\/05\/30\/dritan-abazoviq-mbron-punetoret-e-hotel-otrantit-ne-parlament-video\/\"]}]},{\"@type\":\"BreadcrumbList\",\"@id\":\"https:\/\/www.visit-ulcinj.com\/blog\/2013\/05\/30\/dritan-abazoviq-mbron-punetoret-e-hotel-otrantit-ne-parlament-video\/#breadcrumb\",\"itemListElement\":[{\"@type\":\"ListItem\",\"position\":1,\"name\":\"Dritan Abazoviq mbron punetoret e Hotel Otrantit ne Parlament &#8211; Video\"}]},{\"@type\":\"Person\",\"@id\":\"https:\/\/www.visit-ulcinj.com\/blog\/#\/schema\/person\/dcab619c614d3038751c63bc2aadc06d\",\"name\":\"ulqini\",\"sameAs\":[\"http:\/\/www.visit-ulcinj.com\"],\"url\":\"https:\/\/www.visit-ulcinj.com\/blog\/author\/admin\/\"}]}<\/script>\n<!-- \/ Yoast SEO plugin. -->","yoast_head_json":{"title":"Dritan Abazoviq mbron punetoret e Hotel Otrantit ne Parlament - Video - Lajme nga Ulqini","description":"Deputeti i Malit t\u00eb Zi Pozitiv Dritan Abazoviq tregon shqet\u00ebsimin e koalicionit udh\u00ebheq\u00ebs p\u00ebr situat\u00ebn socio-ekonomike t\u00eb shtetit, ku dje n\u00eb Parlamentin e","robots":{"index":"index","follow":"follow","max-snippet":"max-snippet:-1","max-image-preview":"max-image-preview:large","max-video-preview":"max-video-preview:-1"},"canonical":"https:\/\/www.visit-ulcinj.com\/blog\/2013\/05\/30\/dritan-abazoviq-mbron-punetoret-e-hotel-otrantit-ne-parlament-video\/","og_locale":"en_US","og_type":"article","og_title":"Dritan Abazoviq mbron punetoret e Hotel Otrantit ne Parlament - Video - Lajme nga Ulqini","og_description":"Deputeti i Malit t\u00eb Zi Pozitiv Dritan Abazoviq tregon shqet\u00ebsimin e koalicionit udh\u00ebheq\u00ebs p\u00ebr situat\u00ebn socio-ekonomike t\u00eb shtetit, ku dje n\u00eb Parlamentin e","og_url":"https:\/\/www.visit-ulcinj.com\/blog\/2013\/05\/30\/dritan-abazoviq-mbron-punetoret-e-hotel-otrantit-ne-parlament-video\/","og_site_name":"Lajme nga Ulqini","article_published_time":"2013-05-30T14:41:43+00:00","article_modified_time":"2013-05-31T05:50:10+00:00","og_image":[{"url":"http:\/\/www.visit-ulcinj.com\/blog\/wp-content\/uploads\/2013\/05\/DritanAbazoviq-ulqin.1.jpg"}],"twitter_misc":{"Written by":"ulqini"},"schema":{"@context":"https:\/\/schema.org","@graph":[{"@type":"WebSite","@id":"https:\/\/www.visit-ulcinj.com\/blog\/#website","url":"https:\/\/www.visit-ulcinj.com\/blog\/","name":"Lajme nga Ulqini","description":"Lajme,Vijesti,Ulqini,Ulqin,Crna Gora,Mali i Zi","potentialAction":[{"@type":"SearchAction","target":{"@type":"EntryPoint","urlTemplate":"https:\/\/www.visit-ulcinj.com\/blog\/?s={search_term_string}"},"query-input":"required name=search_term_string"}],"inLanguage":"en-US"},{"@type":"ImageObject","inLanguage":"en-US","@id":"https:\/\/www.visit-ulcinj.com\/blog\/2013\/05\/30\/dritan-abazoviq-mbron-punetoret-e-hotel-otrantit-ne-parlament-video\/#primaryimage","url":"https:\/\/www.visit-ulcinj.com\/blog\/wp-content\/uploads\/2013\/05\/DritanAbazoviq-ulqin.1.jpg","contentUrl":"https:\/\/www.visit-ulcinj.com\/blog\/wp-content\/uploads\/2013\/05\/DritanAbazoviq-ulqin.1.jpg","width":413,"height":311},{"@type":"WebPage","@id":"https:\/\/www.visit-ulcinj.com\/blog\/2013\/05\/30\/dritan-abazoviq-mbron-punetoret-e-hotel-otrantit-ne-parlament-video\/#webpage","url":"https:\/\/www.visit-ulcinj.com\/blog\/2013\/05\/30\/dritan-abazoviq-mbron-punetoret-e-hotel-otrantit-ne-parlament-video\/","name":"Dritan Abazoviq mbron punetoret e Hotel Otrantit ne Parlament - Video - Lajme nga Ulqini","isPartOf":{"@id":"https:\/\/www.visit-ulcinj.com\/blog\/#website"},"primaryImageOfPage":{"@id":"https:\/\/www.visit-ulcinj.com\/blog\/2013\/05\/30\/dritan-abazoviq-mbron-punetoret-e-hotel-otrantit-ne-parlament-video\/#primaryimage"},"datePublished":"2013-05-30T14:41:43+00:00","dateModified":"2013-05-31T05:50:10+00:00","author":{"@id":"https:\/\/www.visit-ulcinj.com\/blog\/#\/schema\/person\/dcab619c614d3038751c63bc2aadc06d"},"description":"Deputeti i Malit t\u00eb Zi Pozitiv Dritan Abazoviq tregon shqet\u00ebsimin e koalicionit udh\u00ebheq\u00ebs p\u00ebr situat\u00ebn socio-ekonomike t\u00eb shtetit, ku dje n\u00eb Parlamentin e","breadcrumb":{"@id":"https:\/\/www.visit-ulcinj.com\/blog\/2013\/05\/30\/dritan-abazoviq-mbron-punetoret-e-hotel-otrantit-ne-parlament-video\/#breadcrumb"},"inLanguage":"en-US","potentialAction":[{"@type":"ReadAction","target":["https:\/\/www.visit-ulcinj.com\/blog\/2013\/05\/30\/dritan-abazoviq-mbron-punetoret-e-hotel-otrantit-ne-parlament-video\/"]}]},{"@type":"BreadcrumbList","@id":"https:\/\/www.visit-ulcinj.com\/blog\/2013\/05\/30\/dritan-abazoviq-mbron-punetoret-e-hotel-otrantit-ne-parlament-video\/#breadcrumb","itemListElement":[{"@type":"ListItem","position":1,"name":"Dritan Abazoviq mbron punetoret e Hotel Otrantit ne Parlament &#8211; Video"}]},{"@type":"Person","@id":"https:\/\/www.visit-ulcinj.com\/blog\/#\/schema\/person\/dcab619c614d3038751c63bc2aadc06d","name":"ulqini","sameAs":["http:\/\/www.visit-ulcinj.com"],"url":"https:\/\/www.visit-ulcinj.com\/blog\/author\/admin\/"}]}},"jetpack_featured_media_url":"","jetpack_sharing_enabled":true,"jetpack_shortlink":"https:\/\/wp.me\/pe6lTn-iHv","_links":{"self":[{"href":"https:\/\/www.visit-ulcinj.com\/blog\/wp-json\/wp\/v2\/posts\/71889"}],"collection":[{"href":"https:\/\/www.visit-ulcinj.com\/blog\/wp-json\/wp\/v2\/posts"}],"about":[{"href":"https:\/\/www.visit-ulcinj.com\/blog\/wp-json\/wp\/v2\/types\/post"}],"author":[{"embeddable":true,"href":"https:\/\/www.visit-ulcinj.com\/blog\/wp-json\/wp\/v2\/users\/1"}],"replies":[{"embeddable":true,"href":"https:\/\/www.visit-ulcinj.com\/blog\/wp-json\/wp\/v2\/comments?post=71889"}],"version-history":[{"count":8,"href":"https:\/\/www.visit-ulcinj.com\/blog\/wp-json\/wp\/v2\/posts\/71889\/revisions"}],"predecessor-version":[{"id":71944,"href":"https:\/\/www.visit-ulcinj.com\/blog\/wp-json\/wp\/v2\/posts\/71889\/revisions\/71944"}],"wp:attachment":[{"href":"https:\/\/www.visit-ulcinj.com\/blog\/wp-json\/wp\/v2\/media?parent=71889"}],"wp:term":[{"taxonomy":"category","embeddable":true,"href":"https:\/\/www.visit-ulcinj.com\/blog\/wp-json\/wp\/v2\/categories?post=71889"},{"taxonomy":"post_tag","embeddable":true,"href":"https:\/\/www.visit-ulcinj.com\/blog\/wp-json\/wp\/v2\/tags?post=71889"}],"curies":[{"name":"wp","href":"https:\/\/api.w.org\/{rel}","templated":true}]}}