{"id":71897,"date":"2013-05-30T15:51:38","date_gmt":"2013-05-30T14:51:38","guid":{"rendered":"http:\/\/www.visit-ulcinj.com\/blog\/?p=71897"},"modified":"2013-05-30T16:31:47","modified_gmt":"2013-05-30T15:31:47","slug":"pyetja-e-deputetit-genci-nimanbegut-drejtuar-kryeministrit","status":"publish","type":"post","link":"https:\/\/www.visit-ulcinj.com\/blog\/2013\/05\/30\/pyetja-e-deputetit-genci-nimanbegut-drejtuar-kryeministrit\/","title":{"rendered":"Pyetja e Deputetit Genci Nimanbegut drejtuar Kryeministrit"},"content":{"rendered":"<p><a href=\"http:\/\/www.visit-ulcinj.com\/blog\/wp-content\/uploads\/2013\/05\/Deputeti-Genci-Nimanbegu.jpg\"><img loading=\"lazy\" class=\"alignleft  wp-image-71898\" alt=\"Deputeti Genci Nimanbegu\" src=\"http:\/\/www.visit-ulcinj.com\/blog\/wp-content\/uploads\/2013\/05\/Deputeti-Genci-Nimanbegu.jpg\" width=\"508\" height=\"333\" \/><\/a>Pyetja e Deputetit Genci Nimanbegut drejtuar Kryeministrit Gjukanoviq lidhur me problemin e fshatit Martinaj ne Plave.-PJESA E PARE!<\/p>\n<p>Deputeti i Forc\u00ebs, Genci Nimanbegu, ka pyetur kreun e qeveris\u00eb lidhur me konfliktin n\u00eb fshatin Martinaj , respektivisht lidhur me arrestimet e 23 banor\u00ebve nga ky vend. Duke u p\u00ebrgjigjur n\u00eb pyetjen e deputetit Nimanbegu,  Gjukanoviq theksoi se policia ka vepruar  n\u00eb pajtim me ligjin  duke  respektuar  aktvendimin e plotfuqish\u00ebm , me t\u00eb cilin d\u00ebshmohet pron\u00ebsia e Kish\u00ebs Ortodokse  Serbe, mbi pjes\u00ebn e kontestuar n\u00eb territorin e  k\u00ebtij fshati. Ai, poashtu  pohoi se rasti n\u00eb fjal\u00eb e d\u00ebshmon se ende nuk \u00ebsht\u00eb rregulluar deri n\u00eb fund \u00e7\u00ebshtja e pozit\u00ebs s\u00eb kish\u00ebs n\u00eb Mal t\u00eb Zi,  duke shprehur besimin se me kushtet e krijuara p\u00ebrmes p\u00ebrvoj\u00ebs s\u00eb deritashme demokratike edhe kjo \u00e7\u00ebshtje do t\u00eb zgjidhet n\u00eb t\u00eb ardhmen n\u00eb m\u00ebnyr\u00eb tolerante dhe demokratike,  e gjithsesi jo n\u00eb d\u00ebm t\u00eb t\u00eb drejtave t\u00eb arritura t\u00eb  pakicave n\u00eb Mal t\u00eb Zi, pohoi Gjukanoviq.<\/p>\n<p><iframe loading=\"lazy\" src=\"https:\/\/www.facebook.com\/video\/embed?video_id=642138652469703\" height=\"360\" width=\"508\" frameborder=\"0\"><\/iframe><\/p>\n","protected":false},"excerpt":{"rendered":"<p>Pyetja e Deputetit Genci Nimanbegut drejtuar Kryeministrit Gjukanoviq lidhur me problemin e fshatit Martinaj ne Plave.-PJESA E PARE! Deputeti i Forc\u00ebs, Genci Nimanbegu, ka pyetur kreun e qeveris\u00eb lidhur me konfliktin n\u00eb fshatin Martinaj , respektivisht lidhur me arrestimet e 23 banor\u00ebve nga ky vend. Duke u p\u00ebrgjigjur n\u00eb pyetjen e deputetit Nimanbegu, Gjukanoviq theksoi [&hellip;]<\/p>\n","protected":false},"author":1,"featured_media":0,"comment_status":"open","ping_status":"closed","sticky":false,"template":"","format":"standard","meta":{"spay_email":"","jetpack_publicize_message":"","jetpack_is_tweetstorm":false,"jetpack_publicize_feature_enabled":true},"categories":[6950],"tags":[],"jetpack_publicize_connections":[],"yoast_head":"<!-- This site is optimized with the Yoast SEO plugin v19.1 - https:\/\/yoast.com\/wordpress\/plugins\/seo\/ -->\n<title>Pyetja e Deputetit Genci Nimanbegut drejtuar Kryeministrit - Lajme nga Ulqini<\/title>\n<meta name=\"description\" content=\"Pyetja e Deputetit Genci Nimanbegut drejtuar Kryeministrit Gjukanoviq lidhur me problemin e fshatit Martinaj ne Plave.-PJESA E PARE! Deputeti i Forc\u00ebs,\" \/>\n<meta name=\"robots\" content=\"index, follow, max-snippet:-1, max-image-preview:large, max-video-preview:-1\" \/>\n<link rel=\"canonical\" href=\"https:\/\/www.visit-ulcinj.com\/blog\/2013\/05\/30\/pyetja-e-deputetit-genci-nimanbegut-drejtuar-kryeministrit\/\" \/>\n<meta property=\"og:locale\" content=\"en_US\" \/>\n<meta property=\"og:type\" content=\"article\" \/>\n<meta property=\"og:title\" content=\"Pyetja e Deputetit Genci Nimanbegut drejtuar Kryeministrit - Lajme nga Ulqini\" \/>\n<meta property=\"og:description\" content=\"Pyetja e Deputetit Genci Nimanbegut drejtuar Kryeministrit Gjukanoviq lidhur me problemin e fshatit Martinaj ne Plave.-PJESA E PARE! Deputeti i Forc\u00ebs,\" \/>\n<meta property=\"og:url\" content=\"https:\/\/www.visit-ulcinj.com\/blog\/2013\/05\/30\/pyetja-e-deputetit-genci-nimanbegut-drejtuar-kryeministrit\/\" \/>\n<meta property=\"og:site_name\" content=\"Lajme nga Ulqini\" \/>\n<meta property=\"article:published_time\" content=\"2013-05-30T14:51:38+00:00\" \/>\n<meta property=\"article:modified_time\" content=\"2013-05-30T15:31:47+00:00\" \/>\n<meta property=\"og:image\" content=\"http:\/\/www.visit-ulcinj.com\/blog\/wp-content\/uploads\/2013\/05\/Deputeti-Genci-Nimanbegu.jpg\" \/>\n<meta name=\"twitter:label1\" content=\"Written by\" \/>\n\t<meta name=\"twitter:data1\" content=\"ulqini\" \/>\n\t<meta name=\"twitter:label2\" content=\"Est. reading time\" \/>\n\t<meta name=\"twitter:data2\" content=\"1 minute\" \/>\n<script type=\"application\/ld+json\" class=\"yoast-schema-graph\">{\"@context\":\"https:\/\/schema.org\",\"@graph\":[{\"@type\":\"WebSite\",\"@id\":\"https:\/\/www.visit-ulcinj.com\/blog\/#website\",\"url\":\"https:\/\/www.visit-ulcinj.com\/blog\/\",\"name\":\"Lajme nga Ulqini\",\"description\":\"Lajme,Vijesti,Ulqini,Ulqin,Crna Gora,Mali i Zi\",\"potentialAction\":[{\"@type\":\"SearchAction\",\"target\":{\"@type\":\"EntryPoint\",\"urlTemplate\":\"https:\/\/www.visit-ulcinj.com\/blog\/?s={search_term_string}\"},\"query-input\":\"required name=search_term_string\"}],\"inLanguage\":\"en-US\"},{\"@type\":\"ImageObject\",\"inLanguage\":\"en-US\",\"@id\":\"https:\/\/www.visit-ulcinj.com\/blog\/2013\/05\/30\/pyetja-e-deputetit-genci-nimanbegut-drejtuar-kryeministrit\/#primaryimage\",\"url\":\"https:\/\/www.visit-ulcinj.com\/blog\/wp-content\/uploads\/2013\/05\/Deputeti-Genci-Nimanbegu.jpg\",\"contentUrl\":\"https:\/\/www.visit-ulcinj.com\/blog\/wp-content\/uploads\/2013\/05\/Deputeti-Genci-Nimanbegu.jpg\",\"width\":500,\"height\":333},{\"@type\":\"WebPage\",\"@id\":\"https:\/\/www.visit-ulcinj.com\/blog\/2013\/05\/30\/pyetja-e-deputetit-genci-nimanbegut-drejtuar-kryeministrit\/#webpage\",\"url\":\"https:\/\/www.visit-ulcinj.com\/blog\/2013\/05\/30\/pyetja-e-deputetit-genci-nimanbegut-drejtuar-kryeministrit\/\",\"name\":\"Pyetja e Deputetit Genci Nimanbegut drejtuar Kryeministrit - Lajme nga Ulqini\",\"isPartOf\":{\"@id\":\"https:\/\/www.visit-ulcinj.com\/blog\/#website\"},\"primaryImageOfPage\":{\"@id\":\"https:\/\/www.visit-ulcinj.com\/blog\/2013\/05\/30\/pyetja-e-deputetit-genci-nimanbegut-drejtuar-kryeministrit\/#primaryimage\"},\"datePublished\":\"2013-05-30T14:51:38+00:00\",\"dateModified\":\"2013-05-30T15:31:47+00:00\",\"author\":{\"@id\":\"https:\/\/www.visit-ulcinj.com\/blog\/#\/schema\/person\/dcab619c614d3038751c63bc2aadc06d\"},\"description\":\"Pyetja e Deputetit Genci Nimanbegut drejtuar Kryeministrit Gjukanoviq lidhur me problemin e fshatit Martinaj ne Plave.-PJESA E PARE! Deputeti i Forc\u00ebs,\",\"breadcrumb\":{\"@id\":\"https:\/\/www.visit-ulcinj.com\/blog\/2013\/05\/30\/pyetja-e-deputetit-genci-nimanbegut-drejtuar-kryeministrit\/#breadcrumb\"},\"inLanguage\":\"en-US\",\"potentialAction\":[{\"@type\":\"ReadAction\",\"target\":[\"https:\/\/www.visit-ulcinj.com\/blog\/2013\/05\/30\/pyetja-e-deputetit-genci-nimanbegut-drejtuar-kryeministrit\/\"]}]},{\"@type\":\"BreadcrumbList\",\"@id\":\"https:\/\/www.visit-ulcinj.com\/blog\/2013\/05\/30\/pyetja-e-deputetit-genci-nimanbegut-drejtuar-kryeministrit\/#breadcrumb\",\"itemListElement\":[{\"@type\":\"ListItem\",\"position\":1,\"name\":\"Pyetja e Deputetit Genci Nimanbegut drejtuar Kryeministrit\"}]},{\"@type\":\"Person\",\"@id\":\"https:\/\/www.visit-ulcinj.com\/blog\/#\/schema\/person\/dcab619c614d3038751c63bc2aadc06d\",\"name\":\"ulqini\",\"sameAs\":[\"http:\/\/www.visit-ulcinj.com\"],\"url\":\"https:\/\/www.visit-ulcinj.com\/blog\/author\/admin\/\"}]}<\/script>\n<!-- \/ Yoast SEO plugin. -->","yoast_head_json":{"title":"Pyetja e Deputetit Genci Nimanbegut drejtuar Kryeministrit - Lajme nga Ulqini","description":"Pyetja e Deputetit Genci Nimanbegut drejtuar Kryeministrit Gjukanoviq lidhur me problemin e fshatit Martinaj ne Plave.-PJESA E PARE! Deputeti i Forc\u00ebs,","robots":{"index":"index","follow":"follow","max-snippet":"max-snippet:-1","max-image-preview":"max-image-preview:large","max-video-preview":"max-video-preview:-1"},"canonical":"https:\/\/www.visit-ulcinj.com\/blog\/2013\/05\/30\/pyetja-e-deputetit-genci-nimanbegut-drejtuar-kryeministrit\/","og_locale":"en_US","og_type":"article","og_title":"Pyetja e Deputetit Genci Nimanbegut drejtuar Kryeministrit - Lajme nga Ulqini","og_description":"Pyetja e Deputetit Genci Nimanbegut drejtuar Kryeministrit Gjukanoviq lidhur me problemin e fshatit Martinaj ne Plave.-PJESA E PARE! Deputeti i Forc\u00ebs,","og_url":"https:\/\/www.visit-ulcinj.com\/blog\/2013\/05\/30\/pyetja-e-deputetit-genci-nimanbegut-drejtuar-kryeministrit\/","og_site_name":"Lajme nga Ulqini","article_published_time":"2013-05-30T14:51:38+00:00","article_modified_time":"2013-05-30T15:31:47+00:00","og_image":[{"url":"http:\/\/www.visit-ulcinj.com\/blog\/wp-content\/uploads\/2013\/05\/Deputeti-Genci-Nimanbegu.jpg"}],"twitter_misc":{"Written by":"ulqini","Est. reading time":"1 minute"},"schema":{"@context":"https:\/\/schema.org","@graph":[{"@type":"WebSite","@id":"https:\/\/www.visit-ulcinj.com\/blog\/#website","url":"https:\/\/www.visit-ulcinj.com\/blog\/","name":"Lajme nga Ulqini","description":"Lajme,Vijesti,Ulqini,Ulqin,Crna Gora,Mali i Zi","potentialAction":[{"@type":"SearchAction","target":{"@type":"EntryPoint","urlTemplate":"https:\/\/www.visit-ulcinj.com\/blog\/?s={search_term_string}"},"query-input":"required name=search_term_string"}],"inLanguage":"en-US"},{"@type":"ImageObject","inLanguage":"en-US","@id":"https:\/\/www.visit-ulcinj.com\/blog\/2013\/05\/30\/pyetja-e-deputetit-genci-nimanbegut-drejtuar-kryeministrit\/#primaryimage","url":"https:\/\/www.visit-ulcinj.com\/blog\/wp-content\/uploads\/2013\/05\/Deputeti-Genci-Nimanbegu.jpg","contentUrl":"https:\/\/www.visit-ulcinj.com\/blog\/wp-content\/uploads\/2013\/05\/Deputeti-Genci-Nimanbegu.jpg","width":500,"height":333},{"@type":"WebPage","@id":"https:\/\/www.visit-ulcinj.com\/blog\/2013\/05\/30\/pyetja-e-deputetit-genci-nimanbegut-drejtuar-kryeministrit\/#webpage","url":"https:\/\/www.visit-ulcinj.com\/blog\/2013\/05\/30\/pyetja-e-deputetit-genci-nimanbegut-drejtuar-kryeministrit\/","name":"Pyetja e Deputetit Genci Nimanbegut drejtuar Kryeministrit - Lajme nga Ulqini","isPartOf":{"@id":"https:\/\/www.visit-ulcinj.com\/blog\/#website"},"primaryImageOfPage":{"@id":"https:\/\/www.visit-ulcinj.com\/blog\/2013\/05\/30\/pyetja-e-deputetit-genci-nimanbegut-drejtuar-kryeministrit\/#primaryimage"},"datePublished":"2013-05-30T14:51:38+00:00","dateModified":"2013-05-30T15:31:47+00:00","author":{"@id":"https:\/\/www.visit-ulcinj.com\/blog\/#\/schema\/person\/dcab619c614d3038751c63bc2aadc06d"},"description":"Pyetja e Deputetit Genci Nimanbegut drejtuar Kryeministrit Gjukanoviq lidhur me problemin e fshatit Martinaj ne Plave.-PJESA E PARE! Deputeti i Forc\u00ebs,","breadcrumb":{"@id":"https:\/\/www.visit-ulcinj.com\/blog\/2013\/05\/30\/pyetja-e-deputetit-genci-nimanbegut-drejtuar-kryeministrit\/#breadcrumb"},"inLanguage":"en-US","potentialAction":[{"@type":"ReadAction","target":["https:\/\/www.visit-ulcinj.com\/blog\/2013\/05\/30\/pyetja-e-deputetit-genci-nimanbegut-drejtuar-kryeministrit\/"]}]},{"@type":"BreadcrumbList","@id":"https:\/\/www.visit-ulcinj.com\/blog\/2013\/05\/30\/pyetja-e-deputetit-genci-nimanbegut-drejtuar-kryeministrit\/#breadcrumb","itemListElement":[{"@type":"ListItem","position":1,"name":"Pyetja e Deputetit Genci Nimanbegut drejtuar Kryeministrit"}]},{"@type":"Person","@id":"https:\/\/www.visit-ulcinj.com\/blog\/#\/schema\/person\/dcab619c614d3038751c63bc2aadc06d","name":"ulqini","sameAs":["http:\/\/www.visit-ulcinj.com"],"url":"https:\/\/www.visit-ulcinj.com\/blog\/author\/admin\/"}]}},"jetpack_featured_media_url":"","jetpack_sharing_enabled":true,"jetpack_shortlink":"https:\/\/wp.me\/pe6lTn-iHD","_links":{"self":[{"href":"https:\/\/www.visit-ulcinj.com\/blog\/wp-json\/wp\/v2\/posts\/71897"}],"collection":[{"href":"https:\/\/www.visit-ulcinj.com\/blog\/wp-json\/wp\/v2\/posts"}],"about":[{"href":"https:\/\/www.visit-ulcinj.com\/blog\/wp-json\/wp\/v2\/types\/post"}],"author":[{"embeddable":true,"href":"https:\/\/www.visit-ulcinj.com\/blog\/wp-json\/wp\/v2\/users\/1"}],"replies":[{"embeddable":true,"href":"https:\/\/www.visit-ulcinj.com\/blog\/wp-json\/wp\/v2\/comments?post=71897"}],"version-history":[{"count":8,"href":"https:\/\/www.visit-ulcinj.com\/blog\/wp-json\/wp\/v2\/posts\/71897\/revisions"}],"predecessor-version":[{"id":71925,"href":"https:\/\/www.visit-ulcinj.com\/blog\/wp-json\/wp\/v2\/posts\/71897\/revisions\/71925"}],"wp:attachment":[{"href":"https:\/\/www.visit-ulcinj.com\/blog\/wp-json\/wp\/v2\/media?parent=71897"}],"wp:term":[{"taxonomy":"category","embeddable":true,"href":"https:\/\/www.visit-ulcinj.com\/blog\/wp-json\/wp\/v2\/categories?post=71897"},{"taxonomy":"post_tag","embeddable":true,"href":"https:\/\/www.visit-ulcinj.com\/blog\/wp-json\/wp\/v2\/tags?post=71897"}],"curies":[{"name":"wp","href":"https:\/\/api.w.org\/{rel}","templated":true}]}}