{"id":71930,"date":"2013-05-30T18:33:56","date_gmt":"2013-05-30T17:33:56","guid":{"rendered":"http:\/\/www.visit-ulcinj.com\/blog\/?p=71930"},"modified":"2013-05-30T18:34:38","modified_gmt":"2013-05-30T17:34:38","slug":"nise-manifestimi-pranvera-ne-ane-te-malit-me-2-qershor-2013-video","status":"publish","type":"post","link":"https:\/\/www.visit-ulcinj.com\/blog\/2013\/05\/30\/nise-manifestimi-pranvera-ne-ane-te-malit-me-2-qershor-2013-video\/","title":{"rendered":"Nis\u00eb manifestimi Pranvera n\u00eb An\u00eb t\u00eb Malit m\u00eb 2 qershor 2013 &#8211; Video"},"content":{"rendered":"<p align=\"center\"><b><a href=\"http:\/\/www.visit-ulcinj.com\/blog\/wp-content\/uploads\/2013\/05\/shoqata-ora-ana-malit.jpg\"><img loading=\"lazy\" class=\"alignleft  wp-image-71931\" alt=\"shoqata ora ana malit\" src=\"http:\/\/www.visit-ulcinj.com\/blog\/wp-content\/uploads\/2013\/05\/shoqata-ora-ana-malit.jpg\" width=\"508\" height=\"500\" \/><\/a>Shoqata \u201cOra\u201d <\/b><\/p>\n<p style=\"text-align: center;\" align=\"center\"><b>\u00a0<\/b><\/p>\n<p style=\"text-align: center;\" align=\"center\"><b>N j o f t i m <\/b><\/p>\n<p style=\"text-align: center;\" align=\"center\"><b>\u00a0<\/b><\/p>\n<p style=\"text-align: center;\">P\u00ebr shkak t\u00eb motit t\u00eb paq\u00ebndruesh\u00ebm, Ju njoftojm\u00eb se Dita e sportit dhe Dita qendrore n\u00eb kuad\u00ebr t\u00eb manifestimit \u201cPranvera n\u00eb An\u00eb t\u00eb Malit\u201d do t\u00eb mbahen n\u00eb datat e m\u00ebposhtme:<\/p>\n<p style=\"text-align: center;\"><b>\u00a0<\/b><\/p>\n<p style=\"text-align: center;\"><b>E diel, 2 qershor 2013 &#8211; <\/b><b>Dita e sportit<\/b><\/p>\n<p style=\"text-align: center;\">Gara n\u00eb vrapim \u00a0\u00a0\u00a0\u00a0\u00a0\u00a0\u00a0\u00a0\u00a0 (nisja nga qendra n\u00eb Kat\u00ebrkoll\u00eb, ora 09.00)<\/p>\n<p style=\"text-align: center;\">Turne n\u00eb ping pong \u00a0\u00a0 (Restoranti \u201cKristal\u201d, ora 16.00)<\/p>\n<p style=\"text-align: center;\">Turne n\u00eb shah \u00a0\u00a0\u00a0\u00a0\u00a0\u00a0\u00a0\u00a0\u00a0\u00a0\u00a0\u00a0\u00a0\u00a0\u00a0\u00a0\u00a0\u00a0\u00a0\u00a0\u00a0\u00a0\u00a0 (Restoranti \u201cDiamant\u201d, ora 11.00)<\/p>\n<p style=\"text-align: center;\">Turne n\u00eb volejboll \u00a0\u00a0\u00a0\u00a0\u00a0 (Stadiumi n\u00eb Shas, ora 11.00)<\/p>\n<p style=\"text-align: center;\">Turne n\u00eb futboll \u00a0\u00a0\u00a0\u00a0\u00a0\u00a0\u00a0\u00a0 (Stadiumi n\u00eb Shas, ora 15.00)<\/p>\n<p style=\"text-align: center;\"><b>\u00a0<\/b><\/p>\n<p style=\"text-align: center;\"><b>E shtun\u00eb, 8 qershor 2013 &#8211; <\/b><b>Dita qendrore e manifestimit <\/b><\/p>\n<p style=\"text-align: center;\">Vizit\u00eb n\u00eb Qytetin e Vjet\u00ebr t\u00eb Shasit dhe n\u00eb lokalitetin ku po zhvillohen g\u00ebrmimet arkeologjike<\/p>\n<p style=\"text-align: center;\">\u00a0\u00a0\u00a0\u00a0\u00a0\u00a0\u00a0\u00a0\u00a0\u00a0\u00a0\u00a0\u00a0\u00a0\u00a0\u00a0\u00a0\u00a0\u00a0\u00a0\u00a0\u00a0\u00a0\u00a0\u00a0\u00a0\u00a0\u00a0\u00a0\u00a0\u00a0\u00a0\u00a0\u00a0\u00a0\u00a0\u00a0\u00a0\u00a0\u00a0\u00a0\u00a0\u00a0\u00a0\u00a0\u00a0\u00a0\u00a0\u00a0\u00a0\u00a0\u00a0\u00a0\u00a0\u00a0\u00a0\u00a0\u00a0 \u00a0\u00a0\u00a0\u00a0\u00a0\u00a0\u00a0\u00a0\u00a0\u00a0\u00a0\u00a0\u00a0\u00a0\u00a0\u00a0\u00a0\u00a0\u00a0\u00a0\u00a0\u00a0\u00a0\u00a0\u00a0\u00a0\u00a0\u00a0\u00a0\u00a0\u00a0\u00a0\u00a0\u00a0\u00a0\u00a0\u00a0\u00a0\u00a0\u00a0\u00a0\u00a0\u00a0\u00a0\u00a0\u00a0\u00a0\u00a0\u00a0\u00a0\u00a0\u00a0\u00a0\u00a0\u00a0\u00a0\u00a0\u00a0\u00a0\u00a0\u00a0\u00a0\u00a0\u00a0\u00a0\u00a0\u00a0\u00a0\u00a0\u00a0 (Ora 16.00)<\/p>\n<p style=\"text-align: center;\">Program kulturoro-zbavit\u00ebs:<\/p>\n<p style=\"text-align: center;\">&#8211;\u00a0\u00a0\u00a0\u00a0\u00a0\u00a0\u00a0\u00a0\u00a0 Prezantim i etnografis\u00eb s\u00eb An\u00ebs s\u00eb Malit<\/p>\n<p style=\"text-align: center;\">&#8211;\u00a0\u00a0\u00a0\u00a0\u00a0\u00a0\u00a0\u00a0\u00a0 Muzik\u00eb popullore<\/p>\n<p style=\"text-align: center;\">&#8211;\u00a0\u00a0\u00a0\u00a0\u00a0\u00a0\u00a0\u00a0\u00a0 Loj\u00ebra popullore<\/p>\n<p style=\"text-align: center;\">&#8211;\u00a0\u00a0\u00a0\u00a0\u00a0\u00a0\u00a0\u00a0\u00a0 Ushqim tradicional<\/p>\n<p style=\"text-align: center;\">\u00a0\u00a0\u00a0\u00a0\u00a0\u00a0\u00a0\u00a0\u00a0\u00a0\u00a0\u00a0\u00a0\u00a0\u00a0\u00a0\u00a0\u00a0\u00a0\u00a0\u00a0\u00a0\u00a0\u00a0\u00a0\u00a0\u00a0\u00a0\u00a0\u00a0\u00a0\u00a0\u00a0\u00a0\u00a0\u00a0\u00a0\u00a0\u00a0\u00a0\u00a0\u00a0\u00a0\u00a0\u00a0\u00a0 \u00a0\u00a0\u00a0\u00a0\u00a0\u00a0\u00a0\u00a0\u00a0\u00a0\u00a0\u00a0\u00a0\u00a0\u00a0\u00a0\u00a0\u00a0\u00a0\u00a0\u00a0\u00a0\u00a0 (Stadiumi i Shasit, ora 17.00)<\/p>\n<p style=\"text-align: center;\"><b>\u00a0<\/b><\/p>\n<p style=\"text-align: center;\"><b>Ju fal\u00ebnderojm\u00eb p\u00ebr mir\u00ebkuptimin! <\/b><\/p>\n<p><strong>Moti lig ndikon n\u00eb ndryshim t\u00eb programit t\u00eb manifestimt &#8211; Monodrama \u201cJohan Padan dhe Amerikat\u201d shfaqet t\u00eb premten n\u00eb Kat\u00ebrkoll\u00eb <\/strong><\/p>\n<p>Mot i lig dhe reshjet e shumta t\u00eb dy dit\u00ebve t\u00eb fundit si dhe parashikimet aspak optimiste kan\u00eb b\u00ebr\u00eb q\u00eb n\u00eb programin e manifestimit Pranvera n\u00eb An\u00eb t\u00eb Malit 2013 t\u00eb ket\u00eb disa ndryshime.<\/p>\n<p>K\u00ebshtu monodrama \u201cJohan Padan dhe Amerikat\u201d e planifikuar t\u00eb mbahet t\u00eb premten n\u00eb ora 20 n\u00eb kala t\u00eb qytetit t\u00eb Shasit do t\u00eb mbahet t\u00eb nj\u00ebjt\u00ebn dit\u00eb dhe n\u00eb t\u00eb nj\u00ebjt\u00ebn koh\u00eb por n\u00eb shkoll\u00ebn fillore &#8221;Bedri Elezaga&#8221; n\u00eb Kat\u00ebrkoll\u00eb..<\/p>\n<p>Gara n\u00eb qitjen e pjatel\u00ebs (organizuar n\u00eb bashk\u00ebpunim me NP Ulqini p\u00ebr Ruajtjen dhe Kultivimin e Eg\u00ebrsirave) \u00a0do t\u00eb mbahet ashtu edhe si \u00ebsht\u00eb parashikuar, me 26 maj n\u00eb stadiumin n\u00eb Shas me fillim nga ora 8.<\/p>\n<p>N\u00eb orar t\u00eb nj\u00ebjt\u00eb ashtu si edhe \u00ebsht\u00eb paralajm\u00ebruar do t\u00eb organizohet edhe\u00a0 tryeza e rrumbullak\u00ebt \u201cTrash\u00ebgimia kulturo-historike n\u00eb funksion t\u00eb zhvillimit t\u00eb turizmit n\u00eb An\u00eb t\u00eb Malit\u201d. Tryeza mbahet n\u00eb Restorantin \u201cShasi\u201d, me 26 maj me fillim nga ora 11.00) .<\/p>\n<p style=\"text-align: left;\">Dita e sportit do t\u00eb mbahet t\u00eb shtunen me 1 qershor me orar t\u00eb nj\u00ebjt\u00eb kurse dita qendrore e manifestimit do t\u00eb mbahet me 2 qershor poashtu me orar t\u00eb nj\u00ebjt\u00eb<\/p>\n<p><iframe loading=\"lazy\" src=\"http:\/\/www.youtube.com\/embed\/HLnt_2yml-0\" height=\"360\" width=\"508\" allowfullscreen=\"\" frameborder=\"0\"><\/iframe><\/p>\n","protected":false},"excerpt":{"rendered":"<p>Shoqata \u201cOra\u201d \u00a0 N j o f t i m \u00a0 P\u00ebr shkak t\u00eb motit t\u00eb paq\u00ebndruesh\u00ebm, Ju njoftojm\u00eb se Dita e sportit dhe Dita qendrore n\u00eb kuad\u00ebr t\u00eb manifestimit \u201cPranvera n\u00eb An\u00eb t\u00eb Malit\u201d do t\u00eb mbahen n\u00eb datat e m\u00ebposhtme: \u00a0 E diel, 2 qershor 2013 &#8211; Dita e sportit Gara n\u00eb vrapim [&hellip;]<\/p>\n","protected":false},"author":1,"featured_media":0,"comment_status":"open","ping_status":"closed","sticky":false,"template":"","format":"standard","meta":{"spay_email":"","jetpack_publicize_message":"","jetpack_is_tweetstorm":false,"jetpack_publicize_feature_enabled":true},"categories":[4],"tags":[],"jetpack_publicize_connections":[],"yoast_head":"<!-- This site is optimized with the Yoast SEO plugin v19.1 - https:\/\/yoast.com\/wordpress\/plugins\/seo\/ -->\n<title>Nis\u00eb manifestimi Pranvera n\u00eb An\u00eb t\u00eb Malit m\u00eb 2 qershor 2013 - Video - Lajme nga Ulqini<\/title>\n<meta name=\"description\" content=\"Shoqata \u201cOra\u201d \u00a0 N j o f t i m \u00a0 P\u00ebr shkak t\u00eb motit t\u00eb paq\u00ebndruesh\u00ebm, Ju njoftojm\u00eb se Dita e sportit dhe Dita qendrore n\u00eb kuad\u00ebr t\u00eb manifestimit \u201cPranvera\" \/>\n<meta name=\"robots\" content=\"index, follow, max-snippet:-1, max-image-preview:large, max-video-preview:-1\" \/>\n<link rel=\"canonical\" href=\"https:\/\/www.visit-ulcinj.com\/blog\/2013\/05\/30\/nise-manifestimi-pranvera-ne-ane-te-malit-me-2-qershor-2013-video\/\" \/>\n<meta property=\"og:locale\" content=\"en_US\" \/>\n<meta property=\"og:type\" content=\"article\" \/>\n<meta property=\"og:title\" content=\"Nis\u00eb manifestimi Pranvera n\u00eb An\u00eb t\u00eb Malit m\u00eb 2 qershor 2013 - Video - Lajme nga Ulqini\" \/>\n<meta property=\"og:description\" content=\"Shoqata \u201cOra\u201d \u00a0 N j o f t i m \u00a0 P\u00ebr shkak t\u00eb motit t\u00eb paq\u00ebndruesh\u00ebm, Ju njoftojm\u00eb se Dita e sportit dhe Dita qendrore n\u00eb kuad\u00ebr t\u00eb manifestimit \u201cPranvera\" \/>\n<meta property=\"og:url\" content=\"https:\/\/www.visit-ulcinj.com\/blog\/2013\/05\/30\/nise-manifestimi-pranvera-ne-ane-te-malit-me-2-qershor-2013-video\/\" \/>\n<meta property=\"og:site_name\" content=\"Lajme nga Ulqini\" \/>\n<meta property=\"article:published_time\" content=\"2013-05-30T17:33:56+00:00\" \/>\n<meta property=\"article:modified_time\" content=\"2013-05-30T17:34:38+00:00\" \/>\n<meta property=\"og:image\" content=\"http:\/\/www.visit-ulcinj.com\/blog\/wp-content\/uploads\/2013\/05\/shoqata-ora-ana-malit.jpg\" \/>\n<meta name=\"twitter:label1\" content=\"Written by\" \/>\n\t<meta name=\"twitter:data1\" content=\"ulqini\" \/>\n\t<meta name=\"twitter:label2\" content=\"Est. reading time\" \/>\n\t<meta name=\"twitter:data2\" content=\"2 minutes\" \/>\n<script type=\"application\/ld+json\" class=\"yoast-schema-graph\">{\"@context\":\"https:\/\/schema.org\",\"@graph\":[{\"@type\":\"WebSite\",\"@id\":\"https:\/\/www.visit-ulcinj.com\/blog\/#website\",\"url\":\"https:\/\/www.visit-ulcinj.com\/blog\/\",\"name\":\"Lajme nga Ulqini\",\"description\":\"Lajme,Vijesti,Ulqini,Ulqin,Crna Gora,Mali i Zi\",\"potentialAction\":[{\"@type\":\"SearchAction\",\"target\":{\"@type\":\"EntryPoint\",\"urlTemplate\":\"https:\/\/www.visit-ulcinj.com\/blog\/?s={search_term_string}\"},\"query-input\":\"required name=search_term_string\"}],\"inLanguage\":\"en-US\"},{\"@type\":\"ImageObject\",\"inLanguage\":\"en-US\",\"@id\":\"https:\/\/www.visit-ulcinj.com\/blog\/2013\/05\/30\/nise-manifestimi-pranvera-ne-ane-te-malit-me-2-qershor-2013-video\/#primaryimage\",\"url\":\"https:\/\/www.visit-ulcinj.com\/blog\/wp-content\/uploads\/2013\/05\/shoqata-ora-ana-malit.jpg\",\"contentUrl\":\"https:\/\/www.visit-ulcinj.com\/blog\/wp-content\/uploads\/2013\/05\/shoqata-ora-ana-malit.jpg\",\"width\":778,\"height\":778},{\"@type\":\"WebPage\",\"@id\":\"https:\/\/www.visit-ulcinj.com\/blog\/2013\/05\/30\/nise-manifestimi-pranvera-ne-ane-te-malit-me-2-qershor-2013-video\/#webpage\",\"url\":\"https:\/\/www.visit-ulcinj.com\/blog\/2013\/05\/30\/nise-manifestimi-pranvera-ne-ane-te-malit-me-2-qershor-2013-video\/\",\"name\":\"Nis\u00eb manifestimi Pranvera n\u00eb An\u00eb t\u00eb Malit m\u00eb 2 qershor 2013 - Video - Lajme nga Ulqini\",\"isPartOf\":{\"@id\":\"https:\/\/www.visit-ulcinj.com\/blog\/#website\"},\"primaryImageOfPage\":{\"@id\":\"https:\/\/www.visit-ulcinj.com\/blog\/2013\/05\/30\/nise-manifestimi-pranvera-ne-ane-te-malit-me-2-qershor-2013-video\/#primaryimage\"},\"datePublished\":\"2013-05-30T17:33:56+00:00\",\"dateModified\":\"2013-05-30T17:34:38+00:00\",\"author\":{\"@id\":\"https:\/\/www.visit-ulcinj.com\/blog\/#\/schema\/person\/dcab619c614d3038751c63bc2aadc06d\"},\"description\":\"Shoqata \u201cOra\u201d \u00a0 N j o f t i m \u00a0 P\u00ebr shkak t\u00eb motit t\u00eb paq\u00ebndruesh\u00ebm, Ju njoftojm\u00eb se Dita e sportit dhe Dita qendrore n\u00eb kuad\u00ebr t\u00eb manifestimit \u201cPranvera\",\"breadcrumb\":{\"@id\":\"https:\/\/www.visit-ulcinj.com\/blog\/2013\/05\/30\/nise-manifestimi-pranvera-ne-ane-te-malit-me-2-qershor-2013-video\/#breadcrumb\"},\"inLanguage\":\"en-US\",\"potentialAction\":[{\"@type\":\"ReadAction\",\"target\":[\"https:\/\/www.visit-ulcinj.com\/blog\/2013\/05\/30\/nise-manifestimi-pranvera-ne-ane-te-malit-me-2-qershor-2013-video\/\"]}]},{\"@type\":\"BreadcrumbList\",\"@id\":\"https:\/\/www.visit-ulcinj.com\/blog\/2013\/05\/30\/nise-manifestimi-pranvera-ne-ane-te-malit-me-2-qershor-2013-video\/#breadcrumb\",\"itemListElement\":[{\"@type\":\"ListItem\",\"position\":1,\"name\":\"Nis\u00eb manifestimi Pranvera n\u00eb An\u00eb t\u00eb Malit m\u00eb 2 qershor 2013 &#8211; Video\"}]},{\"@type\":\"Person\",\"@id\":\"https:\/\/www.visit-ulcinj.com\/blog\/#\/schema\/person\/dcab619c614d3038751c63bc2aadc06d\",\"name\":\"ulqini\",\"sameAs\":[\"http:\/\/www.visit-ulcinj.com\"],\"url\":\"https:\/\/www.visit-ulcinj.com\/blog\/author\/admin\/\"}]}<\/script>\n<!-- \/ Yoast SEO plugin. -->","yoast_head_json":{"title":"Nis\u00eb manifestimi Pranvera n\u00eb An\u00eb t\u00eb Malit m\u00eb 2 qershor 2013 - Video - Lajme nga Ulqini","description":"Shoqata \u201cOra\u201d \u00a0 N j o f t i m \u00a0 P\u00ebr shkak t\u00eb motit t\u00eb paq\u00ebndruesh\u00ebm, Ju njoftojm\u00eb se Dita e sportit dhe Dita qendrore n\u00eb kuad\u00ebr t\u00eb manifestimit \u201cPranvera","robots":{"index":"index","follow":"follow","max-snippet":"max-snippet:-1","max-image-preview":"max-image-preview:large","max-video-preview":"max-video-preview:-1"},"canonical":"https:\/\/www.visit-ulcinj.com\/blog\/2013\/05\/30\/nise-manifestimi-pranvera-ne-ane-te-malit-me-2-qershor-2013-video\/","og_locale":"en_US","og_type":"article","og_title":"Nis\u00eb manifestimi Pranvera n\u00eb An\u00eb t\u00eb Malit m\u00eb 2 qershor 2013 - Video - Lajme nga Ulqini","og_description":"Shoqata \u201cOra\u201d \u00a0 N j o f t i m \u00a0 P\u00ebr shkak t\u00eb motit t\u00eb paq\u00ebndruesh\u00ebm, Ju njoftojm\u00eb se Dita e sportit dhe Dita qendrore n\u00eb kuad\u00ebr t\u00eb manifestimit \u201cPranvera","og_url":"https:\/\/www.visit-ulcinj.com\/blog\/2013\/05\/30\/nise-manifestimi-pranvera-ne-ane-te-malit-me-2-qershor-2013-video\/","og_site_name":"Lajme nga Ulqini","article_published_time":"2013-05-30T17:33:56+00:00","article_modified_time":"2013-05-30T17:34:38+00:00","og_image":[{"url":"http:\/\/www.visit-ulcinj.com\/blog\/wp-content\/uploads\/2013\/05\/shoqata-ora-ana-malit.jpg"}],"twitter_misc":{"Written by":"ulqini","Est. reading time":"2 minutes"},"schema":{"@context":"https:\/\/schema.org","@graph":[{"@type":"WebSite","@id":"https:\/\/www.visit-ulcinj.com\/blog\/#website","url":"https:\/\/www.visit-ulcinj.com\/blog\/","name":"Lajme nga Ulqini","description":"Lajme,Vijesti,Ulqini,Ulqin,Crna Gora,Mali i Zi","potentialAction":[{"@type":"SearchAction","target":{"@type":"EntryPoint","urlTemplate":"https:\/\/www.visit-ulcinj.com\/blog\/?s={search_term_string}"},"query-input":"required name=search_term_string"}],"inLanguage":"en-US"},{"@type":"ImageObject","inLanguage":"en-US","@id":"https:\/\/www.visit-ulcinj.com\/blog\/2013\/05\/30\/nise-manifestimi-pranvera-ne-ane-te-malit-me-2-qershor-2013-video\/#primaryimage","url":"https:\/\/www.visit-ulcinj.com\/blog\/wp-content\/uploads\/2013\/05\/shoqata-ora-ana-malit.jpg","contentUrl":"https:\/\/www.visit-ulcinj.com\/blog\/wp-content\/uploads\/2013\/05\/shoqata-ora-ana-malit.jpg","width":778,"height":778},{"@type":"WebPage","@id":"https:\/\/www.visit-ulcinj.com\/blog\/2013\/05\/30\/nise-manifestimi-pranvera-ne-ane-te-malit-me-2-qershor-2013-video\/#webpage","url":"https:\/\/www.visit-ulcinj.com\/blog\/2013\/05\/30\/nise-manifestimi-pranvera-ne-ane-te-malit-me-2-qershor-2013-video\/","name":"Nis\u00eb manifestimi Pranvera n\u00eb An\u00eb t\u00eb Malit m\u00eb 2 qershor 2013 - Video - Lajme nga Ulqini","isPartOf":{"@id":"https:\/\/www.visit-ulcinj.com\/blog\/#website"},"primaryImageOfPage":{"@id":"https:\/\/www.visit-ulcinj.com\/blog\/2013\/05\/30\/nise-manifestimi-pranvera-ne-ane-te-malit-me-2-qershor-2013-video\/#primaryimage"},"datePublished":"2013-05-30T17:33:56+00:00","dateModified":"2013-05-30T17:34:38+00:00","author":{"@id":"https:\/\/www.visit-ulcinj.com\/blog\/#\/schema\/person\/dcab619c614d3038751c63bc2aadc06d"},"description":"Shoqata \u201cOra\u201d \u00a0 N j o f t i m \u00a0 P\u00ebr shkak t\u00eb motit t\u00eb paq\u00ebndruesh\u00ebm, Ju njoftojm\u00eb se Dita e sportit dhe Dita qendrore n\u00eb kuad\u00ebr t\u00eb manifestimit \u201cPranvera","breadcrumb":{"@id":"https:\/\/www.visit-ulcinj.com\/blog\/2013\/05\/30\/nise-manifestimi-pranvera-ne-ane-te-malit-me-2-qershor-2013-video\/#breadcrumb"},"inLanguage":"en-US","potentialAction":[{"@type":"ReadAction","target":["https:\/\/www.visit-ulcinj.com\/blog\/2013\/05\/30\/nise-manifestimi-pranvera-ne-ane-te-malit-me-2-qershor-2013-video\/"]}]},{"@type":"BreadcrumbList","@id":"https:\/\/www.visit-ulcinj.com\/blog\/2013\/05\/30\/nise-manifestimi-pranvera-ne-ane-te-malit-me-2-qershor-2013-video\/#breadcrumb","itemListElement":[{"@type":"ListItem","position":1,"name":"Nis\u00eb manifestimi Pranvera n\u00eb An\u00eb t\u00eb Malit m\u00eb 2 qershor 2013 &#8211; Video"}]},{"@type":"Person","@id":"https:\/\/www.visit-ulcinj.com\/blog\/#\/schema\/person\/dcab619c614d3038751c63bc2aadc06d","name":"ulqini","sameAs":["http:\/\/www.visit-ulcinj.com"],"url":"https:\/\/www.visit-ulcinj.com\/blog\/author\/admin\/"}]}},"jetpack_featured_media_url":"","jetpack_sharing_enabled":true,"jetpack_shortlink":"https:\/\/wp.me\/pe6lTn-iIa","_links":{"self":[{"href":"https:\/\/www.visit-ulcinj.com\/blog\/wp-json\/wp\/v2\/posts\/71930"}],"collection":[{"href":"https:\/\/www.visit-ulcinj.com\/blog\/wp-json\/wp\/v2\/posts"}],"about":[{"href":"https:\/\/www.visit-ulcinj.com\/blog\/wp-json\/wp\/v2\/types\/post"}],"author":[{"embeddable":true,"href":"https:\/\/www.visit-ulcinj.com\/blog\/wp-json\/wp\/v2\/users\/1"}],"replies":[{"embeddable":true,"href":"https:\/\/www.visit-ulcinj.com\/blog\/wp-json\/wp\/v2\/comments?post=71930"}],"version-history":[{"count":3,"href":"https:\/\/www.visit-ulcinj.com\/blog\/wp-json\/wp\/v2\/posts\/71930\/revisions"}],"predecessor-version":[{"id":71933,"href":"https:\/\/www.visit-ulcinj.com\/blog\/wp-json\/wp\/v2\/posts\/71930\/revisions\/71933"}],"wp:attachment":[{"href":"https:\/\/www.visit-ulcinj.com\/blog\/wp-json\/wp\/v2\/media?parent=71930"}],"wp:term":[{"taxonomy":"category","embeddable":true,"href":"https:\/\/www.visit-ulcinj.com\/blog\/wp-json\/wp\/v2\/categories?post=71930"},{"taxonomy":"post_tag","embeddable":true,"href":"https:\/\/www.visit-ulcinj.com\/blog\/wp-json\/wp\/v2\/tags?post=71930"}],"curies":[{"name":"wp","href":"https:\/\/api.w.org\/{rel}","templated":true}]}}