{"id":71941,"date":"2013-05-31T06:47:12","date_gmt":"2013-05-31T05:47:12","guid":{"rendered":"http:\/\/www.visit-ulcinj.com\/blog\/?p=71941"},"modified":"2013-06-01T08:21:18","modified_gmt":"2013-06-01T07:21:18","slug":"dr-sulejmani-ulqin-te-dua-te-bukur-te-dua-te-shendetshem","status":"publish","type":"post","link":"https:\/\/www.visit-ulcinj.com\/blog\/2013\/05\/31\/dr-sulejmani-ulqin-te-dua-te-bukur-te-dua-te-shendetshem\/","title":{"rendered":"Dr. Sulejmani: Ulqin, t\u00eb dua t\u00eb bukur, t\u00eb dua t\u00eb sh\u00ebndetsh\u00ebm"},"content":{"rendered":"<p><a href=\"http:\/\/www.visit-ulcinj.com\/blog\/wp-content\/uploads\/2013\/05\/Dr.Argezon-Sulejmani.jpg\"><img loading=\"lazy\" class=\"alignleft  wp-image-71942\" alt=\"Dr.Argezon Sulejmani\" src=\"http:\/\/www.visit-ulcinj.com\/blog\/wp-content\/uploads\/2013\/05\/Dr.Argezon-Sulejmani.jpg\" width=\"300\" height=\"350\" \/><\/a> M\u00eb e v\u00ebshtira p\u00ebr nj\u00eb mjek do duhet t\u00eb jet\u00eb t\u00eb merret me rregullore, ligje e politik\u00eb. M\u00eb e lehta, t\u00eb b\u00ebj\u00eb pun\u00ebn p\u00ebr t\u00eb cil\u00ebn \u00ebsht\u00eb shkolluar e kualifikuar. Thon\u00eb q\u00eb njeriu leht\u00eb p\u00ebrshtatet. Edhe mjeku-njeri \u00ebsht\u00eb. Cdo rr\u00ebfim imi mund t\u00eb etiketohet si konflikt interesi apo konflikt p\u00ebr interes, megjithat\u00eb fjala \u00ebsht\u00eb dhunti dalluese nga Zoti p\u00ebr njeriun, kurse heshtja shpesh-her\u00eb p\u00ebrulje e skllavit ndaj pronarit.<\/p>\n<p>Jetojm\u00eb n\u00eb periudh\u00ebn kur sh\u00ebndet\u00ebsia lokale dhe jo vet\u00ebm, n\u00eb vend q\u00eb t\u00eb matet me t\u00eb kaluar\u00ebn, me rajonin, me per\u00ebndimin apo me t\u00eb rejat e fundit shkencore, rron n\u00eb koh\u00ebn kur kritik\u00eb e pik\u00ebreferim ka politik\u00ebn, ngusht\u00ebsisht. Komuna e Ulqinit, aty ku edhe un\u00eb gravitoj jet\u00ebsisht e intelektualisht trash\u00ebgon defekte t\u00eb r\u00ebnda n\u00eb sistemin sh\u00ebndet\u00ebsor. Edhe sot politizimi e zormenaxhimi e kan\u00eb kacafytur e mjeruar k\u00ebt\u00eb sektor jetik. K\u00ebtu fillon ajo pjesa m\u00eb e v\u00ebshtire p\u00ebr mua e cdo mjek. Ligje, nene, rregullore. T\u00eb gjitha do t\u00eb mund t\u00eb p\u00ebrmblidheshin n\u00eb: garanca p\u00ebr p\u00ebrfitimin e sh\u00ebrbimit sh\u00ebndet\u00ebsor \u00ebsht\u00eb e drejt\u00eb themeltare e garantuar me kushtetut\u00ebn e cdo shteti, me ligjet nd\u00ebrkomb\u00ebtare p\u00ebr t\u00eb drejt\u00ebn e njeriut dhe me cdo ligj mbi mbrojtjen sh\u00ebndet\u00ebsore, pavar\u00ebsisht \u2018prejardhjes nacionale, rrac\u00ebs, gjinis\u00eb, mosh\u00ebs, gjuh\u00ebs, besimit, shkollimit, gjendjes sociale, prones dhe t\u00eb tjerave vecori individuale.\u2019 Historiku i sh\u00ebrbimit sh\u00ebndet\u00ebsor n\u00eb komun\u00ebn ton\u00eb tregon p\u00ebr nj\u00eb diskriminim t\u00eb vazhduesh\u00ebm t\u00eb etnis\u00eb shqipfol\u00ebse. Dhe kjo, me \u201cgoditjen n\u00eb kok\u00eb\u201d t\u00eb saj p\u00ebrmes mosavancimit profesional t\u00eb personelit sh\u00ebndet\u00ebsor.<\/p>\n<p>Thon\u00eb q\u00eb historia e cila harrohet-perseritet. Komuna e Ulqinit ka vuajtur me dekada t\u00eb t\u00ebra per staf sh\u00ebndet\u00ebsor t\u00eb kualifikuar. P\u00ebrtej k\u00ebsaj, po n\u00eb k\u00ebt\u00eb vend kan\u00eb vuajtur papun\u00ebsine me dekada t\u00eb t\u00ebra mjek\u00eb e profesionist\u00eb sh\u00ebndet\u00ebsor edhe p\u00ebrkund\u00ebr munges\u00ebs s\u00eb kuadrove. T\u00eb gjith\u00eb e din\u00eb dhe njohin diskriminimin q\u00eb u \u00ebsht\u00eb b\u00ebr\u00eb mjek\u00ebve tan\u00eb n\u00eb mbarimshekullin e kaluar. Me t\u2019u kthyer n\u00eb vendlindje m\u00eb jan\u00eb b\u00ebr\u00eb t\u00eb ditura shum\u00eb histori t\u00eb trishta t\u00eb koleg\u00ebve t\u00eb mi t\u00eb viteve \u201990. P\u00ebr t\u00eb m\u00eb shantazhuar, p\u00ebr t\u00eb m\u00eb ngush\u00eblluar apo p\u00ebr t\u00eb m\u00eb dh\u00ebn\u00eb kurajo. Nj\u00ebri q\u00eb ishte detyruar t\u00eb kap\u00ebrcente detra e oqeane p\u00ebr t\u00eb zhvilluar profesionin e vet t\u00eb shenjt\u00eb, tjetri q\u00eb duke u shantazhuar e k\u00ebrc\u00ebnuar detyrohej t\u00eb linte vendlindjen p\u00ebr nj\u00eb t\u00eb ardhme t\u00eb panjohur jo vet\u00ebm profesionale, disa q\u00eb n\u00eb asnj\u00eb m\u00ebnyr\u00eb nuk lejoheshin t\u00eb kualifikohen m\u00eb tej n\u00eb profesionin e tyre, t\u00eb tjer\u00eb q\u00eb p\u00ebrtej gjithckaje vendosin n\u00eb m\u00ebnyre private ta cojn\u00eb sh\u00ebndet\u00ebsin\u00eb (sh\u00ebndetin e bashk\u00ebvendasve te tyre) p\u00ebrpara e deri tek ata q\u00eb detyrohen t\u00eb ngujohen n\u00eb k\u00ebt\u00eb vend pa asnj\u00eb shpres\u00eb me titullin e mjekut q\u00eb si hije e keqe i ndiqte.<\/p>\n<p>K\u00ebta nuk jan\u00eb historira t\u00eb zymta t\u00eb vecuara apo thjesht\u00eb personale t\u00eb disave prej nesh, por t\u00eb t\u00eb gjith\u00eb neve. P\u00ebrmes k\u00ebsaj \u00ebsht\u00eb l\u00ebnguar e c\u00ebnuar sh\u00ebrbimi sh\u00ebndet\u00ebsor i cdo banori. Jan\u00eb krijuar vakuume profesionale. \u00cbsht\u00eb stopuar avancimi i sh\u00ebndet\u00ebsis\u00eb n\u00eb k\u00ebt\u00eb vend. Kjo ka ndikuar drejtp\u00ebrdrejt\u00eb q\u00eb Ulqini sot t\u00eb gjendet n\u00eb nivelin e vet\u00ebm t\u00eb nj\u00eb qendre primare sh\u00ebndet\u00ebsore, q\u00eb komuna jon\u00eb t\u00eb mos ket\u00eb kuad\u00ebr t\u00eb kualifikuar p\u00ebr hapjen e maternitetit, q\u00eb Spitali i Ulqinit t\u00eb mbetet thjesht\u00eb dhe vet\u00ebm nj\u00eb p\u00ebrrall\u00eb e bukur apo \u00ebnd\u00ebrr e shfrenuar.<\/p>\n<p>E kaluara na \u201ce polli\u201d t\u00eb sotm\u00ebn. E sotmja do t\u00eb lind\u00eb t\u00eb nes\u00ebrmen. N\u00ebse nuk kemi arritur t\u00eb hapim mendjet tona retronostalgjike s\u00eb paku mos t\u00eb p\u00ebrs\u00ebrisim t\u00eb nj\u00ebjt\u00ebt gabime. Ulqini, banor\u00ebt e tij, meritojn\u00eb t\u00eb avansojn\u00eb n\u00eb ofrimin-p\u00ebrfitimin e t\u00eb mirave sh\u00ebndet\u00ebsore. Kjo k\u00ebrkon mbi te gjitha ta duash Ulqinin. Dik\u00eb q\u00eb e do v\u00ebrtet\u00eb, pik\u00ebsepari e do t\u00eb sh\u00ebndetsh\u00ebm. Ulqini, si vend turistik, si qend\u00ebr e shqiptar\u00ebve n\u00eb Malin e Zi dhe si lidh\u00ebs i rrug\u00ebve rajonale meriton t\u00eb ket\u00eb nj\u00eb qend\u00ebr sh\u00ebndet\u00ebsore dinjitoze. Madje, p\u00ebrtej k\u00ebsaj. Shqiptar\u00ebt e kan\u00eb t\u00eb garantuar me kushtetut\u00eb t\u00eb drejt\u00ebn e p\u00ebrfshirjes (autentike) n\u00eb institucione publike e organe shtet\u00ebrore. Ne disponojm\u00eb me kuadro q\u00eb denj\u00ebsisht do t\u00eb mund t\u00eb ofronin ndihm\u00ebn e tyre edhe n\u00eb mbrojtjen sekondare sh\u00ebndet\u00ebsore (spitale), n\u00eb at\u00eb Klinike-Universitare e deri n\u00eb Ministrin\u00eb e Sh\u00ebndet\u00ebsis\u00eb t\u00eb Malit t\u00eb Zi. \u00cbsht\u00eb humane sa mjek\u00ebsia, e shenjt\u00eb si ajo t\u00eb k\u00ebrkosh t\u00eb drejt\u00ebn e mohuar.<\/p>\n<p>Institucioni sh\u00ebndet\u00ebsor n\u00eb Ulqin duhet t\u00eb b\u00ebj\u00eb hapa p\u00ebrpara. K\u00ebt\u00eb, edhe p\u00ebr borxh t\u00eb s\u00eb kaluar\u00ebs. Sh\u00ebndet\u00ebsia duhet t\u00eb pavar\u00ebsohet, t\u00eb decentralizohet, sh\u00ebndeti ju p\u00ebrket te gjith\u00ebve. \u00cbsht\u00eb obligim i secilit prej nesh t\u00eb nisim nj\u00eb planifikim afatmes\u00ebm q\u00eb do t\u00eb conte deri tek spitali i qytetit. P\u00ebr k\u00ebt\u00eb duhet nisur pun\u00ebn q\u00eb sot. S\u00eb pari, duke mos p\u00ebrs\u00ebritur gabimet e s\u00eb kaluar\u00ebs, diskriminimin n\u00eb baza etnike dhe kualifikimet n\u00eb baz\u00eb te teser\u00ebve partiak. Mesazhi i OBSH-s\u00eb \u00ebsht\u00eb i qart\u00eb: \u201cSh\u00ebndet p\u00ebr t\u00eb gjith\u00eb.\u201d<\/p>\n<p><strong>Dr Arg\u00ebzon Sulejmani, <\/strong><br \/>\n<strong> Prishtin\u00eb, 2013.<\/strong><\/p>\n","protected":false},"excerpt":{"rendered":"<p>M\u00eb e v\u00ebshtira p\u00ebr nj\u00eb mjek do duhet t\u00eb jet\u00eb t\u00eb merret me rregullore, ligje e politik\u00eb. M\u00eb e lehta, t\u00eb b\u00ebj\u00eb pun\u00ebn p\u00ebr t\u00eb cil\u00ebn \u00ebsht\u00eb shkolluar e kualifikuar. Thon\u00eb q\u00eb njeriu leht\u00eb p\u00ebrshtatet. Edhe mjeku-njeri \u00ebsht\u00eb. Cdo rr\u00ebfim imi mund t\u00eb etiketohet si konflikt interesi apo konflikt p\u00ebr interes, megjithat\u00eb fjala \u00ebsht\u00eb dhunti [&hellip;]<\/p>\n","protected":false},"author":1,"featured_media":0,"comment_status":"open","ping_status":"closed","sticky":false,"template":"","format":"standard","meta":{"spay_email":"","jetpack_publicize_message":"","jetpack_is_tweetstorm":false,"jetpack_publicize_feature_enabled":true},"categories":[1,14249],"tags":[],"jetpack_publicize_connections":[],"yoast_head":"<!-- This site is optimized with the Yoast SEO plugin v19.1 - https:\/\/yoast.com\/wordpress\/plugins\/seo\/ -->\n<title>Dr. Sulejmani: Ulqin, t\u00eb dua t\u00eb bukur, t\u00eb dua t\u00eb sh\u00ebndetsh\u00ebm  - Lajme nga Ulqini<\/title>\n<meta name=\"description\" content=\"M\u00eb e v\u00ebshtira p\u00ebr nj\u00eb mjek do duhet t\u00eb jet\u00eb t\u00eb merret me rregullore, ligje e politik\u00eb. M\u00eb e lehta, t\u00eb b\u00ebj\u00eb pun\u00ebn p\u00ebr t\u00eb cil\u00ebn \u00ebsht\u00eb shkolluar e\" \/>\n<meta name=\"robots\" content=\"index, follow, max-snippet:-1, max-image-preview:large, max-video-preview:-1\" \/>\n<link rel=\"canonical\" href=\"https:\/\/www.visit-ulcinj.com\/blog\/2013\/05\/31\/dr-sulejmani-ulqin-te-dua-te-bukur-te-dua-te-shendetshem\/\" \/>\n<meta property=\"og:locale\" content=\"en_US\" \/>\n<meta property=\"og:type\" content=\"article\" \/>\n<meta property=\"og:title\" content=\"Dr. Sulejmani: Ulqin, t\u00eb dua t\u00eb bukur, t\u00eb dua t\u00eb sh\u00ebndetsh\u00ebm  - Lajme nga Ulqini\" \/>\n<meta property=\"og:description\" content=\"M\u00eb e v\u00ebshtira p\u00ebr nj\u00eb mjek do duhet t\u00eb jet\u00eb t\u00eb merret me rregullore, ligje e politik\u00eb. M\u00eb e lehta, t\u00eb b\u00ebj\u00eb pun\u00ebn p\u00ebr t\u00eb cil\u00ebn \u00ebsht\u00eb shkolluar e\" \/>\n<meta property=\"og:url\" content=\"https:\/\/www.visit-ulcinj.com\/blog\/2013\/05\/31\/dr-sulejmani-ulqin-te-dua-te-bukur-te-dua-te-shendetshem\/\" \/>\n<meta property=\"og:site_name\" content=\"Lajme nga Ulqini\" \/>\n<meta property=\"article:published_time\" content=\"2013-05-31T05:47:12+00:00\" \/>\n<meta property=\"article:modified_time\" content=\"2013-06-01T07:21:18+00:00\" \/>\n<meta property=\"og:image\" content=\"http:\/\/www.visit-ulcinj.com\/blog\/wp-content\/uploads\/2013\/05\/Dr.Argezon-Sulejmani.jpg\" \/>\n<meta name=\"twitter:label1\" content=\"Written by\" \/>\n\t<meta name=\"twitter:data1\" content=\"ulqini\" \/>\n\t<meta name=\"twitter:label2\" content=\"Est. reading time\" \/>\n\t<meta name=\"twitter:data2\" content=\"5 minutes\" \/>\n<script type=\"application\/ld+json\" class=\"yoast-schema-graph\">{\"@context\":\"https:\/\/schema.org\",\"@graph\":[{\"@type\":\"WebSite\",\"@id\":\"https:\/\/www.visit-ulcinj.com\/blog\/#website\",\"url\":\"https:\/\/www.visit-ulcinj.com\/blog\/\",\"name\":\"Lajme nga Ulqini\",\"description\":\"Lajme,Vijesti,Ulqini,Ulqin,Crna Gora,Mali i Zi\",\"potentialAction\":[{\"@type\":\"SearchAction\",\"target\":{\"@type\":\"EntryPoint\",\"urlTemplate\":\"https:\/\/www.visit-ulcinj.com\/blog\/?s={search_term_string}\"},\"query-input\":\"required name=search_term_string\"}],\"inLanguage\":\"en-US\"},{\"@type\":\"ImageObject\",\"inLanguage\":\"en-US\",\"@id\":\"https:\/\/www.visit-ulcinj.com\/blog\/2013\/05\/31\/dr-sulejmani-ulqin-te-dua-te-bukur-te-dua-te-shendetshem\/#primaryimage\",\"url\":\"https:\/\/www.visit-ulcinj.com\/blog\/wp-content\/uploads\/2013\/05\/Dr.Argezon-Sulejmani.jpg\",\"contentUrl\":\"https:\/\/www.visit-ulcinj.com\/blog\/wp-content\/uploads\/2013\/05\/Dr.Argezon-Sulejmani.jpg\",\"width\":479,\"height\":720},{\"@type\":\"WebPage\",\"@id\":\"https:\/\/www.visit-ulcinj.com\/blog\/2013\/05\/31\/dr-sulejmani-ulqin-te-dua-te-bukur-te-dua-te-shendetshem\/#webpage\",\"url\":\"https:\/\/www.visit-ulcinj.com\/blog\/2013\/05\/31\/dr-sulejmani-ulqin-te-dua-te-bukur-te-dua-te-shendetshem\/\",\"name\":\"Dr. Sulejmani: Ulqin, t\u00eb dua t\u00eb bukur, t\u00eb dua t\u00eb sh\u00ebndetsh\u00ebm - Lajme nga Ulqini\",\"isPartOf\":{\"@id\":\"https:\/\/www.visit-ulcinj.com\/blog\/#website\"},\"primaryImageOfPage\":{\"@id\":\"https:\/\/www.visit-ulcinj.com\/blog\/2013\/05\/31\/dr-sulejmani-ulqin-te-dua-te-bukur-te-dua-te-shendetshem\/#primaryimage\"},\"datePublished\":\"2013-05-31T05:47:12+00:00\",\"dateModified\":\"2013-06-01T07:21:18+00:00\",\"author\":{\"@id\":\"https:\/\/www.visit-ulcinj.com\/blog\/#\/schema\/person\/dcab619c614d3038751c63bc2aadc06d\"},\"description\":\"M\u00eb e v\u00ebshtira p\u00ebr nj\u00eb mjek do duhet t\u00eb jet\u00eb t\u00eb merret me rregullore, ligje e politik\u00eb. M\u00eb e lehta, t\u00eb b\u00ebj\u00eb pun\u00ebn p\u00ebr t\u00eb cil\u00ebn \u00ebsht\u00eb shkolluar e\",\"breadcrumb\":{\"@id\":\"https:\/\/www.visit-ulcinj.com\/blog\/2013\/05\/31\/dr-sulejmani-ulqin-te-dua-te-bukur-te-dua-te-shendetshem\/#breadcrumb\"},\"inLanguage\":\"en-US\",\"potentialAction\":[{\"@type\":\"ReadAction\",\"target\":[\"https:\/\/www.visit-ulcinj.com\/blog\/2013\/05\/31\/dr-sulejmani-ulqin-te-dua-te-bukur-te-dua-te-shendetshem\/\"]}]},{\"@type\":\"BreadcrumbList\",\"@id\":\"https:\/\/www.visit-ulcinj.com\/blog\/2013\/05\/31\/dr-sulejmani-ulqin-te-dua-te-bukur-te-dua-te-shendetshem\/#breadcrumb\",\"itemListElement\":[{\"@type\":\"ListItem\",\"position\":1,\"name\":\"Dr. Sulejmani: Ulqin, t\u00eb dua t\u00eb bukur, t\u00eb dua t\u00eb sh\u00ebndetsh\u00ebm\"}]},{\"@type\":\"Person\",\"@id\":\"https:\/\/www.visit-ulcinj.com\/blog\/#\/schema\/person\/dcab619c614d3038751c63bc2aadc06d\",\"name\":\"ulqini\",\"sameAs\":[\"http:\/\/www.visit-ulcinj.com\"],\"url\":\"https:\/\/www.visit-ulcinj.com\/blog\/author\/admin\/\"}]}<\/script>\n<!-- \/ Yoast SEO plugin. -->","yoast_head_json":{"title":"Dr. Sulejmani: Ulqin, t\u00eb dua t\u00eb bukur, t\u00eb dua t\u00eb sh\u00ebndetsh\u00ebm  - Lajme nga Ulqini","description":"M\u00eb e v\u00ebshtira p\u00ebr nj\u00eb mjek do duhet t\u00eb jet\u00eb t\u00eb merret me rregullore, ligje e politik\u00eb. M\u00eb e lehta, t\u00eb b\u00ebj\u00eb pun\u00ebn p\u00ebr t\u00eb cil\u00ebn \u00ebsht\u00eb shkolluar e","robots":{"index":"index","follow":"follow","max-snippet":"max-snippet:-1","max-image-preview":"max-image-preview:large","max-video-preview":"max-video-preview:-1"},"canonical":"https:\/\/www.visit-ulcinj.com\/blog\/2013\/05\/31\/dr-sulejmani-ulqin-te-dua-te-bukur-te-dua-te-shendetshem\/","og_locale":"en_US","og_type":"article","og_title":"Dr. Sulejmani: Ulqin, t\u00eb dua t\u00eb bukur, t\u00eb dua t\u00eb sh\u00ebndetsh\u00ebm  - Lajme nga Ulqini","og_description":"M\u00eb e v\u00ebshtira p\u00ebr nj\u00eb mjek do duhet t\u00eb jet\u00eb t\u00eb merret me rregullore, ligje e politik\u00eb. M\u00eb e lehta, t\u00eb b\u00ebj\u00eb pun\u00ebn p\u00ebr t\u00eb cil\u00ebn \u00ebsht\u00eb shkolluar e","og_url":"https:\/\/www.visit-ulcinj.com\/blog\/2013\/05\/31\/dr-sulejmani-ulqin-te-dua-te-bukur-te-dua-te-shendetshem\/","og_site_name":"Lajme nga Ulqini","article_published_time":"2013-05-31T05:47:12+00:00","article_modified_time":"2013-06-01T07:21:18+00:00","og_image":[{"url":"http:\/\/www.visit-ulcinj.com\/blog\/wp-content\/uploads\/2013\/05\/Dr.Argezon-Sulejmani.jpg"}],"twitter_misc":{"Written by":"ulqini","Est. reading time":"5 minutes"},"schema":{"@context":"https:\/\/schema.org","@graph":[{"@type":"WebSite","@id":"https:\/\/www.visit-ulcinj.com\/blog\/#website","url":"https:\/\/www.visit-ulcinj.com\/blog\/","name":"Lajme nga Ulqini","description":"Lajme,Vijesti,Ulqini,Ulqin,Crna Gora,Mali i Zi","potentialAction":[{"@type":"SearchAction","target":{"@type":"EntryPoint","urlTemplate":"https:\/\/www.visit-ulcinj.com\/blog\/?s={search_term_string}"},"query-input":"required name=search_term_string"}],"inLanguage":"en-US"},{"@type":"ImageObject","inLanguage":"en-US","@id":"https:\/\/www.visit-ulcinj.com\/blog\/2013\/05\/31\/dr-sulejmani-ulqin-te-dua-te-bukur-te-dua-te-shendetshem\/#primaryimage","url":"https:\/\/www.visit-ulcinj.com\/blog\/wp-content\/uploads\/2013\/05\/Dr.Argezon-Sulejmani.jpg","contentUrl":"https:\/\/www.visit-ulcinj.com\/blog\/wp-content\/uploads\/2013\/05\/Dr.Argezon-Sulejmani.jpg","width":479,"height":720},{"@type":"WebPage","@id":"https:\/\/www.visit-ulcinj.com\/blog\/2013\/05\/31\/dr-sulejmani-ulqin-te-dua-te-bukur-te-dua-te-shendetshem\/#webpage","url":"https:\/\/www.visit-ulcinj.com\/blog\/2013\/05\/31\/dr-sulejmani-ulqin-te-dua-te-bukur-te-dua-te-shendetshem\/","name":"Dr. Sulejmani: Ulqin, t\u00eb dua t\u00eb bukur, t\u00eb dua t\u00eb sh\u00ebndetsh\u00ebm - Lajme nga Ulqini","isPartOf":{"@id":"https:\/\/www.visit-ulcinj.com\/blog\/#website"},"primaryImageOfPage":{"@id":"https:\/\/www.visit-ulcinj.com\/blog\/2013\/05\/31\/dr-sulejmani-ulqin-te-dua-te-bukur-te-dua-te-shendetshem\/#primaryimage"},"datePublished":"2013-05-31T05:47:12+00:00","dateModified":"2013-06-01T07:21:18+00:00","author":{"@id":"https:\/\/www.visit-ulcinj.com\/blog\/#\/schema\/person\/dcab619c614d3038751c63bc2aadc06d"},"description":"M\u00eb e v\u00ebshtira p\u00ebr nj\u00eb mjek do duhet t\u00eb jet\u00eb t\u00eb merret me rregullore, ligje e politik\u00eb. M\u00eb e lehta, t\u00eb b\u00ebj\u00eb pun\u00ebn p\u00ebr t\u00eb cil\u00ebn \u00ebsht\u00eb shkolluar e","breadcrumb":{"@id":"https:\/\/www.visit-ulcinj.com\/blog\/2013\/05\/31\/dr-sulejmani-ulqin-te-dua-te-bukur-te-dua-te-shendetshem\/#breadcrumb"},"inLanguage":"en-US","potentialAction":[{"@type":"ReadAction","target":["https:\/\/www.visit-ulcinj.com\/blog\/2013\/05\/31\/dr-sulejmani-ulqin-te-dua-te-bukur-te-dua-te-shendetshem\/"]}]},{"@type":"BreadcrumbList","@id":"https:\/\/www.visit-ulcinj.com\/blog\/2013\/05\/31\/dr-sulejmani-ulqin-te-dua-te-bukur-te-dua-te-shendetshem\/#breadcrumb","itemListElement":[{"@type":"ListItem","position":1,"name":"Dr. Sulejmani: Ulqin, t\u00eb dua t\u00eb bukur, t\u00eb dua t\u00eb sh\u00ebndetsh\u00ebm"}]},{"@type":"Person","@id":"https:\/\/www.visit-ulcinj.com\/blog\/#\/schema\/person\/dcab619c614d3038751c63bc2aadc06d","name":"ulqini","sameAs":["http:\/\/www.visit-ulcinj.com"],"url":"https:\/\/www.visit-ulcinj.com\/blog\/author\/admin\/"}]}},"jetpack_featured_media_url":"","jetpack_sharing_enabled":true,"jetpack_shortlink":"https:\/\/wp.me\/pe6lTn-iIl","_links":{"self":[{"href":"https:\/\/www.visit-ulcinj.com\/blog\/wp-json\/wp\/v2\/posts\/71941"}],"collection":[{"href":"https:\/\/www.visit-ulcinj.com\/blog\/wp-json\/wp\/v2\/posts"}],"about":[{"href":"https:\/\/www.visit-ulcinj.com\/blog\/wp-json\/wp\/v2\/types\/post"}],"author":[{"embeddable":true,"href":"https:\/\/www.visit-ulcinj.com\/blog\/wp-json\/wp\/v2\/users\/1"}],"replies":[{"embeddable":true,"href":"https:\/\/www.visit-ulcinj.com\/blog\/wp-json\/wp\/v2\/comments?post=71941"}],"version-history":[{"count":2,"href":"https:\/\/www.visit-ulcinj.com\/blog\/wp-json\/wp\/v2\/posts\/71941\/revisions"}],"predecessor-version":[{"id":71954,"href":"https:\/\/www.visit-ulcinj.com\/blog\/wp-json\/wp\/v2\/posts\/71941\/revisions\/71954"}],"wp:attachment":[{"href":"https:\/\/www.visit-ulcinj.com\/blog\/wp-json\/wp\/v2\/media?parent=71941"}],"wp:term":[{"taxonomy":"category","embeddable":true,"href":"https:\/\/www.visit-ulcinj.com\/blog\/wp-json\/wp\/v2\/categories?post=71941"},{"taxonomy":"post_tag","embeddable":true,"href":"https:\/\/www.visit-ulcinj.com\/blog\/wp-json\/wp\/v2\/tags?post=71941"}],"curies":[{"name":"wp","href":"https:\/\/api.w.org\/{rel}","templated":true}]}}