{"id":71957,"date":"2013-06-01T08:40:20","date_gmt":"2013-06-01T07:40:20","guid":{"rendered":"http:\/\/www.visit-ulcinj.com\/blog\/?p=71957"},"modified":"2013-06-01T09:00:24","modified_gmt":"2013-06-01T08:00:24","slug":"cungu-pret-delegacionin-nga-ermiratet-e-bashkuara-arabe-foto","status":"publish","type":"post","link":"https:\/\/www.visit-ulcinj.com\/blog\/2013\/06\/01\/cungu-pret-delegacionin-nga-ermiratet-e-bashkuara-arabe-foto\/","title":{"rendered":"Cungu pret delegacionin nga Ermiratet e Bashkuara Arabe + Foto"},"content":{"rendered":"<p><strong> <a href=\"http:\/\/www.visit-ulcinj.com\/blog\/wp-content\/uploads\/2013\/06\/Nazif-Cungu-delegacioni-nga-Ermiratet-e-Bashkuara-Arabe.1.jpg\"><img loading=\"lazy\" class=\"alignleft  wp-image-71958\" alt=\"Nazif Cungu - delegacioni nga Ermiratet e Bashkuara Arabe.1\" src=\"http:\/\/www.visit-ulcinj.com\/blog\/wp-content\/uploads\/2013\/06\/Nazif-Cungu-delegacioni-nga-Ermiratet-e-Bashkuara-Arabe.1.jpg\" width=\"508\" height=\"360\" \/><\/a>Kryetari Cungu priti n\u00eb takim nj\u00eb delegacion nga Ermiratet e Bashkuara Arabe<br \/>\n<\/strong><\/p>\n<p>Kryetari i komun\u00ebs s\u00eb Ulqinit z. Nazif Cungu me bashkpuntor\u00ebt e tij, priti sot n\u00eb takim drejtorin e departamentit humanitar n\u00eb qeverin e Ermirateve t\u00eb Bashkuara Arabe z. Ali Khalfan Al Mansoori si dhe z\u00ebvend\u00ebs ambasadorin e Erimrateve Arabe n\u00eb Mal t\u00eb Zi z. Ghazi Abdulla Almahri.<br \/>\nKryetari Cungu i falenderoj t\u00eb pranishmit p\u00ebr viziten q\u00eb i rezervuan qytetit t\u00eb Ulqinit. N\u00eb nd\u00ebrkoh\u00eb ai b\u00ebri nj\u00eb prezantim p\u00ebr qytetin e Ulqinit duke ve\u00e7uar potencialet kyesisht n\u00eb degen e turizmit, shfrytezimit t\u00eb detit, lumit dhe liqenit, bujq\u00ebsis\u00eb, industries s\u00eb leht\u00eb e k\u00ebshtu me rradh\u00eb. Ai poashtu prezantoi edhe aktivitetet e nd\u00ebrmarra n\u00eb qytetin e Ulqinit, realizimi i t\u00eb cilave p\u00ebrb\u00ebn nj\u00eb parakusht p\u00ebr t\u00ebrheqen e investimeve kapitale.<br \/>\nPala arabe shprehu interesim p\u00ebr ndihm\u00eb n\u00eb sektor t\u00eb ekonomis\u00eb q\u00eb do t\u00eb prodhonin vende t\u00eb qendrueshme pune.<br \/>\nN\u00eb takim poashtu u diskutua edhe p\u00ebr \u00e7eshtjen e l\u00ebvizjes s\u00eb lir\u00eb t\u00eb p\u00ebrsonave, gj\u00eb q\u00eb do t\u00eb leht\u00ebsoj bashkpunimin n\u00eb mes t\u00eb k\u00ebtyre dy shteteve.<br \/>\nM\u00eb pas me ftes\u00eb t\u00eb kryetarit Cungu t\u00eb pranishmit u shoq\u00ebruan p\u00ebr t\u00eb vizituar qytetin duke filluar nga Plazhi i Madh, m\u00eb pas plazhin e vogel, xhamin\u00eb e detarve dhe kalan\u00eb e Ulqinit.<\/p>\n<p><strong>Op\u0161tina Ulcinj \/ Komuna e Ulqinit<\/strong><br \/>\nTel: +382 30 412 050<br \/>\nFax: +382 30 412 413<br \/>\nAdresa: Bul. Skenderbeu bb, 85360 Ulcinj, MNE<\/p>\n<p><a href=\"http:\/\/www.visit-ulcinj.com\/blog\/wp-content\/uploads\/2013\/06\/Nazif-Cungu-delegacioni-nga-Ermiratet-e-Bashkuara-Arabe.jpg\"><img loading=\"lazy\" class=\"alignleft  wp-image-71959\" alt=\"Nazif Cungu - delegacioni nga Ermiratet e Bashkuara Arabe\" src=\"http:\/\/www.visit-ulcinj.com\/blog\/wp-content\/uploads\/2013\/06\/Nazif-Cungu-delegacioni-nga-Ermiratet-e-Bashkuara-Arabe.jpg\" width=\"508\" height=\"340\" \/><\/a><\/p>\n<p><a href=\"http:\/\/www.visit-ulcinj.com\/blog\/wp-content\/uploads\/2013\/06\/Selim-Rasulbegu-delegacioni-nga-Ermiratet-e-Bashkuara-Arabe.jpg\"><img loading=\"lazy\" class=\"alignleft size-full wp-image-71960\" alt=\"Selim Rasulbegu- delegacioni nga Ermiratet e Bashkuara Arabe\" src=\"http:\/\/www.visit-ulcinj.com\/blog\/wp-content\/uploads\/2013\/06\/Selim-Rasulbegu-delegacioni-nga-Ermiratet-e-Bashkuara-Arabe.jpg\" width=\"508\" height=\"340\" \/><\/a><\/p>\n<p><a href=\"http:\/\/www.visit-ulcinj.com\/blog\/wp-content\/uploads\/2013\/06\/Nazif-Cungu-delegacioni-nga-Ermiratet-e-Bashkuara-Arabe.21.jpg\"><img loading=\"lazy\" src=\"http:\/\/www.visit-ulcinj.com\/blog\/wp-content\/uploads\/2013\/06\/Nazif-Cungu-delegacioni-nga-Ermiratet-e-Bashkuara-Arabe.21.jpg\" alt=\"Nazif Cungu - delegacioni nga Ermiratet e Bashkuara Arabe.2\" width=\"508\" height=\"600\" class=\"alignleft size-full wp-image-71970\" \/><\/a><\/p>\n<p><a href=\"http:\/\/www.visit-ulcinj.com\/blog\/wp-content\/uploads\/2013\/06\/Nazif-Cungu-delegacioni-nga-Ermiratet-e-Bashkuara-Arabe.3.jpg\"><img loading=\"lazy\" src=\"http:\/\/www.visit-ulcinj.com\/blog\/wp-content\/uploads\/2013\/06\/Nazif-Cungu-delegacioni-nga-Ermiratet-e-Bashkuara-Arabe.3.jpg\" alt=\"Nazif Cungu - delegacioni nga Ermiratet e Bashkuara Arabe.3\" width=\"508\" height=\"600\" class=\"alignleft size-full wp-image-71972\" \/><\/a><\/p>\n<p><a href=\"http:\/\/www.visit-ulcinj.com\/blog\/wp-content\/uploads\/2013\/06\/Nazif-Cungu-delegacioni-nga-Ermiratet-e-Bashkuara-Arabe.4.jpg\"><img loading=\"lazy\" src=\"http:\/\/www.visit-ulcinj.com\/blog\/wp-content\/uploads\/2013\/06\/Nazif-Cungu-delegacioni-nga-Ermiratet-e-Bashkuara-Arabe.4.jpg\" alt=\"Nazif Cungu - delegacioni nga Ermiratet e Bashkuara Arabe.4\" width=\"508\" height=\"600\" class=\"alignleft size-full wp-image-71973\" \/><\/a><\/p>\n<p>&nbsp;<\/p>\n","protected":false},"excerpt":{"rendered":"<p>Kryetari Cungu priti n\u00eb takim nj\u00eb delegacion nga Ermiratet e Bashkuara Arabe Kryetari i komun\u00ebs s\u00eb Ulqinit z. Nazif Cungu me bashkpuntor\u00ebt e tij, priti sot n\u00eb takim drejtorin e departamentit humanitar n\u00eb qeverin e Ermirateve t\u00eb Bashkuara Arabe z. Ali Khalfan Al Mansoori si dhe z\u00ebvend\u00ebs ambasadorin e Erimrateve Arabe n\u00eb Mal t\u00eb Zi [&hellip;]<\/p>\n","protected":false},"author":1,"featured_media":0,"comment_status":"open","ping_status":"closed","sticky":false,"template":"","format":"standard","meta":{"spay_email":"","jetpack_publicize_message":"","jetpack_is_tweetstorm":false,"jetpack_publicize_feature_enabled":true},"categories":[1],"tags":[22010],"jetpack_publicize_connections":[],"yoast_head":"<!-- This site is optimized with the Yoast SEO plugin v19.1 - https:\/\/yoast.com\/wordpress\/plugins\/seo\/ -->\n<title>Cungu pret delegacionin nga Ermiratet e Bashkuara Arabe + Foto - Lajme nga Ulqini<\/title>\n<meta name=\"description\" content=\"Kryetari Cungu priti n\u00eb takim nj\u00eb delegacion nga Ermiratet e Bashkuara Arabe Kryetari i komun\u00ebs s\u00eb Ulqinit z. Nazif Cungu me bashkpuntor\u00ebt e tij, priti\" \/>\n<meta name=\"robots\" content=\"index, follow, max-snippet:-1, max-image-preview:large, max-video-preview:-1\" \/>\n<link rel=\"canonical\" href=\"https:\/\/www.visit-ulcinj.com\/blog\/2013\/06\/01\/cungu-pret-delegacionin-nga-ermiratet-e-bashkuara-arabe-foto\/\" \/>\n<meta property=\"og:locale\" content=\"en_US\" \/>\n<meta property=\"og:type\" content=\"article\" \/>\n<meta property=\"og:title\" content=\"Cungu pret delegacionin nga Ermiratet e Bashkuara Arabe + Foto - Lajme nga Ulqini\" \/>\n<meta property=\"og:description\" content=\"Kryetari Cungu priti n\u00eb takim nj\u00eb delegacion nga Ermiratet e Bashkuara Arabe Kryetari i komun\u00ebs s\u00eb Ulqinit z. Nazif Cungu me bashkpuntor\u00ebt e tij, priti\" \/>\n<meta property=\"og:url\" content=\"https:\/\/www.visit-ulcinj.com\/blog\/2013\/06\/01\/cungu-pret-delegacionin-nga-ermiratet-e-bashkuara-arabe-foto\/\" \/>\n<meta property=\"og:site_name\" content=\"Lajme nga Ulqini\" \/>\n<meta property=\"article:published_time\" content=\"2013-06-01T07:40:20+00:00\" \/>\n<meta property=\"article:modified_time\" content=\"2013-06-01T08:00:24+00:00\" \/>\n<meta property=\"og:image\" content=\"http:\/\/www.visit-ulcinj.com\/blog\/wp-content\/uploads\/2013\/06\/Nazif-Cungu-delegacioni-nga-Ermiratet-e-Bashkuara-Arabe.1.jpg\" \/>\n<meta name=\"twitter:label1\" content=\"Written by\" \/>\n\t<meta name=\"twitter:data1\" content=\"ulqini\" \/>\n\t<meta name=\"twitter:label2\" content=\"Est. reading time\" \/>\n\t<meta name=\"twitter:data2\" content=\"1 minute\" \/>\n<script type=\"application\/ld+json\" class=\"yoast-schema-graph\">{\"@context\":\"https:\/\/schema.org\",\"@graph\":[{\"@type\":\"WebSite\",\"@id\":\"https:\/\/www.visit-ulcinj.com\/blog\/#website\",\"url\":\"https:\/\/www.visit-ulcinj.com\/blog\/\",\"name\":\"Lajme nga Ulqini\",\"description\":\"Lajme,Vijesti,Ulqini,Ulqin,Crna Gora,Mali i Zi\",\"potentialAction\":[{\"@type\":\"SearchAction\",\"target\":{\"@type\":\"EntryPoint\",\"urlTemplate\":\"https:\/\/www.visit-ulcinj.com\/blog\/?s={search_term_string}\"},\"query-input\":\"required name=search_term_string\"}],\"inLanguage\":\"en-US\"},{\"@type\":\"ImageObject\",\"inLanguage\":\"en-US\",\"@id\":\"https:\/\/www.visit-ulcinj.com\/blog\/2013\/06\/01\/cungu-pret-delegacionin-nga-ermiratet-e-bashkuara-arabe-foto\/#primaryimage\",\"url\":\"https:\/\/www.visit-ulcinj.com\/blog\/wp-content\/uploads\/2013\/06\/Nazif-Cungu-delegacioni-nga-Ermiratet-e-Bashkuara-Arabe.1.jpg\",\"contentUrl\":\"https:\/\/www.visit-ulcinj.com\/blog\/wp-content\/uploads\/2013\/06\/Nazif-Cungu-delegacioni-nga-Ermiratet-e-Bashkuara-Arabe.1.jpg\",\"width\":640,\"height\":424},{\"@type\":\"WebPage\",\"@id\":\"https:\/\/www.visit-ulcinj.com\/blog\/2013\/06\/01\/cungu-pret-delegacionin-nga-ermiratet-e-bashkuara-arabe-foto\/#webpage\",\"url\":\"https:\/\/www.visit-ulcinj.com\/blog\/2013\/06\/01\/cungu-pret-delegacionin-nga-ermiratet-e-bashkuara-arabe-foto\/\",\"name\":\"Cungu pret delegacionin nga Ermiratet e Bashkuara Arabe + Foto - Lajme nga Ulqini\",\"isPartOf\":{\"@id\":\"https:\/\/www.visit-ulcinj.com\/blog\/#website\"},\"primaryImageOfPage\":{\"@id\":\"https:\/\/www.visit-ulcinj.com\/blog\/2013\/06\/01\/cungu-pret-delegacionin-nga-ermiratet-e-bashkuara-arabe-foto\/#primaryimage\"},\"datePublished\":\"2013-06-01T07:40:20+00:00\",\"dateModified\":\"2013-06-01T08:00:24+00:00\",\"author\":{\"@id\":\"https:\/\/www.visit-ulcinj.com\/blog\/#\/schema\/person\/dcab619c614d3038751c63bc2aadc06d\"},\"description\":\"Kryetari Cungu priti n\u00eb takim nj\u00eb delegacion nga Ermiratet e Bashkuara Arabe Kryetari i komun\u00ebs s\u00eb Ulqinit z. Nazif Cungu me bashkpuntor\u00ebt e tij, priti\",\"breadcrumb\":{\"@id\":\"https:\/\/www.visit-ulcinj.com\/blog\/2013\/06\/01\/cungu-pret-delegacionin-nga-ermiratet-e-bashkuara-arabe-foto\/#breadcrumb\"},\"inLanguage\":\"en-US\",\"potentialAction\":[{\"@type\":\"ReadAction\",\"target\":[\"https:\/\/www.visit-ulcinj.com\/blog\/2013\/06\/01\/cungu-pret-delegacionin-nga-ermiratet-e-bashkuara-arabe-foto\/\"]}]},{\"@type\":\"BreadcrumbList\",\"@id\":\"https:\/\/www.visit-ulcinj.com\/blog\/2013\/06\/01\/cungu-pret-delegacionin-nga-ermiratet-e-bashkuara-arabe-foto\/#breadcrumb\",\"itemListElement\":[{\"@type\":\"ListItem\",\"position\":1,\"name\":\"Cungu pret delegacionin nga Ermiratet e Bashkuara Arabe + Foto\"}]},{\"@type\":\"Person\",\"@id\":\"https:\/\/www.visit-ulcinj.com\/blog\/#\/schema\/person\/dcab619c614d3038751c63bc2aadc06d\",\"name\":\"ulqini\",\"sameAs\":[\"http:\/\/www.visit-ulcinj.com\"],\"url\":\"https:\/\/www.visit-ulcinj.com\/blog\/author\/admin\/\"}]}<\/script>\n<!-- \/ Yoast SEO plugin. -->","yoast_head_json":{"title":"Cungu pret delegacionin nga Ermiratet e Bashkuara Arabe + Foto - Lajme nga Ulqini","description":"Kryetari Cungu priti n\u00eb takim nj\u00eb delegacion nga Ermiratet e Bashkuara Arabe Kryetari i komun\u00ebs s\u00eb Ulqinit z. Nazif Cungu me bashkpuntor\u00ebt e tij, priti","robots":{"index":"index","follow":"follow","max-snippet":"max-snippet:-1","max-image-preview":"max-image-preview:large","max-video-preview":"max-video-preview:-1"},"canonical":"https:\/\/www.visit-ulcinj.com\/blog\/2013\/06\/01\/cungu-pret-delegacionin-nga-ermiratet-e-bashkuara-arabe-foto\/","og_locale":"en_US","og_type":"article","og_title":"Cungu pret delegacionin nga Ermiratet e Bashkuara Arabe + Foto - Lajme nga Ulqini","og_description":"Kryetari Cungu priti n\u00eb takim nj\u00eb delegacion nga Ermiratet e Bashkuara Arabe Kryetari i komun\u00ebs s\u00eb Ulqinit z. Nazif Cungu me bashkpuntor\u00ebt e tij, priti","og_url":"https:\/\/www.visit-ulcinj.com\/blog\/2013\/06\/01\/cungu-pret-delegacionin-nga-ermiratet-e-bashkuara-arabe-foto\/","og_site_name":"Lajme nga Ulqini","article_published_time":"2013-06-01T07:40:20+00:00","article_modified_time":"2013-06-01T08:00:24+00:00","og_image":[{"url":"http:\/\/www.visit-ulcinj.com\/blog\/wp-content\/uploads\/2013\/06\/Nazif-Cungu-delegacioni-nga-Ermiratet-e-Bashkuara-Arabe.1.jpg"}],"twitter_misc":{"Written by":"ulqini","Est. reading time":"1 minute"},"schema":{"@context":"https:\/\/schema.org","@graph":[{"@type":"WebSite","@id":"https:\/\/www.visit-ulcinj.com\/blog\/#website","url":"https:\/\/www.visit-ulcinj.com\/blog\/","name":"Lajme nga Ulqini","description":"Lajme,Vijesti,Ulqini,Ulqin,Crna Gora,Mali i Zi","potentialAction":[{"@type":"SearchAction","target":{"@type":"EntryPoint","urlTemplate":"https:\/\/www.visit-ulcinj.com\/blog\/?s={search_term_string}"},"query-input":"required name=search_term_string"}],"inLanguage":"en-US"},{"@type":"ImageObject","inLanguage":"en-US","@id":"https:\/\/www.visit-ulcinj.com\/blog\/2013\/06\/01\/cungu-pret-delegacionin-nga-ermiratet-e-bashkuara-arabe-foto\/#primaryimage","url":"https:\/\/www.visit-ulcinj.com\/blog\/wp-content\/uploads\/2013\/06\/Nazif-Cungu-delegacioni-nga-Ermiratet-e-Bashkuara-Arabe.1.jpg","contentUrl":"https:\/\/www.visit-ulcinj.com\/blog\/wp-content\/uploads\/2013\/06\/Nazif-Cungu-delegacioni-nga-Ermiratet-e-Bashkuara-Arabe.1.jpg","width":640,"height":424},{"@type":"WebPage","@id":"https:\/\/www.visit-ulcinj.com\/blog\/2013\/06\/01\/cungu-pret-delegacionin-nga-ermiratet-e-bashkuara-arabe-foto\/#webpage","url":"https:\/\/www.visit-ulcinj.com\/blog\/2013\/06\/01\/cungu-pret-delegacionin-nga-ermiratet-e-bashkuara-arabe-foto\/","name":"Cungu pret delegacionin nga Ermiratet e Bashkuara Arabe + Foto - Lajme nga Ulqini","isPartOf":{"@id":"https:\/\/www.visit-ulcinj.com\/blog\/#website"},"primaryImageOfPage":{"@id":"https:\/\/www.visit-ulcinj.com\/blog\/2013\/06\/01\/cungu-pret-delegacionin-nga-ermiratet-e-bashkuara-arabe-foto\/#primaryimage"},"datePublished":"2013-06-01T07:40:20+00:00","dateModified":"2013-06-01T08:00:24+00:00","author":{"@id":"https:\/\/www.visit-ulcinj.com\/blog\/#\/schema\/person\/dcab619c614d3038751c63bc2aadc06d"},"description":"Kryetari Cungu priti n\u00eb takim nj\u00eb delegacion nga Ermiratet e Bashkuara Arabe Kryetari i komun\u00ebs s\u00eb Ulqinit z. Nazif Cungu me bashkpuntor\u00ebt e tij, priti","breadcrumb":{"@id":"https:\/\/www.visit-ulcinj.com\/blog\/2013\/06\/01\/cungu-pret-delegacionin-nga-ermiratet-e-bashkuara-arabe-foto\/#breadcrumb"},"inLanguage":"en-US","potentialAction":[{"@type":"ReadAction","target":["https:\/\/www.visit-ulcinj.com\/blog\/2013\/06\/01\/cungu-pret-delegacionin-nga-ermiratet-e-bashkuara-arabe-foto\/"]}]},{"@type":"BreadcrumbList","@id":"https:\/\/www.visit-ulcinj.com\/blog\/2013\/06\/01\/cungu-pret-delegacionin-nga-ermiratet-e-bashkuara-arabe-foto\/#breadcrumb","itemListElement":[{"@type":"ListItem","position":1,"name":"Cungu pret delegacionin nga Ermiratet e Bashkuara Arabe + Foto"}]},{"@type":"Person","@id":"https:\/\/www.visit-ulcinj.com\/blog\/#\/schema\/person\/dcab619c614d3038751c63bc2aadc06d","name":"ulqini","sameAs":["http:\/\/www.visit-ulcinj.com"],"url":"https:\/\/www.visit-ulcinj.com\/blog\/author\/admin\/"}]}},"jetpack_featured_media_url":"","jetpack_sharing_enabled":true,"jetpack_shortlink":"https:\/\/wp.me\/pe6lTn-iIB","_links":{"self":[{"href":"https:\/\/www.visit-ulcinj.com\/blog\/wp-json\/wp\/v2\/posts\/71957"}],"collection":[{"href":"https:\/\/www.visit-ulcinj.com\/blog\/wp-json\/wp\/v2\/posts"}],"about":[{"href":"https:\/\/www.visit-ulcinj.com\/blog\/wp-json\/wp\/v2\/types\/post"}],"author":[{"embeddable":true,"href":"https:\/\/www.visit-ulcinj.com\/blog\/wp-json\/wp\/v2\/users\/1"}],"replies":[{"embeddable":true,"href":"https:\/\/www.visit-ulcinj.com\/blog\/wp-json\/wp\/v2\/comments?post=71957"}],"version-history":[{"count":5,"href":"https:\/\/www.visit-ulcinj.com\/blog\/wp-json\/wp\/v2\/posts\/71957\/revisions"}],"predecessor-version":[{"id":71971,"href":"https:\/\/www.visit-ulcinj.com\/blog\/wp-json\/wp\/v2\/posts\/71957\/revisions\/71971"}],"wp:attachment":[{"href":"https:\/\/www.visit-ulcinj.com\/blog\/wp-json\/wp\/v2\/media?parent=71957"}],"wp:term":[{"taxonomy":"category","embeddable":true,"href":"https:\/\/www.visit-ulcinj.com\/blog\/wp-json\/wp\/v2\/categories?post=71957"},{"taxonomy":"post_tag","embeddable":true,"href":"https:\/\/www.visit-ulcinj.com\/blog\/wp-json\/wp\/v2\/tags?post=71957"}],"curies":[{"name":"wp","href":"https:\/\/api.w.org\/{rel}","templated":true}]}}