{"id":71991,"date":"2013-06-01T16:51:08","date_gmt":"2013-06-01T15:51:08","guid":{"rendered":"http:\/\/www.visit-ulcinj.com\/blog\/?p=71991"},"modified":"2013-06-01T16:51:25","modified_gmt":"2013-06-01T15:51:25","slug":"shb-rumia-me-daten-09-06-2013-organizon-te-gjithe-ne-rumi","status":"publish","type":"post","link":"https:\/\/www.visit-ulcinj.com\/blog\/2013\/06\/01\/shb-rumia-me-daten-09-06-2013-organizon-te-gjithe-ne-rumi\/","title":{"rendered":"SHB &#8220;Rumia&#8221; m\u00eb dat\u00ebn 09.06.2013 organizon &#8211; T\u00cb GJITH\u00cb N\u00cb RUMI!"},"content":{"rendered":"<p><a href=\"http:\/\/www.visit-ulcinj.com\/blog\/wp-content\/uploads\/2013\/06\/T\u00cb-GJITH\u00cb-N\u00cb-RUMI-ulqin-tivar-kraje.jpg\"><img loading=\"lazy\" class=\"alignleft  wp-image-71992\" alt=\"T\u00cb GJITH\u00cb N\u00cb RUMI - ulqin-tivar-kraje\" src=\"http:\/\/www.visit-ulcinj.com\/blog\/wp-content\/uploads\/2013\/06\/T\u00cb-GJITH\u00cb-N\u00cb-RUMI-ulqin-tivar-kraje.jpg\" width=\"508\" height=\"380\" \/><\/a>SHB &#8220;Rumia&#8221; m\u00eb dat\u00ebn 09.06.2013 organizon daljen n\u00eb malin e Rumis\u00eb, mbajtjen e garave n\u00eb Djerrin e Rumis\u00eb dhe nj\u00eb program kulturoartistik q\u00eb do t\u00eb mbahet n\u00eb fshatin Brisk.<br \/>\nShpresojm\u00eb q\u00eb kjo dalje t\u00eb jet\u00eb me masive se vitin e kaluar, ku mor\u00ebn pjes\u00eb rreth 80 dashamir\u00ebs t\u00eb natyr\u00ebs dhe p\u00ebrt\u00ebrir\u00ebs t\u00eb tradit\u00ebs shum\u00eb shekullore t\u00eb daljes n\u00eb Rumi dhe mbajtjes s\u00eb garave dhe lojrave popullore n\u00eb Djerrin e Rumis\u00eb.<br \/>\n&#8211; Nisja e daljes (ngjitjes) \u00ebsht\u00eb n\u00eb or\u00ebn 06:00 nga Brisku (nga Ulqini nisja duhet t\u00eb b\u00ebhet n\u00eb or\u00ebn 04:00);<br \/>\n&#8211; Grupi i dyt\u00eb do t\u00eb niset nga fshati Mikuliq ( n\u00eb rr\u00ebz\u00eb t\u00eb Rumis\u00eb nga ana e Tivarit) n\u00eb or\u00ebn 07:30;<br \/>\n&#8211; Grupet priten t\u00eb bashkohen rreth or\u00ebs 09:00 n\u00eb Djerrin e Rumis\u00eb, prej nga, s\u00eb bashku vazhdojn\u00eb ngjitjen deri n\u00eb Maje t\u00eb Rumis\u00eb;<br \/>\n&#8211; Gjat\u00eb ngjitjes t\u00eb merret nga nj\u00eb gur\u00eb, &#8220;q\u00eb ta b\u00ebjm\u00eb Rumin\u00eb m\u00eb t\u00eb lart\u00eb&#8221;;<br \/>\n&#8211; Pas zbritjes nga Maja, ne Djerrin e Rumis\u00eb do t\u00eb zhvillohen gara popullore si: k\u00ebrcim s\u00eb gjati, hedhje e gurit, mundje (rrxim), t\u00ebrheqje litari etj., si dhe nj\u00eb valle t\u00eb madhe &#8220;Oj Rumia bjeshk\u00eb e nalt\u00eb&#8230;&#8221;<br \/>\n&#8211; Vazhdon zbritja, dhe n\u00eb fshatin Brisk duhet t\u00eb mb\u00ebrrijm\u00eb rreth or\u00ebs 16:00;<br \/>\n&#8211; N\u00eb Brisk tubimi i njer\u00ebzve q\u00eb nuk dalin n\u00eb Rumi fillon n\u00eb or\u00ebn 15:00;<br \/>\n&#8211; Pas nj\u00eb pushimi t\u00eb shkurt\u00eb fillon programi kulturoartistik;<br \/>\n&#8211; Rreth or\u00ebs 18:00 p\u00ebrfundon manifestimi.<\/p>\n<p>Dalja n\u00eb Rumi do t\u00eb b\u00ebhet n\u00eb m\u00ebnyr\u00eb t\u00eb organizuar duke ecur n\u00eb kolon\u00eb t\u00eb pa nd\u00ebrprer\u00eb me nj\u00eb rit\u00ebm mesatar udh\u00ebtimi.<br \/>\nDuhet t\u00eb gjith\u00eb ndjekim udh\u00ebrr\u00ebfyesin!<br \/>\nP\u00ebr ngjitje t\u00eb p\u00ebrgatisni veshje dhe sidomos mbathje t\u00eb p\u00ebrshtat\u00ebshme.<br \/>\nT\u00eb merrni sasi t\u00eb mjaftueshme ushqimi, s\u00eb paku 3 litra uj\u00eb (1.5 litra ti ruani p\u00ebr zbritje!!)<br \/>\nJU FTOJM\u00cb, Q\u00cb P\u00cbR HIR T\u00cb RUAJTJES S\u00cb NATYR\u00cbS DHE MJEDISIT JET\u00cbSOR, T\u00cb GJITHA MBETJET E PADEKOMPOZUESHME T\u00cb MERREN ME VEHTE!!<br \/>\n&#8212; Ju ftojm\u00eb t\u00eb na bashkangjiteni! &#8212;<\/p>\n<p>&nbsp;<\/p>\n<p><strong>Me nderime Shoqata e Bjeshkatar\u00ebve &#8220;Rumia&#8221;<\/strong><\/p>\n","protected":false},"excerpt":{"rendered":"<p>SHB &#8220;Rumia&#8221; m\u00eb dat\u00ebn 09.06.2013 organizon daljen n\u00eb malin e Rumis\u00eb, mbajtjen e garave n\u00eb Djerrin e Rumis\u00eb dhe nj\u00eb program kulturoartistik q\u00eb do t\u00eb mbahet n\u00eb fshatin Brisk. Shpresojm\u00eb q\u00eb kjo dalje t\u00eb jet\u00eb me masive se vitin e kaluar, ku mor\u00ebn pjes\u00eb rreth 80 dashamir\u00ebs t\u00eb natyr\u00ebs dhe p\u00ebrt\u00ebrir\u00ebs t\u00eb tradit\u00ebs shum\u00eb shekullore [&hellip;]<\/p>\n","protected":false},"author":1,"featured_media":0,"comment_status":"open","ping_status":"closed","sticky":false,"template":"","format":"standard","meta":{"spay_email":"","jetpack_publicize_message":"","jetpack_is_tweetstorm":false,"jetpack_publicize_feature_enabled":true},"categories":[6950],"tags":[],"jetpack_publicize_connections":[],"yoast_head":"<!-- This site is optimized with the Yoast SEO plugin v19.1 - https:\/\/yoast.com\/wordpress\/plugins\/seo\/ -->\n<title>SHB &quot;Rumia&quot; m\u00eb dat\u00ebn 09.06.2013 organizon - T\u00cb GJITH\u00cb N\u00cb RUMI! - Lajme nga Ulqini<\/title>\n<meta name=\"description\" content=\"SHB &quot;Rumia&quot; m\u00eb dat\u00ebn 09.06.2013 organizon daljen n\u00eb malin e Rumis\u00eb, mbajtjen e garave n\u00eb Djerrin e Rumis\u00eb dhe nj\u00eb program kulturoartistik q\u00eb do t\u00eb mbahet\" \/>\n<meta name=\"robots\" content=\"index, follow, max-snippet:-1, max-image-preview:large, max-video-preview:-1\" \/>\n<link rel=\"canonical\" href=\"https:\/\/www.visit-ulcinj.com\/blog\/2013\/06\/01\/shb-rumia-me-daten-09-06-2013-organizon-te-gjithe-ne-rumi\/\" \/>\n<meta property=\"og:locale\" content=\"en_US\" \/>\n<meta property=\"og:type\" content=\"article\" \/>\n<meta property=\"og:title\" content=\"SHB &quot;Rumia&quot; m\u00eb dat\u00ebn 09.06.2013 organizon - T\u00cb GJITH\u00cb N\u00cb RUMI! - Lajme nga Ulqini\" \/>\n<meta property=\"og:description\" content=\"SHB &quot;Rumia&quot; m\u00eb dat\u00ebn 09.06.2013 organizon daljen n\u00eb malin e Rumis\u00eb, mbajtjen e garave n\u00eb Djerrin e Rumis\u00eb dhe nj\u00eb program kulturoartistik q\u00eb do t\u00eb mbahet\" \/>\n<meta property=\"og:url\" content=\"https:\/\/www.visit-ulcinj.com\/blog\/2013\/06\/01\/shb-rumia-me-daten-09-06-2013-organizon-te-gjithe-ne-rumi\/\" \/>\n<meta property=\"og:site_name\" content=\"Lajme nga Ulqini\" \/>\n<meta property=\"article:published_time\" content=\"2013-06-01T15:51:08+00:00\" \/>\n<meta property=\"article:modified_time\" content=\"2013-06-01T15:51:25+00:00\" \/>\n<meta name=\"twitter:label1\" content=\"Written by\" \/>\n\t<meta name=\"twitter:data1\" content=\"ulqini\" \/>\n\t<meta name=\"twitter:label2\" content=\"Est. reading time\" \/>\n\t<meta name=\"twitter:data2\" content=\"2 minutes\" \/>\n<script type=\"application\/ld+json\" class=\"yoast-schema-graph\">{\"@context\":\"https:\/\/schema.org\",\"@graph\":[{\"@type\":\"WebSite\",\"@id\":\"https:\/\/www.visit-ulcinj.com\/blog\/#website\",\"url\":\"https:\/\/www.visit-ulcinj.com\/blog\/\",\"name\":\"Lajme nga Ulqini\",\"description\":\"Lajme,Vijesti,Ulqini,Ulqin,Crna Gora,Mali i Zi\",\"potentialAction\":[{\"@type\":\"SearchAction\",\"target\":{\"@type\":\"EntryPoint\",\"urlTemplate\":\"https:\/\/www.visit-ulcinj.com\/blog\/?s={search_term_string}\"},\"query-input\":\"required name=search_term_string\"}],\"inLanguage\":\"en-US\"},{\"@type\":\"WebPage\",\"@id\":\"https:\/\/www.visit-ulcinj.com\/blog\/2013\/06\/01\/shb-rumia-me-daten-09-06-2013-organizon-te-gjithe-ne-rumi\/#webpage\",\"url\":\"https:\/\/www.visit-ulcinj.com\/blog\/2013\/06\/01\/shb-rumia-me-daten-09-06-2013-organizon-te-gjithe-ne-rumi\/\",\"name\":\"SHB \\\"Rumia\\\" m\u00eb dat\u00ebn 09.06.2013 organizon - T\u00cb GJITH\u00cb N\u00cb RUMI! - Lajme nga Ulqini\",\"isPartOf\":{\"@id\":\"https:\/\/www.visit-ulcinj.com\/blog\/#website\"},\"datePublished\":\"2013-06-01T15:51:08+00:00\",\"dateModified\":\"2013-06-01T15:51:25+00:00\",\"author\":{\"@id\":\"https:\/\/www.visit-ulcinj.com\/blog\/#\/schema\/person\/dcab619c614d3038751c63bc2aadc06d\"},\"description\":\"SHB \\\"Rumia\\\" m\u00eb dat\u00ebn 09.06.2013 organizon daljen n\u00eb malin e Rumis\u00eb, mbajtjen e garave n\u00eb Djerrin e Rumis\u00eb dhe nj\u00eb program kulturoartistik q\u00eb do t\u00eb mbahet\",\"breadcrumb\":{\"@id\":\"https:\/\/www.visit-ulcinj.com\/blog\/2013\/06\/01\/shb-rumia-me-daten-09-06-2013-organizon-te-gjithe-ne-rumi\/#breadcrumb\"},\"inLanguage\":\"en-US\",\"potentialAction\":[{\"@type\":\"ReadAction\",\"target\":[\"https:\/\/www.visit-ulcinj.com\/blog\/2013\/06\/01\/shb-rumia-me-daten-09-06-2013-organizon-te-gjithe-ne-rumi\/\"]}]},{\"@type\":\"BreadcrumbList\",\"@id\":\"https:\/\/www.visit-ulcinj.com\/blog\/2013\/06\/01\/shb-rumia-me-daten-09-06-2013-organizon-te-gjithe-ne-rumi\/#breadcrumb\",\"itemListElement\":[{\"@type\":\"ListItem\",\"position\":1,\"name\":\"SHB &#8220;Rumia&#8221; m\u00eb dat\u00ebn 09.06.2013 organizon &#8211; T\u00cb GJITH\u00cb N\u00cb RUMI!\"}]},{\"@type\":\"Person\",\"@id\":\"https:\/\/www.visit-ulcinj.com\/blog\/#\/schema\/person\/dcab619c614d3038751c63bc2aadc06d\",\"name\":\"ulqini\",\"sameAs\":[\"http:\/\/www.visit-ulcinj.com\"],\"url\":\"https:\/\/www.visit-ulcinj.com\/blog\/author\/admin\/\"}]}<\/script>\n<!-- \/ Yoast SEO plugin. -->","yoast_head_json":{"title":"SHB \"Rumia\" m\u00eb dat\u00ebn 09.06.2013 organizon - T\u00cb GJITH\u00cb N\u00cb RUMI! - Lajme nga Ulqini","description":"SHB \"Rumia\" m\u00eb dat\u00ebn 09.06.2013 organizon daljen n\u00eb malin e Rumis\u00eb, mbajtjen e garave n\u00eb Djerrin e Rumis\u00eb dhe nj\u00eb program kulturoartistik q\u00eb do t\u00eb mbahet","robots":{"index":"index","follow":"follow","max-snippet":"max-snippet:-1","max-image-preview":"max-image-preview:large","max-video-preview":"max-video-preview:-1"},"canonical":"https:\/\/www.visit-ulcinj.com\/blog\/2013\/06\/01\/shb-rumia-me-daten-09-06-2013-organizon-te-gjithe-ne-rumi\/","og_locale":"en_US","og_type":"article","og_title":"SHB \"Rumia\" m\u00eb dat\u00ebn 09.06.2013 organizon - T\u00cb GJITH\u00cb N\u00cb RUMI! - Lajme nga Ulqini","og_description":"SHB \"Rumia\" m\u00eb dat\u00ebn 09.06.2013 organizon daljen n\u00eb malin e Rumis\u00eb, mbajtjen e garave n\u00eb Djerrin e Rumis\u00eb dhe nj\u00eb program kulturoartistik q\u00eb do t\u00eb mbahet","og_url":"https:\/\/www.visit-ulcinj.com\/blog\/2013\/06\/01\/shb-rumia-me-daten-09-06-2013-organizon-te-gjithe-ne-rumi\/","og_site_name":"Lajme nga Ulqini","article_published_time":"2013-06-01T15:51:08+00:00","article_modified_time":"2013-06-01T15:51:25+00:00","twitter_misc":{"Written by":"ulqini","Est. reading time":"2 minutes"},"schema":{"@context":"https:\/\/schema.org","@graph":[{"@type":"WebSite","@id":"https:\/\/www.visit-ulcinj.com\/blog\/#website","url":"https:\/\/www.visit-ulcinj.com\/blog\/","name":"Lajme nga Ulqini","description":"Lajme,Vijesti,Ulqini,Ulqin,Crna Gora,Mali i Zi","potentialAction":[{"@type":"SearchAction","target":{"@type":"EntryPoint","urlTemplate":"https:\/\/www.visit-ulcinj.com\/blog\/?s={search_term_string}"},"query-input":"required name=search_term_string"}],"inLanguage":"en-US"},{"@type":"WebPage","@id":"https:\/\/www.visit-ulcinj.com\/blog\/2013\/06\/01\/shb-rumia-me-daten-09-06-2013-organizon-te-gjithe-ne-rumi\/#webpage","url":"https:\/\/www.visit-ulcinj.com\/blog\/2013\/06\/01\/shb-rumia-me-daten-09-06-2013-organizon-te-gjithe-ne-rumi\/","name":"SHB \"Rumia\" m\u00eb dat\u00ebn 09.06.2013 organizon - T\u00cb GJITH\u00cb N\u00cb RUMI! - Lajme nga Ulqini","isPartOf":{"@id":"https:\/\/www.visit-ulcinj.com\/blog\/#website"},"datePublished":"2013-06-01T15:51:08+00:00","dateModified":"2013-06-01T15:51:25+00:00","author":{"@id":"https:\/\/www.visit-ulcinj.com\/blog\/#\/schema\/person\/dcab619c614d3038751c63bc2aadc06d"},"description":"SHB \"Rumia\" m\u00eb dat\u00ebn 09.06.2013 organizon daljen n\u00eb malin e Rumis\u00eb, mbajtjen e garave n\u00eb Djerrin e Rumis\u00eb dhe nj\u00eb program kulturoartistik q\u00eb do t\u00eb mbahet","breadcrumb":{"@id":"https:\/\/www.visit-ulcinj.com\/blog\/2013\/06\/01\/shb-rumia-me-daten-09-06-2013-organizon-te-gjithe-ne-rumi\/#breadcrumb"},"inLanguage":"en-US","potentialAction":[{"@type":"ReadAction","target":["https:\/\/www.visit-ulcinj.com\/blog\/2013\/06\/01\/shb-rumia-me-daten-09-06-2013-organizon-te-gjithe-ne-rumi\/"]}]},{"@type":"BreadcrumbList","@id":"https:\/\/www.visit-ulcinj.com\/blog\/2013\/06\/01\/shb-rumia-me-daten-09-06-2013-organizon-te-gjithe-ne-rumi\/#breadcrumb","itemListElement":[{"@type":"ListItem","position":1,"name":"SHB &#8220;Rumia&#8221; m\u00eb dat\u00ebn 09.06.2013 organizon &#8211; T\u00cb GJITH\u00cb N\u00cb RUMI!"}]},{"@type":"Person","@id":"https:\/\/www.visit-ulcinj.com\/blog\/#\/schema\/person\/dcab619c614d3038751c63bc2aadc06d","name":"ulqini","sameAs":["http:\/\/www.visit-ulcinj.com"],"url":"https:\/\/www.visit-ulcinj.com\/blog\/author\/admin\/"}]}},"jetpack_featured_media_url":"","jetpack_sharing_enabled":true,"jetpack_shortlink":"https:\/\/wp.me\/pe6lTn-iJ9","_links":{"self":[{"href":"https:\/\/www.visit-ulcinj.com\/blog\/wp-json\/wp\/v2\/posts\/71991"}],"collection":[{"href":"https:\/\/www.visit-ulcinj.com\/blog\/wp-json\/wp\/v2\/posts"}],"about":[{"href":"https:\/\/www.visit-ulcinj.com\/blog\/wp-json\/wp\/v2\/types\/post"}],"author":[{"embeddable":true,"href":"https:\/\/www.visit-ulcinj.com\/blog\/wp-json\/wp\/v2\/users\/1"}],"replies":[{"embeddable":true,"href":"https:\/\/www.visit-ulcinj.com\/blog\/wp-json\/wp\/v2\/comments?post=71991"}],"version-history":[{"count":2,"href":"https:\/\/www.visit-ulcinj.com\/blog\/wp-json\/wp\/v2\/posts\/71991\/revisions"}],"predecessor-version":[{"id":71994,"href":"https:\/\/www.visit-ulcinj.com\/blog\/wp-json\/wp\/v2\/posts\/71991\/revisions\/71994"}],"wp:attachment":[{"href":"https:\/\/www.visit-ulcinj.com\/blog\/wp-json\/wp\/v2\/media?parent=71991"}],"wp:term":[{"taxonomy":"category","embeddable":true,"href":"https:\/\/www.visit-ulcinj.com\/blog\/wp-json\/wp\/v2\/categories?post=71991"},{"taxonomy":"post_tag","embeddable":true,"href":"https:\/\/www.visit-ulcinj.com\/blog\/wp-json\/wp\/v2\/tags?post=71991"}],"curies":[{"name":"wp","href":"https:\/\/api.w.org\/{rel}","templated":true}]}}