{"id":71999,"date":"2013-05-25T19:23:50","date_gmt":"2013-05-25T18:23:50","guid":{"rendered":"http:\/\/www.visit-ulcinj.com\/blog\/?p=71999"},"modified":"2013-06-03T18:29:22","modified_gmt":"2013-06-03T17:29:22","slug":"e-dashura-e-noizit-ben-18-vjec","status":"publish","type":"post","link":"https:\/\/www.visit-ulcinj.com\/blog\/2013\/05\/25\/e-dashura-e-noizit-ben-18-vjec\/","title":{"rendered":"E dashura e Noizit b\u00ebn 18 vje\u00e7"},"content":{"rendered":"<p>Ka qen\u00eb m\u00eb i p\u00ebrfoluri n\u00eb lidhjet e tij me femrat, por s\u00eb fundi me sa duket ka arritur t\u00eb gjej\u00eb femr\u00ebn q\u00eb e b\u00ebn t\u00eb ndihet mir\u00eb. Deri tani e ka mbajtur t\u00eb fsheht\u00eb lidhjen me \u201cMiss Durr\u00ebsin\u201d Daniela Pajaziti, por ka pritur dit\u00ebn q\u00eb ajo t\u00eb b\u00ebj\u00eb 18 vje\u00e7, mosha e duhur p\u00ebr t\u00eb dal\u00eb hapur n\u00eb publik. Ata kan\u00eb preferuar t\u00eb festojn\u00eb n\u00eb intimitet t\u00eb plot\u00eb n\u00eb pishina, ku kan\u00eb realizuar dhe k\u00ebto foto provokuese q\u00eb shihni.<br \/>\n<a href=\"http:\/\/www.visit-ulcinj.com\/blog\/wp-content\/uploads\/2013\/06\/Daniela-Pajaziti_Noizy.jpg\"><img loading=\"lazy\" class=\"alignleft  wp-image-72000\" alt=\"Daniela Pajaziti_Noizy\" src=\"http:\/\/www.visit-ulcinj.com\/blog\/wp-content\/uploads\/2013\/06\/Daniela-Pajaziti_Noizy.jpg\" width=\"508\" height=\"600\" \/><\/a><\/p>\n<p>Fotot i ka hedhur n\u00eb profilin e saj n\u00eb facebook vet\u00ebm p\u00ebr pak minuta, dhe m\u00eb pas i ka hequr, pasi me sa duket, \u00ebsht\u00eb penduar. Gjithsesi, e para q\u00eb foli p\u00ebr lidhjen e saj me Noizy-n ishte ajo q\u00eb pohoi se me t\u00eb po jetonte nj\u00eb lidhje pasiononte dhe se ai \u00ebsht\u00eb shum\u00eb i ve\u00e7ant\u00eb. Nd\u00ebr t\u00eb tjera, ajo prezantoi nj\u00eb tjet\u00ebr Noizy, si djal\u00eb t\u00eb \u00ebmb\u00ebl dhe q\u00eb dinte t\u00eb falte shum\u00eb dashuri. Duket se t\u00eb dy ata i kan\u00eb pasion fotot, pasi dhe historia e tyre e dashuris\u00eb lindi nd\u00ebrsa po realizonin disa foto artistike, dhe fotografi Armand Sallabanda kishte zgjedhur Daniel\u00ebn si modelen q\u00eb do t\u00eb shoq\u00ebronte Noizy-n. Lidhja e tyre ka nisur para m\u00eb shum\u00eb se nj\u00eb viti, dhe ata kan\u00eb pohuar se: \u201cShum\u00eb njer\u00ebz shfaqen skeptik\u00eb p\u00ebr vazhdim\u00ebsin\u00eb e k\u00ebsaj lidhjeje, por ne ndihemi v\u00ebrtet shum\u00eb mir\u00eb\u201d.<\/p>\n<p>Panorama<br \/>\n<iframe loading=\"lazy\" src=\"http:\/\/www.youtube.com\/embed\/JT4SX7rbYEg\" height=\"360\" width=\"508\" allowfullscreen=\"\" frameborder=\"0\"><\/iframe><\/p>\n","protected":false},"excerpt":{"rendered":"<p>Ka qen\u00eb m\u00eb i p\u00ebrfoluri n\u00eb lidhjet e tij me femrat, por s\u00eb fundi me sa duket ka arritur t\u00eb gjej\u00eb femr\u00ebn q\u00eb e b\u00ebn t\u00eb ndihet mir\u00eb. Deri tani e ka mbajtur t\u00eb fsheht\u00eb lidhjen me \u201cMiss Durr\u00ebsin\u201d Daniela Pajaziti, por ka pritur dit\u00ebn q\u00eb ajo t\u00eb b\u00ebj\u00eb 18 vje\u00e7, mosha e duhur p\u00ebr [&hellip;]<\/p>\n","protected":false},"author":1,"featured_media":0,"comment_status":"open","ping_status":"closed","sticky":false,"template":"","format":"standard","meta":{"spay_email":"","jetpack_publicize_message":"","jetpack_is_tweetstorm":false,"jetpack_publicize_feature_enabled":true},"categories":[1],"tags":[],"jetpack_publicize_connections":[],"yoast_head":"<!-- This site is optimized with the Yoast SEO plugin v19.1 - https:\/\/yoast.com\/wordpress\/plugins\/seo\/ -->\n<title>E dashura e Noizit b\u00ebn 18 vje\u00e7 - Lajme nga Ulqini<\/title>\n<meta name=\"description\" content=\"Ka qen\u00eb m\u00eb i p\u00ebrfoluri n\u00eb lidhjet e tij me femrat, por s\u00eb fundi me sa duket ka arritur t\u00eb gjej\u00eb femr\u00ebn q\u00eb e b\u00ebn t\u00eb ndihet mir\u00eb. Deri tani e ka mbajtur t\u00eb\" \/>\n<meta name=\"robots\" content=\"index, follow, max-snippet:-1, max-image-preview:large, max-video-preview:-1\" \/>\n<link rel=\"canonical\" href=\"https:\/\/www.visit-ulcinj.com\/blog\/2013\/05\/25\/e-dashura-e-noizit-ben-18-vjec\/\" \/>\n<meta property=\"og:locale\" content=\"en_US\" \/>\n<meta property=\"og:type\" content=\"article\" \/>\n<meta property=\"og:title\" content=\"E dashura e Noizit b\u00ebn 18 vje\u00e7 - Lajme nga Ulqini\" \/>\n<meta property=\"og:description\" content=\"Ka qen\u00eb m\u00eb i p\u00ebrfoluri n\u00eb lidhjet e tij me femrat, por s\u00eb fundi me sa duket ka arritur t\u00eb gjej\u00eb femr\u00ebn q\u00eb e b\u00ebn t\u00eb ndihet mir\u00eb. Deri tani e ka mbajtur t\u00eb\" \/>\n<meta property=\"og:url\" content=\"https:\/\/www.visit-ulcinj.com\/blog\/2013\/05\/25\/e-dashura-e-noizit-ben-18-vjec\/\" \/>\n<meta property=\"og:site_name\" content=\"Lajme nga Ulqini\" \/>\n<meta property=\"article:published_time\" content=\"2013-05-25T18:23:50+00:00\" \/>\n<meta property=\"article:modified_time\" content=\"2013-06-03T17:29:22+00:00\" \/>\n<meta property=\"og:image\" content=\"http:\/\/www.visit-ulcinj.com\/blog\/wp-content\/uploads\/2013\/06\/Daniela-Pajaziti_Noizy.jpg\" \/>\n<meta name=\"twitter:label1\" content=\"Written by\" \/>\n\t<meta name=\"twitter:data1\" content=\"ulqini\" \/>\n\t<meta name=\"twitter:label2\" content=\"Est. reading time\" \/>\n\t<meta name=\"twitter:data2\" content=\"1 minute\" \/>\n<script type=\"application\/ld+json\" class=\"yoast-schema-graph\">{\"@context\":\"https:\/\/schema.org\",\"@graph\":[{\"@type\":\"WebSite\",\"@id\":\"https:\/\/www.visit-ulcinj.com\/blog\/#website\",\"url\":\"https:\/\/www.visit-ulcinj.com\/blog\/\",\"name\":\"Lajme nga Ulqini\",\"description\":\"Lajme,Vijesti,Ulqini,Ulqin,Crna Gora,Mali i Zi\",\"potentialAction\":[{\"@type\":\"SearchAction\",\"target\":{\"@type\":\"EntryPoint\",\"urlTemplate\":\"https:\/\/www.visit-ulcinj.com\/blog\/?s={search_term_string}\"},\"query-input\":\"required name=search_term_string\"}],\"inLanguage\":\"en-US\"},{\"@type\":\"ImageObject\",\"inLanguage\":\"en-US\",\"@id\":\"https:\/\/www.visit-ulcinj.com\/blog\/2013\/05\/25\/e-dashura-e-noizit-ben-18-vjec\/#primaryimage\",\"url\":\"http:\/\/www.visit-ulcinj.com\/blog\/wp-content\/uploads\/2013\/06\/Daniela-Pajaziti_Noizy.jpg\",\"contentUrl\":\"http:\/\/www.visit-ulcinj.com\/blog\/wp-content\/uploads\/2013\/06\/Daniela-Pajaziti_Noizy.jpg\"},{\"@type\":\"WebPage\",\"@id\":\"https:\/\/www.visit-ulcinj.com\/blog\/2013\/05\/25\/e-dashura-e-noizit-ben-18-vjec\/#webpage\",\"url\":\"https:\/\/www.visit-ulcinj.com\/blog\/2013\/05\/25\/e-dashura-e-noizit-ben-18-vjec\/\",\"name\":\"E dashura e Noizit b\u00ebn 18 vje\u00e7 - Lajme nga Ulqini\",\"isPartOf\":{\"@id\":\"https:\/\/www.visit-ulcinj.com\/blog\/#website\"},\"primaryImageOfPage\":{\"@id\":\"https:\/\/www.visit-ulcinj.com\/blog\/2013\/05\/25\/e-dashura-e-noizit-ben-18-vjec\/#primaryimage\"},\"datePublished\":\"2013-05-25T18:23:50+00:00\",\"dateModified\":\"2013-06-03T17:29:22+00:00\",\"author\":{\"@id\":\"https:\/\/www.visit-ulcinj.com\/blog\/#\/schema\/person\/dcab619c614d3038751c63bc2aadc06d\"},\"description\":\"Ka qen\u00eb m\u00eb i p\u00ebrfoluri n\u00eb lidhjet e tij me femrat, por s\u00eb fundi me sa duket ka arritur t\u00eb gjej\u00eb femr\u00ebn q\u00eb e b\u00ebn t\u00eb ndihet mir\u00eb. Deri tani e ka mbajtur t\u00eb\",\"breadcrumb\":{\"@id\":\"https:\/\/www.visit-ulcinj.com\/blog\/2013\/05\/25\/e-dashura-e-noizit-ben-18-vjec\/#breadcrumb\"},\"inLanguage\":\"en-US\",\"potentialAction\":[{\"@type\":\"ReadAction\",\"target\":[\"https:\/\/www.visit-ulcinj.com\/blog\/2013\/05\/25\/e-dashura-e-noizit-ben-18-vjec\/\"]}]},{\"@type\":\"BreadcrumbList\",\"@id\":\"https:\/\/www.visit-ulcinj.com\/blog\/2013\/05\/25\/e-dashura-e-noizit-ben-18-vjec\/#breadcrumb\",\"itemListElement\":[{\"@type\":\"ListItem\",\"position\":1,\"name\":\"E dashura e Noizit b\u00ebn 18 vje\u00e7\"}]},{\"@type\":\"Person\",\"@id\":\"https:\/\/www.visit-ulcinj.com\/blog\/#\/schema\/person\/dcab619c614d3038751c63bc2aadc06d\",\"name\":\"ulqini\",\"sameAs\":[\"http:\/\/www.visit-ulcinj.com\"],\"url\":\"https:\/\/www.visit-ulcinj.com\/blog\/author\/admin\/\"}]}<\/script>\n<!-- \/ Yoast SEO plugin. -->","yoast_head_json":{"title":"E dashura e Noizit b\u00ebn 18 vje\u00e7 - Lajme nga Ulqini","description":"Ka qen\u00eb m\u00eb i p\u00ebrfoluri n\u00eb lidhjet e tij me femrat, por s\u00eb fundi me sa duket ka arritur t\u00eb gjej\u00eb femr\u00ebn q\u00eb e b\u00ebn t\u00eb ndihet mir\u00eb. Deri tani e ka mbajtur t\u00eb","robots":{"index":"index","follow":"follow","max-snippet":"max-snippet:-1","max-image-preview":"max-image-preview:large","max-video-preview":"max-video-preview:-1"},"canonical":"https:\/\/www.visit-ulcinj.com\/blog\/2013\/05\/25\/e-dashura-e-noizit-ben-18-vjec\/","og_locale":"en_US","og_type":"article","og_title":"E dashura e Noizit b\u00ebn 18 vje\u00e7 - Lajme nga Ulqini","og_description":"Ka qen\u00eb m\u00eb i p\u00ebrfoluri n\u00eb lidhjet e tij me femrat, por s\u00eb fundi me sa duket ka arritur t\u00eb gjej\u00eb femr\u00ebn q\u00eb e b\u00ebn t\u00eb ndihet mir\u00eb. Deri tani e ka mbajtur t\u00eb","og_url":"https:\/\/www.visit-ulcinj.com\/blog\/2013\/05\/25\/e-dashura-e-noizit-ben-18-vjec\/","og_site_name":"Lajme nga Ulqini","article_published_time":"2013-05-25T18:23:50+00:00","article_modified_time":"2013-06-03T17:29:22+00:00","og_image":[{"url":"http:\/\/www.visit-ulcinj.com\/blog\/wp-content\/uploads\/2013\/06\/Daniela-Pajaziti_Noizy.jpg"}],"twitter_misc":{"Written by":"ulqini","Est. reading time":"1 minute"},"schema":{"@context":"https:\/\/schema.org","@graph":[{"@type":"WebSite","@id":"https:\/\/www.visit-ulcinj.com\/blog\/#website","url":"https:\/\/www.visit-ulcinj.com\/blog\/","name":"Lajme nga Ulqini","description":"Lajme,Vijesti,Ulqini,Ulqin,Crna Gora,Mali i Zi","potentialAction":[{"@type":"SearchAction","target":{"@type":"EntryPoint","urlTemplate":"https:\/\/www.visit-ulcinj.com\/blog\/?s={search_term_string}"},"query-input":"required name=search_term_string"}],"inLanguage":"en-US"},{"@type":"ImageObject","inLanguage":"en-US","@id":"https:\/\/www.visit-ulcinj.com\/blog\/2013\/05\/25\/e-dashura-e-noizit-ben-18-vjec\/#primaryimage","url":"http:\/\/www.visit-ulcinj.com\/blog\/wp-content\/uploads\/2013\/06\/Daniela-Pajaziti_Noizy.jpg","contentUrl":"http:\/\/www.visit-ulcinj.com\/blog\/wp-content\/uploads\/2013\/06\/Daniela-Pajaziti_Noizy.jpg"},{"@type":"WebPage","@id":"https:\/\/www.visit-ulcinj.com\/blog\/2013\/05\/25\/e-dashura-e-noizit-ben-18-vjec\/#webpage","url":"https:\/\/www.visit-ulcinj.com\/blog\/2013\/05\/25\/e-dashura-e-noizit-ben-18-vjec\/","name":"E dashura e Noizit b\u00ebn 18 vje\u00e7 - Lajme nga Ulqini","isPartOf":{"@id":"https:\/\/www.visit-ulcinj.com\/blog\/#website"},"primaryImageOfPage":{"@id":"https:\/\/www.visit-ulcinj.com\/blog\/2013\/05\/25\/e-dashura-e-noizit-ben-18-vjec\/#primaryimage"},"datePublished":"2013-05-25T18:23:50+00:00","dateModified":"2013-06-03T17:29:22+00:00","author":{"@id":"https:\/\/www.visit-ulcinj.com\/blog\/#\/schema\/person\/dcab619c614d3038751c63bc2aadc06d"},"description":"Ka qen\u00eb m\u00eb i p\u00ebrfoluri n\u00eb lidhjet e tij me femrat, por s\u00eb fundi me sa duket ka arritur t\u00eb gjej\u00eb femr\u00ebn q\u00eb e b\u00ebn t\u00eb ndihet mir\u00eb. Deri tani e ka mbajtur t\u00eb","breadcrumb":{"@id":"https:\/\/www.visit-ulcinj.com\/blog\/2013\/05\/25\/e-dashura-e-noizit-ben-18-vjec\/#breadcrumb"},"inLanguage":"en-US","potentialAction":[{"@type":"ReadAction","target":["https:\/\/www.visit-ulcinj.com\/blog\/2013\/05\/25\/e-dashura-e-noizit-ben-18-vjec\/"]}]},{"@type":"BreadcrumbList","@id":"https:\/\/www.visit-ulcinj.com\/blog\/2013\/05\/25\/e-dashura-e-noizit-ben-18-vjec\/#breadcrumb","itemListElement":[{"@type":"ListItem","position":1,"name":"E dashura e Noizit b\u00ebn 18 vje\u00e7"}]},{"@type":"Person","@id":"https:\/\/www.visit-ulcinj.com\/blog\/#\/schema\/person\/dcab619c614d3038751c63bc2aadc06d","name":"ulqini","sameAs":["http:\/\/www.visit-ulcinj.com"],"url":"https:\/\/www.visit-ulcinj.com\/blog\/author\/admin\/"}]}},"jetpack_featured_media_url":"","jetpack_sharing_enabled":true,"jetpack_shortlink":"https:\/\/wp.me\/pe6lTn-iJh","_links":{"self":[{"href":"https:\/\/www.visit-ulcinj.com\/blog\/wp-json\/wp\/v2\/posts\/71999"}],"collection":[{"href":"https:\/\/www.visit-ulcinj.com\/blog\/wp-json\/wp\/v2\/posts"}],"about":[{"href":"https:\/\/www.visit-ulcinj.com\/blog\/wp-json\/wp\/v2\/types\/post"}],"author":[{"embeddable":true,"href":"https:\/\/www.visit-ulcinj.com\/blog\/wp-json\/wp\/v2\/users\/1"}],"replies":[{"embeddable":true,"href":"https:\/\/www.visit-ulcinj.com\/blog\/wp-json\/wp\/v2\/comments?post=71999"}],"version-history":[{"count":2,"href":"https:\/\/www.visit-ulcinj.com\/blog\/wp-json\/wp\/v2\/posts\/71999\/revisions"}],"predecessor-version":[{"id":72048,"href":"https:\/\/www.visit-ulcinj.com\/blog\/wp-json\/wp\/v2\/posts\/71999\/revisions\/72048"}],"wp:attachment":[{"href":"https:\/\/www.visit-ulcinj.com\/blog\/wp-json\/wp\/v2\/media?parent=71999"}],"wp:term":[{"taxonomy":"category","embeddable":true,"href":"https:\/\/www.visit-ulcinj.com\/blog\/wp-json\/wp\/v2\/categories?post=71999"},{"taxonomy":"post_tag","embeddable":true,"href":"https:\/\/www.visit-ulcinj.com\/blog\/wp-json\/wp\/v2\/tags?post=71999"}],"curies":[{"name":"wp","href":"https:\/\/api.w.org\/{rel}","templated":true}]}}