{"id":72004,"date":"2013-06-03T11:11:39","date_gmt":"2013-06-03T10:11:39","guid":{"rendered":"http:\/\/www.visit-ulcinj.com\/blog\/?p=72004"},"modified":"2013-06-04T14:54:19","modified_gmt":"2013-06-04T13:54:19","slug":"shans-i-fundit-per-pushtetin-e-ulqinit","status":"publish","type":"post","link":"https:\/\/www.visit-ulcinj.com\/blog\/2013\/06\/03\/shans-i-fundit-per-pushtetin-e-ulqinit\/","title":{"rendered":"Ulqini shansi i fundit p\u00ebr pushtet"},"content":{"rendered":"<p align=\"center\"><b><a href=\"http:\/\/www.visit-ulcinj.com\/blog\/wp-content\/uploads\/2013\/06\/shansi-i-fundit-i-komunes-se-ulqinit.jpg\"><img loading=\"lazy\" class=\"alignleft  wp-image-72005\" alt=\"shansi i fundit i komunes se ulqinit\" src=\"http:\/\/www.visit-ulcinj.com\/blog\/wp-content\/uploads\/2013\/06\/shansi-i-fundit-i-komunes-se-ulqinit.jpg\" width=\"508\" height=\"360\" \/><\/a>Shans i fundit p\u00ebr pushtetin e Ulqinit<\/b><\/p>\n<p>\u201cQytetar\u00ebt e Ulqinit thjesht nuk kan\u00eb fat me pushtetet lokale. Mbasi q\u00eb \u00ebsht\u00eb investuar energji e madhe p\u00ebr t\u00eb arritur ndryshimet e shum\u00ebpritura politike, \u00ebsht\u00eb e qart\u00eb q\u00eb pushteti i ri ka zhg\u00ebnjyer n\u00eb shum\u00eb\u00e7ka, por akoma m\u00eb keq, n\u00eb mas\u00eb t\u00eb madhe kujton n\u00eb t\u00eb kaluarin. Premtimet e m\u00ebdha jan\u00eb treguar si demagogji e pabazuar p\u00ebr p\u00ebrfitimin e pik\u00ebve t\u00eb lira politike, nd\u00ebrsa ekspertiza dhe projektet e ashtuquajtura, si imagjinat\u00eb artistike pa kurrfar\u00eb baze\u201d, deklaroi deputeti n\u00eb Parlamentin e Malit t\u00eb Zi Dritan Abazoviq.<\/p>\n<p>Ai n\u00eb deklarat\u00ebn p\u00ebr shtyp tha q\u00eb \u201cp\u00ebr k\u00ebt\u00eb arsye, sezoni i ardhsh\u00ebm turistik \u00ebsht\u00eb shansi i fundit q\u00eb pushteti aktual lokal t\u00eb shp\u00ebtoi karrier\u00ebn e vet politike, por edhe m\u00eb e r\u00ebnd\u00ebsishme, t\u00eb shp\u00ebtoi fytyr\u00ebn e vet\u201d. \u201cSepse, nuk guxon m\u00eb t\u00eb ket\u00eb arsyetim. Qytetar\u00ebt fillimisht than\u00eb, do t\u00eb presim 100 dit\u00eb, pastaj jepjani 6 muaj, le ta ken\u00eb nj\u00eb vit, por tani \u00ebsht\u00eb mbushur kupa. \u00cbsht\u00eb e v\u00ebrtet q\u00eb pushteti aktual ka trash\u00ebguar shum\u00eb probleme, por \u00ebsht\u00eb m\u00eb se e v\u00ebrtet q\u00eb ka vazhduar praktik\u00ebn e vjet\u00ebr t\u00eb paraardh\u00ebsit t\u00eb mendoj vet\u00ebm p\u00ebr vete dhe votat. I burgosur n\u00eb autizmin politik dhe vet\u00ebdijen e pallank\u00ebs ku Komuna p\u00ebrjetohet si firm\u00eb private, e me t\u00eb cil\u00ebn krahas k\u00ebsaj udh\u00ebhiqet n\u00eb m\u00ebnyr\u00eb josht\u00ebpiake, nuk ka mundur t\u00eb prezantoi asnj\u00eb vler\u00eb t\u00eb re n\u00eb jet\u00ebn politike t\u00eb qytetit ton\u00eb. P\u00ebrkundrazi, p\u00ebr dallim nga pushteti i kaluar, ky nuk arriti t\u00eb funksionoi n\u00eb m\u00ebnyr\u00eb cil\u00ebsore as brenda koalicionit t\u00eb vet. Nuk ka projekte zhvillimore, p\u00ebrve\u00e7 disa t\u00eb qeveris\u00eb, e nuk ka as rroga p\u00ebr pun\u00ebtor. Por para zgjedhjeve kishte pun\u00ebsime politike nga t\u00eb gjitha an\u00ebt dhe do t\u00eb ket\u00eb edhe huamarrje shtes\u00eb. Dhe mbasi q\u00eb askush nuk guxon t\u00eb akuzoj qeverin\u00eb p\u00ebr asnj\u00eb problem, akuzojn\u00eb nj\u00ebri tjetrin, n\u00eb m\u00ebnyr\u00eb primitive, n\u00eb kafene, t\u00eb bashkangjitur me fushat\u00ebn p\u00ebshp\u00ebrit\u00ebse. Nuk ka p\u00ebrparim n\u00eb asnj\u00eb sfer\u00eb t\u00eb jet\u00ebs publike, e Ulqini mbetet qyteti me rrog\u00ebn mesatare m\u00eb t\u00eb vog\u00ebl n\u00eb shtet dhe e vetmja komun\u00eb e varf\u00ebr n\u00eb bregdet \u201d, pohon Abazoviq dhe shton q\u00eb \u201c\u00ebsht\u00eb thjesht e pakuptueshme q\u00eb disa, n\u00eb dukje probleme t\u00eb vogla komunale, nuk mund t\u00eb zgjidhen. P\u00ebr shembull: para xhamis\u00eb n\u00eb M\u00ebhall\u00eb t\u00eb re vazhdimisht plehrat lihen n\u00eb rrug\u00eb, por kjo nuk i pengon kryetarit, as deri para pak koh\u00ebve n\u00ebnkryetarit t\u00eb Komun\u00ebs, t\u00eb cil\u00ebt nj\u00eb vit e gjysm\u00eb kalojn\u00eb af\u00ebr tyre sepse jetojn\u00eb n\u00eb af\u00ebrsi, dhe nd\u00ebrkoh\u00eb nuk marrin masa p\u00ebr k\u00ebt\u00eb \u00e7\u00ebshtje\u201d.<\/p>\n<p>\u201cN\u00eb vend q\u00eb t\u00eb garojn\u00eb kush do t\u00eb jet\u00eb m\u00eb af\u00ebr PDS-\u00ebs i cili, si\u00e7 duket, qeveris\u00eb edhe pse \u00ebsht\u00eb n\u00eb opozit\u00eb, do t\u00eb ishte m\u00eb mir\u00eb t\u00eb mendojn\u00eb si do t\u00eb organizohen sh\u00ebrbimet e inspekcionit komunal k\u00ebt\u00eb ver\u00eb, q\u00eb mos t\u00eb na ndodh ajo \u00e7ka ndodhi sezonin e kaluar: t\u00eb kemi anarki dhe kolaps n\u00eb qend\u00ebr t\u00eb qytetit. P\u00ebr disa gj\u00ebra tani \u00ebsht\u00eb von\u00eb, por megjithat\u00eb, shum\u00eb\u00e7ka mund t\u00eb b\u00ebhet dhe t\u00eb p\u00ebrmir\u00ebsohet. P\u00ebr k\u00ebt\u00eb arsye sezoni q\u00eb vjen \u00ebsht\u00eb shansi i fundit p\u00ebr pushtetin lokal t\u00eb tregoj sa di dhe sa mundet! N\u00eb t\u00eb kund\u00ebrt, zgjedhjet n\u00eb vjesht\u00eb jan\u00eb gjithnj\u00eb e m\u00eb t\u00eb mundsh\u00ebm. Dhe mos t\u00eb harroj: kryetari duhet ta dor\u00ebzoj raportin e pun\u00ebs me t\u00eb cilin \u00ebsht\u00eb n\u00eb vones\u00eb t\u00eb madhe. Nuk e di \u00e7ka do t\u00eb shkruaj n\u00eb t\u00eb, por nga goja dhe syt\u00eb e \u00e7do qytetari t\u00eb Ulqinit lexohet leht\u00eb \u00e7ka mendon p\u00ebr k\u00ebt\u00eb m\u00ebnyr\u00eb t\u00eb udh\u00ebheqjes me qytetin, sidomos n\u00ebse i kan\u00eb parasysh premtimet e dh\u00ebna\u201d, p\u00ebrfundoj Abazoviq.<\/p>\n","protected":false},"excerpt":{"rendered":"<p>Shans i fundit p\u00ebr pushtetin e Ulqinit \u201cQytetar\u00ebt e Ulqinit thjesht nuk kan\u00eb fat me pushtetet lokale. Mbasi q\u00eb \u00ebsht\u00eb investuar energji e madhe p\u00ebr t\u00eb arritur ndryshimet e shum\u00ebpritura politike, \u00ebsht\u00eb e qart\u00eb q\u00eb pushteti i ri ka zhg\u00ebnjyer n\u00eb shum\u00eb\u00e7ka, por akoma m\u00eb keq, n\u00eb mas\u00eb t\u00eb madhe kujton n\u00eb t\u00eb kaluarin. Premtimet [&hellip;]<\/p>\n","protected":false},"author":1,"featured_media":0,"comment_status":"open","ping_status":"closed","sticky":false,"template":"","format":"standard","meta":{"spay_email":"","jetpack_publicize_message":"","jetpack_is_tweetstorm":false,"jetpack_publicize_feature_enabled":true},"categories":[1,6],"tags":[],"jetpack_publicize_connections":[],"yoast_head":"<!-- This site is optimized with the Yoast SEO plugin v19.1 - https:\/\/yoast.com\/wordpress\/plugins\/seo\/ -->\n<title>Ulqini shansi i fundit p\u00ebr pushtet - Lajme nga Ulqini<\/title>\n<meta name=\"description\" content=\"Shans i fundit p\u00ebr pushtetin e Ulqinit \u201cQytetar\u00ebt e Ulqinit thjesht nuk kan\u00eb fat me pushtetet lokale. Mbasi q\u00eb \u00ebsht\u00eb investuar energji e madhe p\u00ebr t\u00eb\" \/>\n<meta name=\"robots\" content=\"index, follow, max-snippet:-1, max-image-preview:large, max-video-preview:-1\" \/>\n<link rel=\"canonical\" href=\"https:\/\/www.visit-ulcinj.com\/blog\/2013\/06\/03\/shans-i-fundit-per-pushtetin-e-ulqinit\/\" \/>\n<meta property=\"og:locale\" content=\"en_US\" \/>\n<meta property=\"og:type\" content=\"article\" \/>\n<meta property=\"og:title\" content=\"Ulqini shansi i fundit p\u00ebr pushtet - Lajme nga Ulqini\" \/>\n<meta property=\"og:description\" content=\"Shans i fundit p\u00ebr pushtetin e Ulqinit \u201cQytetar\u00ebt e Ulqinit thjesht nuk kan\u00eb fat me pushtetet lokale. Mbasi q\u00eb \u00ebsht\u00eb investuar energji e madhe p\u00ebr t\u00eb\" \/>\n<meta property=\"og:url\" content=\"https:\/\/www.visit-ulcinj.com\/blog\/2013\/06\/03\/shans-i-fundit-per-pushtetin-e-ulqinit\/\" \/>\n<meta property=\"og:site_name\" content=\"Lajme nga Ulqini\" \/>\n<meta property=\"article:published_time\" content=\"2013-06-03T10:11:39+00:00\" \/>\n<meta property=\"article:modified_time\" content=\"2013-06-04T13:54:19+00:00\" \/>\n<meta property=\"og:image\" content=\"http:\/\/www.visit-ulcinj.com\/blog\/wp-content\/uploads\/2013\/06\/shansi-i-fundit-i-komunes-se-ulqinit.jpg\" \/>\n<meta name=\"twitter:label1\" content=\"Written by\" \/>\n\t<meta name=\"twitter:data1\" content=\"ulqini\" \/>\n\t<meta name=\"twitter:label2\" content=\"Est. reading time\" \/>\n\t<meta name=\"twitter:data2\" content=\"3 minutes\" \/>\n<script type=\"application\/ld+json\" class=\"yoast-schema-graph\">{\"@context\":\"https:\/\/schema.org\",\"@graph\":[{\"@type\":\"WebSite\",\"@id\":\"https:\/\/www.visit-ulcinj.com\/blog\/#website\",\"url\":\"https:\/\/www.visit-ulcinj.com\/blog\/\",\"name\":\"Lajme nga Ulqini\",\"description\":\"Lajme,Vijesti,Ulqini,Ulqin,Crna Gora,Mali i Zi\",\"potentialAction\":[{\"@type\":\"SearchAction\",\"target\":{\"@type\":\"EntryPoint\",\"urlTemplate\":\"https:\/\/www.visit-ulcinj.com\/blog\/?s={search_term_string}\"},\"query-input\":\"required name=search_term_string\"}],\"inLanguage\":\"en-US\"},{\"@type\":\"ImageObject\",\"inLanguage\":\"en-US\",\"@id\":\"https:\/\/www.visit-ulcinj.com\/blog\/2013\/06\/03\/shans-i-fundit-per-pushtetin-e-ulqinit\/#primaryimage\",\"url\":\"https:\/\/www.visit-ulcinj.com\/blog\/wp-content\/uploads\/2013\/06\/shansi-i-fundit-i-komunes-se-ulqinit.jpg\",\"contentUrl\":\"https:\/\/www.visit-ulcinj.com\/blog\/wp-content\/uploads\/2013\/06\/shansi-i-fundit-i-komunes-se-ulqinit.jpg\",\"width\":803,\"height\":545},{\"@type\":\"WebPage\",\"@id\":\"https:\/\/www.visit-ulcinj.com\/blog\/2013\/06\/03\/shans-i-fundit-per-pushtetin-e-ulqinit\/#webpage\",\"url\":\"https:\/\/www.visit-ulcinj.com\/blog\/2013\/06\/03\/shans-i-fundit-per-pushtetin-e-ulqinit\/\",\"name\":\"Ulqini shansi i fundit p\u00ebr pushtet - Lajme nga Ulqini\",\"isPartOf\":{\"@id\":\"https:\/\/www.visit-ulcinj.com\/blog\/#website\"},\"primaryImageOfPage\":{\"@id\":\"https:\/\/www.visit-ulcinj.com\/blog\/2013\/06\/03\/shans-i-fundit-per-pushtetin-e-ulqinit\/#primaryimage\"},\"datePublished\":\"2013-06-03T10:11:39+00:00\",\"dateModified\":\"2013-06-04T13:54:19+00:00\",\"author\":{\"@id\":\"https:\/\/www.visit-ulcinj.com\/blog\/#\/schema\/person\/dcab619c614d3038751c63bc2aadc06d\"},\"description\":\"Shans i fundit p\u00ebr pushtetin e Ulqinit \u201cQytetar\u00ebt e Ulqinit thjesht nuk kan\u00eb fat me pushtetet lokale. Mbasi q\u00eb \u00ebsht\u00eb investuar energji e madhe p\u00ebr t\u00eb\",\"breadcrumb\":{\"@id\":\"https:\/\/www.visit-ulcinj.com\/blog\/2013\/06\/03\/shans-i-fundit-per-pushtetin-e-ulqinit\/#breadcrumb\"},\"inLanguage\":\"en-US\",\"potentialAction\":[{\"@type\":\"ReadAction\",\"target\":[\"https:\/\/www.visit-ulcinj.com\/blog\/2013\/06\/03\/shans-i-fundit-per-pushtetin-e-ulqinit\/\"]}]},{\"@type\":\"BreadcrumbList\",\"@id\":\"https:\/\/www.visit-ulcinj.com\/blog\/2013\/06\/03\/shans-i-fundit-per-pushtetin-e-ulqinit\/#breadcrumb\",\"itemListElement\":[{\"@type\":\"ListItem\",\"position\":1,\"name\":\"Ulqini shansi i fundit p\u00ebr pushtet\"}]},{\"@type\":\"Person\",\"@id\":\"https:\/\/www.visit-ulcinj.com\/blog\/#\/schema\/person\/dcab619c614d3038751c63bc2aadc06d\",\"name\":\"ulqini\",\"sameAs\":[\"http:\/\/www.visit-ulcinj.com\"],\"url\":\"https:\/\/www.visit-ulcinj.com\/blog\/author\/admin\/\"}]}<\/script>\n<!-- \/ Yoast SEO plugin. -->","yoast_head_json":{"title":"Ulqini shansi i fundit p\u00ebr pushtet - Lajme nga Ulqini","description":"Shans i fundit p\u00ebr pushtetin e Ulqinit \u201cQytetar\u00ebt e Ulqinit thjesht nuk kan\u00eb fat me pushtetet lokale. Mbasi q\u00eb \u00ebsht\u00eb investuar energji e madhe p\u00ebr t\u00eb","robots":{"index":"index","follow":"follow","max-snippet":"max-snippet:-1","max-image-preview":"max-image-preview:large","max-video-preview":"max-video-preview:-1"},"canonical":"https:\/\/www.visit-ulcinj.com\/blog\/2013\/06\/03\/shans-i-fundit-per-pushtetin-e-ulqinit\/","og_locale":"en_US","og_type":"article","og_title":"Ulqini shansi i fundit p\u00ebr pushtet - Lajme nga Ulqini","og_description":"Shans i fundit p\u00ebr pushtetin e Ulqinit \u201cQytetar\u00ebt e Ulqinit thjesht nuk kan\u00eb fat me pushtetet lokale. Mbasi q\u00eb \u00ebsht\u00eb investuar energji e madhe p\u00ebr t\u00eb","og_url":"https:\/\/www.visit-ulcinj.com\/blog\/2013\/06\/03\/shans-i-fundit-per-pushtetin-e-ulqinit\/","og_site_name":"Lajme nga Ulqini","article_published_time":"2013-06-03T10:11:39+00:00","article_modified_time":"2013-06-04T13:54:19+00:00","og_image":[{"url":"http:\/\/www.visit-ulcinj.com\/blog\/wp-content\/uploads\/2013\/06\/shansi-i-fundit-i-komunes-se-ulqinit.jpg"}],"twitter_misc":{"Written by":"ulqini","Est. reading time":"3 minutes"},"schema":{"@context":"https:\/\/schema.org","@graph":[{"@type":"WebSite","@id":"https:\/\/www.visit-ulcinj.com\/blog\/#website","url":"https:\/\/www.visit-ulcinj.com\/blog\/","name":"Lajme nga Ulqini","description":"Lajme,Vijesti,Ulqini,Ulqin,Crna Gora,Mali i Zi","potentialAction":[{"@type":"SearchAction","target":{"@type":"EntryPoint","urlTemplate":"https:\/\/www.visit-ulcinj.com\/blog\/?s={search_term_string}"},"query-input":"required name=search_term_string"}],"inLanguage":"en-US"},{"@type":"ImageObject","inLanguage":"en-US","@id":"https:\/\/www.visit-ulcinj.com\/blog\/2013\/06\/03\/shans-i-fundit-per-pushtetin-e-ulqinit\/#primaryimage","url":"https:\/\/www.visit-ulcinj.com\/blog\/wp-content\/uploads\/2013\/06\/shansi-i-fundit-i-komunes-se-ulqinit.jpg","contentUrl":"https:\/\/www.visit-ulcinj.com\/blog\/wp-content\/uploads\/2013\/06\/shansi-i-fundit-i-komunes-se-ulqinit.jpg","width":803,"height":545},{"@type":"WebPage","@id":"https:\/\/www.visit-ulcinj.com\/blog\/2013\/06\/03\/shans-i-fundit-per-pushtetin-e-ulqinit\/#webpage","url":"https:\/\/www.visit-ulcinj.com\/blog\/2013\/06\/03\/shans-i-fundit-per-pushtetin-e-ulqinit\/","name":"Ulqini shansi i fundit p\u00ebr pushtet - Lajme nga Ulqini","isPartOf":{"@id":"https:\/\/www.visit-ulcinj.com\/blog\/#website"},"primaryImageOfPage":{"@id":"https:\/\/www.visit-ulcinj.com\/blog\/2013\/06\/03\/shans-i-fundit-per-pushtetin-e-ulqinit\/#primaryimage"},"datePublished":"2013-06-03T10:11:39+00:00","dateModified":"2013-06-04T13:54:19+00:00","author":{"@id":"https:\/\/www.visit-ulcinj.com\/blog\/#\/schema\/person\/dcab619c614d3038751c63bc2aadc06d"},"description":"Shans i fundit p\u00ebr pushtetin e Ulqinit \u201cQytetar\u00ebt e Ulqinit thjesht nuk kan\u00eb fat me pushtetet lokale. Mbasi q\u00eb \u00ebsht\u00eb investuar energji e madhe p\u00ebr t\u00eb","breadcrumb":{"@id":"https:\/\/www.visit-ulcinj.com\/blog\/2013\/06\/03\/shans-i-fundit-per-pushtetin-e-ulqinit\/#breadcrumb"},"inLanguage":"en-US","potentialAction":[{"@type":"ReadAction","target":["https:\/\/www.visit-ulcinj.com\/blog\/2013\/06\/03\/shans-i-fundit-per-pushtetin-e-ulqinit\/"]}]},{"@type":"BreadcrumbList","@id":"https:\/\/www.visit-ulcinj.com\/blog\/2013\/06\/03\/shans-i-fundit-per-pushtetin-e-ulqinit\/#breadcrumb","itemListElement":[{"@type":"ListItem","position":1,"name":"Ulqini shansi i fundit p\u00ebr pushtet"}]},{"@type":"Person","@id":"https:\/\/www.visit-ulcinj.com\/blog\/#\/schema\/person\/dcab619c614d3038751c63bc2aadc06d","name":"ulqini","sameAs":["http:\/\/www.visit-ulcinj.com"],"url":"https:\/\/www.visit-ulcinj.com\/blog\/author\/admin\/"}]}},"jetpack_featured_media_url":"","jetpack_sharing_enabled":true,"jetpack_shortlink":"https:\/\/wp.me\/pe6lTn-iJm","_links":{"self":[{"href":"https:\/\/www.visit-ulcinj.com\/blog\/wp-json\/wp\/v2\/posts\/72004"}],"collection":[{"href":"https:\/\/www.visit-ulcinj.com\/blog\/wp-json\/wp\/v2\/posts"}],"about":[{"href":"https:\/\/www.visit-ulcinj.com\/blog\/wp-json\/wp\/v2\/types\/post"}],"author":[{"embeddable":true,"href":"https:\/\/www.visit-ulcinj.com\/blog\/wp-json\/wp\/v2\/users\/1"}],"replies":[{"embeddable":true,"href":"https:\/\/www.visit-ulcinj.com\/blog\/wp-json\/wp\/v2\/comments?post=72004"}],"version-history":[{"count":9,"href":"https:\/\/www.visit-ulcinj.com\/blog\/wp-json\/wp\/v2\/posts\/72004\/revisions"}],"predecessor-version":[{"id":72065,"href":"https:\/\/www.visit-ulcinj.com\/blog\/wp-json\/wp\/v2\/posts\/72004\/revisions\/72065"}],"wp:attachment":[{"href":"https:\/\/www.visit-ulcinj.com\/blog\/wp-json\/wp\/v2\/media?parent=72004"}],"wp:term":[{"taxonomy":"category","embeddable":true,"href":"https:\/\/www.visit-ulcinj.com\/blog\/wp-json\/wp\/v2\/categories?post=72004"},{"taxonomy":"post_tag","embeddable":true,"href":"https:\/\/www.visit-ulcinj.com\/blog\/wp-json\/wp\/v2\/tags?post=72004"}],"curies":[{"name":"wp","href":"https:\/\/api.w.org\/{rel}","templated":true}]}}