{"id":72024,"date":"2013-06-03T17:15:03","date_gmt":"2013-06-03T16:15:03","guid":{"rendered":"http:\/\/www.visit-ulcinj.com\/blog\/?p=72024"},"modified":"2013-06-03T17:15:25","modified_gmt":"2013-06-03T16:15:25","slug":"hapet-forumi-i-miqesise-kosove-mali-i-zi","status":"publish","type":"post","link":"https:\/\/www.visit-ulcinj.com\/blog\/2013\/06\/03\/hapet-forumi-i-miqesise-kosove-mali-i-zi\/","title":{"rendered":"Hapet Forumi i Miq\u00ebsis\u00eb Kosov\u00eb &#8211; Mali i Zi"},"content":{"rendered":"<p><a href=\"http:\/\/www.visit-ulcinj.com\/blog\/wp-content\/uploads\/2013\/06\/Hapet-Forumi-i-Miq\u00ebsis\u00eb-Kosov\u00eb-Mali-i-Zi.jpg\"><img loading=\"lazy\" class=\"alignleft  wp-image-72025\" alt=\"Hapet Forumi i Miq\u00ebsis\u00eb Kosov\u00eb - Mali i Zi\" src=\"http:\/\/www.visit-ulcinj.com\/blog\/wp-content\/uploads\/2013\/06\/Hapet-Forumi-i-Miq\u00ebsis\u00eb-Kosov\u00eb-Mali-i-Zi.jpg\" width=\"508\" height=\"367\" \/><\/a>Prishtin\u00eb, 3 qershor &#8211; Republika e Kosov\u00ebs dhe Republika e Malit t\u00eb Zi jan\u00eb dy shtete q\u00eb kan\u00eb shum\u00eb gj\u00ebra t\u00eb p\u00ebrbashk\u00ebta dhe mund\u00ebsi t\u00eb m\u00ebdha p\u00ebr t\u00eb shtuar bashk\u00ebpunimin n\u00eb fush\u00ebn e kultur\u00ebs, por edhe segmente t\u00eb tjera. K\u00ebshtu tha ministri i Kultur\u00ebs, Rinis\u00eb dhe Sportit, Memli Krasniqi pas takimit q\u00eb pati sot me homologun e tij malazez, Branislav Mi\u00e7unoviq. Ky takim ka sh\u00ebnuar edhe hapjen e Forumit t\u00eb Miq\u00ebsis\u00eb Kosov\u00eb \u2013 Mali i Zi, \u2018Radovan Zogovi\u0107\u2019 i cili po mbahet sot dhe nes\u00ebr n\u00eb Prishtin\u00eb.<\/p>\n<p>Ministri Krasniqi ka njoftuar zotin Mi\u00e7unoviq me t\u00eb arriturat dhe sfidat q\u00eb ka Kosova n\u00eb fush\u00ebn e kultur\u00ebs. Ai ka njoftuar se Kosova ka krijuar nj\u00eb fond t\u00eb pasur t\u00eb aktiviteteve kulturore qoft\u00eb n\u00eb teat\u00ebr, kinematografi, muzik\u00eb dhe arte t\u00eb tjera, si dhe n\u00eb dy vjetet e fundit ka prezantuar sken\u00ebn e vet kulturore n\u00eb skenat m\u00eb t\u00eb r\u00ebnd\u00ebsishme t\u00eb kultur\u00ebs n\u00eb bot\u00eb, qoft\u00eb festivale t\u00eb filmit, muzik\u00ebs, arkitektur\u00ebs, artit bashk\u00ebkohor, etj.<\/p>\n<p>Ministri po ashtu p\u00ebrmendi se Kosova ka lidhur marr\u00ebveshje bashk\u00ebpunimi me shtete t\u00eb ndryshme, dhe n\u00eb k\u00ebt\u00eb kontekst, ai n\u00eb konferenc\u00ebn p\u00ebr shtyp pas takimit, p\u00ebrmendi se Kosova dhe Mali i Zi tashm\u00eb jan\u00eb pajtuar p\u00ebr pikat e marr\u00ebveshjes dhe se ajo do t\u00eb n\u00ebnshkruhet n\u00eb jav\u00ebt e ardhshme. P\u00ebr k\u00ebt\u00eb, tha ai, do t\u00eb punohet edhe n\u00eb planifikimin e hapave konkret\u00eb q\u00eb do t\u00eb nd\u00ebrmarrin t\u00eb dy vendet pas n\u00ebnshkrimit t\u00eb marr\u00ebveshjes. Ai e vler\u00ebsoi k\u00ebt\u00eb si nj\u00eb hap t\u00eb r\u00ebnd\u00ebsish\u00ebm p\u00ebr t\u00eb dy vendet, dhe p\u00ebr forcimin e lidhjeve mes vet artist\u00ebve nga t\u00eb dy vendet.<\/p>\n<p>Ministri Mi\u00e7unoviq ka vler\u00ebsuar t\u00eb arriturat q\u00eb jan\u00eb b\u00ebr\u00eb n\u00eb Kosov\u00eb n\u00eb fush\u00ebn e kultur\u00ebs dhe ka fal\u00ebnderuar institucionet p\u00ebr mb\u00ebshtetjen q\u00eb i kan\u00eb dh\u00ebn\u00eb komuniteti malazez n\u00eb Kosov\u00eb. Ai tha se Forumi i miq\u00ebsis\u00eb Kosov\u00eb \u2013 Mal i Zi \u00ebsht\u00eb nj\u00eb nga nismat m\u00eb t\u00eb mira p\u00ebr t\u00eb shtuar bashk\u00ebpunimin dhe vler\u00ebsoi se ky forum n\u00eb t\u00eb ardhmen \u00ebsht\u00eb i nevojshme q\u00eb t\u00eb b\u00ebhet regjional. Mi\u00e7unoviq foli p\u00ebr miq\u00ebsit\u00eb q\u00eb ai ka pasur me artist\u00eb k\u00ebtu n\u00eb Kosov\u00eb, e n\u00eb k\u00ebt\u00eb rrafsh p\u00ebrmendi Bekim Fehmiun dhe Faruk Begollin. Ai e ka vler\u00ebsuar si shum\u00eb t\u00eb lart\u00eb iniciativ\u00ebn e MKRS-s\u00eb q\u00eb \u00c7mimet p\u00ebr Kinematografi, ai p\u00ebr Vep\u00ebr Jet\u00ebsore t\u00eb mbaj\u00eb emrin e Bekim Fehmiut, dhe u shpreh mjaft\u00eb i lumtur q\u00eb ky \u00e7mim i \u00ebsht\u00eb ndar\u00eb Faruk Begollit. \u201cKultura nuk njeh kurrfar\u00eb kufij, andaj duke u nisur nga ky fakt, dy ministrit\u00eb tona nuk kemi pasur kurrfar\u00eb pengese n\u00eb bashk\u00ebpunimin ton\u00eb nd\u00ebrshtet\u00ebror e nd\u00ebrfqinj\u00ebsor\u201d, tha ministri malazez.<\/p>\n<p>Pas takimit, t\u00eb dy ministrat kan\u00eb hapur Forumin e Miq\u00ebsis\u00eb Kosov\u00eb \u2013 Mal i Zi \u2018Radovan Zogoviq\u201d n\u00eb t\u00eb cilin kan\u00eb marr\u00eb pjes\u00eb shum\u00eb shkrimtar\u00eb e njer\u00ebz t\u00eb artit n\u00eb p\u00ebrgjith\u00ebsi. Ministri Krasniqi tha se personaliteti i shkrimtarit malazez Zogoviq, q\u00eb ka jetuar he vdekur n\u00eb Kosov\u00eb, \u00ebsht\u00eb nj\u00eb model p\u00ebr frym\u00ebn e dashuris\u00eb dhe respektit p\u00ebr njeriun.<\/p>\n<p>\u201cShkrimtari malazez Radovan Zogoviq, i cili duke iu kund\u00ebrv\u00ebn\u00eb projektit hegjemonist serb t\u00eb kolonizimit t\u00eb tok\u00ebs s\u00eb Kosov\u00ebs, na e la nj\u00eb testament t\u00eb miq\u00ebsis\u00eb e t\u00eb humanizmit t\u00eb kulluar. Poema e tij \u201cArdh\u00ebsit &#8211; k\u00ebng\u00ebt e Ali Binakut\u201d mund t\u00eb shkruhej vet\u00ebm nga nj\u00eb poet q\u00eb kishte n\u00eb zem\u00ebr dashuri t\u00eb madhe p\u00ebr njeriun, q\u00eb kishte ndjenj\u00ebn e drejt\u00ebsis\u00eb e t\u00eb barazis\u00eb s\u00eb popujve dhe q\u00eb kishte guximin ta shprehte idealin dhe vizionin e vet, n\u00eb nj\u00eb ambient ku fjala e lir\u00eb ishte e ndaluar. Edhe pse ambienti kulturor e politik n\u00eb at\u00eb koh\u00eb ishte i err\u00ebt, fjala e tij poetike n\u00eb mbrojtje t\u00eb drejt\u00ebsis\u00eb, jehoi gjat\u00eb dhe nuk u mposht as nga censura dhe as nga propaganda. Vargjet e tij edhe sot lexohen e p\u00ebrjetohen me emocion nga lexuesit q\u00eb duan edhe vlera artistike e edhe mesazhe humane n\u00eb nj\u00eb vep\u00ebr letrare\u201d, ka th\u00ebn\u00eb Ministri Krasniqi.<\/p>\n<p>Ky forum tha ai, po ndodh n\u00eb koh\u00ebn kur t\u00eb dy vendet tona po nd\u00ebrtojn\u00eb raporte shum\u00eb t\u00eb sh\u00ebndosha.\u00a0 N\u00eb t\u00eb nj\u00ebjt\u00ebn koh\u00eb, tha Ministri Krasniqi, ky bashk\u00ebpunim i shtuar mes dy vendeve \u00ebsht\u00eb edhe argument i orientimit ton\u00eb p\u00ebr integrime rajonale e evropiane, t\u00eb cilat do t\u00eb na hapin horizonte t\u00eb reja p\u00ebr kulturat tona e p\u00ebr popujt tan\u00eb.<\/p>\n<p>Nd\u00ebrkaq, homologu nga Mali i Zi, Ministri i Kultur\u00ebs, Branislav Mi\u0107unovi\u0107 vler\u00ebsoi se ky forumi i miq\u00ebsis\u00eb mes dy popujve fqinj \u00ebsht\u00eb p\u00ebrkrahur nga qeveria e Malit t\u00eb Zi dhe vler\u00ebsoi se pa dyshim Forumi Radovan Zogovi\u0107 \u00ebsht\u00eb nj\u00eb mesazh i fuqish\u00ebm p\u00ebr miq\u00ebsi dhe bashk\u00ebpunim fqinj\u00ebsor t\u00eb nd\u00ebrsjell\u00eb.<\/p>\n<p>Gjithashtu, t\u00eb dy ministrat mor\u00ebn pjes\u00eb n\u00eb panelin e par\u00eb t\u00eb k\u00ebtij forumi i cili trajtonte krijimtarin\u00eb e shkrimtarit Zogoviq, universalitetin e pun\u00ebs s\u00eb tij si simbol i miq\u00ebsis\u00eb s\u00eb dy popujve si dhe mir\u00ebkuptimin dhe bashk\u00ebjetes\u00ebn mes shqiptar\u00ebve dhe malazez\u00ebve.<\/p>\n<p>Adem Dema\u00e7i i cili ishte nj\u00eb nga panelist\u00ebt e k\u00ebtij forumi vler\u00ebsoi lart\u00eb k\u00ebt\u00eb organizim q\u00eb ka b\u00ebr\u00eb MKRS-ja dhe tha se raportet mes dy popujve duhet t\u00eb vazhdojn\u00eb t\u00eb forcohen edhe m\u00eb shum\u00eb n\u00eb t\u00eb ardhmen. \u201cPara se gjithash, jemi njer\u00ebz, e pastaj shqiptar\u00eb apo malazez\u00eb dhe k\u00ebsisoj duhet t\u00eb kemi parasysh k\u00ebt\u00eb raport njer\u00ebzor p\u00ebr nj\u00eb fqinj\u00ebsi t\u00eb mir\u00ebfillt\u00eb\u201d, tha shkrimtari e publicisti Dema\u00e7i.<\/p>\n<p>Koha Net<\/p>\n","protected":false},"excerpt":{"rendered":"<p>Prishtin\u00eb, 3 qershor &#8211; Republika e Kosov\u00ebs dhe Republika e Malit t\u00eb Zi jan\u00eb dy shtete q\u00eb kan\u00eb shum\u00eb gj\u00ebra t\u00eb p\u00ebrbashk\u00ebta dhe mund\u00ebsi t\u00eb m\u00ebdha p\u00ebr t\u00eb shtuar bashk\u00ebpunimin n\u00eb fush\u00ebn e kultur\u00ebs, por edhe segmente t\u00eb tjera. K\u00ebshtu tha ministri i Kultur\u00ebs, Rinis\u00eb dhe Sportit, Memli Krasniqi pas takimit q\u00eb pati sot me [&hellip;]<\/p>\n","protected":false},"author":1,"featured_media":0,"comment_status":"open","ping_status":"closed","sticky":false,"template":"","format":"standard","meta":{"spay_email":"","jetpack_publicize_message":"","jetpack_is_tweetstorm":false,"jetpack_publicize_feature_enabled":true},"categories":[14],"tags":[],"jetpack_publicize_connections":[],"yoast_head":"<!-- This site is optimized with the Yoast SEO plugin v19.1 - https:\/\/yoast.com\/wordpress\/plugins\/seo\/ -->\n<title>Hapet Forumi i Miq\u00ebsis\u00eb Kosov\u00eb - Mali i Zi - Lajme nga Ulqini<\/title>\n<meta name=\"description\" content=\"Prishtin\u00eb, 3 qershor - Republika e Kosov\u00ebs dhe Republika e Malit t\u00eb Zi jan\u00eb dy shtete q\u00eb kan\u00eb shum\u00eb gj\u00ebra t\u00eb p\u00ebrbashk\u00ebta dhe mund\u00ebsi t\u00eb m\u00ebdha p\u00ebr t\u00eb\" \/>\n<meta name=\"robots\" content=\"index, follow, max-snippet:-1, max-image-preview:large, max-video-preview:-1\" \/>\n<link rel=\"canonical\" href=\"https:\/\/www.visit-ulcinj.com\/blog\/2013\/06\/03\/hapet-forumi-i-miqesise-kosove-mali-i-zi\/\" \/>\n<meta property=\"og:locale\" content=\"en_US\" \/>\n<meta property=\"og:type\" content=\"article\" \/>\n<meta property=\"og:title\" content=\"Hapet Forumi i Miq\u00ebsis\u00eb Kosov\u00eb - Mali i Zi - Lajme nga Ulqini\" \/>\n<meta property=\"og:description\" content=\"Prishtin\u00eb, 3 qershor - Republika e Kosov\u00ebs dhe Republika e Malit t\u00eb Zi jan\u00eb dy shtete q\u00eb kan\u00eb shum\u00eb gj\u00ebra t\u00eb p\u00ebrbashk\u00ebta dhe mund\u00ebsi t\u00eb m\u00ebdha p\u00ebr t\u00eb\" \/>\n<meta property=\"og:url\" content=\"https:\/\/www.visit-ulcinj.com\/blog\/2013\/06\/03\/hapet-forumi-i-miqesise-kosove-mali-i-zi\/\" \/>\n<meta property=\"og:site_name\" content=\"Lajme nga Ulqini\" \/>\n<meta property=\"article:published_time\" content=\"2013-06-03T16:15:03+00:00\" \/>\n<meta property=\"article:modified_time\" content=\"2013-06-03T16:15:25+00:00\" \/>\n<meta name=\"twitter:label1\" content=\"Written by\" \/>\n\t<meta name=\"twitter:data1\" content=\"ulqini\" \/>\n\t<meta name=\"twitter:label2\" content=\"Est. reading time\" \/>\n\t<meta name=\"twitter:data2\" content=\"5 minutes\" \/>\n<script type=\"application\/ld+json\" class=\"yoast-schema-graph\">{\"@context\":\"https:\/\/schema.org\",\"@graph\":[{\"@type\":\"WebSite\",\"@id\":\"https:\/\/www.visit-ulcinj.com\/blog\/#website\",\"url\":\"https:\/\/www.visit-ulcinj.com\/blog\/\",\"name\":\"Lajme nga Ulqini\",\"description\":\"Lajme,Vijesti,Ulqini,Ulqin,Crna Gora,Mali i Zi\",\"potentialAction\":[{\"@type\":\"SearchAction\",\"target\":{\"@type\":\"EntryPoint\",\"urlTemplate\":\"https:\/\/www.visit-ulcinj.com\/blog\/?s={search_term_string}\"},\"query-input\":\"required name=search_term_string\"}],\"inLanguage\":\"en-US\"},{\"@type\":\"WebPage\",\"@id\":\"https:\/\/www.visit-ulcinj.com\/blog\/2013\/06\/03\/hapet-forumi-i-miqesise-kosove-mali-i-zi\/#webpage\",\"url\":\"https:\/\/www.visit-ulcinj.com\/blog\/2013\/06\/03\/hapet-forumi-i-miqesise-kosove-mali-i-zi\/\",\"name\":\"Hapet Forumi i Miq\u00ebsis\u00eb Kosov\u00eb - Mali i Zi - Lajme nga Ulqini\",\"isPartOf\":{\"@id\":\"https:\/\/www.visit-ulcinj.com\/blog\/#website\"},\"datePublished\":\"2013-06-03T16:15:03+00:00\",\"dateModified\":\"2013-06-03T16:15:25+00:00\",\"author\":{\"@id\":\"https:\/\/www.visit-ulcinj.com\/blog\/#\/schema\/person\/dcab619c614d3038751c63bc2aadc06d\"},\"description\":\"Prishtin\u00eb, 3 qershor - Republika e Kosov\u00ebs dhe Republika e Malit t\u00eb Zi jan\u00eb dy shtete q\u00eb kan\u00eb shum\u00eb gj\u00ebra t\u00eb p\u00ebrbashk\u00ebta dhe mund\u00ebsi t\u00eb m\u00ebdha p\u00ebr t\u00eb\",\"breadcrumb\":{\"@id\":\"https:\/\/www.visit-ulcinj.com\/blog\/2013\/06\/03\/hapet-forumi-i-miqesise-kosove-mali-i-zi\/#breadcrumb\"},\"inLanguage\":\"en-US\",\"potentialAction\":[{\"@type\":\"ReadAction\",\"target\":[\"https:\/\/www.visit-ulcinj.com\/blog\/2013\/06\/03\/hapet-forumi-i-miqesise-kosove-mali-i-zi\/\"]}]},{\"@type\":\"BreadcrumbList\",\"@id\":\"https:\/\/www.visit-ulcinj.com\/blog\/2013\/06\/03\/hapet-forumi-i-miqesise-kosove-mali-i-zi\/#breadcrumb\",\"itemListElement\":[{\"@type\":\"ListItem\",\"position\":1,\"name\":\"Hapet Forumi i Miq\u00ebsis\u00eb Kosov\u00eb &#8211; Mali i Zi\"}]},{\"@type\":\"Person\",\"@id\":\"https:\/\/www.visit-ulcinj.com\/blog\/#\/schema\/person\/dcab619c614d3038751c63bc2aadc06d\",\"name\":\"ulqini\",\"sameAs\":[\"http:\/\/www.visit-ulcinj.com\"],\"url\":\"https:\/\/www.visit-ulcinj.com\/blog\/author\/admin\/\"}]}<\/script>\n<!-- \/ Yoast SEO plugin. -->","yoast_head_json":{"title":"Hapet Forumi i Miq\u00ebsis\u00eb Kosov\u00eb - Mali i Zi - Lajme nga Ulqini","description":"Prishtin\u00eb, 3 qershor - Republika e Kosov\u00ebs dhe Republika e Malit t\u00eb Zi jan\u00eb dy shtete q\u00eb kan\u00eb shum\u00eb gj\u00ebra t\u00eb p\u00ebrbashk\u00ebta dhe mund\u00ebsi t\u00eb m\u00ebdha p\u00ebr t\u00eb","robots":{"index":"index","follow":"follow","max-snippet":"max-snippet:-1","max-image-preview":"max-image-preview:large","max-video-preview":"max-video-preview:-1"},"canonical":"https:\/\/www.visit-ulcinj.com\/blog\/2013\/06\/03\/hapet-forumi-i-miqesise-kosove-mali-i-zi\/","og_locale":"en_US","og_type":"article","og_title":"Hapet Forumi i Miq\u00ebsis\u00eb Kosov\u00eb - Mali i Zi - Lajme nga Ulqini","og_description":"Prishtin\u00eb, 3 qershor - Republika e Kosov\u00ebs dhe Republika e Malit t\u00eb Zi jan\u00eb dy shtete q\u00eb kan\u00eb shum\u00eb gj\u00ebra t\u00eb p\u00ebrbashk\u00ebta dhe mund\u00ebsi t\u00eb m\u00ebdha p\u00ebr t\u00eb","og_url":"https:\/\/www.visit-ulcinj.com\/blog\/2013\/06\/03\/hapet-forumi-i-miqesise-kosove-mali-i-zi\/","og_site_name":"Lajme nga Ulqini","article_published_time":"2013-06-03T16:15:03+00:00","article_modified_time":"2013-06-03T16:15:25+00:00","twitter_misc":{"Written by":"ulqini","Est. reading time":"5 minutes"},"schema":{"@context":"https:\/\/schema.org","@graph":[{"@type":"WebSite","@id":"https:\/\/www.visit-ulcinj.com\/blog\/#website","url":"https:\/\/www.visit-ulcinj.com\/blog\/","name":"Lajme nga Ulqini","description":"Lajme,Vijesti,Ulqini,Ulqin,Crna Gora,Mali i Zi","potentialAction":[{"@type":"SearchAction","target":{"@type":"EntryPoint","urlTemplate":"https:\/\/www.visit-ulcinj.com\/blog\/?s={search_term_string}"},"query-input":"required name=search_term_string"}],"inLanguage":"en-US"},{"@type":"WebPage","@id":"https:\/\/www.visit-ulcinj.com\/blog\/2013\/06\/03\/hapet-forumi-i-miqesise-kosove-mali-i-zi\/#webpage","url":"https:\/\/www.visit-ulcinj.com\/blog\/2013\/06\/03\/hapet-forumi-i-miqesise-kosove-mali-i-zi\/","name":"Hapet Forumi i Miq\u00ebsis\u00eb Kosov\u00eb - Mali i Zi - Lajme nga Ulqini","isPartOf":{"@id":"https:\/\/www.visit-ulcinj.com\/blog\/#website"},"datePublished":"2013-06-03T16:15:03+00:00","dateModified":"2013-06-03T16:15:25+00:00","author":{"@id":"https:\/\/www.visit-ulcinj.com\/blog\/#\/schema\/person\/dcab619c614d3038751c63bc2aadc06d"},"description":"Prishtin\u00eb, 3 qershor - Republika e Kosov\u00ebs dhe Republika e Malit t\u00eb Zi jan\u00eb dy shtete q\u00eb kan\u00eb shum\u00eb gj\u00ebra t\u00eb p\u00ebrbashk\u00ebta dhe mund\u00ebsi t\u00eb m\u00ebdha p\u00ebr t\u00eb","breadcrumb":{"@id":"https:\/\/www.visit-ulcinj.com\/blog\/2013\/06\/03\/hapet-forumi-i-miqesise-kosove-mali-i-zi\/#breadcrumb"},"inLanguage":"en-US","potentialAction":[{"@type":"ReadAction","target":["https:\/\/www.visit-ulcinj.com\/blog\/2013\/06\/03\/hapet-forumi-i-miqesise-kosove-mali-i-zi\/"]}]},{"@type":"BreadcrumbList","@id":"https:\/\/www.visit-ulcinj.com\/blog\/2013\/06\/03\/hapet-forumi-i-miqesise-kosove-mali-i-zi\/#breadcrumb","itemListElement":[{"@type":"ListItem","position":1,"name":"Hapet Forumi i Miq\u00ebsis\u00eb Kosov\u00eb &#8211; Mali i Zi"}]},{"@type":"Person","@id":"https:\/\/www.visit-ulcinj.com\/blog\/#\/schema\/person\/dcab619c614d3038751c63bc2aadc06d","name":"ulqini","sameAs":["http:\/\/www.visit-ulcinj.com"],"url":"https:\/\/www.visit-ulcinj.com\/blog\/author\/admin\/"}]}},"jetpack_featured_media_url":"","jetpack_sharing_enabled":true,"jetpack_shortlink":"https:\/\/wp.me\/pe6lTn-iJG","_links":{"self":[{"href":"https:\/\/www.visit-ulcinj.com\/blog\/wp-json\/wp\/v2\/posts\/72024"}],"collection":[{"href":"https:\/\/www.visit-ulcinj.com\/blog\/wp-json\/wp\/v2\/posts"}],"about":[{"href":"https:\/\/www.visit-ulcinj.com\/blog\/wp-json\/wp\/v2\/types\/post"}],"author":[{"embeddable":true,"href":"https:\/\/www.visit-ulcinj.com\/blog\/wp-json\/wp\/v2\/users\/1"}],"replies":[{"embeddable":true,"href":"https:\/\/www.visit-ulcinj.com\/blog\/wp-json\/wp\/v2\/comments?post=72024"}],"version-history":[{"count":2,"href":"https:\/\/www.visit-ulcinj.com\/blog\/wp-json\/wp\/v2\/posts\/72024\/revisions"}],"predecessor-version":[{"id":72027,"href":"https:\/\/www.visit-ulcinj.com\/blog\/wp-json\/wp\/v2\/posts\/72024\/revisions\/72027"}],"wp:attachment":[{"href":"https:\/\/www.visit-ulcinj.com\/blog\/wp-json\/wp\/v2\/media?parent=72024"}],"wp:term":[{"taxonomy":"category","embeddable":true,"href":"https:\/\/www.visit-ulcinj.com\/blog\/wp-json\/wp\/v2\/categories?post=72024"},{"taxonomy":"post_tag","embeddable":true,"href":"https:\/\/www.visit-ulcinj.com\/blog\/wp-json\/wp\/v2\/tags?post=72024"}],"curies":[{"name":"wp","href":"https:\/\/api.w.org\/{rel}","templated":true}]}}