{"id":72033,"date":"2013-06-03T18:01:23","date_gmt":"2013-06-03T17:01:23","guid":{"rendered":"http:\/\/www.visit-ulcinj.com\/blog\/?p=72033"},"modified":"2013-06-03T18:01:23","modified_gmt":"2013-06-03T17:01:23","slug":"odrzana-peta-motorijada-u-ulcinju","status":"publish","type":"post","link":"https:\/\/www.visit-ulcinj.com\/blog\/2013\/06\/03\/odrzana-peta-motorijada-u-ulcinju\/","title":{"rendered":"Odr\u017eana peta Motorijada u Ulcinju"},"content":{"rendered":"<p><a href=\"http:\/\/www.visit-ulcinj.com\/blog\/wp-content\/uploads\/2013\/06\/Motorijada-u-Ulcinju.jpg\"><img loading=\"lazy\" class=\"alignleft  wp-image-72034\" alt=\"Motorijada u Ulcinju\" src=\"http:\/\/www.visit-ulcinj.com\/blog\/wp-content\/uploads\/2013\/06\/Motorijada-u-Ulcinju.jpg\" width=\"508\" height=\"360\" \/><\/a>ULCINJ \u2013 Ovog vikenda je odr\u017eana \u201eMotorijada Ulcinj 2013\u201c. Na pla\u017ei Safari okupilo se nekoliko stotina bajkera iz Crne Gore, Srbije, Bosne i Hercegovine, Hrvatske, Makedonije, Slovenije i Albanije.<\/p>\n<p>Ovaj ve\u0107 tradicionalni skup ljubitelja dvoto\u010dka\u0161a sa Balkana\u00a0 organizuje moto-klub \u201ePirates\u201d uz podr\u0161ku Turisti\u010dke organizacije Ulcinj.<\/p>\n<p>Ovo je peta godina za redom kako se organizuje ova manifestacija, a za njene u\u010desnike organizovani su izleti, rok koncerti i moto-igre, poput povla\u010denja konopca, ispijanja piva i spore vo\u017enje. Defile na ulicama Ulcinja je odr\u017ean u subotu uprkos ki\u0161i.<\/p>\n<p><strong>Ana \u017divanovi\u0107<\/strong><br \/>\n<strong>Izvor: Pobjeda<\/strong><\/p>\n","protected":false},"excerpt":{"rendered":"<p>ULCINJ \u2013 Ovog vikenda je odr\u017eana \u201eMotorijada Ulcinj 2013\u201c. Na pla\u017ei Safari okupilo se nekoliko stotina bajkera iz Crne Gore, Srbije, Bosne i Hercegovine, Hrvatske, Makedonije, Slovenije i Albanije. Ovaj ve\u0107 tradicionalni skup ljubitelja dvoto\u010dka\u0161a sa Balkana\u00a0 organizuje moto-klub \u201ePirates\u201d uz podr\u0161ku Turisti\u010dke organizacije Ulcinj. Ovo je peta godina za redom kako se organizuje ova [&hellip;]<\/p>\n","protected":false},"author":1,"featured_media":0,"comment_status":"open","ping_status":"closed","sticky":false,"template":"","format":"standard","meta":{"spay_email":"","jetpack_publicize_message":"","jetpack_is_tweetstorm":false,"jetpack_publicize_feature_enabled":true},"categories":[6950],"tags":[],"jetpack_publicize_connections":[],"yoast_head":"<!-- This site is optimized with the Yoast SEO plugin v19.1 - https:\/\/yoast.com\/wordpress\/plugins\/seo\/ -->\n<title>Odr\u017eana peta Motorijada u Ulcinju - Lajme nga Ulqini<\/title>\n<meta name=\"description\" content=\"ULCINJ \u2013 Ovog vikenda je odr\u017eana \u201eMotorijada Ulcinj 2013\u201c. Na pla\u017ei Safari okupilo se nekoliko stotina bajkera iz Crne Gore, Srbije, Bosne i Hercegovine,\" \/>\n<meta name=\"robots\" content=\"index, follow, max-snippet:-1, max-image-preview:large, max-video-preview:-1\" \/>\n<link rel=\"canonical\" href=\"https:\/\/www.visit-ulcinj.com\/blog\/2013\/06\/03\/odrzana-peta-motorijada-u-ulcinju\/\" \/>\n<meta property=\"og:locale\" content=\"en_US\" \/>\n<meta property=\"og:type\" content=\"article\" \/>\n<meta property=\"og:title\" content=\"Odr\u017eana peta Motorijada u Ulcinju - Lajme nga Ulqini\" \/>\n<meta property=\"og:description\" content=\"ULCINJ \u2013 Ovog vikenda je odr\u017eana \u201eMotorijada Ulcinj 2013\u201c. Na pla\u017ei Safari okupilo se nekoliko stotina bajkera iz Crne Gore, Srbije, Bosne i Hercegovine,\" \/>\n<meta property=\"og:url\" content=\"https:\/\/www.visit-ulcinj.com\/blog\/2013\/06\/03\/odrzana-peta-motorijada-u-ulcinju\/\" \/>\n<meta property=\"og:site_name\" content=\"Lajme nga Ulqini\" \/>\n<meta property=\"article:published_time\" content=\"2013-06-03T17:01:23+00:00\" \/>\n<meta property=\"og:image\" content=\"http:\/\/www.visit-ulcinj.com\/blog\/wp-content\/uploads\/2013\/06\/Motorijada-u-Ulcinju.jpg\" \/>\n<meta name=\"twitter:label1\" content=\"Written by\" \/>\n\t<meta name=\"twitter:data1\" content=\"ulqini\" \/>\n<script type=\"application\/ld+json\" class=\"yoast-schema-graph\">{\"@context\":\"https:\/\/schema.org\",\"@graph\":[{\"@type\":\"WebSite\",\"@id\":\"https:\/\/www.visit-ulcinj.com\/blog\/#website\",\"url\":\"https:\/\/www.visit-ulcinj.com\/blog\/\",\"name\":\"Lajme nga Ulqini\",\"description\":\"Lajme,Vijesti,Ulqini,Ulqin,Crna Gora,Mali i Zi\",\"potentialAction\":[{\"@type\":\"SearchAction\",\"target\":{\"@type\":\"EntryPoint\",\"urlTemplate\":\"https:\/\/www.visit-ulcinj.com\/blog\/?s={search_term_string}\"},\"query-input\":\"required name=search_term_string\"}],\"inLanguage\":\"en-US\"},{\"@type\":\"ImageObject\",\"inLanguage\":\"en-US\",\"@id\":\"https:\/\/www.visit-ulcinj.com\/blog\/2013\/06\/03\/odrzana-peta-motorijada-u-ulcinju\/#primaryimage\",\"url\":\"https:\/\/www.visit-ulcinj.com\/blog\/wp-content\/uploads\/2013\/06\/Motorijada-u-Ulcinju.jpg\",\"contentUrl\":\"https:\/\/www.visit-ulcinj.com\/blog\/wp-content\/uploads\/2013\/06\/Motorijada-u-Ulcinju.jpg\",\"width\":720,\"height\":540},{\"@type\":\"WebPage\",\"@id\":\"https:\/\/www.visit-ulcinj.com\/blog\/2013\/06\/03\/odrzana-peta-motorijada-u-ulcinju\/#webpage\",\"url\":\"https:\/\/www.visit-ulcinj.com\/blog\/2013\/06\/03\/odrzana-peta-motorijada-u-ulcinju\/\",\"name\":\"Odr\u017eana peta Motorijada u Ulcinju - Lajme nga Ulqini\",\"isPartOf\":{\"@id\":\"https:\/\/www.visit-ulcinj.com\/blog\/#website\"},\"primaryImageOfPage\":{\"@id\":\"https:\/\/www.visit-ulcinj.com\/blog\/2013\/06\/03\/odrzana-peta-motorijada-u-ulcinju\/#primaryimage\"},\"datePublished\":\"2013-06-03T17:01:23+00:00\",\"dateModified\":\"2013-06-03T17:01:23+00:00\",\"author\":{\"@id\":\"https:\/\/www.visit-ulcinj.com\/blog\/#\/schema\/person\/dcab619c614d3038751c63bc2aadc06d\"},\"description\":\"ULCINJ \u2013 Ovog vikenda je odr\u017eana \u201eMotorijada Ulcinj 2013\u201c. Na pla\u017ei Safari okupilo se nekoliko stotina bajkera iz Crne Gore, Srbije, Bosne i Hercegovine,\",\"breadcrumb\":{\"@id\":\"https:\/\/www.visit-ulcinj.com\/blog\/2013\/06\/03\/odrzana-peta-motorijada-u-ulcinju\/#breadcrumb\"},\"inLanguage\":\"en-US\",\"potentialAction\":[{\"@type\":\"ReadAction\",\"target\":[\"https:\/\/www.visit-ulcinj.com\/blog\/2013\/06\/03\/odrzana-peta-motorijada-u-ulcinju\/\"]}]},{\"@type\":\"BreadcrumbList\",\"@id\":\"https:\/\/www.visit-ulcinj.com\/blog\/2013\/06\/03\/odrzana-peta-motorijada-u-ulcinju\/#breadcrumb\",\"itemListElement\":[{\"@type\":\"ListItem\",\"position\":1,\"name\":\"Odr\u017eana peta Motorijada u Ulcinju\"}]},{\"@type\":\"Person\",\"@id\":\"https:\/\/www.visit-ulcinj.com\/blog\/#\/schema\/person\/dcab619c614d3038751c63bc2aadc06d\",\"name\":\"ulqini\",\"sameAs\":[\"http:\/\/www.visit-ulcinj.com\"],\"url\":\"https:\/\/www.visit-ulcinj.com\/blog\/author\/admin\/\"}]}<\/script>\n<!-- \/ Yoast SEO plugin. -->","yoast_head_json":{"title":"Odr\u017eana peta Motorijada u Ulcinju - Lajme nga Ulqini","description":"ULCINJ \u2013 Ovog vikenda je odr\u017eana \u201eMotorijada Ulcinj 2013\u201c. Na pla\u017ei Safari okupilo se nekoliko stotina bajkera iz Crne Gore, Srbije, Bosne i Hercegovine,","robots":{"index":"index","follow":"follow","max-snippet":"max-snippet:-1","max-image-preview":"max-image-preview:large","max-video-preview":"max-video-preview:-1"},"canonical":"https:\/\/www.visit-ulcinj.com\/blog\/2013\/06\/03\/odrzana-peta-motorijada-u-ulcinju\/","og_locale":"en_US","og_type":"article","og_title":"Odr\u017eana peta Motorijada u Ulcinju - Lajme nga Ulqini","og_description":"ULCINJ \u2013 Ovog vikenda je odr\u017eana \u201eMotorijada Ulcinj 2013\u201c. Na pla\u017ei Safari okupilo se nekoliko stotina bajkera iz Crne Gore, Srbije, Bosne i Hercegovine,","og_url":"https:\/\/www.visit-ulcinj.com\/blog\/2013\/06\/03\/odrzana-peta-motorijada-u-ulcinju\/","og_site_name":"Lajme nga Ulqini","article_published_time":"2013-06-03T17:01:23+00:00","og_image":[{"url":"http:\/\/www.visit-ulcinj.com\/blog\/wp-content\/uploads\/2013\/06\/Motorijada-u-Ulcinju.jpg"}],"twitter_misc":{"Written by":"ulqini"},"schema":{"@context":"https:\/\/schema.org","@graph":[{"@type":"WebSite","@id":"https:\/\/www.visit-ulcinj.com\/blog\/#website","url":"https:\/\/www.visit-ulcinj.com\/blog\/","name":"Lajme nga Ulqini","description":"Lajme,Vijesti,Ulqini,Ulqin,Crna Gora,Mali i Zi","potentialAction":[{"@type":"SearchAction","target":{"@type":"EntryPoint","urlTemplate":"https:\/\/www.visit-ulcinj.com\/blog\/?s={search_term_string}"},"query-input":"required name=search_term_string"}],"inLanguage":"en-US"},{"@type":"ImageObject","inLanguage":"en-US","@id":"https:\/\/www.visit-ulcinj.com\/blog\/2013\/06\/03\/odrzana-peta-motorijada-u-ulcinju\/#primaryimage","url":"https:\/\/www.visit-ulcinj.com\/blog\/wp-content\/uploads\/2013\/06\/Motorijada-u-Ulcinju.jpg","contentUrl":"https:\/\/www.visit-ulcinj.com\/blog\/wp-content\/uploads\/2013\/06\/Motorijada-u-Ulcinju.jpg","width":720,"height":540},{"@type":"WebPage","@id":"https:\/\/www.visit-ulcinj.com\/blog\/2013\/06\/03\/odrzana-peta-motorijada-u-ulcinju\/#webpage","url":"https:\/\/www.visit-ulcinj.com\/blog\/2013\/06\/03\/odrzana-peta-motorijada-u-ulcinju\/","name":"Odr\u017eana peta Motorijada u Ulcinju - Lajme nga Ulqini","isPartOf":{"@id":"https:\/\/www.visit-ulcinj.com\/blog\/#website"},"primaryImageOfPage":{"@id":"https:\/\/www.visit-ulcinj.com\/blog\/2013\/06\/03\/odrzana-peta-motorijada-u-ulcinju\/#primaryimage"},"datePublished":"2013-06-03T17:01:23+00:00","dateModified":"2013-06-03T17:01:23+00:00","author":{"@id":"https:\/\/www.visit-ulcinj.com\/blog\/#\/schema\/person\/dcab619c614d3038751c63bc2aadc06d"},"description":"ULCINJ \u2013 Ovog vikenda je odr\u017eana \u201eMotorijada Ulcinj 2013\u201c. Na pla\u017ei Safari okupilo se nekoliko stotina bajkera iz Crne Gore, Srbije, Bosne i Hercegovine,","breadcrumb":{"@id":"https:\/\/www.visit-ulcinj.com\/blog\/2013\/06\/03\/odrzana-peta-motorijada-u-ulcinju\/#breadcrumb"},"inLanguage":"en-US","potentialAction":[{"@type":"ReadAction","target":["https:\/\/www.visit-ulcinj.com\/blog\/2013\/06\/03\/odrzana-peta-motorijada-u-ulcinju\/"]}]},{"@type":"BreadcrumbList","@id":"https:\/\/www.visit-ulcinj.com\/blog\/2013\/06\/03\/odrzana-peta-motorijada-u-ulcinju\/#breadcrumb","itemListElement":[{"@type":"ListItem","position":1,"name":"Odr\u017eana peta Motorijada u Ulcinju"}]},{"@type":"Person","@id":"https:\/\/www.visit-ulcinj.com\/blog\/#\/schema\/person\/dcab619c614d3038751c63bc2aadc06d","name":"ulqini","sameAs":["http:\/\/www.visit-ulcinj.com"],"url":"https:\/\/www.visit-ulcinj.com\/blog\/author\/admin\/"}]}},"jetpack_featured_media_url":"","jetpack_sharing_enabled":true,"jetpack_shortlink":"https:\/\/wp.me\/pe6lTn-iJP","_links":{"self":[{"href":"https:\/\/www.visit-ulcinj.com\/blog\/wp-json\/wp\/v2\/posts\/72033"}],"collection":[{"href":"https:\/\/www.visit-ulcinj.com\/blog\/wp-json\/wp\/v2\/posts"}],"about":[{"href":"https:\/\/www.visit-ulcinj.com\/blog\/wp-json\/wp\/v2\/types\/post"}],"author":[{"embeddable":true,"href":"https:\/\/www.visit-ulcinj.com\/blog\/wp-json\/wp\/v2\/users\/1"}],"replies":[{"embeddable":true,"href":"https:\/\/www.visit-ulcinj.com\/blog\/wp-json\/wp\/v2\/comments?post=72033"}],"version-history":[{"count":1,"href":"https:\/\/www.visit-ulcinj.com\/blog\/wp-json\/wp\/v2\/posts\/72033\/revisions"}],"predecessor-version":[{"id":72035,"href":"https:\/\/www.visit-ulcinj.com\/blog\/wp-json\/wp\/v2\/posts\/72033\/revisions\/72035"}],"wp:attachment":[{"href":"https:\/\/www.visit-ulcinj.com\/blog\/wp-json\/wp\/v2\/media?parent=72033"}],"wp:term":[{"taxonomy":"category","embeddable":true,"href":"https:\/\/www.visit-ulcinj.com\/blog\/wp-json\/wp\/v2\/categories?post=72033"},{"taxonomy":"post_tag","embeddable":true,"href":"https:\/\/www.visit-ulcinj.com\/blog\/wp-json\/wp\/v2\/tags?post=72033"}],"curies":[{"name":"wp","href":"https:\/\/api.w.org\/{rel}","templated":true}]}}