{"id":72036,"date":"2013-06-03T18:05:02","date_gmt":"2013-06-03T17:05:02","guid":{"rendered":"http:\/\/www.visit-ulcinj.com\/blog\/?p=72036"},"modified":"2013-06-03T18:05:02","modified_gmt":"2013-06-03T17:05:02","slug":"bajkeri-na-safariju-beachu-u-ulcinju","status":"publish","type":"post","link":"https:\/\/www.visit-ulcinj.com\/blog\/2013\/06\/03\/bajkeri-na-safariju-beachu-u-ulcinju\/","title":{"rendered":"&#8220;Bajkeri&#8221; na Safariju Beachu u Ulcinju"},"content":{"rendered":"<p><a href=\"http:\/\/www.visit-ulcinj.com\/blog\/wp-content\/uploads\/2013\/06\/Bajkeri-Ulcinj.jpg\"><img loading=\"lazy\" class=\"alignleft  wp-image-72037\" alt=\"Bajkeri Ulcinj\" src=\"http:\/\/www.visit-ulcinj.com\/blog\/wp-content\/uploads\/2013\/06\/Bajkeri-Ulcinj.jpg\" width=\"508\" height=\"360\" \/><\/a>Svake godine se u Ulcinju, na jednoj od najure\u0111inijoj pla\u017ea, ili bolje re\u010deno, na jednom od najljep\u0161ih dijelova Velike pla\u017ee, kompleksa &#8221; Safari beach&#8221;, odr\u017eava susret&#8221; Bajkera&#8221; iz biv\u0161ih republika nekada\u0161nje Jugoslavije i regiona. I pored izuzetno lo\u0161ih vremenskih uslova, &#8220;Bajkeri&#8221; su i ove godine bili u velikom broju prisutni. Ki\u0161a je sprije\u010dila planirani izlet do \u0160askog jezera i starog grada Sva\u010da, no i pored toga doma\u0107ini iz moto kluba &#8220;Piratex&#8221; iz Ulcinja, su se potrudili da se gosti prijatno i lijepo osje\u0107aju. Tradicionalno ljubazan pesonal &#8220;Safari Becha&#8221; je u vrhunsko ure\u0111enom objektu organizovao program i zabavu koja je trajala do jutarnjih sati. No i pored toga , ve\u0107ina njih je ve\u0107 oko jedanaest sati, bila spremna da ispuni dio programa koji su zacrtali doma\u0107ini. I ja sam bio dio toga i naravno, uz dobrodo\u0161licu u ime NGO sektora Ulcinja ispri\u010dao sam, im ili bolje re\u010deno odr\u017eao jedno malo predavanje o Crnoj Gori, o Ulcinju, o turizmu, o istoriji i o kulturi sa posebnim osvrtom na na\u0161 grad i okolinu. Dugotrajni aplauz na kraju je bila satisfakcija i za mene ali i za doma\u0107ine. Mislim da su gosti iz na\u0161eg grada ponijeli prelijepe utiske. Cilj ovakvih susreta i posjeta jeste i turisti\u010dka propaganda, ali upoznavanje na\u0161eg grada i na\u0161e zemlje. Ovi susreti su dokaz gostoprimljivosti i ljubaznosti i kompletnog turisti\u010dkog servisa sviju nas, koji se i trudimo da na\u0161em gradu vratimo stari sjaj, sjaj koji je nekad imao kao jedna od najpoznatijih turisti\u010dkih destinacija ovog dijela Jadrana i Mediterana. Moram da pohvalim, i izrazim i divljenje personalu i vlasnicima &#8220;Safari &#8220;kompleksa, pla\u017ee i restorana, kao i svih ostalih prate\u0107ih objekata, jer su oni na\u0161u turisti\u010dku ponudu podigli na jedan zaista vrhunski nivo. Zbog svega toga velika zahvalnost svima onima, koji su svojim radom i nesebi\u010dnim zalaganjem i pored lo\u0161ih atmosferskih uslova u\u010dinili, da se na\u0161i gosti lijepo osje\u0107aju, i da sa ovog susreta sa sobom ponesu najljep\u0161e utiske. Ja se iskreno nadam da \u0107e ovim mladim entuzijastima iz moto kluba&#8221;Piratex&#8221; Ulcinj, slede\u0107i put kod ovakvih susreta, pomo\u0107i i TO Ulcinja i kompetentni organi SO Ulcinj. Uvjeren sam da su &#8220;Bajkeri&#8221; izuzetno obrazovani i vrlo kvalitetni gosti i ja moram priznati da dugo vremena nijesam imao ovako interesantne goste i slu\u0161aoce. Zbog toga se ovakvim susretima mora posvetiti ve\u0107a pa\u017enja. U svakom slu\u010daju gostima nije ni\u0161ta nedostajalo u &#8220;Safariju&#8221; od zabave do raznih interesantnih susreta, pa i moja malenkost je dala svoj doprinos, ali, i jedna pozdravna rije\u010d jednog od op\u0161tinskih funkcionera ne bi bila na odmet.<\/p>\n<p data-ft=\"{&quot;tn&quot;:&quot;C&quot;}\"><strong><a id=\"js_12\" href=\"https:\/\/www.facebook.com\/ismet.karamanaga?hc_location=timeline\" data-hovercard=\"\/ajax\/hovercard\/user.php?id=1359492972&amp;extragetparams=%7B%22hc_location%22%3A%22timeline%22%7D\">Vi\u0161e Foto Ismet Karamanaga\u00a0 Facebook<\/a><\/strong><\/p>\n","protected":false},"excerpt":{"rendered":"<p>Svake godine se u Ulcinju, na jednoj od najure\u0111inijoj pla\u017ea, ili bolje re\u010deno, na jednom od najljep\u0161ih dijelova Velike pla\u017ee, kompleksa &#8221; Safari beach&#8221;, odr\u017eava susret&#8221; Bajkera&#8221; iz biv\u0161ih republika nekada\u0161nje Jugoslavije i regiona. I pored izuzetno lo\u0161ih vremenskih uslova, &#8220;Bajkeri&#8221; su i ove godine bili u velikom broju prisutni. Ki\u0161a je sprije\u010dila planirani izlet [&hellip;]<\/p>\n","protected":false},"author":1,"featured_media":0,"comment_status":"open","ping_status":"closed","sticky":false,"template":"","format":"standard","meta":{"spay_email":"","jetpack_publicize_message":"","jetpack_is_tweetstorm":false,"jetpack_publicize_feature_enabled":true},"categories":[6950],"tags":[],"jetpack_publicize_connections":[],"yoast_head":"<!-- This site is optimized with the Yoast SEO plugin v19.1 - https:\/\/yoast.com\/wordpress\/plugins\/seo\/ -->\n<title>&quot;Bajkeri&quot; na Safariju Beachu u Ulcinju - Lajme nga Ulqini<\/title>\n<meta name=\"description\" content=\"Svake godine se u Ulcinju, na jednoj od najure\u0111inijoj pla\u017ea, ili bolje re\u010deno, na jednom od najljep\u0161ih dijelova Velike pla\u017ee, kompleksa &quot; Safari beach&quot;,\" \/>\n<meta name=\"robots\" content=\"index, follow, max-snippet:-1, max-image-preview:large, max-video-preview:-1\" \/>\n<link rel=\"canonical\" href=\"https:\/\/www.visit-ulcinj.com\/blog\/2013\/06\/03\/bajkeri-na-safariju-beachu-u-ulcinju\/\" \/>\n<meta property=\"og:locale\" content=\"en_US\" \/>\n<meta property=\"og:type\" content=\"article\" \/>\n<meta property=\"og:title\" content=\"&quot;Bajkeri&quot; na Safariju Beachu u Ulcinju - Lajme nga Ulqini\" \/>\n<meta property=\"og:description\" content=\"Svake godine se u Ulcinju, na jednoj od najure\u0111inijoj pla\u017ea, ili bolje re\u010deno, na jednom od najljep\u0161ih dijelova Velike pla\u017ee, kompleksa &quot; Safari beach&quot;,\" \/>\n<meta property=\"og:url\" content=\"https:\/\/www.visit-ulcinj.com\/blog\/2013\/06\/03\/bajkeri-na-safariju-beachu-u-ulcinju\/\" \/>\n<meta property=\"og:site_name\" content=\"Lajme nga Ulqini\" \/>\n<meta property=\"article:published_time\" content=\"2013-06-03T17:05:02+00:00\" \/>\n<meta property=\"og:image\" content=\"http:\/\/www.visit-ulcinj.com\/blog\/wp-content\/uploads\/2013\/06\/Bajkeri-Ulcinj.jpg\" \/>\n<meta name=\"twitter:label1\" content=\"Written by\" \/>\n\t<meta name=\"twitter:data1\" content=\"ulqini\" \/>\n\t<meta name=\"twitter:label2\" content=\"Est. reading time\" \/>\n\t<meta name=\"twitter:data2\" content=\"2 minutes\" \/>\n<script type=\"application\/ld+json\" class=\"yoast-schema-graph\">{\"@context\":\"https:\/\/schema.org\",\"@graph\":[{\"@type\":\"WebSite\",\"@id\":\"https:\/\/www.visit-ulcinj.com\/blog\/#website\",\"url\":\"https:\/\/www.visit-ulcinj.com\/blog\/\",\"name\":\"Lajme nga Ulqini\",\"description\":\"Lajme,Vijesti,Ulqini,Ulqin,Crna Gora,Mali i Zi\",\"potentialAction\":[{\"@type\":\"SearchAction\",\"target\":{\"@type\":\"EntryPoint\",\"urlTemplate\":\"https:\/\/www.visit-ulcinj.com\/blog\/?s={search_term_string}\"},\"query-input\":\"required name=search_term_string\"}],\"inLanguage\":\"en-US\"},{\"@type\":\"ImageObject\",\"inLanguage\":\"en-US\",\"@id\":\"https:\/\/www.visit-ulcinj.com\/blog\/2013\/06\/03\/bajkeri-na-safariju-beachu-u-ulcinju\/#primaryimage\",\"url\":\"https:\/\/www.visit-ulcinj.com\/blog\/wp-content\/uploads\/2013\/06\/Bajkeri-Ulcinj.jpg\",\"contentUrl\":\"https:\/\/www.visit-ulcinj.com\/blog\/wp-content\/uploads\/2013\/06\/Bajkeri-Ulcinj.jpg\",\"width\":960,\"height\":720},{\"@type\":\"WebPage\",\"@id\":\"https:\/\/www.visit-ulcinj.com\/blog\/2013\/06\/03\/bajkeri-na-safariju-beachu-u-ulcinju\/#webpage\",\"url\":\"https:\/\/www.visit-ulcinj.com\/blog\/2013\/06\/03\/bajkeri-na-safariju-beachu-u-ulcinju\/\",\"name\":\"\\\"Bajkeri\\\" na Safariju Beachu u Ulcinju - Lajme nga Ulqini\",\"isPartOf\":{\"@id\":\"https:\/\/www.visit-ulcinj.com\/blog\/#website\"},\"primaryImageOfPage\":{\"@id\":\"https:\/\/www.visit-ulcinj.com\/blog\/2013\/06\/03\/bajkeri-na-safariju-beachu-u-ulcinju\/#primaryimage\"},\"datePublished\":\"2013-06-03T17:05:02+00:00\",\"dateModified\":\"2013-06-03T17:05:02+00:00\",\"author\":{\"@id\":\"https:\/\/www.visit-ulcinj.com\/blog\/#\/schema\/person\/dcab619c614d3038751c63bc2aadc06d\"},\"description\":\"Svake godine se u Ulcinju, na jednoj od najure\u0111inijoj pla\u017ea, ili bolje re\u010deno, na jednom od najljep\u0161ih dijelova Velike pla\u017ee, kompleksa \\\" Safari beach\\\",\",\"breadcrumb\":{\"@id\":\"https:\/\/www.visit-ulcinj.com\/blog\/2013\/06\/03\/bajkeri-na-safariju-beachu-u-ulcinju\/#breadcrumb\"},\"inLanguage\":\"en-US\",\"potentialAction\":[{\"@type\":\"ReadAction\",\"target\":[\"https:\/\/www.visit-ulcinj.com\/blog\/2013\/06\/03\/bajkeri-na-safariju-beachu-u-ulcinju\/\"]}]},{\"@type\":\"BreadcrumbList\",\"@id\":\"https:\/\/www.visit-ulcinj.com\/blog\/2013\/06\/03\/bajkeri-na-safariju-beachu-u-ulcinju\/#breadcrumb\",\"itemListElement\":[{\"@type\":\"ListItem\",\"position\":1,\"name\":\"&#8220;Bajkeri&#8221; na Safariju Beachu u Ulcinju\"}]},{\"@type\":\"Person\",\"@id\":\"https:\/\/www.visit-ulcinj.com\/blog\/#\/schema\/person\/dcab619c614d3038751c63bc2aadc06d\",\"name\":\"ulqini\",\"sameAs\":[\"http:\/\/www.visit-ulcinj.com\"],\"url\":\"https:\/\/www.visit-ulcinj.com\/blog\/author\/admin\/\"}]}<\/script>\n<!-- \/ Yoast SEO plugin. -->","yoast_head_json":{"title":"\"Bajkeri\" na Safariju Beachu u Ulcinju - Lajme nga Ulqini","description":"Svake godine se u Ulcinju, na jednoj od najure\u0111inijoj pla\u017ea, ili bolje re\u010deno, na jednom od najljep\u0161ih dijelova Velike pla\u017ee, kompleksa \" Safari beach\",","robots":{"index":"index","follow":"follow","max-snippet":"max-snippet:-1","max-image-preview":"max-image-preview:large","max-video-preview":"max-video-preview:-1"},"canonical":"https:\/\/www.visit-ulcinj.com\/blog\/2013\/06\/03\/bajkeri-na-safariju-beachu-u-ulcinju\/","og_locale":"en_US","og_type":"article","og_title":"\"Bajkeri\" na Safariju Beachu u Ulcinju - Lajme nga Ulqini","og_description":"Svake godine se u Ulcinju, na jednoj od najure\u0111inijoj pla\u017ea, ili bolje re\u010deno, na jednom od najljep\u0161ih dijelova Velike pla\u017ee, kompleksa \" Safari beach\",","og_url":"https:\/\/www.visit-ulcinj.com\/blog\/2013\/06\/03\/bajkeri-na-safariju-beachu-u-ulcinju\/","og_site_name":"Lajme nga Ulqini","article_published_time":"2013-06-03T17:05:02+00:00","og_image":[{"url":"http:\/\/www.visit-ulcinj.com\/blog\/wp-content\/uploads\/2013\/06\/Bajkeri-Ulcinj.jpg"}],"twitter_misc":{"Written by":"ulqini","Est. reading time":"2 minutes"},"schema":{"@context":"https:\/\/schema.org","@graph":[{"@type":"WebSite","@id":"https:\/\/www.visit-ulcinj.com\/blog\/#website","url":"https:\/\/www.visit-ulcinj.com\/blog\/","name":"Lajme nga Ulqini","description":"Lajme,Vijesti,Ulqini,Ulqin,Crna Gora,Mali i Zi","potentialAction":[{"@type":"SearchAction","target":{"@type":"EntryPoint","urlTemplate":"https:\/\/www.visit-ulcinj.com\/blog\/?s={search_term_string}"},"query-input":"required name=search_term_string"}],"inLanguage":"en-US"},{"@type":"ImageObject","inLanguage":"en-US","@id":"https:\/\/www.visit-ulcinj.com\/blog\/2013\/06\/03\/bajkeri-na-safariju-beachu-u-ulcinju\/#primaryimage","url":"https:\/\/www.visit-ulcinj.com\/blog\/wp-content\/uploads\/2013\/06\/Bajkeri-Ulcinj.jpg","contentUrl":"https:\/\/www.visit-ulcinj.com\/blog\/wp-content\/uploads\/2013\/06\/Bajkeri-Ulcinj.jpg","width":960,"height":720},{"@type":"WebPage","@id":"https:\/\/www.visit-ulcinj.com\/blog\/2013\/06\/03\/bajkeri-na-safariju-beachu-u-ulcinju\/#webpage","url":"https:\/\/www.visit-ulcinj.com\/blog\/2013\/06\/03\/bajkeri-na-safariju-beachu-u-ulcinju\/","name":"\"Bajkeri\" na Safariju Beachu u Ulcinju - Lajme nga Ulqini","isPartOf":{"@id":"https:\/\/www.visit-ulcinj.com\/blog\/#website"},"primaryImageOfPage":{"@id":"https:\/\/www.visit-ulcinj.com\/blog\/2013\/06\/03\/bajkeri-na-safariju-beachu-u-ulcinju\/#primaryimage"},"datePublished":"2013-06-03T17:05:02+00:00","dateModified":"2013-06-03T17:05:02+00:00","author":{"@id":"https:\/\/www.visit-ulcinj.com\/blog\/#\/schema\/person\/dcab619c614d3038751c63bc2aadc06d"},"description":"Svake godine se u Ulcinju, na jednoj od najure\u0111inijoj pla\u017ea, ili bolje re\u010deno, na jednom od najljep\u0161ih dijelova Velike pla\u017ee, kompleksa \" Safari beach\",","breadcrumb":{"@id":"https:\/\/www.visit-ulcinj.com\/blog\/2013\/06\/03\/bajkeri-na-safariju-beachu-u-ulcinju\/#breadcrumb"},"inLanguage":"en-US","potentialAction":[{"@type":"ReadAction","target":["https:\/\/www.visit-ulcinj.com\/blog\/2013\/06\/03\/bajkeri-na-safariju-beachu-u-ulcinju\/"]}]},{"@type":"BreadcrumbList","@id":"https:\/\/www.visit-ulcinj.com\/blog\/2013\/06\/03\/bajkeri-na-safariju-beachu-u-ulcinju\/#breadcrumb","itemListElement":[{"@type":"ListItem","position":1,"name":"&#8220;Bajkeri&#8221; na Safariju Beachu u Ulcinju"}]},{"@type":"Person","@id":"https:\/\/www.visit-ulcinj.com\/blog\/#\/schema\/person\/dcab619c614d3038751c63bc2aadc06d","name":"ulqini","sameAs":["http:\/\/www.visit-ulcinj.com"],"url":"https:\/\/www.visit-ulcinj.com\/blog\/author\/admin\/"}]}},"jetpack_featured_media_url":"","jetpack_sharing_enabled":true,"jetpack_shortlink":"https:\/\/wp.me\/pe6lTn-iJS","_links":{"self":[{"href":"https:\/\/www.visit-ulcinj.com\/blog\/wp-json\/wp\/v2\/posts\/72036"}],"collection":[{"href":"https:\/\/www.visit-ulcinj.com\/blog\/wp-json\/wp\/v2\/posts"}],"about":[{"href":"https:\/\/www.visit-ulcinj.com\/blog\/wp-json\/wp\/v2\/types\/post"}],"author":[{"embeddable":true,"href":"https:\/\/www.visit-ulcinj.com\/blog\/wp-json\/wp\/v2\/users\/1"}],"replies":[{"embeddable":true,"href":"https:\/\/www.visit-ulcinj.com\/blog\/wp-json\/wp\/v2\/comments?post=72036"}],"version-history":[{"count":1,"href":"https:\/\/www.visit-ulcinj.com\/blog\/wp-json\/wp\/v2\/posts\/72036\/revisions"}],"predecessor-version":[{"id":72038,"href":"https:\/\/www.visit-ulcinj.com\/blog\/wp-json\/wp\/v2\/posts\/72036\/revisions\/72038"}],"wp:attachment":[{"href":"https:\/\/www.visit-ulcinj.com\/blog\/wp-json\/wp\/v2\/media?parent=72036"}],"wp:term":[{"taxonomy":"category","embeddable":true,"href":"https:\/\/www.visit-ulcinj.com\/blog\/wp-json\/wp\/v2\/categories?post=72036"},{"taxonomy":"post_tag","embeddable":true,"href":"https:\/\/www.visit-ulcinj.com\/blog\/wp-json\/wp\/v2\/tags?post=72036"}],"curies":[{"name":"wp","href":"https:\/\/api.w.org\/{rel}","templated":true}]}}