{"id":72052,"date":"2013-06-04T07:24:49","date_gmt":"2013-06-04T06:24:49","guid":{"rendered":"http:\/\/www.visit-ulcinj.com\/blog\/?p=72052"},"modified":"2013-06-04T07:24:49","modified_gmt":"2013-06-04T06:24:49","slug":"ne-flamur-malazezet-duan-yllin-e-7-te","status":"publish","type":"post","link":"https:\/\/www.visit-ulcinj.com\/blog\/2013\/06\/04\/ne-flamur-malazezet-duan-yllin-e-7-te\/","title":{"rendered":"N\u00eb flamur Malazez\u00ebt duan yllin e 7-t\u00eb"},"content":{"rendered":"<p><strong><a href=\"http:\/\/www.visit-ulcinj.com\/blog\/wp-content\/uploads\/2013\/06\/KOSOVA-MALI-I-ZI.jpg\"><img loading=\"lazy\" class=\"alignleft  wp-image-72053\" alt=\"KOSOVA--MALI-I -ZI\" src=\"http:\/\/www.visit-ulcinj.com\/blog\/wp-content\/uploads\/2013\/06\/KOSOVA-MALI-I-ZI.jpg\" width=\"340\" height=\"261\" \/><\/a>N\u00eb Kosov\u00eb ka filluar punimet \u201cForumi i Miq\u00ebsis\u00eb Kosov\u00eb-Mali i Zi, Radovan Zogovi\u00e7\u201d. <\/strong><\/p>\n<p>N\u00eb tryezat, q\u00eb jan\u00eb mbajtur n\u00eb Prishtin\u00eb gjat\u00eb s\u00eb h\u00ebn\u00ebs, por edhe n\u00eb takime me zyrtar\u00eb t\u00eb lart\u00eb shtet\u00ebror, kjo ka qen\u00eb nj\u00eb mund\u00ebsi e mir\u00eb p\u00ebr p\u00ebrfaq\u00ebsuesit e malazez\u00ebve t\u00eb Kosov\u00ebs t\u00eb diskutojn\u00eb edhe p\u00ebr k\u00ebrkes\u00ebn e tyre, q\u00eb bashk\u00ebsia e tyre n\u00eb vend t\u00eb b\u00ebhet kategori kushtetuese.<\/p>\n<p>Kryetari i \u201cShoqat\u00ebs s\u00eb Malazez\u00ebve t\u00eb Kosov\u00ebs\u201d, Sllobodan Vuji\u00e7i\u00e7, ka th\u00ebn\u00eb pas takimit t\u00eb delegacionit nga Mali i Zi, q\u00eb udh\u00ebhiqej nga Ministri i Kultur\u00ebs, Branisllav Mi\u00e7unovi\u00e7, me kryeparlamentarin e Kosov\u00ebs, Jakup Krasniqi, se shpreson q\u00eb avancimi i statusit t\u00eb malazez\u00ebve t\u00eb ndodh\u00eb para zgjedhjeve t\u00eb ardhshme parlamentare n\u00eb Kosov\u00eb.<\/p>\n<p>\u201cP\u00ebr ne \u00ebsht\u00eb e r\u00ebnd\u00ebsishme t\u00eb jemi t\u00eb inkuadruar, ashtu si\u00e7 jan\u00eb komunitetet e tjera, t\u00eb kemi t\u00eb drejta t\u00eb nj\u00ebjta, sikurse kan\u00eb t\u00eb tjer\u00ebt n\u00eb Kosov\u00eb. N\u00eb k\u00ebt\u00eb m\u00ebnyr\u00eb edhe statusi yn\u00eb do t\u00eb p\u00ebrmir\u00ebsohej, ashtu si dhe marr\u00ebdh\u00ebniet mes Malit t\u00eb Zi dhe Kosov\u00ebs. Shpresojm\u00eb q\u00eb kjo do t\u00eb ndodh\u00eb sa m\u00eb shpejt, para zgjedhjeve parlamentare. Kjo do t\u00eb jet\u00eb e dobishme p\u00ebr Kosov\u00ebn, sepse ne do t\u00eb japim kontribut n\u00eb nd\u00ebrtimin e t\u00eb ardhmes kosovare\u201d, tha Sllobodan Vuji\u00e7i\u00e7.<\/p>\n<p>Sipas Kushtetut\u00ebs s\u00eb Kosov\u00ebs, 6 komunitete pakic\u00eb jan\u00eb kategori kushtetuese: serb\u00ebt, boshnjak\u00ebt, turqit, rom\u00ebt, ashkalinj\u00ebt dhe egjiptasit. T\u00eb b\u00ebhesh kategori kushtetuese do t\u00eb thot\u00eb t\u00eb jesh i p\u00ebrfaq\u00ebsues n\u00eb Kuvend, n\u00eb kuad\u00ebr t\u00eb vendeve t\u00eb rezervuara, p\u00ebrkat\u00ebsisht t\u00eb garantuara, t\u00eb cilat u takojn\u00eb komuniteteve pakic\u00eb, edhe pa i fituar n\u00eb zgjedhje.<\/p>\n<p>Nga ana tjet\u00ebr, n\u00eb hapje t\u00eb forumit t\u00eb miq\u00ebsis\u00eb Kosov\u00eb-Mali i Zi \u00ebsht\u00eb folur edhe p\u00ebr bashk\u00ebpunimin nd\u00ebrmjet dy shteteve, q\u00eb &#8211; si\u00e7 u tha &#8211; po arrin dimensione t\u00eb reja, q\u00eb para dy dekadash ishin t\u00eb paimagjinueshme.<\/p>\n<p>\u201cN\u00eb t\u00eb nj\u00ebjt\u00ebn koh\u00eb, ky bashk\u00ebpunim i shtuar mes nesh \u00ebsht\u00eb edhe argument i integrimit ton\u00eb n\u00eb integrimet rajonale dhe europiane, t\u00eb cilat do t\u00eb na hapin horizonte t\u00eb reja p\u00ebr kulturat tona dhe p\u00ebr popujt tan\u00eb\u201d, tha Memli Krasniqi, minist\u00ebr i Kultur\u00ebs n\u00eb Kosov\u00eb.<\/p>\n<p>\u201cMali i Zi p\u00ebrsh\u00ebndet arritjen e marr\u00ebveshjes p\u00ebr bashk\u00ebpunim mes Kosov\u00ebs dhe Malit t\u00eb Zi, t\u00eb n\u00ebnshkruar me 15 prill t\u00eb k\u00ebtij viti, si nj\u00eb hap i r\u00ebnd\u00ebsish\u00ebm p\u00ebr p\u00ebrforcimin e bashk\u00ebpunimi n\u00eb t\u00eb ardhmen p\u00ebr t\u00ebr\u00eb rajonin\u201d, tha Branislav Mi\u00e7unovi\u00e7, minist\u00ebr i Kultur\u00ebs i Malit t\u00eb Zi.<\/p>\n<p>Forumi i Miq\u00ebsis\u00eb Kosov\u00eb-Mali i Zi mban emrin e shkrimtarit malazez, Radovan Zogovi\u00e7, q\u00eb &#8211; si\u00e7 u vler\u00ebsua nga t\u00eb pranishmit &#8211; \u00ebsht\u00eb i njohur p\u00ebr botimet e tij p\u00ebr paqen nd\u00ebrmjet njer\u00ebzve dhe miq\u00ebsin\u00eb mes popujve t\u00eb Kosov\u00ebs dhe Malit t\u00eb Zi. \/ Top Channel<\/p>\n","protected":false},"excerpt":{"rendered":"<p>N\u00eb Kosov\u00eb ka filluar punimet \u201cForumi i Miq\u00ebsis\u00eb Kosov\u00eb-Mali i Zi, Radovan Zogovi\u00e7\u201d. N\u00eb tryezat, q\u00eb jan\u00eb mbajtur n\u00eb Prishtin\u00eb gjat\u00eb s\u00eb h\u00ebn\u00ebs, por edhe n\u00eb takime me zyrtar\u00eb t\u00eb lart\u00eb shtet\u00ebror, kjo ka qen\u00eb nj\u00eb mund\u00ebsi e mir\u00eb p\u00ebr p\u00ebrfaq\u00ebsuesit e malazez\u00ebve t\u00eb Kosov\u00ebs t\u00eb diskutojn\u00eb edhe p\u00ebr k\u00ebrkes\u00ebn e tyre, q\u00eb bashk\u00ebsia e [&hellip;]<\/p>\n","protected":false},"author":1,"featured_media":0,"comment_status":"open","ping_status":"closed","sticky":false,"template":"","format":"standard","meta":{"spay_email":"","jetpack_publicize_message":"","jetpack_is_tweetstorm":false,"jetpack_publicize_feature_enabled":true},"categories":[14],"tags":[],"jetpack_publicize_connections":[],"yoast_head":"<!-- This site is optimized with the Yoast SEO plugin v19.1 - https:\/\/yoast.com\/wordpress\/plugins\/seo\/ -->\n<title>N\u00eb flamur Malazez\u00ebt duan yllin e 7-t\u00eb - Lajme nga Ulqini<\/title>\n<meta name=\"description\" content=\"N\u00eb Kosov\u00eb ka filluar punimet \u201cForumi i Miq\u00ebsis\u00eb Kosov\u00eb-Mali i Zi, Radovan Zogovi\u00e7\u201d. N\u00eb tryezat, q\u00eb jan\u00eb mbajtur n\u00eb Prishtin\u00eb gjat\u00eb s\u00eb h\u00ebn\u00ebs, por edhe n\u00eb\" \/>\n<meta name=\"robots\" content=\"index, follow, max-snippet:-1, max-image-preview:large, max-video-preview:-1\" \/>\n<link rel=\"canonical\" href=\"https:\/\/www.visit-ulcinj.com\/blog\/2013\/06\/04\/ne-flamur-malazezet-duan-yllin-e-7-te\/\" \/>\n<meta property=\"og:locale\" content=\"en_US\" \/>\n<meta property=\"og:type\" content=\"article\" \/>\n<meta property=\"og:title\" content=\"N\u00eb flamur Malazez\u00ebt duan yllin e 7-t\u00eb - Lajme nga Ulqini\" \/>\n<meta property=\"og:description\" content=\"N\u00eb Kosov\u00eb ka filluar punimet \u201cForumi i Miq\u00ebsis\u00eb Kosov\u00eb-Mali i Zi, Radovan Zogovi\u00e7\u201d. N\u00eb tryezat, q\u00eb jan\u00eb mbajtur n\u00eb Prishtin\u00eb gjat\u00eb s\u00eb h\u00ebn\u00ebs, por edhe n\u00eb\" \/>\n<meta property=\"og:url\" content=\"https:\/\/www.visit-ulcinj.com\/blog\/2013\/06\/04\/ne-flamur-malazezet-duan-yllin-e-7-te\/\" \/>\n<meta property=\"og:site_name\" content=\"Lajme nga Ulqini\" \/>\n<meta property=\"article:published_time\" content=\"2013-06-04T06:24:49+00:00\" \/>\n<meta property=\"og:image\" content=\"http:\/\/www.visit-ulcinj.com\/blog\/wp-content\/uploads\/2013\/06\/KOSOVA-MALI-I-ZI.jpg\" \/>\n<meta name=\"twitter:label1\" content=\"Written by\" \/>\n\t<meta name=\"twitter:data1\" content=\"ulqini\" \/>\n\t<meta name=\"twitter:label2\" content=\"Est. reading time\" \/>\n\t<meta name=\"twitter:data2\" content=\"3 minutes\" \/>\n<script type=\"application\/ld+json\" class=\"yoast-schema-graph\">{\"@context\":\"https:\/\/schema.org\",\"@graph\":[{\"@type\":\"WebSite\",\"@id\":\"https:\/\/www.visit-ulcinj.com\/blog\/#website\",\"url\":\"https:\/\/www.visit-ulcinj.com\/blog\/\",\"name\":\"Lajme nga Ulqini\",\"description\":\"Lajme,Vijesti,Ulqini,Ulqin,Crna Gora,Mali i Zi\",\"potentialAction\":[{\"@type\":\"SearchAction\",\"target\":{\"@type\":\"EntryPoint\",\"urlTemplate\":\"https:\/\/www.visit-ulcinj.com\/blog\/?s={search_term_string}\"},\"query-input\":\"required name=search_term_string\"}],\"inLanguage\":\"en-US\"},{\"@type\":\"ImageObject\",\"inLanguage\":\"en-US\",\"@id\":\"https:\/\/www.visit-ulcinj.com\/blog\/2013\/06\/04\/ne-flamur-malazezet-duan-yllin-e-7-te\/#primaryimage\",\"url\":\"https:\/\/www.visit-ulcinj.com\/blog\/wp-content\/uploads\/2013\/06\/KOSOVA-MALI-I-ZI.jpg\",\"contentUrl\":\"https:\/\/www.visit-ulcinj.com\/blog\/wp-content\/uploads\/2013\/06\/KOSOVA-MALI-I-ZI.jpg\",\"width\":385,\"height\":290},{\"@type\":\"WebPage\",\"@id\":\"https:\/\/www.visit-ulcinj.com\/blog\/2013\/06\/04\/ne-flamur-malazezet-duan-yllin-e-7-te\/#webpage\",\"url\":\"https:\/\/www.visit-ulcinj.com\/blog\/2013\/06\/04\/ne-flamur-malazezet-duan-yllin-e-7-te\/\",\"name\":\"N\u00eb flamur Malazez\u00ebt duan yllin e 7-t\u00eb - Lajme nga Ulqini\",\"isPartOf\":{\"@id\":\"https:\/\/www.visit-ulcinj.com\/blog\/#website\"},\"primaryImageOfPage\":{\"@id\":\"https:\/\/www.visit-ulcinj.com\/blog\/2013\/06\/04\/ne-flamur-malazezet-duan-yllin-e-7-te\/#primaryimage\"},\"datePublished\":\"2013-06-04T06:24:49+00:00\",\"dateModified\":\"2013-06-04T06:24:49+00:00\",\"author\":{\"@id\":\"https:\/\/www.visit-ulcinj.com\/blog\/#\/schema\/person\/dcab619c614d3038751c63bc2aadc06d\"},\"description\":\"N\u00eb Kosov\u00eb ka filluar punimet \u201cForumi i Miq\u00ebsis\u00eb Kosov\u00eb-Mali i Zi, Radovan Zogovi\u00e7\u201d. N\u00eb tryezat, q\u00eb jan\u00eb mbajtur n\u00eb Prishtin\u00eb gjat\u00eb s\u00eb h\u00ebn\u00ebs, por edhe n\u00eb\",\"breadcrumb\":{\"@id\":\"https:\/\/www.visit-ulcinj.com\/blog\/2013\/06\/04\/ne-flamur-malazezet-duan-yllin-e-7-te\/#breadcrumb\"},\"inLanguage\":\"en-US\",\"potentialAction\":[{\"@type\":\"ReadAction\",\"target\":[\"https:\/\/www.visit-ulcinj.com\/blog\/2013\/06\/04\/ne-flamur-malazezet-duan-yllin-e-7-te\/\"]}]},{\"@type\":\"BreadcrumbList\",\"@id\":\"https:\/\/www.visit-ulcinj.com\/blog\/2013\/06\/04\/ne-flamur-malazezet-duan-yllin-e-7-te\/#breadcrumb\",\"itemListElement\":[{\"@type\":\"ListItem\",\"position\":1,\"name\":\"N\u00eb flamur Malazez\u00ebt duan yllin e 7-t\u00eb\"}]},{\"@type\":\"Person\",\"@id\":\"https:\/\/www.visit-ulcinj.com\/blog\/#\/schema\/person\/dcab619c614d3038751c63bc2aadc06d\",\"name\":\"ulqini\",\"sameAs\":[\"http:\/\/www.visit-ulcinj.com\"],\"url\":\"https:\/\/www.visit-ulcinj.com\/blog\/author\/admin\/\"}]}<\/script>\n<!-- \/ Yoast SEO plugin. -->","yoast_head_json":{"title":"N\u00eb flamur Malazez\u00ebt duan yllin e 7-t\u00eb - Lajme nga Ulqini","description":"N\u00eb Kosov\u00eb ka filluar punimet \u201cForumi i Miq\u00ebsis\u00eb Kosov\u00eb-Mali i Zi, Radovan Zogovi\u00e7\u201d. N\u00eb tryezat, q\u00eb jan\u00eb mbajtur n\u00eb Prishtin\u00eb gjat\u00eb s\u00eb h\u00ebn\u00ebs, por edhe n\u00eb","robots":{"index":"index","follow":"follow","max-snippet":"max-snippet:-1","max-image-preview":"max-image-preview:large","max-video-preview":"max-video-preview:-1"},"canonical":"https:\/\/www.visit-ulcinj.com\/blog\/2013\/06\/04\/ne-flamur-malazezet-duan-yllin-e-7-te\/","og_locale":"en_US","og_type":"article","og_title":"N\u00eb flamur Malazez\u00ebt duan yllin e 7-t\u00eb - Lajme nga Ulqini","og_description":"N\u00eb Kosov\u00eb ka filluar punimet \u201cForumi i Miq\u00ebsis\u00eb Kosov\u00eb-Mali i Zi, Radovan Zogovi\u00e7\u201d. N\u00eb tryezat, q\u00eb jan\u00eb mbajtur n\u00eb Prishtin\u00eb gjat\u00eb s\u00eb h\u00ebn\u00ebs, por edhe n\u00eb","og_url":"https:\/\/www.visit-ulcinj.com\/blog\/2013\/06\/04\/ne-flamur-malazezet-duan-yllin-e-7-te\/","og_site_name":"Lajme nga Ulqini","article_published_time":"2013-06-04T06:24:49+00:00","og_image":[{"url":"http:\/\/www.visit-ulcinj.com\/blog\/wp-content\/uploads\/2013\/06\/KOSOVA-MALI-I-ZI.jpg"}],"twitter_misc":{"Written by":"ulqini","Est. reading time":"3 minutes"},"schema":{"@context":"https:\/\/schema.org","@graph":[{"@type":"WebSite","@id":"https:\/\/www.visit-ulcinj.com\/blog\/#website","url":"https:\/\/www.visit-ulcinj.com\/blog\/","name":"Lajme nga Ulqini","description":"Lajme,Vijesti,Ulqini,Ulqin,Crna Gora,Mali i Zi","potentialAction":[{"@type":"SearchAction","target":{"@type":"EntryPoint","urlTemplate":"https:\/\/www.visit-ulcinj.com\/blog\/?s={search_term_string}"},"query-input":"required name=search_term_string"}],"inLanguage":"en-US"},{"@type":"ImageObject","inLanguage":"en-US","@id":"https:\/\/www.visit-ulcinj.com\/blog\/2013\/06\/04\/ne-flamur-malazezet-duan-yllin-e-7-te\/#primaryimage","url":"https:\/\/www.visit-ulcinj.com\/blog\/wp-content\/uploads\/2013\/06\/KOSOVA-MALI-I-ZI.jpg","contentUrl":"https:\/\/www.visit-ulcinj.com\/blog\/wp-content\/uploads\/2013\/06\/KOSOVA-MALI-I-ZI.jpg","width":385,"height":290},{"@type":"WebPage","@id":"https:\/\/www.visit-ulcinj.com\/blog\/2013\/06\/04\/ne-flamur-malazezet-duan-yllin-e-7-te\/#webpage","url":"https:\/\/www.visit-ulcinj.com\/blog\/2013\/06\/04\/ne-flamur-malazezet-duan-yllin-e-7-te\/","name":"N\u00eb flamur Malazez\u00ebt duan yllin e 7-t\u00eb - Lajme nga Ulqini","isPartOf":{"@id":"https:\/\/www.visit-ulcinj.com\/blog\/#website"},"primaryImageOfPage":{"@id":"https:\/\/www.visit-ulcinj.com\/blog\/2013\/06\/04\/ne-flamur-malazezet-duan-yllin-e-7-te\/#primaryimage"},"datePublished":"2013-06-04T06:24:49+00:00","dateModified":"2013-06-04T06:24:49+00:00","author":{"@id":"https:\/\/www.visit-ulcinj.com\/blog\/#\/schema\/person\/dcab619c614d3038751c63bc2aadc06d"},"description":"N\u00eb Kosov\u00eb ka filluar punimet \u201cForumi i Miq\u00ebsis\u00eb Kosov\u00eb-Mali i Zi, Radovan Zogovi\u00e7\u201d. N\u00eb tryezat, q\u00eb jan\u00eb mbajtur n\u00eb Prishtin\u00eb gjat\u00eb s\u00eb h\u00ebn\u00ebs, por edhe n\u00eb","breadcrumb":{"@id":"https:\/\/www.visit-ulcinj.com\/blog\/2013\/06\/04\/ne-flamur-malazezet-duan-yllin-e-7-te\/#breadcrumb"},"inLanguage":"en-US","potentialAction":[{"@type":"ReadAction","target":["https:\/\/www.visit-ulcinj.com\/blog\/2013\/06\/04\/ne-flamur-malazezet-duan-yllin-e-7-te\/"]}]},{"@type":"BreadcrumbList","@id":"https:\/\/www.visit-ulcinj.com\/blog\/2013\/06\/04\/ne-flamur-malazezet-duan-yllin-e-7-te\/#breadcrumb","itemListElement":[{"@type":"ListItem","position":1,"name":"N\u00eb flamur Malazez\u00ebt duan yllin e 7-t\u00eb"}]},{"@type":"Person","@id":"https:\/\/www.visit-ulcinj.com\/blog\/#\/schema\/person\/dcab619c614d3038751c63bc2aadc06d","name":"ulqini","sameAs":["http:\/\/www.visit-ulcinj.com"],"url":"https:\/\/www.visit-ulcinj.com\/blog\/author\/admin\/"}]}},"jetpack_featured_media_url":"","jetpack_sharing_enabled":true,"jetpack_shortlink":"https:\/\/wp.me\/pe6lTn-iK8","_links":{"self":[{"href":"https:\/\/www.visit-ulcinj.com\/blog\/wp-json\/wp\/v2\/posts\/72052"}],"collection":[{"href":"https:\/\/www.visit-ulcinj.com\/blog\/wp-json\/wp\/v2\/posts"}],"about":[{"href":"https:\/\/www.visit-ulcinj.com\/blog\/wp-json\/wp\/v2\/types\/post"}],"author":[{"embeddable":true,"href":"https:\/\/www.visit-ulcinj.com\/blog\/wp-json\/wp\/v2\/users\/1"}],"replies":[{"embeddable":true,"href":"https:\/\/www.visit-ulcinj.com\/blog\/wp-json\/wp\/v2\/comments?post=72052"}],"version-history":[{"count":1,"href":"https:\/\/www.visit-ulcinj.com\/blog\/wp-json\/wp\/v2\/posts\/72052\/revisions"}],"predecessor-version":[{"id":72054,"href":"https:\/\/www.visit-ulcinj.com\/blog\/wp-json\/wp\/v2\/posts\/72052\/revisions\/72054"}],"wp:attachment":[{"href":"https:\/\/www.visit-ulcinj.com\/blog\/wp-json\/wp\/v2\/media?parent=72052"}],"wp:term":[{"taxonomy":"category","embeddable":true,"href":"https:\/\/www.visit-ulcinj.com\/blog\/wp-json\/wp\/v2\/categories?post=72052"},{"taxonomy":"post_tag","embeddable":true,"href":"https:\/\/www.visit-ulcinj.com\/blog\/wp-json\/wp\/v2\/tags?post=72052"}],"curies":[{"name":"wp","href":"https:\/\/api.w.org\/{rel}","templated":true}]}}