{"id":72061,"date":"2013-06-04T14:50:58","date_gmt":"2013-06-04T13:50:58","guid":{"rendered":"http:\/\/www.visit-ulcinj.com\/blog\/?p=72061"},"modified":"2013-06-05T06:57:57","modified_gmt":"2013-06-05T05:57:57","slug":"bashkesia-islame-e-ulqinit-do-vendose-gurthemelim-e-medresese-per-femra-me-9-06-13","status":"publish","type":"post","link":"https:\/\/www.visit-ulcinj.com\/blog\/2013\/06\/04\/bashkesia-islame-e-ulqinit-do-vendose-gurthemelim-e-medresese-per-femra-me-9-06-13\/","title":{"rendered":"Bashk\u00ebsia islame e Ulqinit do vendose gurthemelim e Medreses\u00eb p\u00ebr femra me 9.06.13"},"content":{"rendered":"<p><a href=\"http:\/\/www.visit-ulcinj.com\/blog\/wp-content\/uploads\/2013\/06\/Gurthemeli-i-Medreses-per-femra-ne-fushe-te-Ulqinit.jpg\"><img loading=\"lazy\" class=\"alignleft  wp-image-72062\" alt=\"Gurthemeli i Medreses per femra ne fushe te Ulqinit\" src=\"http:\/\/www.visit-ulcinj.com\/blog\/wp-content\/uploads\/2013\/06\/Gurthemeli-i-Medreses-per-femra-ne-fushe-te-Ulqinit.jpg\" width=\"508\" height=\"400\" \/><\/a>Dita e\u00a0diel\u00eb do t\u00eb jet\u00eb mjaft e shenjt\u00eb p\u00ebr mysliman\u00ebt, pasi\u00a0me 9 qershor 2013 do t\u00eb filloj\u00eb dhe puna p\u00ebr ngritjen e Xhamis\u00eb s\u00eb Madhe n\u00eb fushen e Ulqinit.<\/p>\n<p>N\u00eb nj\u00eb deklarat\u00eb p\u00ebr mediat nga Bashk\u00ebsia islame e Ulqinit deklaruan q\u00eb n\u00eb k\u00ebto manifestime do t\u00eb marrin pjes\u00eb num\u00ebr i madh i t\u00eb ftuarve t\u00eb shquar, si dhe qytetar\u00ebt nga Ulqini dhe rrethi, duke ftuar t\u00eb gjith\u00eb besimtar\u00ebt q\u00eb t\u00eb jen\u00eb t\u00eb pranish\u00ebm me\u00a09 qershor 2013 n\u00eb momentin e v\u00ebnies s\u00eb gurthemelit t\u00eb par\u00eb.<\/p>\n<p>Duke paralajmruar q\u00eb disa vite me radh\u00eb se ka nisur grumbullimi i mjeteve financiare p\u00ebr nd\u00ebrtimin e xhamis\u00eb n\u00eb Fush\u00eb t\u00eb Ulqinit, xhamia kjo e shum\u00ebpritur. Xhamia do t\u00eb jet\u00eb shum\u00eb funksionale: 500 vende p\u00ebr falje, vend p\u00ebr mir\u00ebmbajtjen dhe pregaditjen e xhenazes (gasulhanja), mejtep, bibliotek\u00eb, sall\u00eb, kafiteri, vende p\u00ebr parkim etj.<\/p>\n","protected":false},"excerpt":{"rendered":"<p>Dita e\u00a0diel\u00eb do t\u00eb jet\u00eb mjaft e shenjt\u00eb p\u00ebr mysliman\u00ebt, pasi\u00a0me 9 qershor 2013 do t\u00eb filloj\u00eb dhe puna p\u00ebr ngritjen e Xhamis\u00eb s\u00eb Madhe n\u00eb fushen e Ulqinit. N\u00eb nj\u00eb deklarat\u00eb p\u00ebr mediat nga Bashk\u00ebsia islame e Ulqinit deklaruan q\u00eb n\u00eb k\u00ebto manifestime do t\u00eb marrin pjes\u00eb num\u00ebr i madh i t\u00eb ftuarve t\u00eb [&hellip;]<\/p>\n","protected":false},"author":1,"featured_media":0,"comment_status":"open","ping_status":"closed","sticky":false,"template":"","format":"standard","meta":{"spay_email":"","jetpack_publicize_message":"","jetpack_is_tweetstorm":false,"jetpack_publicize_feature_enabled":true},"categories":[4,1],"tags":[],"jetpack_publicize_connections":[],"yoast_head":"<!-- This site is optimized with the Yoast SEO plugin v19.1 - https:\/\/yoast.com\/wordpress\/plugins\/seo\/ -->\n<title>Bashk\u00ebsia islame e Ulqinit do vendose gurthemelim e Medreses\u00eb p\u00ebr femra me 9.06.13 - Lajme nga Ulqini<\/title>\n<meta name=\"description\" content=\"Dita e\u00a0diel\u00eb do t\u00eb jet\u00eb mjaft e shenjt\u00eb p\u00ebr mysliman\u00ebt, pasi\u00a0me 9 qershor 2013 do t\u00eb filloj\u00eb dhe puna p\u00ebr ngritjen e Xhamis\u00eb s\u00eb Madhe n\u00eb fushen e Ulqinit.\" \/>\n<meta name=\"robots\" content=\"index, follow, max-snippet:-1, max-image-preview:large, max-video-preview:-1\" \/>\n<link rel=\"canonical\" href=\"https:\/\/www.visit-ulcinj.com\/blog\/2013\/06\/04\/bashkesia-islame-e-ulqinit-do-vendose-gurthemelim-e-medresese-per-femra-me-9-06-13\/\" \/>\n<meta property=\"og:locale\" content=\"en_US\" \/>\n<meta property=\"og:type\" content=\"article\" \/>\n<meta property=\"og:title\" content=\"Bashk\u00ebsia islame e Ulqinit do vendose gurthemelim e Medreses\u00eb p\u00ebr femra me 9.06.13 - Lajme nga Ulqini\" \/>\n<meta property=\"og:description\" content=\"Dita e\u00a0diel\u00eb do t\u00eb jet\u00eb mjaft e shenjt\u00eb p\u00ebr mysliman\u00ebt, pasi\u00a0me 9 qershor 2013 do t\u00eb filloj\u00eb dhe puna p\u00ebr ngritjen e Xhamis\u00eb s\u00eb Madhe n\u00eb fushen e Ulqinit.\" \/>\n<meta property=\"og:url\" content=\"https:\/\/www.visit-ulcinj.com\/blog\/2013\/06\/04\/bashkesia-islame-e-ulqinit-do-vendose-gurthemelim-e-medresese-per-femra-me-9-06-13\/\" \/>\n<meta property=\"og:site_name\" content=\"Lajme nga Ulqini\" \/>\n<meta property=\"article:published_time\" content=\"2013-06-04T13:50:58+00:00\" \/>\n<meta property=\"article:modified_time\" content=\"2013-06-05T05:57:57+00:00\" \/>\n<meta property=\"og:image\" content=\"http:\/\/www.visit-ulcinj.com\/blog\/wp-content\/uploads\/2013\/06\/Gurthemeli-i-Medreses-per-femra-ne-fushe-te-Ulqinit.jpg\" \/>\n<meta name=\"twitter:label1\" content=\"Written by\" \/>\n\t<meta name=\"twitter:data1\" content=\"ulqini\" \/>\n\t<meta name=\"twitter:label2\" content=\"Est. reading time\" \/>\n\t<meta name=\"twitter:data2\" content=\"1 minute\" \/>\n<script type=\"application\/ld+json\" class=\"yoast-schema-graph\">{\"@context\":\"https:\/\/schema.org\",\"@graph\":[{\"@type\":\"WebSite\",\"@id\":\"https:\/\/www.visit-ulcinj.com\/blog\/#website\",\"url\":\"https:\/\/www.visit-ulcinj.com\/blog\/\",\"name\":\"Lajme nga Ulqini\",\"description\":\"Lajme,Vijesti,Ulqini,Ulqin,Crna Gora,Mali i Zi\",\"potentialAction\":[{\"@type\":\"SearchAction\",\"target\":{\"@type\":\"EntryPoint\",\"urlTemplate\":\"https:\/\/www.visit-ulcinj.com\/blog\/?s={search_term_string}\"},\"query-input\":\"required name=search_term_string\"}],\"inLanguage\":\"en-US\"},{\"@type\":\"ImageObject\",\"inLanguage\":\"en-US\",\"@id\":\"https:\/\/www.visit-ulcinj.com\/blog\/2013\/06\/04\/bashkesia-islame-e-ulqinit-do-vendose-gurthemelim-e-medresese-per-femra-me-9-06-13\/#primaryimage\",\"url\":\"https:\/\/www.visit-ulcinj.com\/blog\/wp-content\/uploads\/2013\/06\/Gurthemeli-i-Medreses-per-femra-ne-fushe-te-Ulqinit.jpg\",\"contentUrl\":\"https:\/\/www.visit-ulcinj.com\/blog\/wp-content\/uploads\/2013\/06\/Gurthemeli-i-Medreses-per-femra-ne-fushe-te-Ulqinit.jpg\",\"width\":585,\"height\":430},{\"@type\":\"WebPage\",\"@id\":\"https:\/\/www.visit-ulcinj.com\/blog\/2013\/06\/04\/bashkesia-islame-e-ulqinit-do-vendose-gurthemelim-e-medresese-per-femra-me-9-06-13\/#webpage\",\"url\":\"https:\/\/www.visit-ulcinj.com\/blog\/2013\/06\/04\/bashkesia-islame-e-ulqinit-do-vendose-gurthemelim-e-medresese-per-femra-me-9-06-13\/\",\"name\":\"Bashk\u00ebsia islame e Ulqinit do vendose gurthemelim e Medreses\u00eb p\u00ebr femra me 9.06.13 - Lajme nga Ulqini\",\"isPartOf\":{\"@id\":\"https:\/\/www.visit-ulcinj.com\/blog\/#website\"},\"primaryImageOfPage\":{\"@id\":\"https:\/\/www.visit-ulcinj.com\/blog\/2013\/06\/04\/bashkesia-islame-e-ulqinit-do-vendose-gurthemelim-e-medresese-per-femra-me-9-06-13\/#primaryimage\"},\"datePublished\":\"2013-06-04T13:50:58+00:00\",\"dateModified\":\"2013-06-05T05:57:57+00:00\",\"author\":{\"@id\":\"https:\/\/www.visit-ulcinj.com\/blog\/#\/schema\/person\/dcab619c614d3038751c63bc2aadc06d\"},\"description\":\"Dita e\u00a0diel\u00eb do t\u00eb jet\u00eb mjaft e shenjt\u00eb p\u00ebr mysliman\u00ebt, pasi\u00a0me 9 qershor 2013 do t\u00eb filloj\u00eb dhe puna p\u00ebr ngritjen e Xhamis\u00eb s\u00eb Madhe n\u00eb fushen e Ulqinit.\",\"breadcrumb\":{\"@id\":\"https:\/\/www.visit-ulcinj.com\/blog\/2013\/06\/04\/bashkesia-islame-e-ulqinit-do-vendose-gurthemelim-e-medresese-per-femra-me-9-06-13\/#breadcrumb\"},\"inLanguage\":\"en-US\",\"potentialAction\":[{\"@type\":\"ReadAction\",\"target\":[\"https:\/\/www.visit-ulcinj.com\/blog\/2013\/06\/04\/bashkesia-islame-e-ulqinit-do-vendose-gurthemelim-e-medresese-per-femra-me-9-06-13\/\"]}]},{\"@type\":\"BreadcrumbList\",\"@id\":\"https:\/\/www.visit-ulcinj.com\/blog\/2013\/06\/04\/bashkesia-islame-e-ulqinit-do-vendose-gurthemelim-e-medresese-per-femra-me-9-06-13\/#breadcrumb\",\"itemListElement\":[{\"@type\":\"ListItem\",\"position\":1,\"name\":\"Bashk\u00ebsia islame e Ulqinit do vendose gurthemelim e Medreses\u00eb p\u00ebr femra me 9.06.13\"}]},{\"@type\":\"Person\",\"@id\":\"https:\/\/www.visit-ulcinj.com\/blog\/#\/schema\/person\/dcab619c614d3038751c63bc2aadc06d\",\"name\":\"ulqini\",\"sameAs\":[\"http:\/\/www.visit-ulcinj.com\"],\"url\":\"https:\/\/www.visit-ulcinj.com\/blog\/author\/admin\/\"}]}<\/script>\n<!-- \/ Yoast SEO plugin. -->","yoast_head_json":{"title":"Bashk\u00ebsia islame e Ulqinit do vendose gurthemelim e Medreses\u00eb p\u00ebr femra me 9.06.13 - Lajme nga Ulqini","description":"Dita e\u00a0diel\u00eb do t\u00eb jet\u00eb mjaft e shenjt\u00eb p\u00ebr mysliman\u00ebt, pasi\u00a0me 9 qershor 2013 do t\u00eb filloj\u00eb dhe puna p\u00ebr ngritjen e Xhamis\u00eb s\u00eb Madhe n\u00eb fushen e Ulqinit.","robots":{"index":"index","follow":"follow","max-snippet":"max-snippet:-1","max-image-preview":"max-image-preview:large","max-video-preview":"max-video-preview:-1"},"canonical":"https:\/\/www.visit-ulcinj.com\/blog\/2013\/06\/04\/bashkesia-islame-e-ulqinit-do-vendose-gurthemelim-e-medresese-per-femra-me-9-06-13\/","og_locale":"en_US","og_type":"article","og_title":"Bashk\u00ebsia islame e Ulqinit do vendose gurthemelim e Medreses\u00eb p\u00ebr femra me 9.06.13 - Lajme nga Ulqini","og_description":"Dita e\u00a0diel\u00eb do t\u00eb jet\u00eb mjaft e shenjt\u00eb p\u00ebr mysliman\u00ebt, pasi\u00a0me 9 qershor 2013 do t\u00eb filloj\u00eb dhe puna p\u00ebr ngritjen e Xhamis\u00eb s\u00eb Madhe n\u00eb fushen e Ulqinit.","og_url":"https:\/\/www.visit-ulcinj.com\/blog\/2013\/06\/04\/bashkesia-islame-e-ulqinit-do-vendose-gurthemelim-e-medresese-per-femra-me-9-06-13\/","og_site_name":"Lajme nga Ulqini","article_published_time":"2013-06-04T13:50:58+00:00","article_modified_time":"2013-06-05T05:57:57+00:00","og_image":[{"url":"http:\/\/www.visit-ulcinj.com\/blog\/wp-content\/uploads\/2013\/06\/Gurthemeli-i-Medreses-per-femra-ne-fushe-te-Ulqinit.jpg"}],"twitter_misc":{"Written by":"ulqini","Est. reading time":"1 minute"},"schema":{"@context":"https:\/\/schema.org","@graph":[{"@type":"WebSite","@id":"https:\/\/www.visit-ulcinj.com\/blog\/#website","url":"https:\/\/www.visit-ulcinj.com\/blog\/","name":"Lajme nga Ulqini","description":"Lajme,Vijesti,Ulqini,Ulqin,Crna Gora,Mali i Zi","potentialAction":[{"@type":"SearchAction","target":{"@type":"EntryPoint","urlTemplate":"https:\/\/www.visit-ulcinj.com\/blog\/?s={search_term_string}"},"query-input":"required name=search_term_string"}],"inLanguage":"en-US"},{"@type":"ImageObject","inLanguage":"en-US","@id":"https:\/\/www.visit-ulcinj.com\/blog\/2013\/06\/04\/bashkesia-islame-e-ulqinit-do-vendose-gurthemelim-e-medresese-per-femra-me-9-06-13\/#primaryimage","url":"https:\/\/www.visit-ulcinj.com\/blog\/wp-content\/uploads\/2013\/06\/Gurthemeli-i-Medreses-per-femra-ne-fushe-te-Ulqinit.jpg","contentUrl":"https:\/\/www.visit-ulcinj.com\/blog\/wp-content\/uploads\/2013\/06\/Gurthemeli-i-Medreses-per-femra-ne-fushe-te-Ulqinit.jpg","width":585,"height":430},{"@type":"WebPage","@id":"https:\/\/www.visit-ulcinj.com\/blog\/2013\/06\/04\/bashkesia-islame-e-ulqinit-do-vendose-gurthemelim-e-medresese-per-femra-me-9-06-13\/#webpage","url":"https:\/\/www.visit-ulcinj.com\/blog\/2013\/06\/04\/bashkesia-islame-e-ulqinit-do-vendose-gurthemelim-e-medresese-per-femra-me-9-06-13\/","name":"Bashk\u00ebsia islame e Ulqinit do vendose gurthemelim e Medreses\u00eb p\u00ebr femra me 9.06.13 - Lajme nga Ulqini","isPartOf":{"@id":"https:\/\/www.visit-ulcinj.com\/blog\/#website"},"primaryImageOfPage":{"@id":"https:\/\/www.visit-ulcinj.com\/blog\/2013\/06\/04\/bashkesia-islame-e-ulqinit-do-vendose-gurthemelim-e-medresese-per-femra-me-9-06-13\/#primaryimage"},"datePublished":"2013-06-04T13:50:58+00:00","dateModified":"2013-06-05T05:57:57+00:00","author":{"@id":"https:\/\/www.visit-ulcinj.com\/blog\/#\/schema\/person\/dcab619c614d3038751c63bc2aadc06d"},"description":"Dita e\u00a0diel\u00eb do t\u00eb jet\u00eb mjaft e shenjt\u00eb p\u00ebr mysliman\u00ebt, pasi\u00a0me 9 qershor 2013 do t\u00eb filloj\u00eb dhe puna p\u00ebr ngritjen e Xhamis\u00eb s\u00eb Madhe n\u00eb fushen e Ulqinit.","breadcrumb":{"@id":"https:\/\/www.visit-ulcinj.com\/blog\/2013\/06\/04\/bashkesia-islame-e-ulqinit-do-vendose-gurthemelim-e-medresese-per-femra-me-9-06-13\/#breadcrumb"},"inLanguage":"en-US","potentialAction":[{"@type":"ReadAction","target":["https:\/\/www.visit-ulcinj.com\/blog\/2013\/06\/04\/bashkesia-islame-e-ulqinit-do-vendose-gurthemelim-e-medresese-per-femra-me-9-06-13\/"]}]},{"@type":"BreadcrumbList","@id":"https:\/\/www.visit-ulcinj.com\/blog\/2013\/06\/04\/bashkesia-islame-e-ulqinit-do-vendose-gurthemelim-e-medresese-per-femra-me-9-06-13\/#breadcrumb","itemListElement":[{"@type":"ListItem","position":1,"name":"Bashk\u00ebsia islame e Ulqinit do vendose gurthemelim e Medreses\u00eb p\u00ebr femra me 9.06.13"}]},{"@type":"Person","@id":"https:\/\/www.visit-ulcinj.com\/blog\/#\/schema\/person\/dcab619c614d3038751c63bc2aadc06d","name":"ulqini","sameAs":["http:\/\/www.visit-ulcinj.com"],"url":"https:\/\/www.visit-ulcinj.com\/blog\/author\/admin\/"}]}},"jetpack_featured_media_url":"","jetpack_sharing_enabled":true,"jetpack_shortlink":"https:\/\/wp.me\/pe6lTn-iKh","_links":{"self":[{"href":"https:\/\/www.visit-ulcinj.com\/blog\/wp-json\/wp\/v2\/posts\/72061"}],"collection":[{"href":"https:\/\/www.visit-ulcinj.com\/blog\/wp-json\/wp\/v2\/posts"}],"about":[{"href":"https:\/\/www.visit-ulcinj.com\/blog\/wp-json\/wp\/v2\/types\/post"}],"author":[{"embeddable":true,"href":"https:\/\/www.visit-ulcinj.com\/blog\/wp-json\/wp\/v2\/users\/1"}],"replies":[{"embeddable":true,"href":"https:\/\/www.visit-ulcinj.com\/blog\/wp-json\/wp\/v2\/comments?post=72061"}],"version-history":[{"count":4,"href":"https:\/\/www.visit-ulcinj.com\/blog\/wp-json\/wp\/v2\/posts\/72061\/revisions"}],"predecessor-version":[{"id":72066,"href":"https:\/\/www.visit-ulcinj.com\/blog\/wp-json\/wp\/v2\/posts\/72061\/revisions\/72066"}],"wp:attachment":[{"href":"https:\/\/www.visit-ulcinj.com\/blog\/wp-json\/wp\/v2\/media?parent=72061"}],"wp:term":[{"taxonomy":"category","embeddable":true,"href":"https:\/\/www.visit-ulcinj.com\/blog\/wp-json\/wp\/v2\/categories?post=72061"},{"taxonomy":"post_tag","embeddable":true,"href":"https:\/\/www.visit-ulcinj.com\/blog\/wp-json\/wp\/v2\/tags?post=72061"}],"curies":[{"name":"wp","href":"https:\/\/api.w.org\/{rel}","templated":true}]}}