{"id":72074,"date":"2013-06-05T14:30:05","date_gmt":"2013-06-05T13:30:05","guid":{"rendered":"http:\/\/www.visit-ulcinj.com\/blog\/?p=72074"},"modified":"2013-06-05T14:33:28","modified_gmt":"2013-06-05T13:33:28","slug":"tryez-e-rrumbullaket-monumentet-e-kultures-dhe-turizmi","status":"publish","type":"post","link":"https:\/\/www.visit-ulcinj.com\/blog\/2013\/06\/05\/tryez-e-rrumbullaket-monumentet-e-kultures-dhe-turizmi\/","title":{"rendered":"Tryez e rrumbullak\u00ebt: Monumentet e kultur\u00ebs dhe turizmi"},"content":{"rendered":"<p><b><a href=\"http:\/\/www.visit-ulcinj.com\/blog\/wp-content\/uploads\/2013\/06\/organizata-turistike-e-ulqinit.png\"><img loading=\"lazy\" class=\"alignleft  wp-image-72079\" alt=\"organizata turistike e ulqinit\" src=\"http:\/\/www.visit-ulcinj.com\/blog\/wp-content\/uploads\/2013\/06\/organizata-turistike-e-ulqinit.png\" width=\"508\" height=\"360\" \/><\/a>\u00a0<\/b><\/p>\n<p><b>ORGANIZATA TURISTIKE\u00a0\u00a0\u00a0\u00a0\u00a0\u00a0\u00a0\u00a0\u00a0\u00a0\u00a0\u00a0\u00a0\u00a0\u00a0\u00a0\u00a0\u00a0\u00a0\u00a0\u00a0\u00a0\u00a0\u00a0\u00a0\u00a0\u00a0\u00a0 IP QENDRA E KULTUR\u00cbS<\/b><\/p>\n<p><b>\u00a0\u00a0\u00a0\u00a0\u00a0\u00a0\u00a0\u00a0\u00a0\u00a0\u00a0\u00a0\u00a0\u00a0 ULQIN\u00a0\u00a0\u00a0\u00a0\u00a0\u00a0\u00a0\u00a0\u00a0\u00a0\u00a0\u00a0\u00a0\u00a0\u00a0\u00a0\u00a0\u00a0\u00a0\u00a0\u00a0\u00a0\u00a0\u00a0\u00a0\u00a0\u00a0\u00a0\u00a0\u00a0\u00a0\u00a0\u00a0\u00a0\u00a0\u00a0\u00a0\u00a0\u00a0\u00a0\u00a0\u00a0\u00a0\u00a0\u00a0\u00a0\u00a0\u00a0\u00a0\u00a0\u00a0\u00a0\u00a0\u00a0\u00a0\u00a0\u00a0\u00a0\u00a0\u00a0\u00a0\u00a0\u00a0\u00a0\u00a0 ULQIN<\/b><\/p>\n<p><b>\u00a0<\/b><\/p>\n<p align=\"center\"><b>Organizojn\u00eb<\/b><\/p>\n<p align=\"center\"><b>Tryez\u00ebn e rrumbullak\u00ebt<\/b><\/p>\n<p align=\"center\"><b>m\u00eb tem\u00eb<\/b><\/p>\n<p align=\"center\"><b>Monumentet E Kultur\u00ebs Dhe Turizmi<\/b><\/p>\n<p align=\"center\"><b>e h\u00ebn\u00eb, m\u00eb 10 qershor 2013, hotel Dulcigno, ora 11.00<\/b><\/p>\n<p align=\"center\"><b>\u00a0<\/b><\/p>\n<p align=\"center\"><b>Programi:<\/b><\/p>\n<p align=\"center\"><b>\u00a0<\/b><\/p>\n<p>11.00-Hapja e tryez\u00ebs s\u00eb rrumbullak\u00ebt<\/p>\n<p>11.00-11.15 P\u00ebrsh\u00ebndetja e organizator\u00ebve<\/p>\n<p>-Organizata Turistike Ulqin<\/p>\n<p>-Qendra e Kultur\u00ebs<\/p>\n<p>11.15-11.30 Ligjerat\u00eb hyr\u00ebse\u00a0 dr.Nail\u00a0 Draga<\/p>\n<p>11.30-12.30 Diskutimet<\/p>\n<p>12.30 P\u00ebrfundimet e tryez\u00ebs s\u00eb rrumbullak\u00ebt<\/p>\n<p>12.35 Mbyllja e tryez\u00ebs<\/p>\n","protected":false},"excerpt":{"rendered":"<p>\u00a0 ORGANIZATA TURISTIKE\u00a0\u00a0\u00a0\u00a0\u00a0\u00a0\u00a0\u00a0\u00a0\u00a0\u00a0\u00a0\u00a0\u00a0\u00a0\u00a0\u00a0\u00a0\u00a0\u00a0\u00a0\u00a0\u00a0\u00a0\u00a0\u00a0\u00a0\u00a0 IP QENDRA E KULTUR\u00cbS \u00a0\u00a0\u00a0\u00a0\u00a0\u00a0\u00a0\u00a0\u00a0\u00a0\u00a0\u00a0\u00a0\u00a0 ULQIN\u00a0\u00a0\u00a0\u00a0\u00a0\u00a0\u00a0\u00a0\u00a0\u00a0\u00a0\u00a0\u00a0\u00a0\u00a0\u00a0\u00a0\u00a0\u00a0\u00a0\u00a0\u00a0\u00a0\u00a0\u00a0\u00a0\u00a0\u00a0\u00a0\u00a0\u00a0\u00a0\u00a0\u00a0\u00a0\u00a0\u00a0\u00a0\u00a0\u00a0\u00a0\u00a0\u00a0\u00a0\u00a0\u00a0\u00a0\u00a0\u00a0\u00a0\u00a0\u00a0\u00a0\u00a0\u00a0\u00a0\u00a0\u00a0\u00a0\u00a0\u00a0\u00a0\u00a0\u00a0\u00a0 ULQIN \u00a0 Organizojn\u00eb Tryez\u00ebn e rrumbullak\u00ebt m\u00eb tem\u00eb Monumentet E Kultur\u00ebs Dhe Turizmi e h\u00ebn\u00eb, m\u00eb 10 qershor 2013, hotel Dulcigno, ora 11.00 \u00a0 Programi: \u00a0 11.00-Hapja e tryez\u00ebs s\u00eb rrumbullak\u00ebt 11.00-11.15 P\u00ebrsh\u00ebndetja e organizator\u00ebve -Organizata Turistike Ulqin -Qendra e Kultur\u00ebs 11.15-11.30 Ligjerat\u00eb hyr\u00ebse\u00a0 dr.Nail\u00a0 Draga [&hellip;]<\/p>\n","protected":false},"author":1,"featured_media":0,"comment_status":"closed","ping_status":"closed","sticky":false,"template":"","format":"standard","meta":{"spay_email":"","jetpack_publicize_message":"","jetpack_is_tweetstorm":false,"jetpack_publicize_feature_enabled":true},"categories":[6950],"tags":[],"jetpack_publicize_connections":[],"yoast_head":"<!-- This site is optimized with the Yoast SEO plugin v19.1 - https:\/\/yoast.com\/wordpress\/plugins\/seo\/ -->\n<title>Tryez e rrumbullak\u00ebt: Monumentet e kultur\u00ebs dhe turizmi - Lajme nga Ulqini<\/title>\n<meta name=\"description\" content=\"\u00a0 ORGANIZATA TURISTIKE\u00a0\u00a0\u00a0\u00a0\u00a0\u00a0\u00a0\u00a0\u00a0\u00a0\u00a0\u00a0\u00a0\u00a0\u00a0\u00a0\u00a0\u00a0\u00a0\u00a0\u00a0\u00a0\u00a0\u00a0\u00a0\u00a0\u00a0\u00a0 IP QENDRA E KULTUR\u00cbS \u00a0\u00a0\u00a0\u00a0\u00a0\u00a0\u00a0\u00a0\u00a0\u00a0\u00a0\u00a0\u00a0\u00a0\" \/>\n<meta name=\"robots\" content=\"index, follow, max-snippet:-1, max-image-preview:large, max-video-preview:-1\" \/>\n<link rel=\"canonical\" href=\"https:\/\/www.visit-ulcinj.com\/blog\/2013\/06\/05\/tryez-e-rrumbullaket-monumentet-e-kultures-dhe-turizmi\/\" \/>\n<meta property=\"og:locale\" content=\"en_US\" \/>\n<meta property=\"og:type\" content=\"article\" \/>\n<meta property=\"og:title\" content=\"Tryez e rrumbullak\u00ebt: Monumentet e kultur\u00ebs dhe turizmi - Lajme nga Ulqini\" \/>\n<meta property=\"og:description\" content=\"\u00a0 ORGANIZATA TURISTIKE\u00a0\u00a0\u00a0\u00a0\u00a0\u00a0\u00a0\u00a0\u00a0\u00a0\u00a0\u00a0\u00a0\u00a0\u00a0\u00a0\u00a0\u00a0\u00a0\u00a0\u00a0\u00a0\u00a0\u00a0\u00a0\u00a0\u00a0\u00a0 IP QENDRA E KULTUR\u00cbS \u00a0\u00a0\u00a0\u00a0\u00a0\u00a0\u00a0\u00a0\u00a0\u00a0\u00a0\u00a0\u00a0\u00a0\" \/>\n<meta property=\"og:url\" content=\"https:\/\/www.visit-ulcinj.com\/blog\/2013\/06\/05\/tryez-e-rrumbullaket-monumentet-e-kultures-dhe-turizmi\/\" \/>\n<meta property=\"og:site_name\" content=\"Lajme nga Ulqini\" \/>\n<meta property=\"article:published_time\" content=\"2013-06-05T13:30:05+00:00\" \/>\n<meta property=\"article:modified_time\" content=\"2013-06-05T13:33:28+00:00\" \/>\n<meta property=\"og:image\" content=\"http:\/\/www.visit-ulcinj.com\/blog\/wp-content\/uploads\/2013\/06\/organizata-turistike-e-ulqinit.png\" \/>\n<meta name=\"twitter:label1\" content=\"Written by\" \/>\n\t<meta name=\"twitter:data1\" content=\"ulqini\" \/>\n<script type=\"application\/ld+json\" class=\"yoast-schema-graph\">{\"@context\":\"https:\/\/schema.org\",\"@graph\":[{\"@type\":\"WebSite\",\"@id\":\"https:\/\/www.visit-ulcinj.com\/blog\/#website\",\"url\":\"https:\/\/www.visit-ulcinj.com\/blog\/\",\"name\":\"Lajme nga Ulqini\",\"description\":\"Lajme,Vijesti,Ulqini,Ulqin,Crna Gora,Mali i Zi\",\"potentialAction\":[{\"@type\":\"SearchAction\",\"target\":{\"@type\":\"EntryPoint\",\"urlTemplate\":\"https:\/\/www.visit-ulcinj.com\/blog\/?s={search_term_string}\"},\"query-input\":\"required name=search_term_string\"}],\"inLanguage\":\"en-US\"},{\"@type\":\"ImageObject\",\"inLanguage\":\"en-US\",\"@id\":\"https:\/\/www.visit-ulcinj.com\/blog\/2013\/06\/05\/tryez-e-rrumbullaket-monumentet-e-kultures-dhe-turizmi\/#primaryimage\",\"url\":\"https:\/\/www.visit-ulcinj.com\/blog\/wp-content\/uploads\/2013\/06\/organizata-turistike-e-ulqinit.png\",\"contentUrl\":\"https:\/\/www.visit-ulcinj.com\/blog\/wp-content\/uploads\/2013\/06\/organizata-turistike-e-ulqinit.png\",\"width\":800,\"height\":391},{\"@type\":\"WebPage\",\"@id\":\"https:\/\/www.visit-ulcinj.com\/blog\/2013\/06\/05\/tryez-e-rrumbullaket-monumentet-e-kultures-dhe-turizmi\/#webpage\",\"url\":\"https:\/\/www.visit-ulcinj.com\/blog\/2013\/06\/05\/tryez-e-rrumbullaket-monumentet-e-kultures-dhe-turizmi\/\",\"name\":\"Tryez e rrumbullak\u00ebt: Monumentet e kultur\u00ebs dhe turizmi - Lajme nga Ulqini\",\"isPartOf\":{\"@id\":\"https:\/\/www.visit-ulcinj.com\/blog\/#website\"},\"primaryImageOfPage\":{\"@id\":\"https:\/\/www.visit-ulcinj.com\/blog\/2013\/06\/05\/tryez-e-rrumbullaket-monumentet-e-kultures-dhe-turizmi\/#primaryimage\"},\"datePublished\":\"2013-06-05T13:30:05+00:00\",\"dateModified\":\"2013-06-05T13:33:28+00:00\",\"author\":{\"@id\":\"https:\/\/www.visit-ulcinj.com\/blog\/#\/schema\/person\/dcab619c614d3038751c63bc2aadc06d\"},\"description\":\"\u00a0 ORGANIZATA TURISTIKE\u00a0\u00a0\u00a0\u00a0\u00a0\u00a0\u00a0\u00a0\u00a0\u00a0\u00a0\u00a0\u00a0\u00a0\u00a0\u00a0\u00a0\u00a0\u00a0\u00a0\u00a0\u00a0\u00a0\u00a0\u00a0\u00a0\u00a0\u00a0 IP QENDRA E KULTUR\u00cbS \u00a0\u00a0\u00a0\u00a0\u00a0\u00a0\u00a0\u00a0\u00a0\u00a0\u00a0\u00a0\u00a0\u00a0\",\"breadcrumb\":{\"@id\":\"https:\/\/www.visit-ulcinj.com\/blog\/2013\/06\/05\/tryez-e-rrumbullaket-monumentet-e-kultures-dhe-turizmi\/#breadcrumb\"},\"inLanguage\":\"en-US\",\"potentialAction\":[{\"@type\":\"ReadAction\",\"target\":[\"https:\/\/www.visit-ulcinj.com\/blog\/2013\/06\/05\/tryez-e-rrumbullaket-monumentet-e-kultures-dhe-turizmi\/\"]}]},{\"@type\":\"BreadcrumbList\",\"@id\":\"https:\/\/www.visit-ulcinj.com\/blog\/2013\/06\/05\/tryez-e-rrumbullaket-monumentet-e-kultures-dhe-turizmi\/#breadcrumb\",\"itemListElement\":[{\"@type\":\"ListItem\",\"position\":1,\"name\":\"Tryez e rrumbullak\u00ebt: Monumentet e kultur\u00ebs dhe turizmi\"}]},{\"@type\":\"Person\",\"@id\":\"https:\/\/www.visit-ulcinj.com\/blog\/#\/schema\/person\/dcab619c614d3038751c63bc2aadc06d\",\"name\":\"ulqini\",\"sameAs\":[\"http:\/\/www.visit-ulcinj.com\"],\"url\":\"https:\/\/www.visit-ulcinj.com\/blog\/author\/admin\/\"}]}<\/script>\n<!-- \/ Yoast SEO plugin. -->","yoast_head_json":{"title":"Tryez e rrumbullak\u00ebt: Monumentet e kultur\u00ebs dhe turizmi - Lajme nga Ulqini","description":"\u00a0 ORGANIZATA TURISTIKE\u00a0\u00a0\u00a0\u00a0\u00a0\u00a0\u00a0\u00a0\u00a0\u00a0\u00a0\u00a0\u00a0\u00a0\u00a0\u00a0\u00a0\u00a0\u00a0\u00a0\u00a0\u00a0\u00a0\u00a0\u00a0\u00a0\u00a0\u00a0 IP QENDRA E KULTUR\u00cbS \u00a0\u00a0\u00a0\u00a0\u00a0\u00a0\u00a0\u00a0\u00a0\u00a0\u00a0\u00a0\u00a0\u00a0","robots":{"index":"index","follow":"follow","max-snippet":"max-snippet:-1","max-image-preview":"max-image-preview:large","max-video-preview":"max-video-preview:-1"},"canonical":"https:\/\/www.visit-ulcinj.com\/blog\/2013\/06\/05\/tryez-e-rrumbullaket-monumentet-e-kultures-dhe-turizmi\/","og_locale":"en_US","og_type":"article","og_title":"Tryez e rrumbullak\u00ebt: Monumentet e kultur\u00ebs dhe turizmi - Lajme nga Ulqini","og_description":"\u00a0 ORGANIZATA TURISTIKE\u00a0\u00a0\u00a0\u00a0\u00a0\u00a0\u00a0\u00a0\u00a0\u00a0\u00a0\u00a0\u00a0\u00a0\u00a0\u00a0\u00a0\u00a0\u00a0\u00a0\u00a0\u00a0\u00a0\u00a0\u00a0\u00a0\u00a0\u00a0 IP QENDRA E KULTUR\u00cbS \u00a0\u00a0\u00a0\u00a0\u00a0\u00a0\u00a0\u00a0\u00a0\u00a0\u00a0\u00a0\u00a0\u00a0","og_url":"https:\/\/www.visit-ulcinj.com\/blog\/2013\/06\/05\/tryez-e-rrumbullaket-monumentet-e-kultures-dhe-turizmi\/","og_site_name":"Lajme nga Ulqini","article_published_time":"2013-06-05T13:30:05+00:00","article_modified_time":"2013-06-05T13:33:28+00:00","og_image":[{"url":"http:\/\/www.visit-ulcinj.com\/blog\/wp-content\/uploads\/2013\/06\/organizata-turistike-e-ulqinit.png"}],"twitter_misc":{"Written by":"ulqini"},"schema":{"@context":"https:\/\/schema.org","@graph":[{"@type":"WebSite","@id":"https:\/\/www.visit-ulcinj.com\/blog\/#website","url":"https:\/\/www.visit-ulcinj.com\/blog\/","name":"Lajme nga Ulqini","description":"Lajme,Vijesti,Ulqini,Ulqin,Crna Gora,Mali i Zi","potentialAction":[{"@type":"SearchAction","target":{"@type":"EntryPoint","urlTemplate":"https:\/\/www.visit-ulcinj.com\/blog\/?s={search_term_string}"},"query-input":"required name=search_term_string"}],"inLanguage":"en-US"},{"@type":"ImageObject","inLanguage":"en-US","@id":"https:\/\/www.visit-ulcinj.com\/blog\/2013\/06\/05\/tryez-e-rrumbullaket-monumentet-e-kultures-dhe-turizmi\/#primaryimage","url":"https:\/\/www.visit-ulcinj.com\/blog\/wp-content\/uploads\/2013\/06\/organizata-turistike-e-ulqinit.png","contentUrl":"https:\/\/www.visit-ulcinj.com\/blog\/wp-content\/uploads\/2013\/06\/organizata-turistike-e-ulqinit.png","width":800,"height":391},{"@type":"WebPage","@id":"https:\/\/www.visit-ulcinj.com\/blog\/2013\/06\/05\/tryez-e-rrumbullaket-monumentet-e-kultures-dhe-turizmi\/#webpage","url":"https:\/\/www.visit-ulcinj.com\/blog\/2013\/06\/05\/tryez-e-rrumbullaket-monumentet-e-kultures-dhe-turizmi\/","name":"Tryez e rrumbullak\u00ebt: Monumentet e kultur\u00ebs dhe turizmi - Lajme nga Ulqini","isPartOf":{"@id":"https:\/\/www.visit-ulcinj.com\/blog\/#website"},"primaryImageOfPage":{"@id":"https:\/\/www.visit-ulcinj.com\/blog\/2013\/06\/05\/tryez-e-rrumbullaket-monumentet-e-kultures-dhe-turizmi\/#primaryimage"},"datePublished":"2013-06-05T13:30:05+00:00","dateModified":"2013-06-05T13:33:28+00:00","author":{"@id":"https:\/\/www.visit-ulcinj.com\/blog\/#\/schema\/person\/dcab619c614d3038751c63bc2aadc06d"},"description":"\u00a0 ORGANIZATA TURISTIKE\u00a0\u00a0\u00a0\u00a0\u00a0\u00a0\u00a0\u00a0\u00a0\u00a0\u00a0\u00a0\u00a0\u00a0\u00a0\u00a0\u00a0\u00a0\u00a0\u00a0\u00a0\u00a0\u00a0\u00a0\u00a0\u00a0\u00a0\u00a0 IP QENDRA E KULTUR\u00cbS \u00a0\u00a0\u00a0\u00a0\u00a0\u00a0\u00a0\u00a0\u00a0\u00a0\u00a0\u00a0\u00a0\u00a0","breadcrumb":{"@id":"https:\/\/www.visit-ulcinj.com\/blog\/2013\/06\/05\/tryez-e-rrumbullaket-monumentet-e-kultures-dhe-turizmi\/#breadcrumb"},"inLanguage":"en-US","potentialAction":[{"@type":"ReadAction","target":["https:\/\/www.visit-ulcinj.com\/blog\/2013\/06\/05\/tryez-e-rrumbullaket-monumentet-e-kultures-dhe-turizmi\/"]}]},{"@type":"BreadcrumbList","@id":"https:\/\/www.visit-ulcinj.com\/blog\/2013\/06\/05\/tryez-e-rrumbullaket-monumentet-e-kultures-dhe-turizmi\/#breadcrumb","itemListElement":[{"@type":"ListItem","position":1,"name":"Tryez e rrumbullak\u00ebt: Monumentet e kultur\u00ebs dhe turizmi"}]},{"@type":"Person","@id":"https:\/\/www.visit-ulcinj.com\/blog\/#\/schema\/person\/dcab619c614d3038751c63bc2aadc06d","name":"ulqini","sameAs":["http:\/\/www.visit-ulcinj.com"],"url":"https:\/\/www.visit-ulcinj.com\/blog\/author\/admin\/"}]}},"jetpack_featured_media_url":"","jetpack_sharing_enabled":true,"jetpack_shortlink":"https:\/\/wp.me\/pe6lTn-iKu","_links":{"self":[{"href":"https:\/\/www.visit-ulcinj.com\/blog\/wp-json\/wp\/v2\/posts\/72074"}],"collection":[{"href":"https:\/\/www.visit-ulcinj.com\/blog\/wp-json\/wp\/v2\/posts"}],"about":[{"href":"https:\/\/www.visit-ulcinj.com\/blog\/wp-json\/wp\/v2\/types\/post"}],"author":[{"embeddable":true,"href":"https:\/\/www.visit-ulcinj.com\/blog\/wp-json\/wp\/v2\/users\/1"}],"replies":[{"embeddable":true,"href":"https:\/\/www.visit-ulcinj.com\/blog\/wp-json\/wp\/v2\/comments?post=72074"}],"version-history":[{"count":3,"href":"https:\/\/www.visit-ulcinj.com\/blog\/wp-json\/wp\/v2\/posts\/72074\/revisions"}],"predecessor-version":[{"id":72077,"href":"https:\/\/www.visit-ulcinj.com\/blog\/wp-json\/wp\/v2\/posts\/72074\/revisions\/72077"}],"wp:attachment":[{"href":"https:\/\/www.visit-ulcinj.com\/blog\/wp-json\/wp\/v2\/media?parent=72074"}],"wp:term":[{"taxonomy":"category","embeddable":true,"href":"https:\/\/www.visit-ulcinj.com\/blog\/wp-json\/wp\/v2\/categories?post=72074"},{"taxonomy":"post_tag","embeddable":true,"href":"https:\/\/www.visit-ulcinj.com\/blog\/wp-json\/wp\/v2\/tags?post=72074"}],"curies":[{"name":"wp","href":"https:\/\/api.w.org\/{rel}","templated":true}]}}