{"id":72098,"date":"2013-06-05T17:22:00","date_gmt":"2013-06-05T16:22:00","guid":{"rendered":"http:\/\/www.visit-ulcinj.com\/blog\/?p=72098"},"modified":"2013-06-05T17:22:26","modified_gmt":"2013-06-05T16:22:26","slug":"nail-draga-per-hapjen-e-nje-programi-te-ri-studimor-per-studentet-shqiptare-ne-mal-te-zi","status":"publish","type":"post","link":"https:\/\/www.visit-ulcinj.com\/blog\/2013\/06\/05\/nail-draga-per-hapjen-e-nje-programi-te-ri-studimor-per-studentet-shqiptare-ne-mal-te-zi\/","title":{"rendered":"Nail Draga p\u00ebr hapjen e nj\u00eb programi t\u00eb ri studimor p\u00ebr student\u00ebt shqiptar\u00eb n\u00eb Mal t\u00eb Zi"},"content":{"rendered":"<p style=\"text-align: center;\"><strong><a href=\"http:\/\/www.visit-ulcinj.com\/blog\/wp-content\/uploads\/2013\/06\/NAIL-DRAGA-ULQIN.jpg\"><img loading=\"lazy\" class=\"alignleft  wp-image-72099\" alt=\"NAIL-DRAGA-ULQIN\" src=\"http:\/\/www.visit-ulcinj.com\/blog\/wp-content\/uploads\/2013\/06\/NAIL-DRAGA-ULQIN.jpg\" width=\"508\" height=\"360\" \/><\/a>Kumtes\u00eb p\u00ebr media<\/strong><\/p>\n<p style=\"text-align: center;\"><strong><\/strong><br \/>\n<strong> PROPOZIM P\u00cbR HAPJEN E NJ\u00cb PROGRAMI T\u00cb RI STUDIMOR P\u00cbR VITIN E ARDHSH\u00cbM AKADEMIK 2013\/14<\/strong><\/p>\n<p>N\u00eb lidhje me regjistrimet e student\u00ebve p\u00ebr vitin e ardhsh\u00ebm akademik 2013\/14, i drejtohemi K\u00ebshilli Drejtues t\u00eb Universitetit t\u00eb Malit t\u00eb Zi me propozimin q\u00eb t\u00eb konsiderohet mosregjistrimi i brucosh\u00ebve n\u00eb vitin e par\u00eb t\u00eb studimeve n\u00eb grupin studimor p\u00ebr m\u00ebsues n\u00eb gjuh\u00ebn shqipe, me seli n\u00eb Podgoric\u00eb.<br \/>\nArsyet e nj\u00eb propozimi t\u00eb till\u00eb jan\u00eb sepse ky program studimi ka prodhuar kuadro t\u00eb mjaftueshme n\u00eb profilin e m\u00ebsuesis\u00eb, dhe si t\u00eb till\u00eb jan\u00eb kuadra suficitare.<br \/>\nDuke marr\u00eb parasysh se p\u00ebr ket\u00eb profil profesional shkollat me m\u00ebsim n\u00eb gjuh\u00ebn shqipe n\u00eb Mal t\u00eb Zi nuk kan\u00eb nevoj\u00eb edhe p\u00ebr disa dekada, propozojm\u00eb q\u00eb n\u00eb vend t\u00eb k\u00ebtij profili t\u00eb hapet nj\u00eb program tjet\u00ebr studimor n\u00eb gjuh\u00ebn shqipe.<br \/>\nSipas mendimit ton\u00eb profili m\u00eb i qelluar do t\u00eb ishte ai i drejtimit t\u00eb turizmit, apo ndonj\u00eb tjet\u00ebr me koh\u00eb t\u00eb caktuar. Po ashtu propozojm\u00eb q\u00eb selia e k\u00ebtij fakulteti t\u00eb jet\u00eb n\u00eb Ulqin, sepse pothuaj \u00e7do qytet n\u00eb Mal t\u00eb Zi ka nga nj\u00eb fakultet ku deri m\u00eb tash vet\u00ebm Ulqini b\u00ebn p\u00ebrjashtim.<br \/>\n\u00c7\u00ebshjta e till\u00eb nuk \u00ebsht\u00eb e komplikuar, por duhet vullnet politik nga strukturat p\u00ebrkat\u00ebse t\u00eb Univeristetit t\u00eb Malit t\u00eb Zi.<br \/>\nN\u00eb lidhje m\u00eb k\u00ebt\u00eb \u00e7\u00ebshtje FORCA do t\u00eb jap kontributin maksimal p\u00ebr t\u00eb siguruar kushtet optimale p\u00ebr funksionimin e nj\u00eb programi t\u00eb till\u00eb studimor.<\/p>\n<p>&nbsp;<\/p>\n<p><strong>Anetar\u00eb i Keshillit qendror<\/strong><br \/>\n<strong> Dr Nail Draga<\/strong><br \/>\n<strong> Ulqin,05.06.2013<\/strong><\/p>\n","protected":false},"excerpt":{"rendered":"<p>Kumtes\u00eb p\u00ebr media PROPOZIM P\u00cbR HAPJEN E NJ\u00cb PROGRAMI T\u00cb RI STUDIMOR P\u00cbR VITIN E ARDHSH\u00cbM AKADEMIK 2013\/14 N\u00eb lidhje me regjistrimet e student\u00ebve p\u00ebr vitin e ardhsh\u00ebm akademik 2013\/14, i drejtohemi K\u00ebshilli Drejtues t\u00eb Universitetit t\u00eb Malit t\u00eb Zi me propozimin q\u00eb t\u00eb konsiderohet mosregjistrimi i brucosh\u00ebve n\u00eb vitin e par\u00eb t\u00eb studimeve n\u00eb [&hellip;]<\/p>\n","protected":false},"author":1,"featured_media":0,"comment_status":"closed","ping_status":"closed","sticky":false,"template":"","format":"standard","meta":{"spay_email":"","jetpack_publicize_message":"","jetpack_is_tweetstorm":false,"jetpack_publicize_feature_enabled":true},"categories":[14249],"tags":[],"jetpack_publicize_connections":[],"yoast_head":"<!-- This site is optimized with the Yoast SEO plugin v19.1 - https:\/\/yoast.com\/wordpress\/plugins\/seo\/ -->\n<title>Nail Draga p\u00ebr hapjen e nj\u00eb programi t\u00eb ri studimor p\u00ebr student\u00ebt shqiptar\u00eb n\u00eb Mal t\u00eb Zi - Lajme nga Ulqini<\/title>\n<meta name=\"description\" content=\"Kumtes\u00eb p\u00ebr media PROPOZIM P\u00cbR HAPJEN E NJ\u00cb PROGRAMI T\u00cb RI STUDIMOR P\u00cbR VITIN E ARDHSH\u00cbM AKADEMIK 2013\/14 N\u00eb lidhje me regjistrimet e student\u00ebve p\u00ebr vitin\" \/>\n<meta name=\"robots\" content=\"index, follow, max-snippet:-1, max-image-preview:large, max-video-preview:-1\" \/>\n<link rel=\"canonical\" href=\"https:\/\/www.visit-ulcinj.com\/blog\/2013\/06\/05\/nail-draga-per-hapjen-e-nje-programi-te-ri-studimor-per-studentet-shqiptare-ne-mal-te-zi\/\" \/>\n<meta property=\"og:locale\" content=\"en_US\" \/>\n<meta property=\"og:type\" content=\"article\" \/>\n<meta property=\"og:title\" content=\"Nail Draga p\u00ebr hapjen e nj\u00eb programi t\u00eb ri studimor p\u00ebr student\u00ebt shqiptar\u00eb n\u00eb Mal t\u00eb Zi - Lajme nga Ulqini\" \/>\n<meta property=\"og:description\" content=\"Kumtes\u00eb p\u00ebr media PROPOZIM P\u00cbR HAPJEN E NJ\u00cb PROGRAMI T\u00cb RI STUDIMOR P\u00cbR VITIN E ARDHSH\u00cbM AKADEMIK 2013\/14 N\u00eb lidhje me regjistrimet e student\u00ebve p\u00ebr vitin\" \/>\n<meta property=\"og:url\" content=\"https:\/\/www.visit-ulcinj.com\/blog\/2013\/06\/05\/nail-draga-per-hapjen-e-nje-programi-te-ri-studimor-per-studentet-shqiptare-ne-mal-te-zi\/\" \/>\n<meta property=\"og:site_name\" content=\"Lajme nga Ulqini\" \/>\n<meta property=\"article:published_time\" content=\"2013-06-05T16:22:00+00:00\" \/>\n<meta property=\"article:modified_time\" content=\"2013-06-05T16:22:26+00:00\" \/>\n<meta property=\"og:image\" content=\"http:\/\/www.visit-ulcinj.com\/blog\/wp-content\/uploads\/2013\/06\/NAIL-DRAGA-ULQIN.jpg\" \/>\n<meta name=\"twitter:label1\" content=\"Written by\" \/>\n\t<meta name=\"twitter:data1\" content=\"ulqini\" \/>\n\t<meta name=\"twitter:label2\" content=\"Est. reading time\" \/>\n\t<meta name=\"twitter:data2\" content=\"1 minute\" \/>\n<script type=\"application\/ld+json\" class=\"yoast-schema-graph\">{\"@context\":\"https:\/\/schema.org\",\"@graph\":[{\"@type\":\"WebSite\",\"@id\":\"https:\/\/www.visit-ulcinj.com\/blog\/#website\",\"url\":\"https:\/\/www.visit-ulcinj.com\/blog\/\",\"name\":\"Lajme nga Ulqini\",\"description\":\"Lajme,Vijesti,Ulqini,Ulqin,Crna Gora,Mali i Zi\",\"potentialAction\":[{\"@type\":\"SearchAction\",\"target\":{\"@type\":\"EntryPoint\",\"urlTemplate\":\"https:\/\/www.visit-ulcinj.com\/blog\/?s={search_term_string}\"},\"query-input\":\"required name=search_term_string\"}],\"inLanguage\":\"en-US\"},{\"@type\":\"ImageObject\",\"inLanguage\":\"en-US\",\"@id\":\"https:\/\/www.visit-ulcinj.com\/blog\/2013\/06\/05\/nail-draga-per-hapjen-e-nje-programi-te-ri-studimor-per-studentet-shqiptare-ne-mal-te-zi\/#primaryimage\",\"url\":\"https:\/\/www.visit-ulcinj.com\/blog\/wp-content\/uploads\/2013\/06\/NAIL-DRAGA-ULQIN.jpg\",\"contentUrl\":\"https:\/\/www.visit-ulcinj.com\/blog\/wp-content\/uploads\/2013\/06\/NAIL-DRAGA-ULQIN.jpg\",\"width\":540,\"height\":396},{\"@type\":\"WebPage\",\"@id\":\"https:\/\/www.visit-ulcinj.com\/blog\/2013\/06\/05\/nail-draga-per-hapjen-e-nje-programi-te-ri-studimor-per-studentet-shqiptare-ne-mal-te-zi\/#webpage\",\"url\":\"https:\/\/www.visit-ulcinj.com\/blog\/2013\/06\/05\/nail-draga-per-hapjen-e-nje-programi-te-ri-studimor-per-studentet-shqiptare-ne-mal-te-zi\/\",\"name\":\"Nail Draga p\u00ebr hapjen e nj\u00eb programi t\u00eb ri studimor p\u00ebr student\u00ebt shqiptar\u00eb n\u00eb Mal t\u00eb Zi - Lajme nga Ulqini\",\"isPartOf\":{\"@id\":\"https:\/\/www.visit-ulcinj.com\/blog\/#website\"},\"primaryImageOfPage\":{\"@id\":\"https:\/\/www.visit-ulcinj.com\/blog\/2013\/06\/05\/nail-draga-per-hapjen-e-nje-programi-te-ri-studimor-per-studentet-shqiptare-ne-mal-te-zi\/#primaryimage\"},\"datePublished\":\"2013-06-05T16:22:00+00:00\",\"dateModified\":\"2013-06-05T16:22:26+00:00\",\"author\":{\"@id\":\"https:\/\/www.visit-ulcinj.com\/blog\/#\/schema\/person\/dcab619c614d3038751c63bc2aadc06d\"},\"description\":\"Kumtes\u00eb p\u00ebr media PROPOZIM P\u00cbR HAPJEN E NJ\u00cb PROGRAMI T\u00cb RI STUDIMOR P\u00cbR VITIN E ARDHSH\u00cbM AKADEMIK 2013\/14 N\u00eb lidhje me regjistrimet e student\u00ebve p\u00ebr vitin\",\"breadcrumb\":{\"@id\":\"https:\/\/www.visit-ulcinj.com\/blog\/2013\/06\/05\/nail-draga-per-hapjen-e-nje-programi-te-ri-studimor-per-studentet-shqiptare-ne-mal-te-zi\/#breadcrumb\"},\"inLanguage\":\"en-US\",\"potentialAction\":[{\"@type\":\"ReadAction\",\"target\":[\"https:\/\/www.visit-ulcinj.com\/blog\/2013\/06\/05\/nail-draga-per-hapjen-e-nje-programi-te-ri-studimor-per-studentet-shqiptare-ne-mal-te-zi\/\"]}]},{\"@type\":\"BreadcrumbList\",\"@id\":\"https:\/\/www.visit-ulcinj.com\/blog\/2013\/06\/05\/nail-draga-per-hapjen-e-nje-programi-te-ri-studimor-per-studentet-shqiptare-ne-mal-te-zi\/#breadcrumb\",\"itemListElement\":[{\"@type\":\"ListItem\",\"position\":1,\"name\":\"Nail Draga p\u00ebr hapjen e nj\u00eb programi t\u00eb ri studimor p\u00ebr student\u00ebt shqiptar\u00eb n\u00eb Mal t\u00eb Zi\"}]},{\"@type\":\"Person\",\"@id\":\"https:\/\/www.visit-ulcinj.com\/blog\/#\/schema\/person\/dcab619c614d3038751c63bc2aadc06d\",\"name\":\"ulqini\",\"sameAs\":[\"http:\/\/www.visit-ulcinj.com\"],\"url\":\"https:\/\/www.visit-ulcinj.com\/blog\/author\/admin\/\"}]}<\/script>\n<!-- \/ Yoast SEO plugin. -->","yoast_head_json":{"title":"Nail Draga p\u00ebr hapjen e nj\u00eb programi t\u00eb ri studimor p\u00ebr student\u00ebt shqiptar\u00eb n\u00eb Mal t\u00eb Zi - Lajme nga Ulqini","description":"Kumtes\u00eb p\u00ebr media PROPOZIM P\u00cbR HAPJEN E NJ\u00cb PROGRAMI T\u00cb RI STUDIMOR P\u00cbR VITIN E ARDHSH\u00cbM AKADEMIK 2013\/14 N\u00eb lidhje me regjistrimet e student\u00ebve p\u00ebr vitin","robots":{"index":"index","follow":"follow","max-snippet":"max-snippet:-1","max-image-preview":"max-image-preview:large","max-video-preview":"max-video-preview:-1"},"canonical":"https:\/\/www.visit-ulcinj.com\/blog\/2013\/06\/05\/nail-draga-per-hapjen-e-nje-programi-te-ri-studimor-per-studentet-shqiptare-ne-mal-te-zi\/","og_locale":"en_US","og_type":"article","og_title":"Nail Draga p\u00ebr hapjen e nj\u00eb programi t\u00eb ri studimor p\u00ebr student\u00ebt shqiptar\u00eb n\u00eb Mal t\u00eb Zi - Lajme nga Ulqini","og_description":"Kumtes\u00eb p\u00ebr media PROPOZIM P\u00cbR HAPJEN E NJ\u00cb PROGRAMI T\u00cb RI STUDIMOR P\u00cbR VITIN E ARDHSH\u00cbM AKADEMIK 2013\/14 N\u00eb lidhje me regjistrimet e student\u00ebve p\u00ebr vitin","og_url":"https:\/\/www.visit-ulcinj.com\/blog\/2013\/06\/05\/nail-draga-per-hapjen-e-nje-programi-te-ri-studimor-per-studentet-shqiptare-ne-mal-te-zi\/","og_site_name":"Lajme nga Ulqini","article_published_time":"2013-06-05T16:22:00+00:00","article_modified_time":"2013-06-05T16:22:26+00:00","og_image":[{"url":"http:\/\/www.visit-ulcinj.com\/blog\/wp-content\/uploads\/2013\/06\/NAIL-DRAGA-ULQIN.jpg"}],"twitter_misc":{"Written by":"ulqini","Est. reading time":"1 minute"},"schema":{"@context":"https:\/\/schema.org","@graph":[{"@type":"WebSite","@id":"https:\/\/www.visit-ulcinj.com\/blog\/#website","url":"https:\/\/www.visit-ulcinj.com\/blog\/","name":"Lajme nga Ulqini","description":"Lajme,Vijesti,Ulqini,Ulqin,Crna Gora,Mali i Zi","potentialAction":[{"@type":"SearchAction","target":{"@type":"EntryPoint","urlTemplate":"https:\/\/www.visit-ulcinj.com\/blog\/?s={search_term_string}"},"query-input":"required name=search_term_string"}],"inLanguage":"en-US"},{"@type":"ImageObject","inLanguage":"en-US","@id":"https:\/\/www.visit-ulcinj.com\/blog\/2013\/06\/05\/nail-draga-per-hapjen-e-nje-programi-te-ri-studimor-per-studentet-shqiptare-ne-mal-te-zi\/#primaryimage","url":"https:\/\/www.visit-ulcinj.com\/blog\/wp-content\/uploads\/2013\/06\/NAIL-DRAGA-ULQIN.jpg","contentUrl":"https:\/\/www.visit-ulcinj.com\/blog\/wp-content\/uploads\/2013\/06\/NAIL-DRAGA-ULQIN.jpg","width":540,"height":396},{"@type":"WebPage","@id":"https:\/\/www.visit-ulcinj.com\/blog\/2013\/06\/05\/nail-draga-per-hapjen-e-nje-programi-te-ri-studimor-per-studentet-shqiptare-ne-mal-te-zi\/#webpage","url":"https:\/\/www.visit-ulcinj.com\/blog\/2013\/06\/05\/nail-draga-per-hapjen-e-nje-programi-te-ri-studimor-per-studentet-shqiptare-ne-mal-te-zi\/","name":"Nail Draga p\u00ebr hapjen e nj\u00eb programi t\u00eb ri studimor p\u00ebr student\u00ebt shqiptar\u00eb n\u00eb Mal t\u00eb Zi - Lajme nga Ulqini","isPartOf":{"@id":"https:\/\/www.visit-ulcinj.com\/blog\/#website"},"primaryImageOfPage":{"@id":"https:\/\/www.visit-ulcinj.com\/blog\/2013\/06\/05\/nail-draga-per-hapjen-e-nje-programi-te-ri-studimor-per-studentet-shqiptare-ne-mal-te-zi\/#primaryimage"},"datePublished":"2013-06-05T16:22:00+00:00","dateModified":"2013-06-05T16:22:26+00:00","author":{"@id":"https:\/\/www.visit-ulcinj.com\/blog\/#\/schema\/person\/dcab619c614d3038751c63bc2aadc06d"},"description":"Kumtes\u00eb p\u00ebr media PROPOZIM P\u00cbR HAPJEN E NJ\u00cb PROGRAMI T\u00cb RI STUDIMOR P\u00cbR VITIN E ARDHSH\u00cbM AKADEMIK 2013\/14 N\u00eb lidhje me regjistrimet e student\u00ebve p\u00ebr vitin","breadcrumb":{"@id":"https:\/\/www.visit-ulcinj.com\/blog\/2013\/06\/05\/nail-draga-per-hapjen-e-nje-programi-te-ri-studimor-per-studentet-shqiptare-ne-mal-te-zi\/#breadcrumb"},"inLanguage":"en-US","potentialAction":[{"@type":"ReadAction","target":["https:\/\/www.visit-ulcinj.com\/blog\/2013\/06\/05\/nail-draga-per-hapjen-e-nje-programi-te-ri-studimor-per-studentet-shqiptare-ne-mal-te-zi\/"]}]},{"@type":"BreadcrumbList","@id":"https:\/\/www.visit-ulcinj.com\/blog\/2013\/06\/05\/nail-draga-per-hapjen-e-nje-programi-te-ri-studimor-per-studentet-shqiptare-ne-mal-te-zi\/#breadcrumb","itemListElement":[{"@type":"ListItem","position":1,"name":"Nail Draga p\u00ebr hapjen e nj\u00eb programi t\u00eb ri studimor p\u00ebr student\u00ebt shqiptar\u00eb n\u00eb Mal t\u00eb Zi"}]},{"@type":"Person","@id":"https:\/\/www.visit-ulcinj.com\/blog\/#\/schema\/person\/dcab619c614d3038751c63bc2aadc06d","name":"ulqini","sameAs":["http:\/\/www.visit-ulcinj.com"],"url":"https:\/\/www.visit-ulcinj.com\/blog\/author\/admin\/"}]}},"jetpack_featured_media_url":"","jetpack_sharing_enabled":true,"jetpack_shortlink":"https:\/\/wp.me\/pe6lTn-iKS","_links":{"self":[{"href":"https:\/\/www.visit-ulcinj.com\/blog\/wp-json\/wp\/v2\/posts\/72098"}],"collection":[{"href":"https:\/\/www.visit-ulcinj.com\/blog\/wp-json\/wp\/v2\/posts"}],"about":[{"href":"https:\/\/www.visit-ulcinj.com\/blog\/wp-json\/wp\/v2\/types\/post"}],"author":[{"embeddable":true,"href":"https:\/\/www.visit-ulcinj.com\/blog\/wp-json\/wp\/v2\/users\/1"}],"replies":[{"embeddable":true,"href":"https:\/\/www.visit-ulcinj.com\/blog\/wp-json\/wp\/v2\/comments?post=72098"}],"version-history":[{"count":2,"href":"https:\/\/www.visit-ulcinj.com\/blog\/wp-json\/wp\/v2\/posts\/72098\/revisions"}],"predecessor-version":[{"id":72101,"href":"https:\/\/www.visit-ulcinj.com\/blog\/wp-json\/wp\/v2\/posts\/72098\/revisions\/72101"}],"wp:attachment":[{"href":"https:\/\/www.visit-ulcinj.com\/blog\/wp-json\/wp\/v2\/media?parent=72098"}],"wp:term":[{"taxonomy":"category","embeddable":true,"href":"https:\/\/www.visit-ulcinj.com\/blog\/wp-json\/wp\/v2\/categories?post=72098"},{"taxonomy":"post_tag","embeddable":true,"href":"https:\/\/www.visit-ulcinj.com\/blog\/wp-json\/wp\/v2\/tags?post=72098"}],"curies":[{"name":"wp","href":"https:\/\/api.w.org\/{rel}","templated":true}]}}