{"id":72106,"date":"2013-06-05T17:38:34","date_gmt":"2013-06-05T16:38:34","guid":{"rendered":"http:\/\/www.visit-ulcinj.com\/blog\/?p=72106"},"modified":"2013-06-05T17:38:50","modified_gmt":"2013-06-05T16:38:50","slug":"aksion-protestues-ne-mbrojtje-te-shqiptareve-ne-mal-te-zi","status":"publish","type":"post","link":"https:\/\/www.visit-ulcinj.com\/blog\/2013\/06\/05\/aksion-protestues-ne-mbrojtje-te-shqiptareve-ne-mal-te-zi\/","title":{"rendered":"Aksion protestues n\u00eb mbrojtje t\u00eb shqiptar\u00ebve n\u00eb Mal t\u00eb Zi"},"content":{"rendered":"<p><a href=\"http:\/\/www.visit-ulcinj.com\/blog\/wp-content\/uploads\/2013\/06\/Aksioni-protestues-per-shqiptaret-ne-Mal-te-Zi.jpg\"><img loading=\"lazy\" class=\"alignleft  wp-image-72108\" alt=\"Aksioni protestues-per shqiptaret ne Mal te Zi\" src=\"http:\/\/www.visit-ulcinj.com\/blog\/wp-content\/uploads\/2013\/06\/Aksioni-protestues-per-shqiptaret-ne-Mal-te-Zi.jpg\" width=\"508\" height=\"600\" \/><\/a>Sot, derisa po zhvilloheshin aktivitetet e organizuara n\u00eb kuad\u00ebr t\u00eb Forumit t\u00eb Miq\u00ebsis\u00eb Kosov\u00eb \u2013 Mal i Zi, aktivist\u00ebt e L\u00ebvizjes VET\u00cbVENDOSJE! zhvilluan nj\u00eb aksion protestues p\u00ebrmes shpalosjes s\u00eb nj\u00eb pankarte ku ishte shkruar \u201cN\u00eb Mal t\u00eb Zi shqiptar\u00ebt shtypen. Kjo nuk \u00ebsht\u00eb miq\u00ebsi!\u201d.<\/p>\n<p>Gjat\u00eb k\u00ebtij aksioni, aktivist\u00ebt i shp\u00ebrndan t\u00eb pranishm\u00ebve edhe nj\u00eb trakt ku ishin sh\u00ebnuar disa prej shkeljeve t\u00eb t\u00eb drejtave t\u00eb shqiptar\u00ebve n\u00eb Mal t\u00eb Zi. P\u00ebrmbajtja e k\u00ebtij trakti ishte si n\u00eb vijim:<\/p>\n<p><strong>Nga shteti i Malit t\u00eb Zi, shqiptar\u00ebt:<\/strong><\/p>\n<p>&nbsp;<\/p>\n<p>Nuk trajtohen si t\u00eb barabart\u00eb me t\u00eb tjer\u00ebt,<\/p>\n<p>Diskriminohen n\u00eb pun\u00ebsim,<\/p>\n<p>Diskriminohen n\u00eb investime,<\/p>\n<p>Jan\u00eb t\u00eb shpron\u00ebsuar me dhun\u00eb,<\/p>\n<p>E kan\u00eb trash\u00ebgimin\u00eb kulturore t\u00eb pambrojtur,<\/p>\n<p>Nuk e kan\u00eb t\u00eb drejt\u00ebn e arsimit n\u00eb gjuh\u00ebn shqipe n\u00eb t\u00eb gjitha nivelet e arsimit,<\/p>\n<p>Nuk kan\u00eb t\u00eb drejt\u00eb t\u00eb p\u00ebrdorin lirsh\u00ebm simbolet komb\u00ebtare,<\/p>\n<p>Arrestohen kur k\u00ebrkojn\u00eb t\u00eb drejtat e tyre.<\/p>\n<p>&nbsp;<\/p>\n<p><strong>N\u00cb MAL T\u00cb ZI SHQIPTAR\u00cbT SHTYPEN. KJO NUK \u00cbSHT\u00cb MIQ\u00cbSI!<\/strong><\/p>\n<p><a href=\"http:\/\/www.visit-ulcinj.com\/blog\/wp-content\/uploads\/2013\/06\/protesta-vetvendosja-kosove.jpg\"><img loading=\"lazy\" class=\"alignleft  wp-image-72109\" alt=\"protesta vetvendosja-kosove\" src=\"http:\/\/www.visit-ulcinj.com\/blog\/wp-content\/uploads\/2013\/06\/protesta-vetvendosja-kosove.jpg\" width=\"508\" height=\"360\" \/><\/a><\/p>\n<p>Disa minuta pas shpalosjes s\u00eb pankart\u00ebs dhe pas shp\u00ebrndarjes s\u00eb traktit, Policia n\u00eb m\u00ebnyr\u00eb t\u00eb padrejt\u00eb arrestoi kat\u00ebr aktivist\u00eb t\u00eb L\u00ebvizjes t\u00eb cil\u00ebt po e mbanin pankart\u00ebn n\u00eb dor\u00eb. Aktivist\u00ebt u d\u00ebrguan n\u00eb stacionin e Policis\u00eb s\u00eb Kosov\u00ebs n\u00eb Gra\u00e7anic\u00eb.<\/p>\n<p>T\u00eb arrestuar jan\u00eb Anita Shabani, Etleva Malushaj, Nora Fetoshi dhe Pajtim Demaj.<\/p>\n<p>Ne k\u00ebrkojm\u00eb lirimin e tyre t\u00eb menj\u00ebhersh\u00ebm duke i rikujtuar Policis\u00eb s\u00eb Kosov\u00ebs se e drejta e protest\u00ebs \u00ebsht\u00eb e garantuar nga Kushtetuta e Republik\u00ebs.<\/p>\n<p>&nbsp;<\/p>\n<p>&nbsp;<\/p>\n<p><strong>Prishtin\u00eb, 4 qershor 2013<\/strong><\/p>\n<p><strong>L\u00ebvizja VET\u00cbVENDOSJE!<\/strong><\/p>\n","protected":false},"excerpt":{"rendered":"<p>Sot, derisa po zhvilloheshin aktivitetet e organizuara n\u00eb kuad\u00ebr t\u00eb Forumit t\u00eb Miq\u00ebsis\u00eb Kosov\u00eb \u2013 Mal i Zi, aktivist\u00ebt e L\u00ebvizjes VET\u00cbVENDOSJE! zhvilluan nj\u00eb aksion protestues p\u00ebrmes shpalosjes s\u00eb nj\u00eb pankarte ku ishte shkruar \u201cN\u00eb Mal t\u00eb Zi shqiptar\u00ebt shtypen. Kjo nuk \u00ebsht\u00eb miq\u00ebsi!\u201d. Gjat\u00eb k\u00ebtij aksioni, aktivist\u00ebt i shp\u00ebrndan t\u00eb pranishm\u00ebve edhe nj\u00eb trakt [&hellip;]<\/p>\n","protected":false},"author":1,"featured_media":0,"comment_status":"closed","ping_status":"closed","sticky":false,"template":"","format":"standard","meta":{"spay_email":"","jetpack_publicize_message":"","jetpack_is_tweetstorm":false,"jetpack_publicize_feature_enabled":true},"categories":[12],"tags":[],"jetpack_publicize_connections":[],"yoast_head":"<!-- This site is optimized with the Yoast SEO plugin v19.1 - https:\/\/yoast.com\/wordpress\/plugins\/seo\/ -->\n<title>Aksion protestues n\u00eb mbrojtje t\u00eb shqiptar\u00ebve n\u00eb Mal t\u00eb Zi - Lajme nga Ulqini<\/title>\n<meta name=\"description\" content=\"Sot, derisa po zhvilloheshin aktivitetet e organizuara n\u00eb kuad\u00ebr t\u00eb Forumit t\u00eb Miq\u00ebsis\u00eb Kosov\u00eb \u2013 Mal i Zi, aktivist\u00ebt e L\u00ebvizjes VET\u00cbVENDOSJE! zhvilluan\" \/>\n<meta name=\"robots\" content=\"index, follow, max-snippet:-1, max-image-preview:large, max-video-preview:-1\" \/>\n<link rel=\"canonical\" href=\"https:\/\/www.visit-ulcinj.com\/blog\/2013\/06\/05\/aksion-protestues-ne-mbrojtje-te-shqiptareve-ne-mal-te-zi\/\" \/>\n<meta property=\"og:locale\" content=\"en_US\" \/>\n<meta property=\"og:type\" content=\"article\" \/>\n<meta property=\"og:title\" content=\"Aksion protestues n\u00eb mbrojtje t\u00eb shqiptar\u00ebve n\u00eb Mal t\u00eb Zi - Lajme nga Ulqini\" \/>\n<meta property=\"og:description\" content=\"Sot, derisa po zhvilloheshin aktivitetet e organizuara n\u00eb kuad\u00ebr t\u00eb Forumit t\u00eb Miq\u00ebsis\u00eb Kosov\u00eb \u2013 Mal i Zi, aktivist\u00ebt e L\u00ebvizjes VET\u00cbVENDOSJE! zhvilluan\" \/>\n<meta property=\"og:url\" content=\"https:\/\/www.visit-ulcinj.com\/blog\/2013\/06\/05\/aksion-protestues-ne-mbrojtje-te-shqiptareve-ne-mal-te-zi\/\" \/>\n<meta property=\"og:site_name\" content=\"Lajme nga Ulqini\" \/>\n<meta property=\"article:published_time\" content=\"2013-06-05T16:38:34+00:00\" \/>\n<meta property=\"article:modified_time\" content=\"2013-06-05T16:38:50+00:00\" \/>\n<meta property=\"og:image\" content=\"http:\/\/www.visit-ulcinj.com\/blog\/wp-content\/uploads\/2013\/06\/Aksioni-protestues-per-shqiptaret-ne-Mal-te-Zi.jpg\" \/>\n<meta name=\"twitter:label1\" content=\"Written by\" \/>\n\t<meta name=\"twitter:data1\" content=\"ulqini\" \/>\n\t<meta name=\"twitter:label2\" content=\"Est. reading time\" \/>\n\t<meta name=\"twitter:data2\" content=\"1 minute\" \/>\n<script type=\"application\/ld+json\" class=\"yoast-schema-graph\">{\"@context\":\"https:\/\/schema.org\",\"@graph\":[{\"@type\":\"WebSite\",\"@id\":\"https:\/\/www.visit-ulcinj.com\/blog\/#website\",\"url\":\"https:\/\/www.visit-ulcinj.com\/blog\/\",\"name\":\"Lajme nga Ulqini\",\"description\":\"Lajme,Vijesti,Ulqini,Ulqin,Crna Gora,Mali i Zi\",\"potentialAction\":[{\"@type\":\"SearchAction\",\"target\":{\"@type\":\"EntryPoint\",\"urlTemplate\":\"https:\/\/www.visit-ulcinj.com\/blog\/?s={search_term_string}\"},\"query-input\":\"required name=search_term_string\"}],\"inLanguage\":\"en-US\"},{\"@type\":\"ImageObject\",\"inLanguage\":\"en-US\",\"@id\":\"https:\/\/www.visit-ulcinj.com\/blog\/2013\/06\/05\/aksion-protestues-ne-mbrojtje-te-shqiptareve-ne-mal-te-zi\/#primaryimage\",\"url\":\"https:\/\/www.visit-ulcinj.com\/blog\/wp-content\/uploads\/2013\/06\/Aksioni-protestues-per-shqiptaret-ne-Mal-te-Zi.jpg\",\"contentUrl\":\"https:\/\/www.visit-ulcinj.com\/blog\/wp-content\/uploads\/2013\/06\/Aksioni-protestues-per-shqiptaret-ne-Mal-te-Zi.jpg\",\"width\":750,\"height\":1000},{\"@type\":\"WebPage\",\"@id\":\"https:\/\/www.visit-ulcinj.com\/blog\/2013\/06\/05\/aksion-protestues-ne-mbrojtje-te-shqiptareve-ne-mal-te-zi\/#webpage\",\"url\":\"https:\/\/www.visit-ulcinj.com\/blog\/2013\/06\/05\/aksion-protestues-ne-mbrojtje-te-shqiptareve-ne-mal-te-zi\/\",\"name\":\"Aksion protestues n\u00eb mbrojtje t\u00eb shqiptar\u00ebve n\u00eb Mal t\u00eb Zi - Lajme nga Ulqini\",\"isPartOf\":{\"@id\":\"https:\/\/www.visit-ulcinj.com\/blog\/#website\"},\"primaryImageOfPage\":{\"@id\":\"https:\/\/www.visit-ulcinj.com\/blog\/2013\/06\/05\/aksion-protestues-ne-mbrojtje-te-shqiptareve-ne-mal-te-zi\/#primaryimage\"},\"datePublished\":\"2013-06-05T16:38:34+00:00\",\"dateModified\":\"2013-06-05T16:38:50+00:00\",\"author\":{\"@id\":\"https:\/\/www.visit-ulcinj.com\/blog\/#\/schema\/person\/dcab619c614d3038751c63bc2aadc06d\"},\"description\":\"Sot, derisa po zhvilloheshin aktivitetet e organizuara n\u00eb kuad\u00ebr t\u00eb Forumit t\u00eb Miq\u00ebsis\u00eb Kosov\u00eb \u2013 Mal i Zi, aktivist\u00ebt e L\u00ebvizjes VET\u00cbVENDOSJE! zhvilluan\",\"breadcrumb\":{\"@id\":\"https:\/\/www.visit-ulcinj.com\/blog\/2013\/06\/05\/aksion-protestues-ne-mbrojtje-te-shqiptareve-ne-mal-te-zi\/#breadcrumb\"},\"inLanguage\":\"en-US\",\"potentialAction\":[{\"@type\":\"ReadAction\",\"target\":[\"https:\/\/www.visit-ulcinj.com\/blog\/2013\/06\/05\/aksion-protestues-ne-mbrojtje-te-shqiptareve-ne-mal-te-zi\/\"]}]},{\"@type\":\"BreadcrumbList\",\"@id\":\"https:\/\/www.visit-ulcinj.com\/blog\/2013\/06\/05\/aksion-protestues-ne-mbrojtje-te-shqiptareve-ne-mal-te-zi\/#breadcrumb\",\"itemListElement\":[{\"@type\":\"ListItem\",\"position\":1,\"name\":\"Aksion protestues n\u00eb mbrojtje t\u00eb shqiptar\u00ebve n\u00eb Mal t\u00eb Zi\"}]},{\"@type\":\"Person\",\"@id\":\"https:\/\/www.visit-ulcinj.com\/blog\/#\/schema\/person\/dcab619c614d3038751c63bc2aadc06d\",\"name\":\"ulqini\",\"sameAs\":[\"http:\/\/www.visit-ulcinj.com\"],\"url\":\"https:\/\/www.visit-ulcinj.com\/blog\/author\/admin\/\"}]}<\/script>\n<!-- \/ Yoast SEO plugin. -->","yoast_head_json":{"title":"Aksion protestues n\u00eb mbrojtje t\u00eb shqiptar\u00ebve n\u00eb Mal t\u00eb Zi - Lajme nga Ulqini","description":"Sot, derisa po zhvilloheshin aktivitetet e organizuara n\u00eb kuad\u00ebr t\u00eb Forumit t\u00eb Miq\u00ebsis\u00eb Kosov\u00eb \u2013 Mal i Zi, aktivist\u00ebt e L\u00ebvizjes VET\u00cbVENDOSJE! zhvilluan","robots":{"index":"index","follow":"follow","max-snippet":"max-snippet:-1","max-image-preview":"max-image-preview:large","max-video-preview":"max-video-preview:-1"},"canonical":"https:\/\/www.visit-ulcinj.com\/blog\/2013\/06\/05\/aksion-protestues-ne-mbrojtje-te-shqiptareve-ne-mal-te-zi\/","og_locale":"en_US","og_type":"article","og_title":"Aksion protestues n\u00eb mbrojtje t\u00eb shqiptar\u00ebve n\u00eb Mal t\u00eb Zi - Lajme nga Ulqini","og_description":"Sot, derisa po zhvilloheshin aktivitetet e organizuara n\u00eb kuad\u00ebr t\u00eb Forumit t\u00eb Miq\u00ebsis\u00eb Kosov\u00eb \u2013 Mal i Zi, aktivist\u00ebt e L\u00ebvizjes VET\u00cbVENDOSJE! zhvilluan","og_url":"https:\/\/www.visit-ulcinj.com\/blog\/2013\/06\/05\/aksion-protestues-ne-mbrojtje-te-shqiptareve-ne-mal-te-zi\/","og_site_name":"Lajme nga Ulqini","article_published_time":"2013-06-05T16:38:34+00:00","article_modified_time":"2013-06-05T16:38:50+00:00","og_image":[{"url":"http:\/\/www.visit-ulcinj.com\/blog\/wp-content\/uploads\/2013\/06\/Aksioni-protestues-per-shqiptaret-ne-Mal-te-Zi.jpg"}],"twitter_misc":{"Written by":"ulqini","Est. reading time":"1 minute"},"schema":{"@context":"https:\/\/schema.org","@graph":[{"@type":"WebSite","@id":"https:\/\/www.visit-ulcinj.com\/blog\/#website","url":"https:\/\/www.visit-ulcinj.com\/blog\/","name":"Lajme nga Ulqini","description":"Lajme,Vijesti,Ulqini,Ulqin,Crna Gora,Mali i Zi","potentialAction":[{"@type":"SearchAction","target":{"@type":"EntryPoint","urlTemplate":"https:\/\/www.visit-ulcinj.com\/blog\/?s={search_term_string}"},"query-input":"required name=search_term_string"}],"inLanguage":"en-US"},{"@type":"ImageObject","inLanguage":"en-US","@id":"https:\/\/www.visit-ulcinj.com\/blog\/2013\/06\/05\/aksion-protestues-ne-mbrojtje-te-shqiptareve-ne-mal-te-zi\/#primaryimage","url":"https:\/\/www.visit-ulcinj.com\/blog\/wp-content\/uploads\/2013\/06\/Aksioni-protestues-per-shqiptaret-ne-Mal-te-Zi.jpg","contentUrl":"https:\/\/www.visit-ulcinj.com\/blog\/wp-content\/uploads\/2013\/06\/Aksioni-protestues-per-shqiptaret-ne-Mal-te-Zi.jpg","width":750,"height":1000},{"@type":"WebPage","@id":"https:\/\/www.visit-ulcinj.com\/blog\/2013\/06\/05\/aksion-protestues-ne-mbrojtje-te-shqiptareve-ne-mal-te-zi\/#webpage","url":"https:\/\/www.visit-ulcinj.com\/blog\/2013\/06\/05\/aksion-protestues-ne-mbrojtje-te-shqiptareve-ne-mal-te-zi\/","name":"Aksion protestues n\u00eb mbrojtje t\u00eb shqiptar\u00ebve n\u00eb Mal t\u00eb Zi - Lajme nga Ulqini","isPartOf":{"@id":"https:\/\/www.visit-ulcinj.com\/blog\/#website"},"primaryImageOfPage":{"@id":"https:\/\/www.visit-ulcinj.com\/blog\/2013\/06\/05\/aksion-protestues-ne-mbrojtje-te-shqiptareve-ne-mal-te-zi\/#primaryimage"},"datePublished":"2013-06-05T16:38:34+00:00","dateModified":"2013-06-05T16:38:50+00:00","author":{"@id":"https:\/\/www.visit-ulcinj.com\/blog\/#\/schema\/person\/dcab619c614d3038751c63bc2aadc06d"},"description":"Sot, derisa po zhvilloheshin aktivitetet e organizuara n\u00eb kuad\u00ebr t\u00eb Forumit t\u00eb Miq\u00ebsis\u00eb Kosov\u00eb \u2013 Mal i Zi, aktivist\u00ebt e L\u00ebvizjes VET\u00cbVENDOSJE! zhvilluan","breadcrumb":{"@id":"https:\/\/www.visit-ulcinj.com\/blog\/2013\/06\/05\/aksion-protestues-ne-mbrojtje-te-shqiptareve-ne-mal-te-zi\/#breadcrumb"},"inLanguage":"en-US","potentialAction":[{"@type":"ReadAction","target":["https:\/\/www.visit-ulcinj.com\/blog\/2013\/06\/05\/aksion-protestues-ne-mbrojtje-te-shqiptareve-ne-mal-te-zi\/"]}]},{"@type":"BreadcrumbList","@id":"https:\/\/www.visit-ulcinj.com\/blog\/2013\/06\/05\/aksion-protestues-ne-mbrojtje-te-shqiptareve-ne-mal-te-zi\/#breadcrumb","itemListElement":[{"@type":"ListItem","position":1,"name":"Aksion protestues n\u00eb mbrojtje t\u00eb shqiptar\u00ebve n\u00eb Mal t\u00eb Zi"}]},{"@type":"Person","@id":"https:\/\/www.visit-ulcinj.com\/blog\/#\/schema\/person\/dcab619c614d3038751c63bc2aadc06d","name":"ulqini","sameAs":["http:\/\/www.visit-ulcinj.com"],"url":"https:\/\/www.visit-ulcinj.com\/blog\/author\/admin\/"}]}},"jetpack_featured_media_url":"","jetpack_sharing_enabled":true,"jetpack_shortlink":"https:\/\/wp.me\/pe6lTn-iL0","_links":{"self":[{"href":"https:\/\/www.visit-ulcinj.com\/blog\/wp-json\/wp\/v2\/posts\/72106"}],"collection":[{"href":"https:\/\/www.visit-ulcinj.com\/blog\/wp-json\/wp\/v2\/posts"}],"about":[{"href":"https:\/\/www.visit-ulcinj.com\/blog\/wp-json\/wp\/v2\/types\/post"}],"author":[{"embeddable":true,"href":"https:\/\/www.visit-ulcinj.com\/blog\/wp-json\/wp\/v2\/users\/1"}],"replies":[{"embeddable":true,"href":"https:\/\/www.visit-ulcinj.com\/blog\/wp-json\/wp\/v2\/comments?post=72106"}],"version-history":[{"count":2,"href":"https:\/\/www.visit-ulcinj.com\/blog\/wp-json\/wp\/v2\/posts\/72106\/revisions"}],"predecessor-version":[{"id":72111,"href":"https:\/\/www.visit-ulcinj.com\/blog\/wp-json\/wp\/v2\/posts\/72106\/revisions\/72111"}],"wp:attachment":[{"href":"https:\/\/www.visit-ulcinj.com\/blog\/wp-json\/wp\/v2\/media?parent=72106"}],"wp:term":[{"taxonomy":"category","embeddable":true,"href":"https:\/\/www.visit-ulcinj.com\/blog\/wp-json\/wp\/v2\/categories?post=72106"},{"taxonomy":"post_tag","embeddable":true,"href":"https:\/\/www.visit-ulcinj.com\/blog\/wp-json\/wp\/v2\/tags?post=72106"}],"curies":[{"name":"wp","href":"https:\/\/api.w.org\/{rel}","templated":true}]}}