{"id":7211,"date":"2008-12-14T11:18:03","date_gmt":"2008-12-14T10:18:03","guid":{"rendered":"http:\/\/www.visit-ulcinj.com\/blog\/?p=7211"},"modified":"2008-12-14T11:18:03","modified_gmt":"2008-12-14T10:18:03","slug":"zvicra-i-bashkohet-zones-shengen","status":"publish","type":"post","link":"https:\/\/www.visit-ulcinj.com\/blog\/2008\/12\/14\/zvicra-i-bashkohet-zones-shengen\/","title":{"rendered":"Zvicra i bashkohet zon\u00ebs Shengen"},"content":{"rendered":"<p><a href=\"http:\/\/www.visit-ulcinj.com\/blog\/wp-content\/uploads\/2008\/12\/kufiri-zvicran.jpg\"><img loading=\"lazy\" class=\"alignleft size-medium wp-image-7212\" title=\"kufiri-zvicran\" src=\"http:\/\/www.visit-ulcinj.com\/blog\/wp-content\/uploads\/2008\/12\/kufiri-zvicran-300x227.jpg\" alt=\"\" width=\"300\" height=\"227\" \/><\/a><strong>Zona evropiane e shengen e vizave zgjerohet edhe kah Zvicra. Nga 12-ti dhjetor t\u00eb k\u00ebtij viti do t\u00eb hiqen kontrollet kufitare nd\u00ebrmjet k\u00ebtij shteti dhe fqinj\u00ebve Gjermanis\u00eb, Austris\u00eb, Italis\u00eb dhe Franc\u00ebs. <\/strong><\/p>\n<p>Kontrollet n\u00eb komunikacionin ajror do t\u00eb hiqen gjat\u00eb marsit t\u00eb vitit t\u00eb ardhsh\u00ebm. Vendimi p\u00ebr zgjerimin e Zon\u00ebs s\u00eb Shengenit sot mori drit\u00eb jeshile edhe nga ministrat p\u00ebr pun\u00eb t\u00eb brendshme n\u00eb BE-s\u00eb.<br \/>\nMe k\u00ebt\u00eb, zon\u00ebs pa kufij t\u00eb kontinentit tani i takojn\u00eb 22 nga 27 an\u00ebtare t\u00eb BE-s\u00eb, si dhe Norvegjia dhe Islanda. Jasht\u00eb nga kjo zon\u00eb edhe m\u00eb tej jan\u00eb Britania e Madhe, Irlanda, Romania, Bullgaria dhe Qiproja.<br \/>\n<strong>ALSAT.M<\/strong><\/p>\n","protected":false},"excerpt":{"rendered":"<p>Zona evropiane e shengen e vizave zgjerohet edhe kah Zvicra. Nga 12-ti dhjetor t\u00eb k\u00ebtij viti do t\u00eb hiqen kontrollet kufitare nd\u00ebrmjet k\u00ebtij shteti dhe fqinj\u00ebve Gjermanis\u00eb, Austris\u00eb, Italis\u00eb dhe Franc\u00ebs. Kontrollet n\u00eb komunikacionin ajror do t\u00eb hiqen gjat\u00eb marsit t\u00eb vitit t\u00eb ardhsh\u00ebm. Vendimi p\u00ebr zgjerimin e Zon\u00ebs s\u00eb Shengenit sot mori drit\u00eb jeshile [&hellip;]<\/p>\n","protected":false},"author":1,"featured_media":0,"comment_status":"open","ping_status":"closed","sticky":false,"template":"","format":"standard","meta":{"spay_email":"","jetpack_publicize_message":"","jetpack_is_tweetstorm":false,"jetpack_publicize_feature_enabled":true},"categories":[7],"tags":[5214],"jetpack_publicize_connections":[],"yoast_head":"<!-- This site is optimized with the Yoast SEO plugin v19.1 - https:\/\/yoast.com\/wordpress\/plugins\/seo\/ -->\n<title>Zvicra i bashkohet zon\u00ebs Shengen - Lajme nga Ulqini<\/title>\n<meta name=\"description\" content=\"Zona evropiane e shengen e vizave zgjerohet edhe kah Zvicra. Nga 12-ti dhjetor t\u00eb k\u00ebtij viti do t\u00eb hiqen kontrollet kufitare nd\u00ebrmjet k\u00ebtij shteti dhe\" \/>\n<meta name=\"robots\" content=\"index, follow, max-snippet:-1, max-image-preview:large, max-video-preview:-1\" \/>\n<link rel=\"canonical\" href=\"https:\/\/www.visit-ulcinj.com\/blog\/2008\/12\/14\/zvicra-i-bashkohet-zones-shengen\/\" \/>\n<meta property=\"og:locale\" content=\"en_US\" \/>\n<meta property=\"og:type\" content=\"article\" \/>\n<meta property=\"og:title\" content=\"Zvicra i bashkohet zon\u00ebs Shengen - Lajme nga Ulqini\" \/>\n<meta property=\"og:description\" content=\"Zona evropiane e shengen e vizave zgjerohet edhe kah Zvicra. Nga 12-ti dhjetor t\u00eb k\u00ebtij viti do t\u00eb hiqen kontrollet kufitare nd\u00ebrmjet k\u00ebtij shteti dhe\" \/>\n<meta property=\"og:url\" content=\"https:\/\/www.visit-ulcinj.com\/blog\/2008\/12\/14\/zvicra-i-bashkohet-zones-shengen\/\" \/>\n<meta property=\"og:site_name\" content=\"Lajme nga Ulqini\" \/>\n<meta property=\"article:published_time\" content=\"2008-12-14T10:18:03+00:00\" \/>\n<meta property=\"og:image\" content=\"http:\/\/www.visit-ulcinj.com\/blog\/wp-content\/uploads\/2008\/12\/kufiri-zvicran-300x227.jpg\" \/>\n<meta name=\"twitter:label1\" content=\"Written by\" \/>\n\t<meta name=\"twitter:data1\" content=\"ulqini\" \/>\n\t<meta name=\"twitter:label2\" content=\"Est. reading time\" \/>\n\t<meta name=\"twitter:data2\" content=\"1 minute\" \/>\n<script type=\"application\/ld+json\" class=\"yoast-schema-graph\">{\"@context\":\"https:\/\/schema.org\",\"@graph\":[{\"@type\":\"WebSite\",\"@id\":\"https:\/\/www.visit-ulcinj.com\/blog\/#website\",\"url\":\"https:\/\/www.visit-ulcinj.com\/blog\/\",\"name\":\"Lajme nga Ulqini\",\"description\":\"Lajme,Vijesti,Ulqini,Ulqin,Crna Gora,Mali i Zi\",\"potentialAction\":[{\"@type\":\"SearchAction\",\"target\":{\"@type\":\"EntryPoint\",\"urlTemplate\":\"https:\/\/www.visit-ulcinj.com\/blog\/?s={search_term_string}\"},\"query-input\":\"required name=search_term_string\"}],\"inLanguage\":\"en-US\"},{\"@type\":\"ImageObject\",\"inLanguage\":\"en-US\",\"@id\":\"https:\/\/www.visit-ulcinj.com\/blog\/2008\/12\/14\/zvicra-i-bashkohet-zones-shengen\/#primaryimage\",\"url\":\"http:\/\/www.visit-ulcinj.com\/blog\/wp-content\/uploads\/2008\/12\/kufiri-zvicran-300x227.jpg\",\"contentUrl\":\"http:\/\/www.visit-ulcinj.com\/blog\/wp-content\/uploads\/2008\/12\/kufiri-zvicran-300x227.jpg\"},{\"@type\":\"WebPage\",\"@id\":\"https:\/\/www.visit-ulcinj.com\/blog\/2008\/12\/14\/zvicra-i-bashkohet-zones-shengen\/#webpage\",\"url\":\"https:\/\/www.visit-ulcinj.com\/blog\/2008\/12\/14\/zvicra-i-bashkohet-zones-shengen\/\",\"name\":\"Zvicra i bashkohet zon\u00ebs Shengen - Lajme nga Ulqini\",\"isPartOf\":{\"@id\":\"https:\/\/www.visit-ulcinj.com\/blog\/#website\"},\"primaryImageOfPage\":{\"@id\":\"https:\/\/www.visit-ulcinj.com\/blog\/2008\/12\/14\/zvicra-i-bashkohet-zones-shengen\/#primaryimage\"},\"datePublished\":\"2008-12-14T10:18:03+00:00\",\"dateModified\":\"2008-12-14T10:18:03+00:00\",\"author\":{\"@id\":\"https:\/\/www.visit-ulcinj.com\/blog\/#\/schema\/person\/dcab619c614d3038751c63bc2aadc06d\"},\"description\":\"Zona evropiane e shengen e vizave zgjerohet edhe kah Zvicra. Nga 12-ti dhjetor t\u00eb k\u00ebtij viti do t\u00eb hiqen kontrollet kufitare nd\u00ebrmjet k\u00ebtij shteti dhe\",\"breadcrumb\":{\"@id\":\"https:\/\/www.visit-ulcinj.com\/blog\/2008\/12\/14\/zvicra-i-bashkohet-zones-shengen\/#breadcrumb\"},\"inLanguage\":\"en-US\",\"potentialAction\":[{\"@type\":\"ReadAction\",\"target\":[\"https:\/\/www.visit-ulcinj.com\/blog\/2008\/12\/14\/zvicra-i-bashkohet-zones-shengen\/\"]}]},{\"@type\":\"BreadcrumbList\",\"@id\":\"https:\/\/www.visit-ulcinj.com\/blog\/2008\/12\/14\/zvicra-i-bashkohet-zones-shengen\/#breadcrumb\",\"itemListElement\":[{\"@type\":\"ListItem\",\"position\":1,\"name\":\"Zvicra i bashkohet zon\u00ebs Shengen\"}]},{\"@type\":\"Person\",\"@id\":\"https:\/\/www.visit-ulcinj.com\/blog\/#\/schema\/person\/dcab619c614d3038751c63bc2aadc06d\",\"name\":\"ulqini\",\"sameAs\":[\"http:\/\/www.visit-ulcinj.com\"],\"url\":\"https:\/\/www.visit-ulcinj.com\/blog\/author\/admin\/\"}]}<\/script>\n<!-- \/ Yoast SEO plugin. -->","yoast_head_json":{"title":"Zvicra i bashkohet zon\u00ebs Shengen - Lajme nga Ulqini","description":"Zona evropiane e shengen e vizave zgjerohet edhe kah Zvicra. Nga 12-ti dhjetor t\u00eb k\u00ebtij viti do t\u00eb hiqen kontrollet kufitare nd\u00ebrmjet k\u00ebtij shteti dhe","robots":{"index":"index","follow":"follow","max-snippet":"max-snippet:-1","max-image-preview":"max-image-preview:large","max-video-preview":"max-video-preview:-1"},"canonical":"https:\/\/www.visit-ulcinj.com\/blog\/2008\/12\/14\/zvicra-i-bashkohet-zones-shengen\/","og_locale":"en_US","og_type":"article","og_title":"Zvicra i bashkohet zon\u00ebs Shengen - Lajme nga Ulqini","og_description":"Zona evropiane e shengen e vizave zgjerohet edhe kah Zvicra. Nga 12-ti dhjetor t\u00eb k\u00ebtij viti do t\u00eb hiqen kontrollet kufitare nd\u00ebrmjet k\u00ebtij shteti dhe","og_url":"https:\/\/www.visit-ulcinj.com\/blog\/2008\/12\/14\/zvicra-i-bashkohet-zones-shengen\/","og_site_name":"Lajme nga Ulqini","article_published_time":"2008-12-14T10:18:03+00:00","og_image":[{"url":"http:\/\/www.visit-ulcinj.com\/blog\/wp-content\/uploads\/2008\/12\/kufiri-zvicran-300x227.jpg"}],"twitter_misc":{"Written by":"ulqini","Est. reading time":"1 minute"},"schema":{"@context":"https:\/\/schema.org","@graph":[{"@type":"WebSite","@id":"https:\/\/www.visit-ulcinj.com\/blog\/#website","url":"https:\/\/www.visit-ulcinj.com\/blog\/","name":"Lajme nga Ulqini","description":"Lajme,Vijesti,Ulqini,Ulqin,Crna Gora,Mali i Zi","potentialAction":[{"@type":"SearchAction","target":{"@type":"EntryPoint","urlTemplate":"https:\/\/www.visit-ulcinj.com\/blog\/?s={search_term_string}"},"query-input":"required name=search_term_string"}],"inLanguage":"en-US"},{"@type":"ImageObject","inLanguage":"en-US","@id":"https:\/\/www.visit-ulcinj.com\/blog\/2008\/12\/14\/zvicra-i-bashkohet-zones-shengen\/#primaryimage","url":"http:\/\/www.visit-ulcinj.com\/blog\/wp-content\/uploads\/2008\/12\/kufiri-zvicran-300x227.jpg","contentUrl":"http:\/\/www.visit-ulcinj.com\/blog\/wp-content\/uploads\/2008\/12\/kufiri-zvicran-300x227.jpg"},{"@type":"WebPage","@id":"https:\/\/www.visit-ulcinj.com\/blog\/2008\/12\/14\/zvicra-i-bashkohet-zones-shengen\/#webpage","url":"https:\/\/www.visit-ulcinj.com\/blog\/2008\/12\/14\/zvicra-i-bashkohet-zones-shengen\/","name":"Zvicra i bashkohet zon\u00ebs Shengen - Lajme nga Ulqini","isPartOf":{"@id":"https:\/\/www.visit-ulcinj.com\/blog\/#website"},"primaryImageOfPage":{"@id":"https:\/\/www.visit-ulcinj.com\/blog\/2008\/12\/14\/zvicra-i-bashkohet-zones-shengen\/#primaryimage"},"datePublished":"2008-12-14T10:18:03+00:00","dateModified":"2008-12-14T10:18:03+00:00","author":{"@id":"https:\/\/www.visit-ulcinj.com\/blog\/#\/schema\/person\/dcab619c614d3038751c63bc2aadc06d"},"description":"Zona evropiane e shengen e vizave zgjerohet edhe kah Zvicra. Nga 12-ti dhjetor t\u00eb k\u00ebtij viti do t\u00eb hiqen kontrollet kufitare nd\u00ebrmjet k\u00ebtij shteti dhe","breadcrumb":{"@id":"https:\/\/www.visit-ulcinj.com\/blog\/2008\/12\/14\/zvicra-i-bashkohet-zones-shengen\/#breadcrumb"},"inLanguage":"en-US","potentialAction":[{"@type":"ReadAction","target":["https:\/\/www.visit-ulcinj.com\/blog\/2008\/12\/14\/zvicra-i-bashkohet-zones-shengen\/"]}]},{"@type":"BreadcrumbList","@id":"https:\/\/www.visit-ulcinj.com\/blog\/2008\/12\/14\/zvicra-i-bashkohet-zones-shengen\/#breadcrumb","itemListElement":[{"@type":"ListItem","position":1,"name":"Zvicra i bashkohet zon\u00ebs Shengen"}]},{"@type":"Person","@id":"https:\/\/www.visit-ulcinj.com\/blog\/#\/schema\/person\/dcab619c614d3038751c63bc2aadc06d","name":"ulqini","sameAs":["http:\/\/www.visit-ulcinj.com"],"url":"https:\/\/www.visit-ulcinj.com\/blog\/author\/admin\/"}]}},"jetpack_featured_media_url":"","jetpack_sharing_enabled":true,"jetpack_shortlink":"https:\/\/wp.me\/pe6lTn-1Sj","_links":{"self":[{"href":"https:\/\/www.visit-ulcinj.com\/blog\/wp-json\/wp\/v2\/posts\/7211"}],"collection":[{"href":"https:\/\/www.visit-ulcinj.com\/blog\/wp-json\/wp\/v2\/posts"}],"about":[{"href":"https:\/\/www.visit-ulcinj.com\/blog\/wp-json\/wp\/v2\/types\/post"}],"author":[{"embeddable":true,"href":"https:\/\/www.visit-ulcinj.com\/blog\/wp-json\/wp\/v2\/users\/1"}],"replies":[{"embeddable":true,"href":"https:\/\/www.visit-ulcinj.com\/blog\/wp-json\/wp\/v2\/comments?post=7211"}],"version-history":[{"count":0,"href":"https:\/\/www.visit-ulcinj.com\/blog\/wp-json\/wp\/v2\/posts\/7211\/revisions"}],"wp:attachment":[{"href":"https:\/\/www.visit-ulcinj.com\/blog\/wp-json\/wp\/v2\/media?parent=7211"}],"wp:term":[{"taxonomy":"category","embeddable":true,"href":"https:\/\/www.visit-ulcinj.com\/blog\/wp-json\/wp\/v2\/categories?post=7211"},{"taxonomy":"post_tag","embeddable":true,"href":"https:\/\/www.visit-ulcinj.com\/blog\/wp-json\/wp\/v2\/tags?post=7211"}],"curies":[{"name":"wp","href":"https:\/\/api.w.org\/{rel}","templated":true}]}}