{"id":72134,"date":"2013-06-05T18:36:04","date_gmt":"2013-06-05T17:36:04","guid":{"rendered":"http:\/\/www.visit-ulcinj.com\/blog\/?p=72134"},"modified":"2013-06-05T18:36:23","modified_gmt":"2013-06-05T17:36:23","slug":"kosovsko-crnogorski-poslovni-forum","status":"publish","type":"post","link":"https:\/\/www.visit-ulcinj.com\/blog\/2013\/06\/05\/kosovsko-crnogorski-poslovni-forum\/","title":{"rendered":"Kosovsko-crnogorski poslovni forum"},"content":{"rendered":"<div>\n<div>\n<div>\n<div>\n<p><a href=\"http:\/\/www.visit-ulcinj.com\/blog\/wp-content\/uploads\/2013\/06\/Kosovsko-crnogorski-poslovni-forum.png\"><img loading=\"lazy\" class=\"alignleft  wp-image-72135\" alt=\"Kosovsko-crnogorski poslovni forum\" src=\"http:\/\/www.visit-ulcinj.com\/blog\/wp-content\/uploads\/2013\/06\/Kosovsko-crnogorski-poslovni-forum.png\" width=\"508\" height=\"360\" \/><\/a>Forum kosovsko-crnogorskog prijateljstva \u201eRadovan Zogovi\u0107\u201c odr\u017ean je 3. i 4. juna 2013. godine u Pri\u0161tini. Skup, koji su u\u010desnici okarakterisali izuzetno zna\u010dajnim za saradnju i evropsku perspektivu dvije zemlje, obuhvatio je teme iz kulture, ekonomije i diplomatije.<\/p>\n<\/div>\n<div>\n<p>Zajedno sa crnogorskom dr\u017eavnom delegacijom, na forumu je bila i privredna predvo\u0111ena potpredsjednikom Privredne komore Crne Gore Ivanom Savelji\u0107em. Kroz susrete crnogorskih sa privrednicima Kosova, u okviru poslovnog foruma koji je organizovan u saradnji sa Privrednom komorom Kosova, razmatrane su mogu\u0107nosti unapre\u0111enja ekonomskih odnosa i kao posebno interesantne oblasti prepoznate turizam i poljoprivreda. Predstavljeni su ekonomski potencijali, mogu\u0107nosti za investicije i turisti\u010dki proizvod Crne Gore<\/p>\n<p>Crnogorsku delegaciju \u010dinili su predstavnici Privredne komore, Ministarstva ekonomije, Nacionalne turisti\u010dke organizacije, Kontejnerskog terminala i generalnih tereta, Montenomaks Control &amp; Logistics, ETG grupe, Luke Bar, Ralexa, Jadroagenta, Rade Bjelasice, Solane Ulcinj, Lov\u0107eninvesta, Crnogorskog fonda za solidarnu stambenu izgradnju, Hotela City, Vinarije Buri\u0107, turisti\u010dkih organizacija Ulcinja, Budve i Herceg Novog i oni su ostvarili kontakte sa 15-ak kosovskih preduze\u0107a.<\/p>\n<p><strong>Robna razmjena<\/strong><\/p>\n<p>Ukupna robna razmjena Crne Gore i Kosova je tokom prva tri mjeseca 2013. godine iznosila \u010detiri miliona eura, 2,6% vi\u0161e u odnosu na uporedni period iz 2012. godine. Izvoz iznosi tri miliona eura i manji je za 9,1%, dok je uvoz milion, odnosno 66,7% ve\u0107i u odnosu na isti pro\u0161logodi\u0161nji period. Ostvaren je suficit u iznosu od dva miliona eura.<\/p>\n<p>Iako je evidentan rast obima robnog prometa, mogu\u0107nosti plasmana su i dalje nedovoljno iskori\u0161\u0107ene.<br \/>\nStruktura robne razmjene pokazuje da su glavni uvozni proizvodi za prva tri mjeseca 2013 godine: sirova, sitna i krupna ko\u017ea (0,6 mil. eura), gvo\u017e\u0111e i \u010delik (0,2 mil. eura), dok su glavni izvozni proizvodi: kakao i njegovi proizvodi (0,8 mil. eura), drvo i proizvodi od drveta (0,4 mil. eura), pi\u0107a, alkoholi i sir\u0107e (0,2 mil. eura).<\/p>\n<p><strong>Bilateralna saradnja<\/strong><\/p>\n<p>Podsjetimo, delegacija Privredne komore Kosova prvi put je posjetila Privrednu komoru Crne Gore u maju 2008. godine, kada je razgovarano o mogu\u0107nostima unapre\u0111enja saradnje. Ocijenjeno je da najvi\u0161e mogu\u0107nosti za saradnju ima u turizmu, kao i u kori\u0161\u0107enju kapaciteta Luke Bar<br \/>\nPrivredne komore dvije zemlje organizovale su susret privrednika u Pri\u0161tini, 3. aprila 2012. godine. Predsjedniku Privredne komore Crne Gore Velimiru Miju\u0161kovi\u0107u tada je uru\u010deno priznanje i iskazana zahvalnost za izuzetan doprinos na uspostavljanju i unapre\u0111enju kvalitetnih poslovnih veza privrednika dvije zemlje.<br \/>\nU Pri\u0161tini je od 26. do 29. oktobra 2012. godine organizovan sajam hrane i poljoprivrednih proizvodna na kojem je zapa\u017een \u0161tand imala Privredna komora Crne Gore, koja je, u saradnji sa Ministarstvom poljoprivrede i ruralnog razvoja i USAID-om, obezbijedila uslove za predstavljanje crnogorskih proizvo\u0111a\u010da.<br \/>\nPredsjednik Privredne komore Crne Gore Velimir Miju\u0161kovi\u0107 i \u010delnici Luke Bar, \u017deljezni\u010dke infrastrukture Crne Gore, Montecarga i Jadroagenta, sastali su se u Pri\u0161tini sa predsjednikom Privredne komore Republike Kosova Safetom G\u00ebrxhaliu, predstavnicima \u017deljeznice Kosova, fabrike Fero-Nikla, kompanije Kos trade-a iz Trep\u010de. Razmotrena je mogu\u0107nost tranzita rude nikla preko Luke Bar za fabriku u Glogovcu, kao i cink-oksida iz Trep\u010de.<\/p>\n<p><strong>Privredna komora Crne Gore<\/strong><\/p>\n<\/div>\n<\/div>\n<\/div>\n<\/div>\n","protected":false},"excerpt":{"rendered":"<p>Forum kosovsko-crnogorskog prijateljstva \u201eRadovan Zogovi\u0107\u201c odr\u017ean je 3. i 4. juna 2013. godine u Pri\u0161tini. Skup, koji su u\u010desnici okarakterisali izuzetno zna\u010dajnim za saradnju i evropsku perspektivu dvije zemlje, obuhvatio je teme iz kulture, ekonomije i diplomatije. Zajedno sa crnogorskom dr\u017eavnom delegacijom, na forumu je bila i privredna predvo\u0111ena potpredsjednikom Privredne komore Crne Gore Ivanom [&hellip;]<\/p>\n","protected":false},"author":1,"featured_media":0,"comment_status":"closed","ping_status":"closed","sticky":false,"template":"","format":"standard","meta":{"spay_email":"","jetpack_publicize_message":"","jetpack_is_tweetstorm":false,"jetpack_publicize_feature_enabled":true},"categories":[6950],"tags":[],"jetpack_publicize_connections":[],"yoast_head":"<!-- This site is optimized with the Yoast SEO plugin v19.1 - https:\/\/yoast.com\/wordpress\/plugins\/seo\/ -->\n<title>Kosovsko-crnogorski poslovni forum - Lajme nga Ulqini<\/title>\n<meta name=\"description\" content=\"Forum kosovsko-crnogorskog prijateljstva \u201eRadovan Zogovi\u0107\u201c odr\u017ean je 3. i 4. juna 2013. godine u Pri\u0161tini. Skup, koji su u\u010desnici okarakterisali izuzetno\" \/>\n<meta name=\"robots\" content=\"index, follow, max-snippet:-1, max-image-preview:large, max-video-preview:-1\" \/>\n<link rel=\"canonical\" href=\"https:\/\/www.visit-ulcinj.com\/blog\/2013\/06\/05\/kosovsko-crnogorski-poslovni-forum\/\" \/>\n<meta property=\"og:locale\" content=\"en_US\" \/>\n<meta property=\"og:type\" content=\"article\" \/>\n<meta property=\"og:title\" content=\"Kosovsko-crnogorski poslovni forum - Lajme nga Ulqini\" \/>\n<meta property=\"og:description\" content=\"Forum kosovsko-crnogorskog prijateljstva \u201eRadovan Zogovi\u0107\u201c odr\u017ean je 3. i 4. juna 2013. godine u Pri\u0161tini. Skup, koji su u\u010desnici okarakterisali izuzetno\" \/>\n<meta property=\"og:url\" content=\"https:\/\/www.visit-ulcinj.com\/blog\/2013\/06\/05\/kosovsko-crnogorski-poslovni-forum\/\" \/>\n<meta property=\"og:site_name\" content=\"Lajme nga Ulqini\" \/>\n<meta property=\"article:published_time\" content=\"2013-06-05T17:36:04+00:00\" \/>\n<meta property=\"article:modified_time\" content=\"2013-06-05T17:36:23+00:00\" \/>\n<meta property=\"og:image\" content=\"http:\/\/www.visit-ulcinj.com\/blog\/wp-content\/uploads\/2013\/06\/Kosovsko-crnogorski-poslovni-forum.png\" \/>\n<meta name=\"twitter:label1\" content=\"Written by\" \/>\n\t<meta name=\"twitter:data1\" content=\"ulqini\" \/>\n\t<meta name=\"twitter:label2\" content=\"Est. reading time\" \/>\n\t<meta name=\"twitter:data2\" content=\"3 minutes\" \/>\n<script type=\"application\/ld+json\" class=\"yoast-schema-graph\">{\"@context\":\"https:\/\/schema.org\",\"@graph\":[{\"@type\":\"WebSite\",\"@id\":\"https:\/\/www.visit-ulcinj.com\/blog\/#website\",\"url\":\"https:\/\/www.visit-ulcinj.com\/blog\/\",\"name\":\"Lajme nga Ulqini\",\"description\":\"Lajme,Vijesti,Ulqini,Ulqin,Crna Gora,Mali i Zi\",\"potentialAction\":[{\"@type\":\"SearchAction\",\"target\":{\"@type\":\"EntryPoint\",\"urlTemplate\":\"https:\/\/www.visit-ulcinj.com\/blog\/?s={search_term_string}\"},\"query-input\":\"required name=search_term_string\"}],\"inLanguage\":\"en-US\"},{\"@type\":\"ImageObject\",\"inLanguage\":\"en-US\",\"@id\":\"https:\/\/www.visit-ulcinj.com\/blog\/2013\/06\/05\/kosovsko-crnogorski-poslovni-forum\/#primaryimage\",\"url\":\"https:\/\/www.visit-ulcinj.com\/blog\/wp-content\/uploads\/2013\/06\/Kosovsko-crnogorski-poslovni-forum.png\",\"contentUrl\":\"https:\/\/www.visit-ulcinj.com\/blog\/wp-content\/uploads\/2013\/06\/Kosovsko-crnogorski-poslovni-forum.png\",\"width\":624,\"height\":425},{\"@type\":\"WebPage\",\"@id\":\"https:\/\/www.visit-ulcinj.com\/blog\/2013\/06\/05\/kosovsko-crnogorski-poslovni-forum\/#webpage\",\"url\":\"https:\/\/www.visit-ulcinj.com\/blog\/2013\/06\/05\/kosovsko-crnogorski-poslovni-forum\/\",\"name\":\"Kosovsko-crnogorski poslovni forum - Lajme nga Ulqini\",\"isPartOf\":{\"@id\":\"https:\/\/www.visit-ulcinj.com\/blog\/#website\"},\"primaryImageOfPage\":{\"@id\":\"https:\/\/www.visit-ulcinj.com\/blog\/2013\/06\/05\/kosovsko-crnogorski-poslovni-forum\/#primaryimage\"},\"datePublished\":\"2013-06-05T17:36:04+00:00\",\"dateModified\":\"2013-06-05T17:36:23+00:00\",\"author\":{\"@id\":\"https:\/\/www.visit-ulcinj.com\/blog\/#\/schema\/person\/dcab619c614d3038751c63bc2aadc06d\"},\"description\":\"Forum kosovsko-crnogorskog prijateljstva \u201eRadovan Zogovi\u0107\u201c odr\u017ean je 3. i 4. juna 2013. godine u Pri\u0161tini. Skup, koji su u\u010desnici okarakterisali izuzetno\",\"breadcrumb\":{\"@id\":\"https:\/\/www.visit-ulcinj.com\/blog\/2013\/06\/05\/kosovsko-crnogorski-poslovni-forum\/#breadcrumb\"},\"inLanguage\":\"en-US\",\"potentialAction\":[{\"@type\":\"ReadAction\",\"target\":[\"https:\/\/www.visit-ulcinj.com\/blog\/2013\/06\/05\/kosovsko-crnogorski-poslovni-forum\/\"]}]},{\"@type\":\"BreadcrumbList\",\"@id\":\"https:\/\/www.visit-ulcinj.com\/blog\/2013\/06\/05\/kosovsko-crnogorski-poslovni-forum\/#breadcrumb\",\"itemListElement\":[{\"@type\":\"ListItem\",\"position\":1,\"name\":\"Kosovsko-crnogorski poslovni forum\"}]},{\"@type\":\"Person\",\"@id\":\"https:\/\/www.visit-ulcinj.com\/blog\/#\/schema\/person\/dcab619c614d3038751c63bc2aadc06d\",\"name\":\"ulqini\",\"sameAs\":[\"http:\/\/www.visit-ulcinj.com\"],\"url\":\"https:\/\/www.visit-ulcinj.com\/blog\/author\/admin\/\"}]}<\/script>\n<!-- \/ Yoast SEO plugin. -->","yoast_head_json":{"title":"Kosovsko-crnogorski poslovni forum - Lajme nga Ulqini","description":"Forum kosovsko-crnogorskog prijateljstva \u201eRadovan Zogovi\u0107\u201c odr\u017ean je 3. i 4. juna 2013. godine u Pri\u0161tini. Skup, koji su u\u010desnici okarakterisali izuzetno","robots":{"index":"index","follow":"follow","max-snippet":"max-snippet:-1","max-image-preview":"max-image-preview:large","max-video-preview":"max-video-preview:-1"},"canonical":"https:\/\/www.visit-ulcinj.com\/blog\/2013\/06\/05\/kosovsko-crnogorski-poslovni-forum\/","og_locale":"en_US","og_type":"article","og_title":"Kosovsko-crnogorski poslovni forum - Lajme nga Ulqini","og_description":"Forum kosovsko-crnogorskog prijateljstva \u201eRadovan Zogovi\u0107\u201c odr\u017ean je 3. i 4. juna 2013. godine u Pri\u0161tini. Skup, koji su u\u010desnici okarakterisali izuzetno","og_url":"https:\/\/www.visit-ulcinj.com\/blog\/2013\/06\/05\/kosovsko-crnogorski-poslovni-forum\/","og_site_name":"Lajme nga Ulqini","article_published_time":"2013-06-05T17:36:04+00:00","article_modified_time":"2013-06-05T17:36:23+00:00","og_image":[{"url":"http:\/\/www.visit-ulcinj.com\/blog\/wp-content\/uploads\/2013\/06\/Kosovsko-crnogorski-poslovni-forum.png"}],"twitter_misc":{"Written by":"ulqini","Est. reading time":"3 minutes"},"schema":{"@context":"https:\/\/schema.org","@graph":[{"@type":"WebSite","@id":"https:\/\/www.visit-ulcinj.com\/blog\/#website","url":"https:\/\/www.visit-ulcinj.com\/blog\/","name":"Lajme nga Ulqini","description":"Lajme,Vijesti,Ulqini,Ulqin,Crna Gora,Mali i Zi","potentialAction":[{"@type":"SearchAction","target":{"@type":"EntryPoint","urlTemplate":"https:\/\/www.visit-ulcinj.com\/blog\/?s={search_term_string}"},"query-input":"required name=search_term_string"}],"inLanguage":"en-US"},{"@type":"ImageObject","inLanguage":"en-US","@id":"https:\/\/www.visit-ulcinj.com\/blog\/2013\/06\/05\/kosovsko-crnogorski-poslovni-forum\/#primaryimage","url":"https:\/\/www.visit-ulcinj.com\/blog\/wp-content\/uploads\/2013\/06\/Kosovsko-crnogorski-poslovni-forum.png","contentUrl":"https:\/\/www.visit-ulcinj.com\/blog\/wp-content\/uploads\/2013\/06\/Kosovsko-crnogorski-poslovni-forum.png","width":624,"height":425},{"@type":"WebPage","@id":"https:\/\/www.visit-ulcinj.com\/blog\/2013\/06\/05\/kosovsko-crnogorski-poslovni-forum\/#webpage","url":"https:\/\/www.visit-ulcinj.com\/blog\/2013\/06\/05\/kosovsko-crnogorski-poslovni-forum\/","name":"Kosovsko-crnogorski poslovni forum - Lajme nga Ulqini","isPartOf":{"@id":"https:\/\/www.visit-ulcinj.com\/blog\/#website"},"primaryImageOfPage":{"@id":"https:\/\/www.visit-ulcinj.com\/blog\/2013\/06\/05\/kosovsko-crnogorski-poslovni-forum\/#primaryimage"},"datePublished":"2013-06-05T17:36:04+00:00","dateModified":"2013-06-05T17:36:23+00:00","author":{"@id":"https:\/\/www.visit-ulcinj.com\/blog\/#\/schema\/person\/dcab619c614d3038751c63bc2aadc06d"},"description":"Forum kosovsko-crnogorskog prijateljstva \u201eRadovan Zogovi\u0107\u201c odr\u017ean je 3. i 4. juna 2013. godine u Pri\u0161tini. Skup, koji su u\u010desnici okarakterisali izuzetno","breadcrumb":{"@id":"https:\/\/www.visit-ulcinj.com\/blog\/2013\/06\/05\/kosovsko-crnogorski-poslovni-forum\/#breadcrumb"},"inLanguage":"en-US","potentialAction":[{"@type":"ReadAction","target":["https:\/\/www.visit-ulcinj.com\/blog\/2013\/06\/05\/kosovsko-crnogorski-poslovni-forum\/"]}]},{"@type":"BreadcrumbList","@id":"https:\/\/www.visit-ulcinj.com\/blog\/2013\/06\/05\/kosovsko-crnogorski-poslovni-forum\/#breadcrumb","itemListElement":[{"@type":"ListItem","position":1,"name":"Kosovsko-crnogorski poslovni forum"}]},{"@type":"Person","@id":"https:\/\/www.visit-ulcinj.com\/blog\/#\/schema\/person\/dcab619c614d3038751c63bc2aadc06d","name":"ulqini","sameAs":["http:\/\/www.visit-ulcinj.com"],"url":"https:\/\/www.visit-ulcinj.com\/blog\/author\/admin\/"}]}},"jetpack_featured_media_url":"","jetpack_sharing_enabled":true,"jetpack_shortlink":"https:\/\/wp.me\/pe6lTn-iLs","_links":{"self":[{"href":"https:\/\/www.visit-ulcinj.com\/blog\/wp-json\/wp\/v2\/posts\/72134"}],"collection":[{"href":"https:\/\/www.visit-ulcinj.com\/blog\/wp-json\/wp\/v2\/posts"}],"about":[{"href":"https:\/\/www.visit-ulcinj.com\/blog\/wp-json\/wp\/v2\/types\/post"}],"author":[{"embeddable":true,"href":"https:\/\/www.visit-ulcinj.com\/blog\/wp-json\/wp\/v2\/users\/1"}],"replies":[{"embeddable":true,"href":"https:\/\/www.visit-ulcinj.com\/blog\/wp-json\/wp\/v2\/comments?post=72134"}],"version-history":[{"count":2,"href":"https:\/\/www.visit-ulcinj.com\/blog\/wp-json\/wp\/v2\/posts\/72134\/revisions"}],"predecessor-version":[{"id":72137,"href":"https:\/\/www.visit-ulcinj.com\/blog\/wp-json\/wp\/v2\/posts\/72134\/revisions\/72137"}],"wp:attachment":[{"href":"https:\/\/www.visit-ulcinj.com\/blog\/wp-json\/wp\/v2\/media?parent=72134"}],"wp:term":[{"taxonomy":"category","embeddable":true,"href":"https:\/\/www.visit-ulcinj.com\/blog\/wp-json\/wp\/v2\/categories?post=72134"},{"taxonomy":"post_tag","embeddable":true,"href":"https:\/\/www.visit-ulcinj.com\/blog\/wp-json\/wp\/v2\/tags?post=72134"}],"curies":[{"name":"wp","href":"https:\/\/api.w.org\/{rel}","templated":true}]}}