{"id":72138,"date":"2013-06-06T06:55:38","date_gmt":"2013-06-06T05:55:38","guid":{"rendered":"http:\/\/www.visit-ulcinj.com\/blog\/?p=72138"},"modified":"2013-06-06T06:56:17","modified_gmt":"2013-06-06T05:56:17","slug":"in-memoriam-zejnel-ismailaga","status":"publish","type":"post","link":"https:\/\/www.visit-ulcinj.com\/blog\/2013\/06\/06\/in-memoriam-zejnel-ismailaga\/","title":{"rendered":"In  Memoriam Zejnel Ismailaga"},"content":{"rendered":"<p>Para dy dit\u00ebsh n\u00eb mosh\u00ebn 84 vje\u00e7are, ndoi jet\u00eb Zejnel Ismailga. T\u00eb gjit\u00eb ne, duke filluar nga m\u00eb t\u00eb af\u00ebrmit, dhe deri te ato t\u00eb cil\u00ebt e kan\u00eb njohur, p\u00ebr Zejnelin flasin m\u00eb \u00a0respekt, \u00a0dhe \u00a0m\u00eb nj\u00eb pijetet t\u00eb posa\u00e7\u00ebm.<br \/>\n<a href=\"http:\/\/www.visit-ulcinj.com\/blog\/wp-content\/uploads\/2013\/06\/Zejnel-Ismailaga.jpg\"><img loading=\"lazy\" class=\"alignleft size-full wp-image-72139\" alt=\"Zejnel Ismailaga\" src=\"http:\/\/www.visit-ulcinj.com\/blog\/wp-content\/uploads\/2013\/06\/Zejnel-Ismailaga.jpg\" width=\"508\" height=\"600\" \/><\/a><br \/>\nP\u00ebr Zejnelin kam shkruar n\u00eb librin tim &#8220;Kalaja Legjend\u00eb dhe Art&#8221; t\u00eb botuar n\u00eb vitin 2006 n\u00eb Ulqin. Zejneli ka qen\u00eb nj\u00eb detar dhe nj\u00eb \u00a0kapidan me nam i Kalas\u00eb ton\u00eb, dhe ke t\u00eb gjith\u00eb ne ka l\u00ebn\u00eb nj\u00eb zbrasti t\u00eb madhe. Jam i sigurt, se \u00a0ndaj mendimin e t\u00eb gjith\u00eb qytetar\u00ebve t\u00eb Ulqinit, \u00a0posa\u00e7\u00ebrisht atyre t\u00eb cil\u00ebt e \u00a0kan\u00eb origjin\u00ebn nga Kalaja, se kujtimi n\u00eb Zejnelin do t\u00eb mbes\u00eb gjithmon\u00eb i pa ndryshuar. Gjithmon\u00eb do t\u00eb na kujtojn \u00a0personazhi i ti, modest \u00a0dhe i \u00a0mir\u00eb, \u00a0si nj\u00eb njeri i cili kurr\u00eb nuk ka dit\u00eb m\u00eb e ngrit\u00eb z\u00ebrin, \u00a0 nj\u00eb njeri i jasht\u00ebzakonsh\u00ebm i but\u00eb si\u00e7 thot\u00eb populli yn\u00eb, modest..nj\u00eb kapidan me nam &#8230; Rahmet past<\/p>\n<p>Dhe n\u00eb fund, \u00ebsht\u00eb mir\u00eb q\u00eb personazh\u00ebt sikurse Zejneli ti kujtojm\u00eb dhe mos ti harrojm\u00eb kurr\u00eb. Shembuj t\u00eb k\u00ebtill\u00eb duhet ti u l\u00ebm\u00eb n\u00eb trash\u00ebgim brezave q\u00eb vijn\u00eb pas nesh.<\/p>\n<p>&nbsp;<\/p>\n<p>M\u00eb respekt dhe nj\u00eb pijetet t\u00eb ve\u00e7ant Zejnelit<\/p>\n<p>prof.Ismet Karamanaga<\/p>\n","protected":false},"excerpt":{"rendered":"<p>Para dy dit\u00ebsh n\u00eb mosh\u00ebn 84 vje\u00e7are, ndoi jet\u00eb Zejnel Ismailga. T\u00eb gjit\u00eb ne, duke filluar nga m\u00eb t\u00eb af\u00ebrmit, dhe deri te ato t\u00eb cil\u00ebt e kan\u00eb njohur, p\u00ebr Zejnelin flasin m\u00eb \u00a0respekt, \u00a0dhe \u00a0m\u00eb nj\u00eb pijetet t\u00eb posa\u00e7\u00ebm. P\u00ebr Zejnelin kam shkruar n\u00eb librin tim &#8220;Kalaja Legjend\u00eb dhe Art&#8221; t\u00eb botuar n\u00eb vitin [&hellip;]<\/p>\n","protected":false},"author":1,"featured_media":0,"comment_status":"closed","ping_status":"closed","sticky":false,"template":"","format":"standard","meta":{"spay_email":"","jetpack_publicize_message":"","jetpack_is_tweetstorm":false,"jetpack_publicize_feature_enabled":true},"categories":[6950],"tags":[],"jetpack_publicize_connections":[],"yoast_head":"<!-- This site is optimized with the Yoast SEO plugin v19.1 - https:\/\/yoast.com\/wordpress\/plugins\/seo\/ -->\n<title>In Memoriam Zejnel Ismailaga - Lajme nga Ulqini<\/title>\n<meta name=\"description\" content=\"Para dy dit\u00ebsh n\u00eb mosh\u00ebn 84 vje\u00e7are, ndoi jet\u00eb Zejnel Ismailga. T\u00eb gjit\u00eb ne, duke filluar nga m\u00eb t\u00eb af\u00ebrmit, dhe deri te ato t\u00eb cil\u00ebt e kan\u00eb njohur, p\u00ebr\" \/>\n<meta name=\"robots\" content=\"index, follow, max-snippet:-1, max-image-preview:large, max-video-preview:-1\" \/>\n<link rel=\"canonical\" href=\"https:\/\/www.visit-ulcinj.com\/blog\/2013\/06\/06\/in-memoriam-zejnel-ismailaga\/\" \/>\n<meta property=\"og:locale\" content=\"en_US\" \/>\n<meta property=\"og:type\" content=\"article\" \/>\n<meta property=\"og:title\" content=\"In Memoriam Zejnel Ismailaga - Lajme nga Ulqini\" \/>\n<meta property=\"og:description\" content=\"Para dy dit\u00ebsh n\u00eb mosh\u00ebn 84 vje\u00e7are, ndoi jet\u00eb Zejnel Ismailga. T\u00eb gjit\u00eb ne, duke filluar nga m\u00eb t\u00eb af\u00ebrmit, dhe deri te ato t\u00eb cil\u00ebt e kan\u00eb njohur, p\u00ebr\" \/>\n<meta property=\"og:url\" content=\"https:\/\/www.visit-ulcinj.com\/blog\/2013\/06\/06\/in-memoriam-zejnel-ismailaga\/\" \/>\n<meta property=\"og:site_name\" content=\"Lajme nga Ulqini\" \/>\n<meta property=\"article:published_time\" content=\"2013-06-06T05:55:38+00:00\" \/>\n<meta property=\"article:modified_time\" content=\"2013-06-06T05:56:17+00:00\" \/>\n<meta property=\"og:image\" content=\"http:\/\/www.visit-ulcinj.com\/blog\/wp-content\/uploads\/2013\/06\/Zejnel-Ismailaga.jpg\" \/>\n<meta name=\"twitter:label1\" content=\"Written by\" \/>\n\t<meta name=\"twitter:data1\" content=\"ulqini\" \/>\n\t<meta name=\"twitter:label2\" content=\"Est. reading time\" \/>\n\t<meta name=\"twitter:data2\" content=\"1 minute\" \/>\n<script type=\"application\/ld+json\" class=\"yoast-schema-graph\">{\"@context\":\"https:\/\/schema.org\",\"@graph\":[{\"@type\":\"WebSite\",\"@id\":\"https:\/\/www.visit-ulcinj.com\/blog\/#website\",\"url\":\"https:\/\/www.visit-ulcinj.com\/blog\/\",\"name\":\"Lajme nga Ulqini\",\"description\":\"Lajme,Vijesti,Ulqini,Ulqin,Crna Gora,Mali i Zi\",\"potentialAction\":[{\"@type\":\"SearchAction\",\"target\":{\"@type\":\"EntryPoint\",\"urlTemplate\":\"https:\/\/www.visit-ulcinj.com\/blog\/?s={search_term_string}\"},\"query-input\":\"required name=search_term_string\"}],\"inLanguage\":\"en-US\"},{\"@type\":\"ImageObject\",\"inLanguage\":\"en-US\",\"@id\":\"https:\/\/www.visit-ulcinj.com\/blog\/2013\/06\/06\/in-memoriam-zejnel-ismailaga\/#primaryimage\",\"url\":\"https:\/\/www.visit-ulcinj.com\/blog\/wp-content\/uploads\/2013\/06\/Zejnel-Ismailaga.jpg\",\"contentUrl\":\"https:\/\/www.visit-ulcinj.com\/blog\/wp-content\/uploads\/2013\/06\/Zejnel-Ismailaga.jpg\",\"width\":540,\"height\":720},{\"@type\":\"WebPage\",\"@id\":\"https:\/\/www.visit-ulcinj.com\/blog\/2013\/06\/06\/in-memoriam-zejnel-ismailaga\/#webpage\",\"url\":\"https:\/\/www.visit-ulcinj.com\/blog\/2013\/06\/06\/in-memoriam-zejnel-ismailaga\/\",\"name\":\"In Memoriam Zejnel Ismailaga - Lajme nga Ulqini\",\"isPartOf\":{\"@id\":\"https:\/\/www.visit-ulcinj.com\/blog\/#website\"},\"primaryImageOfPage\":{\"@id\":\"https:\/\/www.visit-ulcinj.com\/blog\/2013\/06\/06\/in-memoriam-zejnel-ismailaga\/#primaryimage\"},\"datePublished\":\"2013-06-06T05:55:38+00:00\",\"dateModified\":\"2013-06-06T05:56:17+00:00\",\"author\":{\"@id\":\"https:\/\/www.visit-ulcinj.com\/blog\/#\/schema\/person\/dcab619c614d3038751c63bc2aadc06d\"},\"description\":\"Para dy dit\u00ebsh n\u00eb mosh\u00ebn 84 vje\u00e7are, ndoi jet\u00eb Zejnel Ismailga. T\u00eb gjit\u00eb ne, duke filluar nga m\u00eb t\u00eb af\u00ebrmit, dhe deri te ato t\u00eb cil\u00ebt e kan\u00eb njohur, p\u00ebr\",\"breadcrumb\":{\"@id\":\"https:\/\/www.visit-ulcinj.com\/blog\/2013\/06\/06\/in-memoriam-zejnel-ismailaga\/#breadcrumb\"},\"inLanguage\":\"en-US\",\"potentialAction\":[{\"@type\":\"ReadAction\",\"target\":[\"https:\/\/www.visit-ulcinj.com\/blog\/2013\/06\/06\/in-memoriam-zejnel-ismailaga\/\"]}]},{\"@type\":\"BreadcrumbList\",\"@id\":\"https:\/\/www.visit-ulcinj.com\/blog\/2013\/06\/06\/in-memoriam-zejnel-ismailaga\/#breadcrumb\",\"itemListElement\":[{\"@type\":\"ListItem\",\"position\":1,\"name\":\"In Memoriam Zejnel Ismailaga\"}]},{\"@type\":\"Person\",\"@id\":\"https:\/\/www.visit-ulcinj.com\/blog\/#\/schema\/person\/dcab619c614d3038751c63bc2aadc06d\",\"name\":\"ulqini\",\"sameAs\":[\"http:\/\/www.visit-ulcinj.com\"],\"url\":\"https:\/\/www.visit-ulcinj.com\/blog\/author\/admin\/\"}]}<\/script>\n<!-- \/ Yoast SEO plugin. -->","yoast_head_json":{"title":"In Memoriam Zejnel Ismailaga - Lajme nga Ulqini","description":"Para dy dit\u00ebsh n\u00eb mosh\u00ebn 84 vje\u00e7are, ndoi jet\u00eb Zejnel Ismailga. T\u00eb gjit\u00eb ne, duke filluar nga m\u00eb t\u00eb af\u00ebrmit, dhe deri te ato t\u00eb cil\u00ebt e kan\u00eb njohur, p\u00ebr","robots":{"index":"index","follow":"follow","max-snippet":"max-snippet:-1","max-image-preview":"max-image-preview:large","max-video-preview":"max-video-preview:-1"},"canonical":"https:\/\/www.visit-ulcinj.com\/blog\/2013\/06\/06\/in-memoriam-zejnel-ismailaga\/","og_locale":"en_US","og_type":"article","og_title":"In Memoriam Zejnel Ismailaga - Lajme nga Ulqini","og_description":"Para dy dit\u00ebsh n\u00eb mosh\u00ebn 84 vje\u00e7are, ndoi jet\u00eb Zejnel Ismailga. T\u00eb gjit\u00eb ne, duke filluar nga m\u00eb t\u00eb af\u00ebrmit, dhe deri te ato t\u00eb cil\u00ebt e kan\u00eb njohur, p\u00ebr","og_url":"https:\/\/www.visit-ulcinj.com\/blog\/2013\/06\/06\/in-memoriam-zejnel-ismailaga\/","og_site_name":"Lajme nga Ulqini","article_published_time":"2013-06-06T05:55:38+00:00","article_modified_time":"2013-06-06T05:56:17+00:00","og_image":[{"url":"http:\/\/www.visit-ulcinj.com\/blog\/wp-content\/uploads\/2013\/06\/Zejnel-Ismailaga.jpg"}],"twitter_misc":{"Written by":"ulqini","Est. reading time":"1 minute"},"schema":{"@context":"https:\/\/schema.org","@graph":[{"@type":"WebSite","@id":"https:\/\/www.visit-ulcinj.com\/blog\/#website","url":"https:\/\/www.visit-ulcinj.com\/blog\/","name":"Lajme nga Ulqini","description":"Lajme,Vijesti,Ulqini,Ulqin,Crna Gora,Mali i Zi","potentialAction":[{"@type":"SearchAction","target":{"@type":"EntryPoint","urlTemplate":"https:\/\/www.visit-ulcinj.com\/blog\/?s={search_term_string}"},"query-input":"required name=search_term_string"}],"inLanguage":"en-US"},{"@type":"ImageObject","inLanguage":"en-US","@id":"https:\/\/www.visit-ulcinj.com\/blog\/2013\/06\/06\/in-memoriam-zejnel-ismailaga\/#primaryimage","url":"https:\/\/www.visit-ulcinj.com\/blog\/wp-content\/uploads\/2013\/06\/Zejnel-Ismailaga.jpg","contentUrl":"https:\/\/www.visit-ulcinj.com\/blog\/wp-content\/uploads\/2013\/06\/Zejnel-Ismailaga.jpg","width":540,"height":720},{"@type":"WebPage","@id":"https:\/\/www.visit-ulcinj.com\/blog\/2013\/06\/06\/in-memoriam-zejnel-ismailaga\/#webpage","url":"https:\/\/www.visit-ulcinj.com\/blog\/2013\/06\/06\/in-memoriam-zejnel-ismailaga\/","name":"In Memoriam Zejnel Ismailaga - Lajme nga Ulqini","isPartOf":{"@id":"https:\/\/www.visit-ulcinj.com\/blog\/#website"},"primaryImageOfPage":{"@id":"https:\/\/www.visit-ulcinj.com\/blog\/2013\/06\/06\/in-memoriam-zejnel-ismailaga\/#primaryimage"},"datePublished":"2013-06-06T05:55:38+00:00","dateModified":"2013-06-06T05:56:17+00:00","author":{"@id":"https:\/\/www.visit-ulcinj.com\/blog\/#\/schema\/person\/dcab619c614d3038751c63bc2aadc06d"},"description":"Para dy dit\u00ebsh n\u00eb mosh\u00ebn 84 vje\u00e7are, ndoi jet\u00eb Zejnel Ismailga. T\u00eb gjit\u00eb ne, duke filluar nga m\u00eb t\u00eb af\u00ebrmit, dhe deri te ato t\u00eb cil\u00ebt e kan\u00eb njohur, p\u00ebr","breadcrumb":{"@id":"https:\/\/www.visit-ulcinj.com\/blog\/2013\/06\/06\/in-memoriam-zejnel-ismailaga\/#breadcrumb"},"inLanguage":"en-US","potentialAction":[{"@type":"ReadAction","target":["https:\/\/www.visit-ulcinj.com\/blog\/2013\/06\/06\/in-memoriam-zejnel-ismailaga\/"]}]},{"@type":"BreadcrumbList","@id":"https:\/\/www.visit-ulcinj.com\/blog\/2013\/06\/06\/in-memoriam-zejnel-ismailaga\/#breadcrumb","itemListElement":[{"@type":"ListItem","position":1,"name":"In Memoriam Zejnel Ismailaga"}]},{"@type":"Person","@id":"https:\/\/www.visit-ulcinj.com\/blog\/#\/schema\/person\/dcab619c614d3038751c63bc2aadc06d","name":"ulqini","sameAs":["http:\/\/www.visit-ulcinj.com"],"url":"https:\/\/www.visit-ulcinj.com\/blog\/author\/admin\/"}]}},"jetpack_featured_media_url":"","jetpack_sharing_enabled":true,"jetpack_shortlink":"https:\/\/wp.me\/pe6lTn-iLw","_links":{"self":[{"href":"https:\/\/www.visit-ulcinj.com\/blog\/wp-json\/wp\/v2\/posts\/72138"}],"collection":[{"href":"https:\/\/www.visit-ulcinj.com\/blog\/wp-json\/wp\/v2\/posts"}],"about":[{"href":"https:\/\/www.visit-ulcinj.com\/blog\/wp-json\/wp\/v2\/types\/post"}],"author":[{"embeddable":true,"href":"https:\/\/www.visit-ulcinj.com\/blog\/wp-json\/wp\/v2\/users\/1"}],"replies":[{"embeddable":true,"href":"https:\/\/www.visit-ulcinj.com\/blog\/wp-json\/wp\/v2\/comments?post=72138"}],"version-history":[{"count":3,"href":"https:\/\/www.visit-ulcinj.com\/blog\/wp-json\/wp\/v2\/posts\/72138\/revisions"}],"predecessor-version":[{"id":72142,"href":"https:\/\/www.visit-ulcinj.com\/blog\/wp-json\/wp\/v2\/posts\/72138\/revisions\/72142"}],"wp:attachment":[{"href":"https:\/\/www.visit-ulcinj.com\/blog\/wp-json\/wp\/v2\/media?parent=72138"}],"wp:term":[{"taxonomy":"category","embeddable":true,"href":"https:\/\/www.visit-ulcinj.com\/blog\/wp-json\/wp\/v2\/categories?post=72138"},{"taxonomy":"post_tag","embeddable":true,"href":"https:\/\/www.visit-ulcinj.com\/blog\/wp-json\/wp\/v2\/tags?post=72138"}],"curies":[{"name":"wp","href":"https:\/\/api.w.org\/{rel}","templated":true}]}}