{"id":7214,"date":"2008-12-14T11:23:49","date_gmt":"2008-12-14T10:23:49","guid":{"rendered":"http:\/\/www.visit-ulcinj.com\/blog\/?p=7214"},"modified":"2008-12-14T11:23:49","modified_gmt":"2008-12-14T10:23:49","slug":"zanfina-me-risi-per-festa","status":"publish","type":"post","link":"https:\/\/www.visit-ulcinj.com\/blog\/2008\/12\/14\/zanfina-me-risi-per-festa\/","title":{"rendered":"Zanfina me risi p\u00ebr festa"},"content":{"rendered":"<p><a href=\"http:\/\/www.visit-ulcinj.com\/blog\/wp-content\/uploads\/2008\/12\/zanafina-ismaili3.jpg\"><img loading=\"lazy\" class=\"alignleft size-medium wp-image-7215\" title=\"zanafina-ismaili3\" src=\"http:\/\/www.visit-ulcinj.com\/blog\/wp-content\/uploads\/2008\/12\/zanafina-ismaili3.jpg\" alt=\"\" width=\"256\" height=\"256\" \/><\/a><span style=\"font-weight: bold;\">K\u00ebng\u00ebtarja Zanfina Ismajli \u00ebsht\u00eb duke u p\u00ebrgatitur p\u00ebr disa risi t\u00eb cilat do t\u2019i shpalos para publikut n\u00eb muajin janar. <\/span><\/p>\n<p>K\u00ebng\u00ebtarja Zanfina Ismajli \u00ebsht\u00eb duke u p\u00ebrgatitur p\u00ebr disa risi p\u00ebr vitin 2009. Nj\u00eb burim i af\u00ebrt m\u00eb k\u00ebng\u00ebtaren ka th\u00ebn\u00eb se ajo \u00ebsht\u00eb duke u p\u00ebrgatitur p\u00ebr nj\u00eb album t\u00eb ri si dhe p\u00ebr lansimin e nj\u00eb video-klipi.<\/p>\n<p>Koh\u00ebve t\u00eb fundit k\u00ebng\u00ebtarja ka qen\u00eb shum\u00eb e angazhuar n\u00eb programet e ndryshme t\u00eb vitit t\u00eb ri, p\u00ebrderisa disa her\u00eb gjat\u00eb fundjav\u00ebs ka mbajtur koncerte n\u00ebp\u00ebr diaspor\u00ebn shqiptare dhe n\u00eb Kosov\u00eb.<\/p>\n<p>Burimi ka th\u00ebn\u00eb se k\u00ebng\u00ebtarja ka pasur nj\u00eb sukses t\u00eb madh n\u00eb nj\u00eb koncert q\u00eb e ka mbajtur p\u00ebr nder t\u00eb fest\u00ebs se Bajramit.<\/p>\n<p>T\u00eb shohim se \u00e7ka do sjell Zanfina n\u00eb vitin 2009.<br \/>\n<span style=\"font-weight: bold;\">Ardian Jasiqi<\/span><br style=\"font-weight: bold;\" \/> <span style=\"font-weight: bold;\">Gazeta Express<\/span><\/p>\n<!--YouTube Error: bad URL entered-->\n","protected":false},"excerpt":{"rendered":"<p>K\u00ebng\u00ebtarja Zanfina Ismajli \u00ebsht\u00eb duke u p\u00ebrgatitur p\u00ebr disa risi t\u00eb cilat do t\u2019i shpalos para publikut n\u00eb muajin janar. K\u00ebng\u00ebtarja Zanfina Ismajli \u00ebsht\u00eb duke u p\u00ebrgatitur p\u00ebr disa risi p\u00ebr vitin 2009. Nj\u00eb burim i af\u00ebrt m\u00eb k\u00ebng\u00ebtaren ka th\u00ebn\u00eb se ajo \u00ebsht\u00eb duke u p\u00ebrgatitur p\u00ebr nj\u00eb album t\u00eb ri si dhe p\u00ebr [&hellip;]<\/p>\n","protected":false},"author":1,"featured_media":0,"comment_status":"open","ping_status":"closed","sticky":false,"template":"","format":"standard","meta":{"spay_email":"","jetpack_publicize_message":"","jetpack_is_tweetstorm":false,"jetpack_publicize_feature_enabled":true},"categories":[1],"tags":[4938],"jetpack_publicize_connections":[],"yoast_head":"<!-- This site is optimized with the Yoast SEO plugin v19.1 - https:\/\/yoast.com\/wordpress\/plugins\/seo\/ -->\n<title>Zanfina me risi p\u00ebr festa - Lajme nga Ulqini<\/title>\n<meta name=\"description\" content=\"K\u00ebng\u00ebtarja Zanfina Ismajli \u00ebsht\u00eb duke u p\u00ebrgatitur p\u00ebr disa risi t\u00eb cilat do t\u2019i shpalos para publikut n\u00eb muajin janar. K\u00ebng\u00ebtarja Zanfina Ismajli \u00ebsht\u00eb\" \/>\n<meta name=\"robots\" content=\"index, follow, max-snippet:-1, max-image-preview:large, max-video-preview:-1\" \/>\n<link rel=\"canonical\" href=\"https:\/\/www.visit-ulcinj.com\/blog\/2008\/12\/14\/zanfina-me-risi-per-festa\/\" \/>\n<meta property=\"og:locale\" content=\"en_US\" \/>\n<meta property=\"og:type\" content=\"article\" \/>\n<meta property=\"og:title\" content=\"Zanfina me risi p\u00ebr festa - Lajme nga Ulqini\" \/>\n<meta property=\"og:description\" content=\"K\u00ebng\u00ebtarja Zanfina Ismajli \u00ebsht\u00eb duke u p\u00ebrgatitur p\u00ebr disa risi t\u00eb cilat do t\u2019i shpalos para publikut n\u00eb muajin janar. K\u00ebng\u00ebtarja Zanfina Ismajli \u00ebsht\u00eb\" \/>\n<meta property=\"og:url\" content=\"https:\/\/www.visit-ulcinj.com\/blog\/2008\/12\/14\/zanfina-me-risi-per-festa\/\" \/>\n<meta property=\"og:site_name\" content=\"Lajme nga Ulqini\" \/>\n<meta property=\"article:published_time\" content=\"2008-12-14T10:23:49+00:00\" \/>\n<meta property=\"og:image\" content=\"http:\/\/www.visit-ulcinj.com\/blog\/wp-content\/uploads\/2008\/12\/zanafina-ismaili3.jpg\" \/>\n<meta name=\"twitter:label1\" content=\"Written by\" \/>\n\t<meta name=\"twitter:data1\" content=\"ulqini\" \/>\n\t<meta name=\"twitter:label2\" content=\"Est. reading time\" \/>\n\t<meta name=\"twitter:data2\" content=\"1 minute\" \/>\n<script type=\"application\/ld+json\" class=\"yoast-schema-graph\">{\"@context\":\"https:\/\/schema.org\",\"@graph\":[{\"@type\":\"WebSite\",\"@id\":\"https:\/\/www.visit-ulcinj.com\/blog\/#website\",\"url\":\"https:\/\/www.visit-ulcinj.com\/blog\/\",\"name\":\"Lajme nga Ulqini\",\"description\":\"Lajme,Vijesti,Ulqini,Ulqin,Crna Gora,Mali i Zi\",\"potentialAction\":[{\"@type\":\"SearchAction\",\"target\":{\"@type\":\"EntryPoint\",\"urlTemplate\":\"https:\/\/www.visit-ulcinj.com\/blog\/?s={search_term_string}\"},\"query-input\":\"required name=search_term_string\"}],\"inLanguage\":\"en-US\"},{\"@type\":\"ImageObject\",\"inLanguage\":\"en-US\",\"@id\":\"https:\/\/www.visit-ulcinj.com\/blog\/2008\/12\/14\/zanfina-me-risi-per-festa\/#primaryimage\",\"url\":\"http:\/\/www.visit-ulcinj.com\/blog\/wp-content\/uploads\/2008\/12\/zanafina-ismaili3.jpg\",\"contentUrl\":\"http:\/\/www.visit-ulcinj.com\/blog\/wp-content\/uploads\/2008\/12\/zanafina-ismaili3.jpg\"},{\"@type\":\"WebPage\",\"@id\":\"https:\/\/www.visit-ulcinj.com\/blog\/2008\/12\/14\/zanfina-me-risi-per-festa\/#webpage\",\"url\":\"https:\/\/www.visit-ulcinj.com\/blog\/2008\/12\/14\/zanfina-me-risi-per-festa\/\",\"name\":\"Zanfina me risi p\u00ebr festa - Lajme nga Ulqini\",\"isPartOf\":{\"@id\":\"https:\/\/www.visit-ulcinj.com\/blog\/#website\"},\"primaryImageOfPage\":{\"@id\":\"https:\/\/www.visit-ulcinj.com\/blog\/2008\/12\/14\/zanfina-me-risi-per-festa\/#primaryimage\"},\"datePublished\":\"2008-12-14T10:23:49+00:00\",\"dateModified\":\"2008-12-14T10:23:49+00:00\",\"author\":{\"@id\":\"https:\/\/www.visit-ulcinj.com\/blog\/#\/schema\/person\/dcab619c614d3038751c63bc2aadc06d\"},\"description\":\"K\u00ebng\u00ebtarja Zanfina Ismajli \u00ebsht\u00eb duke u p\u00ebrgatitur p\u00ebr disa risi t\u00eb cilat do t\u2019i shpalos para publikut n\u00eb muajin janar. K\u00ebng\u00ebtarja Zanfina Ismajli \u00ebsht\u00eb\",\"breadcrumb\":{\"@id\":\"https:\/\/www.visit-ulcinj.com\/blog\/2008\/12\/14\/zanfina-me-risi-per-festa\/#breadcrumb\"},\"inLanguage\":\"en-US\",\"potentialAction\":[{\"@type\":\"ReadAction\",\"target\":[\"https:\/\/www.visit-ulcinj.com\/blog\/2008\/12\/14\/zanfina-me-risi-per-festa\/\"]}]},{\"@type\":\"BreadcrumbList\",\"@id\":\"https:\/\/www.visit-ulcinj.com\/blog\/2008\/12\/14\/zanfina-me-risi-per-festa\/#breadcrumb\",\"itemListElement\":[{\"@type\":\"ListItem\",\"position\":1,\"name\":\"Zanfina me risi p\u00ebr festa\"}]},{\"@type\":\"Person\",\"@id\":\"https:\/\/www.visit-ulcinj.com\/blog\/#\/schema\/person\/dcab619c614d3038751c63bc2aadc06d\",\"name\":\"ulqini\",\"sameAs\":[\"http:\/\/www.visit-ulcinj.com\"],\"url\":\"https:\/\/www.visit-ulcinj.com\/blog\/author\/admin\/\"}]}<\/script>\n<!-- \/ Yoast SEO plugin. -->","yoast_head_json":{"title":"Zanfina me risi p\u00ebr festa - Lajme nga Ulqini","description":"K\u00ebng\u00ebtarja Zanfina Ismajli \u00ebsht\u00eb duke u p\u00ebrgatitur p\u00ebr disa risi t\u00eb cilat do t\u2019i shpalos para publikut n\u00eb muajin janar. K\u00ebng\u00ebtarja Zanfina Ismajli \u00ebsht\u00eb","robots":{"index":"index","follow":"follow","max-snippet":"max-snippet:-1","max-image-preview":"max-image-preview:large","max-video-preview":"max-video-preview:-1"},"canonical":"https:\/\/www.visit-ulcinj.com\/blog\/2008\/12\/14\/zanfina-me-risi-per-festa\/","og_locale":"en_US","og_type":"article","og_title":"Zanfina me risi p\u00ebr festa - Lajme nga Ulqini","og_description":"K\u00ebng\u00ebtarja Zanfina Ismajli \u00ebsht\u00eb duke u p\u00ebrgatitur p\u00ebr disa risi t\u00eb cilat do t\u2019i shpalos para publikut n\u00eb muajin janar. K\u00ebng\u00ebtarja Zanfina Ismajli \u00ebsht\u00eb","og_url":"https:\/\/www.visit-ulcinj.com\/blog\/2008\/12\/14\/zanfina-me-risi-per-festa\/","og_site_name":"Lajme nga Ulqini","article_published_time":"2008-12-14T10:23:49+00:00","og_image":[{"url":"http:\/\/www.visit-ulcinj.com\/blog\/wp-content\/uploads\/2008\/12\/zanafina-ismaili3.jpg"}],"twitter_misc":{"Written by":"ulqini","Est. reading time":"1 minute"},"schema":{"@context":"https:\/\/schema.org","@graph":[{"@type":"WebSite","@id":"https:\/\/www.visit-ulcinj.com\/blog\/#website","url":"https:\/\/www.visit-ulcinj.com\/blog\/","name":"Lajme nga Ulqini","description":"Lajme,Vijesti,Ulqini,Ulqin,Crna Gora,Mali i Zi","potentialAction":[{"@type":"SearchAction","target":{"@type":"EntryPoint","urlTemplate":"https:\/\/www.visit-ulcinj.com\/blog\/?s={search_term_string}"},"query-input":"required name=search_term_string"}],"inLanguage":"en-US"},{"@type":"ImageObject","inLanguage":"en-US","@id":"https:\/\/www.visit-ulcinj.com\/blog\/2008\/12\/14\/zanfina-me-risi-per-festa\/#primaryimage","url":"http:\/\/www.visit-ulcinj.com\/blog\/wp-content\/uploads\/2008\/12\/zanafina-ismaili3.jpg","contentUrl":"http:\/\/www.visit-ulcinj.com\/blog\/wp-content\/uploads\/2008\/12\/zanafina-ismaili3.jpg"},{"@type":"WebPage","@id":"https:\/\/www.visit-ulcinj.com\/blog\/2008\/12\/14\/zanfina-me-risi-per-festa\/#webpage","url":"https:\/\/www.visit-ulcinj.com\/blog\/2008\/12\/14\/zanfina-me-risi-per-festa\/","name":"Zanfina me risi p\u00ebr festa - Lajme nga Ulqini","isPartOf":{"@id":"https:\/\/www.visit-ulcinj.com\/blog\/#website"},"primaryImageOfPage":{"@id":"https:\/\/www.visit-ulcinj.com\/blog\/2008\/12\/14\/zanfina-me-risi-per-festa\/#primaryimage"},"datePublished":"2008-12-14T10:23:49+00:00","dateModified":"2008-12-14T10:23:49+00:00","author":{"@id":"https:\/\/www.visit-ulcinj.com\/blog\/#\/schema\/person\/dcab619c614d3038751c63bc2aadc06d"},"description":"K\u00ebng\u00ebtarja Zanfina Ismajli \u00ebsht\u00eb duke u p\u00ebrgatitur p\u00ebr disa risi t\u00eb cilat do t\u2019i shpalos para publikut n\u00eb muajin janar. K\u00ebng\u00ebtarja Zanfina Ismajli \u00ebsht\u00eb","breadcrumb":{"@id":"https:\/\/www.visit-ulcinj.com\/blog\/2008\/12\/14\/zanfina-me-risi-per-festa\/#breadcrumb"},"inLanguage":"en-US","potentialAction":[{"@type":"ReadAction","target":["https:\/\/www.visit-ulcinj.com\/blog\/2008\/12\/14\/zanfina-me-risi-per-festa\/"]}]},{"@type":"BreadcrumbList","@id":"https:\/\/www.visit-ulcinj.com\/blog\/2008\/12\/14\/zanfina-me-risi-per-festa\/#breadcrumb","itemListElement":[{"@type":"ListItem","position":1,"name":"Zanfina me risi p\u00ebr festa"}]},{"@type":"Person","@id":"https:\/\/www.visit-ulcinj.com\/blog\/#\/schema\/person\/dcab619c614d3038751c63bc2aadc06d","name":"ulqini","sameAs":["http:\/\/www.visit-ulcinj.com"],"url":"https:\/\/www.visit-ulcinj.com\/blog\/author\/admin\/"}]}},"jetpack_featured_media_url":"","jetpack_sharing_enabled":true,"jetpack_shortlink":"https:\/\/wp.me\/pe6lTn-1Sm","_links":{"self":[{"href":"https:\/\/www.visit-ulcinj.com\/blog\/wp-json\/wp\/v2\/posts\/7214"}],"collection":[{"href":"https:\/\/www.visit-ulcinj.com\/blog\/wp-json\/wp\/v2\/posts"}],"about":[{"href":"https:\/\/www.visit-ulcinj.com\/blog\/wp-json\/wp\/v2\/types\/post"}],"author":[{"embeddable":true,"href":"https:\/\/www.visit-ulcinj.com\/blog\/wp-json\/wp\/v2\/users\/1"}],"replies":[{"embeddable":true,"href":"https:\/\/www.visit-ulcinj.com\/blog\/wp-json\/wp\/v2\/comments?post=7214"}],"version-history":[{"count":0,"href":"https:\/\/www.visit-ulcinj.com\/blog\/wp-json\/wp\/v2\/posts\/7214\/revisions"}],"wp:attachment":[{"href":"https:\/\/www.visit-ulcinj.com\/blog\/wp-json\/wp\/v2\/media?parent=7214"}],"wp:term":[{"taxonomy":"category","embeddable":true,"href":"https:\/\/www.visit-ulcinj.com\/blog\/wp-json\/wp\/v2\/categories?post=7214"},{"taxonomy":"post_tag","embeddable":true,"href":"https:\/\/www.visit-ulcinj.com\/blog\/wp-json\/wp\/v2\/tags?post=7214"}],"curies":[{"name":"wp","href":"https:\/\/api.w.org\/{rel}","templated":true}]}}