{"id":72151,"date":"2013-06-06T19:27:43","date_gmt":"2013-06-06T18:27:43","guid":{"rendered":"http:\/\/www.visit-ulcinj.com\/blog\/?p=72151"},"modified":"2013-06-06T19:28:06","modified_gmt":"2013-06-06T18:28:06","slug":"sefe-duraj-lanson-klipin-e-ri-te-realizuar-ne-ulqin","status":"publish","type":"post","link":"https:\/\/www.visit-ulcinj.com\/blog\/2013\/06\/06\/sefe-duraj-lanson-klipin-e-ri-te-realizuar-ne-ulqin\/","title":{"rendered":"Sef\u00eb Duraj lanson klipin e ri t\u00eb realizuar n\u00eb Ulqin"},"content":{"rendered":"<p><a href=\"http:\/\/www.visit-ulcinj.com\/blog\/wp-content\/uploads\/2013\/06\/Sef\u00eb-Duraj-lanson-klipin-e-ri.jpg\"><img loading=\"lazy\" class=\"alignleft  wp-image-72152\" alt=\"Sef\u00eb Duraj lanson klipin e ri\" src=\"http:\/\/www.visit-ulcinj.com\/blog\/wp-content\/uploads\/2013\/06\/Sef\u00eb-Duraj-lanson-klipin-e-ri.jpg\" width=\"508\" height=\"360\" \/><\/a>\u201cHajde ndreqma tripin\u201d k\u00ebnga dhe vido-klip m\u00eb i ri i k\u00ebng\u00ebtarit Sef\u00eb Duraj<\/p>\n<p>K\u00ebng\u00ebtar\u00ebi Sef\u00eb Duraj, k\u00ebto dit\u00eb ka p\u00ebrgatitur p\u00ebr adhuruesit e tij edhe nj\u00eb k\u00ebng\u00eb dhe vide-klip t\u00eb ri. K\u00ebnga dhe vido-klipi \u00ebsht\u00eb \u201cHajde ndreqma tripin\u201d, i cili \u00ebsht\u00eb realizuar n\u00eb Ulqin t\u00eb Malit t\u00eb Zi.<\/p>\n<p>K\u00ebng\u00ebtari Sef\u00eb Duraj, tregon se ka edituar k\u00ebng\u00ebn dhe video klipin e ri me muzik\u00eb dhe t\u00eb orkestruar nga Ardian Kastrati, me tekst t\u00eb Besim Bunjakut- Bica. Vido-klipi \u00ebsht\u00eb realizuar n\u00eb Ulqin nga produksioni \u201cUrban Graphic\u201d.<\/p>\n<p>\u201cBesoj se edhe kjo k\u00ebng\u00eb e re dhe video-klipi me titull \u201cHajde ndreqma tripin\u201d, do t\u00eb jen\u00eb t\u00eb mir\u00ebpritura nga adhuruesit e mij\u201d, thot\u00eb k\u00ebng\u00ebtari Sef\u00eb Duraj.<\/p>\n<p><iframe loading=\"lazy\" width=\"508\" height=\"360\" src=\"http:\/\/www.youtube.com\/embed\/OmVOEddFRDA\" frameborder=\"0\" allowfullscreen><\/iframe><\/p>\n","protected":false},"excerpt":{"rendered":"<p>\u201cHajde ndreqma tripin\u201d k\u00ebnga dhe vido-klip m\u00eb i ri i k\u00ebng\u00ebtarit Sef\u00eb Duraj K\u00ebng\u00ebtar\u00ebi Sef\u00eb Duraj, k\u00ebto dit\u00eb ka p\u00ebrgatitur p\u00ebr adhuruesit e tij edhe nj\u00eb k\u00ebng\u00eb dhe vide-klip t\u00eb ri. K\u00ebnga dhe vido-klipi \u00ebsht\u00eb \u201cHajde ndreqma tripin\u201d, i cili \u00ebsht\u00eb realizuar n\u00eb Ulqin t\u00eb Malit t\u00eb Zi. K\u00ebng\u00ebtari Sef\u00eb Duraj, tregon se ka edituar [&hellip;]<\/p>\n","protected":false},"author":1,"featured_media":0,"comment_status":"closed","ping_status":"closed","sticky":false,"template":"","format":"standard","meta":{"spay_email":"","jetpack_publicize_message":"","jetpack_is_tweetstorm":false,"jetpack_publicize_feature_enabled":true},"categories":[1],"tags":[],"jetpack_publicize_connections":[],"yoast_head":"<!-- This site is optimized with the Yoast SEO plugin v19.1 - https:\/\/yoast.com\/wordpress\/plugins\/seo\/ -->\n<title>Sef\u00eb Duraj lanson klipin e ri t\u00eb realizuar n\u00eb Ulqin - Lajme nga Ulqini<\/title>\n<meta name=\"description\" content=\"\u201cHajde ndreqma tripin\u201d k\u00ebnga dhe vido-klip m\u00eb i ri i k\u00ebng\u00ebtarit Sef\u00eb Duraj K\u00ebng\u00ebtar\u00ebi Sef\u00eb Duraj, k\u00ebto dit\u00eb ka p\u00ebrgatitur p\u00ebr adhuruesit e tij edhe nj\u00eb\" \/>\n<meta name=\"robots\" content=\"index, follow, max-snippet:-1, max-image-preview:large, max-video-preview:-1\" \/>\n<link rel=\"canonical\" href=\"https:\/\/www.visit-ulcinj.com\/blog\/2013\/06\/06\/sefe-duraj-lanson-klipin-e-ri-te-realizuar-ne-ulqin\/\" \/>\n<meta property=\"og:locale\" content=\"en_US\" \/>\n<meta property=\"og:type\" content=\"article\" \/>\n<meta property=\"og:title\" content=\"Sef\u00eb Duraj lanson klipin e ri t\u00eb realizuar n\u00eb Ulqin - Lajme nga Ulqini\" \/>\n<meta property=\"og:description\" content=\"\u201cHajde ndreqma tripin\u201d k\u00ebnga dhe vido-klip m\u00eb i ri i k\u00ebng\u00ebtarit Sef\u00eb Duraj K\u00ebng\u00ebtar\u00ebi Sef\u00eb Duraj, k\u00ebto dit\u00eb ka p\u00ebrgatitur p\u00ebr adhuruesit e tij edhe nj\u00eb\" \/>\n<meta property=\"og:url\" content=\"https:\/\/www.visit-ulcinj.com\/blog\/2013\/06\/06\/sefe-duraj-lanson-klipin-e-ri-te-realizuar-ne-ulqin\/\" \/>\n<meta property=\"og:site_name\" content=\"Lajme nga Ulqini\" \/>\n<meta property=\"article:published_time\" content=\"2013-06-06T18:27:43+00:00\" \/>\n<meta property=\"article:modified_time\" content=\"2013-06-06T18:28:06+00:00\" \/>\n<meta name=\"twitter:label1\" content=\"Written by\" \/>\n\t<meta name=\"twitter:data1\" content=\"ulqini\" \/>\n\t<meta name=\"twitter:label2\" content=\"Est. reading time\" \/>\n\t<meta name=\"twitter:data2\" content=\"1 minute\" \/>\n<script type=\"application\/ld+json\" class=\"yoast-schema-graph\">{\"@context\":\"https:\/\/schema.org\",\"@graph\":[{\"@type\":\"WebSite\",\"@id\":\"https:\/\/www.visit-ulcinj.com\/blog\/#website\",\"url\":\"https:\/\/www.visit-ulcinj.com\/blog\/\",\"name\":\"Lajme nga Ulqini\",\"description\":\"Lajme,Vijesti,Ulqini,Ulqin,Crna Gora,Mali i Zi\",\"potentialAction\":[{\"@type\":\"SearchAction\",\"target\":{\"@type\":\"EntryPoint\",\"urlTemplate\":\"https:\/\/www.visit-ulcinj.com\/blog\/?s={search_term_string}\"},\"query-input\":\"required name=search_term_string\"}],\"inLanguage\":\"en-US\"},{\"@type\":\"WebPage\",\"@id\":\"https:\/\/www.visit-ulcinj.com\/blog\/2013\/06\/06\/sefe-duraj-lanson-klipin-e-ri-te-realizuar-ne-ulqin\/#webpage\",\"url\":\"https:\/\/www.visit-ulcinj.com\/blog\/2013\/06\/06\/sefe-duraj-lanson-klipin-e-ri-te-realizuar-ne-ulqin\/\",\"name\":\"Sef\u00eb Duraj lanson klipin e ri t\u00eb realizuar n\u00eb Ulqin - Lajme nga Ulqini\",\"isPartOf\":{\"@id\":\"https:\/\/www.visit-ulcinj.com\/blog\/#website\"},\"datePublished\":\"2013-06-06T18:27:43+00:00\",\"dateModified\":\"2013-06-06T18:28:06+00:00\",\"author\":{\"@id\":\"https:\/\/www.visit-ulcinj.com\/blog\/#\/schema\/person\/dcab619c614d3038751c63bc2aadc06d\"},\"description\":\"\u201cHajde ndreqma tripin\u201d k\u00ebnga dhe vido-klip m\u00eb i ri i k\u00ebng\u00ebtarit Sef\u00eb Duraj K\u00ebng\u00ebtar\u00ebi Sef\u00eb Duraj, k\u00ebto dit\u00eb ka p\u00ebrgatitur p\u00ebr adhuruesit e tij edhe nj\u00eb\",\"breadcrumb\":{\"@id\":\"https:\/\/www.visit-ulcinj.com\/blog\/2013\/06\/06\/sefe-duraj-lanson-klipin-e-ri-te-realizuar-ne-ulqin\/#breadcrumb\"},\"inLanguage\":\"en-US\",\"potentialAction\":[{\"@type\":\"ReadAction\",\"target\":[\"https:\/\/www.visit-ulcinj.com\/blog\/2013\/06\/06\/sefe-duraj-lanson-klipin-e-ri-te-realizuar-ne-ulqin\/\"]}]},{\"@type\":\"BreadcrumbList\",\"@id\":\"https:\/\/www.visit-ulcinj.com\/blog\/2013\/06\/06\/sefe-duraj-lanson-klipin-e-ri-te-realizuar-ne-ulqin\/#breadcrumb\",\"itemListElement\":[{\"@type\":\"ListItem\",\"position\":1,\"name\":\"Sef\u00eb Duraj lanson klipin e ri t\u00eb realizuar n\u00eb Ulqin\"}]},{\"@type\":\"Person\",\"@id\":\"https:\/\/www.visit-ulcinj.com\/blog\/#\/schema\/person\/dcab619c614d3038751c63bc2aadc06d\",\"name\":\"ulqini\",\"sameAs\":[\"http:\/\/www.visit-ulcinj.com\"],\"url\":\"https:\/\/www.visit-ulcinj.com\/blog\/author\/admin\/\"}]}<\/script>\n<!-- \/ Yoast SEO plugin. -->","yoast_head_json":{"title":"Sef\u00eb Duraj lanson klipin e ri t\u00eb realizuar n\u00eb Ulqin - Lajme nga Ulqini","description":"\u201cHajde ndreqma tripin\u201d k\u00ebnga dhe vido-klip m\u00eb i ri i k\u00ebng\u00ebtarit Sef\u00eb Duraj K\u00ebng\u00ebtar\u00ebi Sef\u00eb Duraj, k\u00ebto dit\u00eb ka p\u00ebrgatitur p\u00ebr adhuruesit e tij edhe nj\u00eb","robots":{"index":"index","follow":"follow","max-snippet":"max-snippet:-1","max-image-preview":"max-image-preview:large","max-video-preview":"max-video-preview:-1"},"canonical":"https:\/\/www.visit-ulcinj.com\/blog\/2013\/06\/06\/sefe-duraj-lanson-klipin-e-ri-te-realizuar-ne-ulqin\/","og_locale":"en_US","og_type":"article","og_title":"Sef\u00eb Duraj lanson klipin e ri t\u00eb realizuar n\u00eb Ulqin - Lajme nga Ulqini","og_description":"\u201cHajde ndreqma tripin\u201d k\u00ebnga dhe vido-klip m\u00eb i ri i k\u00ebng\u00ebtarit Sef\u00eb Duraj K\u00ebng\u00ebtar\u00ebi Sef\u00eb Duraj, k\u00ebto dit\u00eb ka p\u00ebrgatitur p\u00ebr adhuruesit e tij edhe nj\u00eb","og_url":"https:\/\/www.visit-ulcinj.com\/blog\/2013\/06\/06\/sefe-duraj-lanson-klipin-e-ri-te-realizuar-ne-ulqin\/","og_site_name":"Lajme nga Ulqini","article_published_time":"2013-06-06T18:27:43+00:00","article_modified_time":"2013-06-06T18:28:06+00:00","twitter_misc":{"Written by":"ulqini","Est. reading time":"1 minute"},"schema":{"@context":"https:\/\/schema.org","@graph":[{"@type":"WebSite","@id":"https:\/\/www.visit-ulcinj.com\/blog\/#website","url":"https:\/\/www.visit-ulcinj.com\/blog\/","name":"Lajme nga Ulqini","description":"Lajme,Vijesti,Ulqini,Ulqin,Crna Gora,Mali i Zi","potentialAction":[{"@type":"SearchAction","target":{"@type":"EntryPoint","urlTemplate":"https:\/\/www.visit-ulcinj.com\/blog\/?s={search_term_string}"},"query-input":"required name=search_term_string"}],"inLanguage":"en-US"},{"@type":"WebPage","@id":"https:\/\/www.visit-ulcinj.com\/blog\/2013\/06\/06\/sefe-duraj-lanson-klipin-e-ri-te-realizuar-ne-ulqin\/#webpage","url":"https:\/\/www.visit-ulcinj.com\/blog\/2013\/06\/06\/sefe-duraj-lanson-klipin-e-ri-te-realizuar-ne-ulqin\/","name":"Sef\u00eb Duraj lanson klipin e ri t\u00eb realizuar n\u00eb Ulqin - Lajme nga Ulqini","isPartOf":{"@id":"https:\/\/www.visit-ulcinj.com\/blog\/#website"},"datePublished":"2013-06-06T18:27:43+00:00","dateModified":"2013-06-06T18:28:06+00:00","author":{"@id":"https:\/\/www.visit-ulcinj.com\/blog\/#\/schema\/person\/dcab619c614d3038751c63bc2aadc06d"},"description":"\u201cHajde ndreqma tripin\u201d k\u00ebnga dhe vido-klip m\u00eb i ri i k\u00ebng\u00ebtarit Sef\u00eb Duraj K\u00ebng\u00ebtar\u00ebi Sef\u00eb Duraj, k\u00ebto dit\u00eb ka p\u00ebrgatitur p\u00ebr adhuruesit e tij edhe nj\u00eb","breadcrumb":{"@id":"https:\/\/www.visit-ulcinj.com\/blog\/2013\/06\/06\/sefe-duraj-lanson-klipin-e-ri-te-realizuar-ne-ulqin\/#breadcrumb"},"inLanguage":"en-US","potentialAction":[{"@type":"ReadAction","target":["https:\/\/www.visit-ulcinj.com\/blog\/2013\/06\/06\/sefe-duraj-lanson-klipin-e-ri-te-realizuar-ne-ulqin\/"]}]},{"@type":"BreadcrumbList","@id":"https:\/\/www.visit-ulcinj.com\/blog\/2013\/06\/06\/sefe-duraj-lanson-klipin-e-ri-te-realizuar-ne-ulqin\/#breadcrumb","itemListElement":[{"@type":"ListItem","position":1,"name":"Sef\u00eb Duraj lanson klipin e ri t\u00eb realizuar n\u00eb Ulqin"}]},{"@type":"Person","@id":"https:\/\/www.visit-ulcinj.com\/blog\/#\/schema\/person\/dcab619c614d3038751c63bc2aadc06d","name":"ulqini","sameAs":["http:\/\/www.visit-ulcinj.com"],"url":"https:\/\/www.visit-ulcinj.com\/blog\/author\/admin\/"}]}},"jetpack_featured_media_url":"","jetpack_sharing_enabled":true,"jetpack_shortlink":"https:\/\/wp.me\/pe6lTn-iLJ","_links":{"self":[{"href":"https:\/\/www.visit-ulcinj.com\/blog\/wp-json\/wp\/v2\/posts\/72151"}],"collection":[{"href":"https:\/\/www.visit-ulcinj.com\/blog\/wp-json\/wp\/v2\/posts"}],"about":[{"href":"https:\/\/www.visit-ulcinj.com\/blog\/wp-json\/wp\/v2\/types\/post"}],"author":[{"embeddable":true,"href":"https:\/\/www.visit-ulcinj.com\/blog\/wp-json\/wp\/v2\/users\/1"}],"replies":[{"embeddable":true,"href":"https:\/\/www.visit-ulcinj.com\/blog\/wp-json\/wp\/v2\/comments?post=72151"}],"version-history":[{"count":2,"href":"https:\/\/www.visit-ulcinj.com\/blog\/wp-json\/wp\/v2\/posts\/72151\/revisions"}],"predecessor-version":[{"id":72154,"href":"https:\/\/www.visit-ulcinj.com\/blog\/wp-json\/wp\/v2\/posts\/72151\/revisions\/72154"}],"wp:attachment":[{"href":"https:\/\/www.visit-ulcinj.com\/blog\/wp-json\/wp\/v2\/media?parent=72151"}],"wp:term":[{"taxonomy":"category","embeddable":true,"href":"https:\/\/www.visit-ulcinj.com\/blog\/wp-json\/wp\/v2\/categories?post=72151"},{"taxonomy":"post_tag","embeddable":true,"href":"https:\/\/www.visit-ulcinj.com\/blog\/wp-json\/wp\/v2\/tags?post=72151"}],"curies":[{"name":"wp","href":"https:\/\/api.w.org\/{rel}","templated":true}]}}