{"id":72159,"date":"2013-06-07T07:11:37","date_gmt":"2013-06-07T06:11:37","guid":{"rendered":"http:\/\/www.visit-ulcinj.com\/blog\/?p=72159"},"modified":"2013-06-07T07:12:21","modified_gmt":"2013-06-07T06:12:21","slug":"shqiptaret-ne-mal-te-zi-te-diskriminuar","status":"publish","type":"post","link":"https:\/\/www.visit-ulcinj.com\/blog\/2013\/06\/07\/shqiptaret-ne-mal-te-zi-te-diskriminuar\/","title":{"rendered":"Shqiptar\u00ebt n\u00eb Mal t\u00eb Zi t\u00eb diskriminuar?"},"content":{"rendered":"<p><a href=\"http:\/\/www.visit-ulcinj.com\/blog\/wp-content\/uploads\/2013\/06\/Albanci-u-Crnoj-Gori.jpg\"><img loading=\"lazy\" class=\"alignleft  wp-image-72148\" alt=\"SHQIPTARET NE MAL TE ZI\" src=\"http:\/\/www.visit-ulcinj.com\/blog\/wp-content\/uploads\/2013\/06\/Albanci-u-Crnoj-Gori.jpg\" width=\"508\" height=\"264\" \/><\/a>Mediet malazeze vun\u00eb n\u00eb qend\u00ebr t\u00eb v\u00ebmendjes protest\u00ebn e L\u00ebvizjes Vet\u00ebvendosje, gjat\u00eb Forumit t\u00eb Miq\u00ebsis\u00eb Kosov\u00eb \u2013 Mali i Zi, i cila u zhvillua t\u00eb h\u00ebn\u00ebn dhe t\u00eb mart\u00ebn n\u00eb Prishtin\u00eb. Aktivist\u00eb t\u00eb Vet\u00ebvendosjes, gjat\u00eb aktivitetit, n\u00eb ambientin ku zhvilloheshin bisedimet, para foltores, \u00a0shpalos\u00ebn pankart\u00ebn \u201cN\u00eb Mal t\u00eb Zi shqiptar\u00ebt shtypen. Kjo nuk \u00ebsht\u00eb miq\u00ebsi!\u201d.<\/p>\n<p>Funksionari i lart\u00eb i Iniciativ\u00ebs Qytetare \u2013 Tuz, dhe ish deputeti, Vasel Sinishtaj, tha se \u00ebsht\u00eb m\u00eb se e v\u00ebrtet se ekziston nj\u00eb lloj diskriminimi ndaj shqiptar\u00ebve n\u00eb Mal t\u00eb Zi, dhe se shteti duhet gjetur mekanizma p\u00ebr t\u00eb d\u00ebgjuar z\u00ebrin e p\u00ebrfaq\u00ebsuesve shqiptar\u00eb, shkruan portali malazez CDM. Mendoj se ka pak\u00ebnaq\u00ebsi t\u00eb madhe t\u00eb shqiptar\u00ebve n\u00eb Mal t\u00eb Zi edhe p\u00ebrkund\u00ebr faktit q\u00eb shumica p\u00ebrkrahin bllokun e shumic\u00ebs qeveritare, citon Malesia Sinishtajn. Sipas tij, kur b\u00ebhet fjal\u00eb p\u00ebr shqiptar\u00ebt, diskriminimi ekziston n\u00eb fusha t\u00eb ndryshme, ku n\u00eb plan t\u00eb par\u00eb thekson Komun\u00ebn e Mal\u00ebsis\u00eb. \u201cKur \u00ebsht\u00eb fjala p\u00ebr formimin e komunave t\u00eb reja, shum\u00eb qart\u00eb v\u00ebrehen standarde t\u00eb dyfishta.<\/p>\n<p>Dy deputet\u00eb t\u00eb opozit\u00ebs, un\u00eb dhe Genci Nimanbegu, kemi ngritur \u00e7\u00ebshtjen e komun\u00ebs s\u00eb Mal\u00ebsis\u00eb n\u00eb gusht t\u00eb vitit t\u00eb kaluar, kurse gati nj\u00eb muaj m\u00eb von\u00eb u ngrit\u00eb \u00e7\u00ebshtja p\u00ebr komun\u00ebn e Gucis\u00eb. P\u00ebr ta nuk ka pasur nevoj\u00eb t\u00eb ngrit\u00ebt tenderi publik, dhe as diskutim publik rreth elaboratit, kurse neve, ato na u imponuan\u201d, tha Sinishtaj. Sipas tij, Ligji Zgjedhor i Malit t\u00eb Zi, ka diskriminuar pik\u00ebrisht shqiptar\u00ebt, pasi q\u00eb \u00ebsht\u00eb humbur edhe di\u00e7ka q\u00eb ishte fituar. Kishim 5 deputet\u00eb, p\u00ebrfaq\u00ebsues t\u00eb shqiptar\u00ebve, kurse sot kemi dy, sqaron Sinishtaj.<\/p>\n<p>Sinishtaj shton se shqiptar\u00ebt jan\u00eb n\u00eb pozit\u00eb jo t\u00eb volitshme edhe n\u00eb arsim. Sipas tij, shqiptar\u00ebt nuk jan\u00eb mjaft t\u00eb p\u00ebrfaq\u00ebsuar n\u00eb Universitetin e Malit t\u00eb Zi.\/Lajmpress\/<\/p>\n","protected":false},"excerpt":{"rendered":"<p>Mediet malazeze vun\u00eb n\u00eb qend\u00ebr t\u00eb v\u00ebmendjes protest\u00ebn e L\u00ebvizjes Vet\u00ebvendosje, gjat\u00eb Forumit t\u00eb Miq\u00ebsis\u00eb Kosov\u00eb \u2013 Mali i Zi, i cila u zhvillua t\u00eb h\u00ebn\u00ebn dhe t\u00eb mart\u00ebn n\u00eb Prishtin\u00eb. Aktivist\u00eb t\u00eb Vet\u00ebvendosjes, gjat\u00eb aktivitetit, n\u00eb ambientin ku zhvilloheshin bisedimet, para foltores, \u00a0shpalos\u00ebn pankart\u00ebn \u201cN\u00eb Mal t\u00eb Zi shqiptar\u00ebt shtypen. Kjo nuk \u00ebsht\u00eb miq\u00ebsi!\u201d. [&hellip;]<\/p>\n","protected":false},"author":1,"featured_media":0,"comment_status":"closed","ping_status":"closed","sticky":false,"template":"","format":"standard","meta":{"spay_email":"","jetpack_publicize_message":"","jetpack_is_tweetstorm":false,"jetpack_publicize_feature_enabled":true},"categories":[14249],"tags":[],"jetpack_publicize_connections":[],"yoast_head":"<!-- This site is optimized with the Yoast SEO plugin v19.1 - https:\/\/yoast.com\/wordpress\/plugins\/seo\/ -->\n<title>Shqiptar\u00ebt n\u00eb Mal t\u00eb Zi t\u00eb diskriminuar? - Lajme nga Ulqini<\/title>\n<meta name=\"description\" content=\"Mediet malazeze vun\u00eb n\u00eb qend\u00ebr t\u00eb v\u00ebmendjes protest\u00ebn e L\u00ebvizjes Vet\u00ebvendosje, gjat\u00eb Forumit t\u00eb Miq\u00ebsis\u00eb Kosov\u00eb \u2013 Mali i Zi, i cila u zhvillua t\u00eb h\u00ebn\u00ebn\" \/>\n<meta name=\"robots\" content=\"index, follow, max-snippet:-1, max-image-preview:large, max-video-preview:-1\" \/>\n<link rel=\"canonical\" href=\"https:\/\/www.visit-ulcinj.com\/blog\/2013\/06\/07\/shqiptaret-ne-mal-te-zi-te-diskriminuar\/\" \/>\n<meta property=\"og:locale\" content=\"en_US\" \/>\n<meta property=\"og:type\" content=\"article\" \/>\n<meta property=\"og:title\" content=\"Shqiptar\u00ebt n\u00eb Mal t\u00eb Zi t\u00eb diskriminuar? - Lajme nga Ulqini\" \/>\n<meta property=\"og:description\" content=\"Mediet malazeze vun\u00eb n\u00eb qend\u00ebr t\u00eb v\u00ebmendjes protest\u00ebn e L\u00ebvizjes Vet\u00ebvendosje, gjat\u00eb Forumit t\u00eb Miq\u00ebsis\u00eb Kosov\u00eb \u2013 Mali i Zi, i cila u zhvillua t\u00eb h\u00ebn\u00ebn\" \/>\n<meta property=\"og:url\" content=\"https:\/\/www.visit-ulcinj.com\/blog\/2013\/06\/07\/shqiptaret-ne-mal-te-zi-te-diskriminuar\/\" \/>\n<meta property=\"og:site_name\" content=\"Lajme nga Ulqini\" \/>\n<meta property=\"article:published_time\" content=\"2013-06-07T06:11:37+00:00\" \/>\n<meta property=\"article:modified_time\" content=\"2013-06-07T06:12:21+00:00\" \/>\n<meta property=\"og:image\" content=\"http:\/\/www.visit-ulcinj.com\/blog\/wp-content\/uploads\/2013\/06\/Albanci-u-Crnoj-Gori.jpg\" \/>\n<meta name=\"twitter:label1\" content=\"Written by\" \/>\n\t<meta name=\"twitter:data1\" content=\"ulqini\" \/>\n\t<meta name=\"twitter:label2\" content=\"Est. reading time\" \/>\n\t<meta name=\"twitter:data2\" content=\"2 minutes\" \/>\n<script type=\"application\/ld+json\" class=\"yoast-schema-graph\">{\"@context\":\"https:\/\/schema.org\",\"@graph\":[{\"@type\":\"WebSite\",\"@id\":\"https:\/\/www.visit-ulcinj.com\/blog\/#website\",\"url\":\"https:\/\/www.visit-ulcinj.com\/blog\/\",\"name\":\"Lajme nga Ulqini\",\"description\":\"Lajme,Vijesti,Ulqini,Ulqin,Crna Gora,Mali i Zi\",\"potentialAction\":[{\"@type\":\"SearchAction\",\"target\":{\"@type\":\"EntryPoint\",\"urlTemplate\":\"https:\/\/www.visit-ulcinj.com\/blog\/?s={search_term_string}\"},\"query-input\":\"required name=search_term_string\"}],\"inLanguage\":\"en-US\"},{\"@type\":\"ImageObject\",\"inLanguage\":\"en-US\",\"@id\":\"https:\/\/www.visit-ulcinj.com\/blog\/2013\/06\/07\/shqiptaret-ne-mal-te-zi-te-diskriminuar\/#primaryimage\",\"url\":\"https:\/\/www.visit-ulcinj.com\/blog\/wp-content\/uploads\/2013\/06\/Albanci-u-Crnoj-Gori.jpg\",\"contentUrl\":\"https:\/\/www.visit-ulcinj.com\/blog\/wp-content\/uploads\/2013\/06\/Albanci-u-Crnoj-Gori.jpg\",\"width\":420,\"height\":264},{\"@type\":\"WebPage\",\"@id\":\"https:\/\/www.visit-ulcinj.com\/blog\/2013\/06\/07\/shqiptaret-ne-mal-te-zi-te-diskriminuar\/#webpage\",\"url\":\"https:\/\/www.visit-ulcinj.com\/blog\/2013\/06\/07\/shqiptaret-ne-mal-te-zi-te-diskriminuar\/\",\"name\":\"Shqiptar\u00ebt n\u00eb Mal t\u00eb Zi t\u00eb diskriminuar? - Lajme nga Ulqini\",\"isPartOf\":{\"@id\":\"https:\/\/www.visit-ulcinj.com\/blog\/#website\"},\"primaryImageOfPage\":{\"@id\":\"https:\/\/www.visit-ulcinj.com\/blog\/2013\/06\/07\/shqiptaret-ne-mal-te-zi-te-diskriminuar\/#primaryimage\"},\"datePublished\":\"2013-06-07T06:11:37+00:00\",\"dateModified\":\"2013-06-07T06:12:21+00:00\",\"author\":{\"@id\":\"https:\/\/www.visit-ulcinj.com\/blog\/#\/schema\/person\/dcab619c614d3038751c63bc2aadc06d\"},\"description\":\"Mediet malazeze vun\u00eb n\u00eb qend\u00ebr t\u00eb v\u00ebmendjes protest\u00ebn e L\u00ebvizjes Vet\u00ebvendosje, gjat\u00eb Forumit t\u00eb Miq\u00ebsis\u00eb Kosov\u00eb \u2013 Mali i Zi, i cila u zhvillua t\u00eb h\u00ebn\u00ebn\",\"breadcrumb\":{\"@id\":\"https:\/\/www.visit-ulcinj.com\/blog\/2013\/06\/07\/shqiptaret-ne-mal-te-zi-te-diskriminuar\/#breadcrumb\"},\"inLanguage\":\"en-US\",\"potentialAction\":[{\"@type\":\"ReadAction\",\"target\":[\"https:\/\/www.visit-ulcinj.com\/blog\/2013\/06\/07\/shqiptaret-ne-mal-te-zi-te-diskriminuar\/\"]}]},{\"@type\":\"BreadcrumbList\",\"@id\":\"https:\/\/www.visit-ulcinj.com\/blog\/2013\/06\/07\/shqiptaret-ne-mal-te-zi-te-diskriminuar\/#breadcrumb\",\"itemListElement\":[{\"@type\":\"ListItem\",\"position\":1,\"name\":\"Shqiptar\u00ebt n\u00eb Mal t\u00eb Zi t\u00eb diskriminuar?\"}]},{\"@type\":\"Person\",\"@id\":\"https:\/\/www.visit-ulcinj.com\/blog\/#\/schema\/person\/dcab619c614d3038751c63bc2aadc06d\",\"name\":\"ulqini\",\"sameAs\":[\"http:\/\/www.visit-ulcinj.com\"],\"url\":\"https:\/\/www.visit-ulcinj.com\/blog\/author\/admin\/\"}]}<\/script>\n<!-- \/ Yoast SEO plugin. -->","yoast_head_json":{"title":"Shqiptar\u00ebt n\u00eb Mal t\u00eb Zi t\u00eb diskriminuar? - Lajme nga Ulqini","description":"Mediet malazeze vun\u00eb n\u00eb qend\u00ebr t\u00eb v\u00ebmendjes protest\u00ebn e L\u00ebvizjes Vet\u00ebvendosje, gjat\u00eb Forumit t\u00eb Miq\u00ebsis\u00eb Kosov\u00eb \u2013 Mali i Zi, i cila u zhvillua t\u00eb h\u00ebn\u00ebn","robots":{"index":"index","follow":"follow","max-snippet":"max-snippet:-1","max-image-preview":"max-image-preview:large","max-video-preview":"max-video-preview:-1"},"canonical":"https:\/\/www.visit-ulcinj.com\/blog\/2013\/06\/07\/shqiptaret-ne-mal-te-zi-te-diskriminuar\/","og_locale":"en_US","og_type":"article","og_title":"Shqiptar\u00ebt n\u00eb Mal t\u00eb Zi t\u00eb diskriminuar? - Lajme nga Ulqini","og_description":"Mediet malazeze vun\u00eb n\u00eb qend\u00ebr t\u00eb v\u00ebmendjes protest\u00ebn e L\u00ebvizjes Vet\u00ebvendosje, gjat\u00eb Forumit t\u00eb Miq\u00ebsis\u00eb Kosov\u00eb \u2013 Mali i Zi, i cila u zhvillua t\u00eb h\u00ebn\u00ebn","og_url":"https:\/\/www.visit-ulcinj.com\/blog\/2013\/06\/07\/shqiptaret-ne-mal-te-zi-te-diskriminuar\/","og_site_name":"Lajme nga Ulqini","article_published_time":"2013-06-07T06:11:37+00:00","article_modified_time":"2013-06-07T06:12:21+00:00","og_image":[{"url":"http:\/\/www.visit-ulcinj.com\/blog\/wp-content\/uploads\/2013\/06\/Albanci-u-Crnoj-Gori.jpg"}],"twitter_misc":{"Written by":"ulqini","Est. reading time":"2 minutes"},"schema":{"@context":"https:\/\/schema.org","@graph":[{"@type":"WebSite","@id":"https:\/\/www.visit-ulcinj.com\/blog\/#website","url":"https:\/\/www.visit-ulcinj.com\/blog\/","name":"Lajme nga Ulqini","description":"Lajme,Vijesti,Ulqini,Ulqin,Crna Gora,Mali i Zi","potentialAction":[{"@type":"SearchAction","target":{"@type":"EntryPoint","urlTemplate":"https:\/\/www.visit-ulcinj.com\/blog\/?s={search_term_string}"},"query-input":"required name=search_term_string"}],"inLanguage":"en-US"},{"@type":"ImageObject","inLanguage":"en-US","@id":"https:\/\/www.visit-ulcinj.com\/blog\/2013\/06\/07\/shqiptaret-ne-mal-te-zi-te-diskriminuar\/#primaryimage","url":"https:\/\/www.visit-ulcinj.com\/blog\/wp-content\/uploads\/2013\/06\/Albanci-u-Crnoj-Gori.jpg","contentUrl":"https:\/\/www.visit-ulcinj.com\/blog\/wp-content\/uploads\/2013\/06\/Albanci-u-Crnoj-Gori.jpg","width":420,"height":264},{"@type":"WebPage","@id":"https:\/\/www.visit-ulcinj.com\/blog\/2013\/06\/07\/shqiptaret-ne-mal-te-zi-te-diskriminuar\/#webpage","url":"https:\/\/www.visit-ulcinj.com\/blog\/2013\/06\/07\/shqiptaret-ne-mal-te-zi-te-diskriminuar\/","name":"Shqiptar\u00ebt n\u00eb Mal t\u00eb Zi t\u00eb diskriminuar? - Lajme nga Ulqini","isPartOf":{"@id":"https:\/\/www.visit-ulcinj.com\/blog\/#website"},"primaryImageOfPage":{"@id":"https:\/\/www.visit-ulcinj.com\/blog\/2013\/06\/07\/shqiptaret-ne-mal-te-zi-te-diskriminuar\/#primaryimage"},"datePublished":"2013-06-07T06:11:37+00:00","dateModified":"2013-06-07T06:12:21+00:00","author":{"@id":"https:\/\/www.visit-ulcinj.com\/blog\/#\/schema\/person\/dcab619c614d3038751c63bc2aadc06d"},"description":"Mediet malazeze vun\u00eb n\u00eb qend\u00ebr t\u00eb v\u00ebmendjes protest\u00ebn e L\u00ebvizjes Vet\u00ebvendosje, gjat\u00eb Forumit t\u00eb Miq\u00ebsis\u00eb Kosov\u00eb \u2013 Mali i Zi, i cila u zhvillua t\u00eb h\u00ebn\u00ebn","breadcrumb":{"@id":"https:\/\/www.visit-ulcinj.com\/blog\/2013\/06\/07\/shqiptaret-ne-mal-te-zi-te-diskriminuar\/#breadcrumb"},"inLanguage":"en-US","potentialAction":[{"@type":"ReadAction","target":["https:\/\/www.visit-ulcinj.com\/blog\/2013\/06\/07\/shqiptaret-ne-mal-te-zi-te-diskriminuar\/"]}]},{"@type":"BreadcrumbList","@id":"https:\/\/www.visit-ulcinj.com\/blog\/2013\/06\/07\/shqiptaret-ne-mal-te-zi-te-diskriminuar\/#breadcrumb","itemListElement":[{"@type":"ListItem","position":1,"name":"Shqiptar\u00ebt n\u00eb Mal t\u00eb Zi t\u00eb diskriminuar?"}]},{"@type":"Person","@id":"https:\/\/www.visit-ulcinj.com\/blog\/#\/schema\/person\/dcab619c614d3038751c63bc2aadc06d","name":"ulqini","sameAs":["http:\/\/www.visit-ulcinj.com"],"url":"https:\/\/www.visit-ulcinj.com\/blog\/author\/admin\/"}]}},"jetpack_featured_media_url":"","jetpack_sharing_enabled":true,"jetpack_shortlink":"https:\/\/wp.me\/pe6lTn-iLR","_links":{"self":[{"href":"https:\/\/www.visit-ulcinj.com\/blog\/wp-json\/wp\/v2\/posts\/72159"}],"collection":[{"href":"https:\/\/www.visit-ulcinj.com\/blog\/wp-json\/wp\/v2\/posts"}],"about":[{"href":"https:\/\/www.visit-ulcinj.com\/blog\/wp-json\/wp\/v2\/types\/post"}],"author":[{"embeddable":true,"href":"https:\/\/www.visit-ulcinj.com\/blog\/wp-json\/wp\/v2\/users\/1"}],"replies":[{"embeddable":true,"href":"https:\/\/www.visit-ulcinj.com\/blog\/wp-json\/wp\/v2\/comments?post=72159"}],"version-history":[{"count":3,"href":"https:\/\/www.visit-ulcinj.com\/blog\/wp-json\/wp\/v2\/posts\/72159\/revisions"}],"predecessor-version":[{"id":72161,"href":"https:\/\/www.visit-ulcinj.com\/blog\/wp-json\/wp\/v2\/posts\/72159\/revisions\/72161"}],"wp:attachment":[{"href":"https:\/\/www.visit-ulcinj.com\/blog\/wp-json\/wp\/v2\/media?parent=72159"}],"wp:term":[{"taxonomy":"category","embeddable":true,"href":"https:\/\/www.visit-ulcinj.com\/blog\/wp-json\/wp\/v2\/categories?post=72159"},{"taxonomy":"post_tag","embeddable":true,"href":"https:\/\/www.visit-ulcinj.com\/blog\/wp-json\/wp\/v2\/tags?post=72159"}],"curies":[{"name":"wp","href":"https:\/\/api.w.org\/{rel}","templated":true}]}}