{"id":72187,"date":"2013-06-08T07:57:56","date_gmt":"2013-06-08T06:57:56","guid":{"rendered":"http:\/\/www.visit-ulcinj.com\/blog\/?p=72187"},"modified":"2013-06-09T10:31:22","modified_gmt":"2013-06-09T09:31:22","slug":"projekti-m2res-per-energjine-e-rinovueshme-ne-mal-te-zi","status":"publish","type":"post","link":"https:\/\/www.visit-ulcinj.com\/blog\/2013\/06\/08\/projekti-m2res-per-energjine-e-rinovueshme-ne-mal-te-zi\/","title":{"rendered":"Projekti &#8220;M2RES p\u00ebr energjine e rinovueshme&#8221; n\u00eb Mal t\u00eb Zi"},"content":{"rendered":"<p><a href=\"http:\/\/www.visit-ulcinj.com\/blog\/wp-content\/uploads\/2013\/06\/Projekti-M2RES-mali-i-zi.jpg\"><img loading=\"lazy\" class=\"alignleft  wp-image-72188\" alt=\"Projekti M2RES mali i zi\" src=\"http:\/\/www.visit-ulcinj.com\/blog\/wp-content\/uploads\/2013\/06\/Projekti-M2RES-mali-i-zi.jpg\" width=\"508\" height=\"380\" srcset=\"https:\/\/www.visit-ulcinj.com\/blog\/wp-content\/uploads\/2013\/06\/Projekti-M2RES-mali-i-zi.jpg 640w, https:\/\/www.visit-ulcinj.com\/blog\/wp-content\/uploads\/2013\/06\/Projekti-M2RES-mali-i-zi-300x225.jpg 300w\" sizes=\"(max-width: 508px) 100vw, 508px\" \/><\/a>Komuna e Ulqinit n\u00eb kuadrin e Programit Transnacional t\u00eb Evrop\u00ebs Juglindore i finansuar nga Bashkimi Europian, realizon projektin &#8220;M2RES \u2013 nga terene margjinale ne areale per energjine e rinovueshme&#8221;. Projekti M2RES synon t\u00eb rikuperoj\u00eb zonat e l\u00ebna pas dore, si p.sh. fushat p\u00ebr depozitimin e plehrave, minierat, ish zonat ushtarake\/magazinat dhe zonat e kontaminuara, n\u00ebp\u00ebrmjet investimeve p\u00ebr burimet e energjive t\u00eb rinovueshme. Projekti demonstron pjes\u00ebmarrjen e shum\u00eb partner\u00ebve nga Bashkimi Evropian (Italia, Sllovenia, Greqia, Rumania, Bullgaria, Hungaria, Austria) dhe nga vendet e p\u00ebrfshira n\u00eb procesin e para-an\u00ebtar\u00ebsimit (Mali i Zi, Serbia, Shqip\u00ebria).<br \/>\nProjekti p\u00ebrfshin aktor\u00ebt publik\u00eb p\u00ebrkat\u00ebs me p\u00ebrvoj\u00eb t\u00eb gjer\u00eb n\u00eb sektorin e energjis\u00eb dhe n\u00eb aktivitetet lokale:<br \/>\n\u2022 Agjencit\u00eb komb\u00ebtare dhe rajonale t\u00eb energjis\u00eb: me p\u00ebrvoj\u00eb n\u00eb vendimmarrje dhe n\u00eb strategjit\u00eb e zhvillimit;<br \/>\n\u2022 Qendrat e K\u00ebrkimit: me p\u00ebrvoj\u00eb t\u00eb gjer\u00eb n\u00eb teknologjit\u00eb e BER;<br \/>\n\u2022 Dhomat e Tregtis\u00eb: me kontribut n\u00eb zhvillimin e tregut t\u00eb BER;<br \/>\n\u2022 Administratat publike lokale: sigurojn\u00eb t\u00eb dh\u00ebna t\u00eb r\u00ebnd\u00ebsishme dhe mjete t\u00eb planifikimit urban;<br \/>\n\u2022 Bankat: si sponsor potencial p\u00ebr projekte pilote dhe garantuese t\u00eb aspekteve financiare p\u00ebr t\u00eb gjitha aktivitetet.<br \/>\nM2RES k\u00ebrkon t&#8217;i jap\u00eb shtys\u00eb zhvillimit t\u00eb q\u00ebndruesh\u00ebm t\u00eb Bashkimit Evropian, duke i dh\u00ebn\u00eb vler\u00eb ekonomike dhe sociale zonave t\u00eb l\u00ebna pas dore q\u00eb i kan\u00eb humbur funksionet e tyre primare. Arritja m\u00eb kryesore do t\u00eb jet\u00eb ndryshimi i tyre n\u00eb platforma p\u00ebr prodhimin e energjis\u00eb s\u00eb rinovueshme. N\u00ebp\u00ebrmjet partneritetit publik-privat, M2RES do t\u00eb p\u00ebrpunoj\u00eb 40 projekt propozime p\u00ebr investimet M2RES; do t\u00eb p\u00ebrzgjedh\u00eb dhjet\u00eb propozimet pilote m\u00eb t\u00eb mira dhe do t\u00eb ofroj\u00eb asistenc\u00eb p\u00ebr administratat publike (deri n\u00eb faz\u00ebn e publikimit dhe vler\u00ebsimit t\u00eb tenderave); do t\u00eb nxis\u00eb t\u00eb pakt\u00ebn 2 nga 10 projektet pilote n\u00eb kuad\u00ebr t\u00eb M2RES si modele p\u00ebr t&#8217;u ndjekur nga t\u00eb tjer\u00ebt.<br \/>\nM2RES kryen veprimet e m\u00ebposhtme:<br \/>\n\u2022 Krijimi i nj\u00eb udh\u00ebzuesi t\u00eb em\u00ebrtuar &#8220;Zhvillimi i Burimeve t\u00eb Energjive t\u00eb Rinovueshme p\u00ebr terrenet e l\u00ebna pas dore&#8221;;<\/p>\n<p>\u2022 P\u00ebrhapja e nd\u00ebrgjegj\u00ebsimit\/njohurive p\u00ebr nj\u00eb program sensibilizimi t\u00eb gjer\u00eb p\u00ebr m\u00ebnyr\u00ebn sesi t\u00eb optimizohen p\u00ebrdorimi i energjis\u00eb lokale nga BER dhe burimet tok\u00ebsore;<\/p>\n<p>\u2022 N\u00eb m\u00ebnyr\u00eb q\u00eb t\u00eb mb\u00ebshtetet procesi i vendimmarrjes s\u00eb administrat\u00ebs publike, agjencit\u00eb e energjis\u00eb do t\u00eb kryejn\u00eb aktivitete t\u00eb ndryshme p\u00ebr t\u00eb prezantuar masa t\u00eb ve\u00e7anta p\u00ebr p\u00ebrhapjen e p\u00ebrqasjes M2RES n\u00eb planet energjetike rajonale dhe p\u00ebr zhvillimin e 12 veprimeve pilote demonstruese M2RES q\u00eb do t\u00eb paraqesin masa dhe veprime konkrete p\u00ebr zhvillimin e M2RES;<\/p>\n<p>\u2022 Pas krijimit t\u00eb kushteve m\u00eb t\u00eb mira legjislative, 40 propozime investimesh model M2RES do t\u00eb hartohen n\u00eb baz\u00eb t\u00eb udh\u00ebzimit &#8220;P\u00ebr m\u00ebnyr\u00ebn sesi t\u00eb kryhet nj\u00eb studim paraprak para-fizibiliteti p\u00ebr administrat\u00ebn publike lokale n\u00eb zon\u00ebn e Evrop\u00ebs Juglindore&#8221;. Nd\u00ebrmjet tyre, p\u00ebr dhjet\u00eb propozimet m\u00eb t\u00eb mira pilote, administrat\u00ebs publike do t&#8217;i ofrohet asistenc\u00eb (deri n\u00eb shpalljen e tenderave dhe n\u00eb vler\u00ebsimin e ofertave) dhe t\u00eb pakt\u00ebn 2 nga 10 projektet pilote M2RES do t\u00eb promovohen si modele investimesh publike p\u00ebr t&#8217;u ndjekur nga t\u00eb tjer\u00ebt.<br \/>\nVlera totale e projektit eshte 1.8 mil Euro, nga te cilat Komunes se Ulqinit jane ndare 78000 Euro.<\/p>\n<p>&nbsp;<\/p>\n","protected":false},"excerpt":{"rendered":"<p>Komuna e Ulqinit n\u00eb kuadrin e Programit Transnacional t\u00eb Evrop\u00ebs Juglindore i finansuar nga Bashkimi Europian, realizon projektin &#8220;M2RES \u2013 nga terene margjinale ne areale per energjine e rinovueshme&#8221;. Projekti M2RES synon t\u00eb rikuperoj\u00eb zonat e l\u00ebna pas dore, si p.sh. fushat p\u00ebr depozitimin e plehrave, minierat, ish zonat ushtarake\/magazinat dhe zonat e kontaminuara, n\u00ebp\u00ebrmjet [&hellip;]<\/p>\n","protected":false},"author":1,"featured_media":0,"comment_status":"closed","ping_status":"closed","sticky":false,"template":"","format":"standard","meta":{"spay_email":"","jetpack_publicize_message":"","jetpack_is_tweetstorm":false,"jetpack_publicize_feature_enabled":true},"categories":[10,1],"tags":[],"jetpack_publicize_connections":[],"yoast_head":"<!-- This site is optimized with the Yoast SEO plugin v19.1 - https:\/\/yoast.com\/wordpress\/plugins\/seo\/ -->\n<title>Projekti &quot;M2RES p\u00ebr energjine e rinovueshme&quot; n\u00eb Mal t\u00eb Zi - Lajme nga Ulqini<\/title>\n<meta name=\"description\" content=\"Komuna e Ulqinit n\u00eb kuadrin e Programit Transnacional t\u00eb Evrop\u00ebs Juglindore i finansuar nga Bashkimi Europian, realizon projektin &quot;M2RES \u2013 nga terene\" \/>\n<meta name=\"robots\" content=\"index, follow, max-snippet:-1, max-image-preview:large, max-video-preview:-1\" \/>\n<link rel=\"canonical\" href=\"https:\/\/www.visit-ulcinj.com\/blog\/2013\/06\/08\/projekti-m2res-per-energjine-e-rinovueshme-ne-mal-te-zi\/\" \/>\n<meta property=\"og:locale\" content=\"en_US\" \/>\n<meta property=\"og:type\" content=\"article\" \/>\n<meta property=\"og:title\" content=\"Projekti &quot;M2RES p\u00ebr energjine e rinovueshme&quot; n\u00eb Mal t\u00eb Zi - Lajme nga Ulqini\" \/>\n<meta property=\"og:description\" content=\"Komuna e Ulqinit n\u00eb kuadrin e Programit Transnacional t\u00eb Evrop\u00ebs Juglindore i finansuar nga Bashkimi Europian, realizon projektin &quot;M2RES \u2013 nga terene\" \/>\n<meta property=\"og:url\" content=\"https:\/\/www.visit-ulcinj.com\/blog\/2013\/06\/08\/projekti-m2res-per-energjine-e-rinovueshme-ne-mal-te-zi\/\" \/>\n<meta property=\"og:site_name\" content=\"Lajme nga Ulqini\" \/>\n<meta property=\"article:published_time\" content=\"2013-06-08T06:57:56+00:00\" \/>\n<meta property=\"article:modified_time\" content=\"2013-06-09T09:31:22+00:00\" \/>\n<meta property=\"og:image\" content=\"http:\/\/www.visit-ulcinj.com\/blog\/wp-content\/uploads\/2013\/06\/Projekti-M2RES-mali-i-zi.jpg\" \/>\n<meta name=\"twitter:label1\" content=\"Written by\" \/>\n\t<meta name=\"twitter:data1\" content=\"ulqini\" \/>\n\t<meta name=\"twitter:label2\" content=\"Est. reading time\" \/>\n\t<meta name=\"twitter:data2\" content=\"3 minutes\" \/>\n<script type=\"application\/ld+json\" class=\"yoast-schema-graph\">{\"@context\":\"https:\/\/schema.org\",\"@graph\":[{\"@type\":\"WebSite\",\"@id\":\"https:\/\/www.visit-ulcinj.com\/blog\/#website\",\"url\":\"https:\/\/www.visit-ulcinj.com\/blog\/\",\"name\":\"Lajme nga Ulqini\",\"description\":\"Lajme,Vijesti,Ulqini,Ulqin,Crna Gora,Mali i Zi\",\"potentialAction\":[{\"@type\":\"SearchAction\",\"target\":{\"@type\":\"EntryPoint\",\"urlTemplate\":\"https:\/\/www.visit-ulcinj.com\/blog\/?s={search_term_string}\"},\"query-input\":\"required name=search_term_string\"}],\"inLanguage\":\"en-US\"},{\"@type\":\"ImageObject\",\"inLanguage\":\"en-US\",\"@id\":\"https:\/\/www.visit-ulcinj.com\/blog\/2013\/06\/08\/projekti-m2res-per-energjine-e-rinovueshme-ne-mal-te-zi\/#primaryimage\",\"url\":\"https:\/\/www.visit-ulcinj.com\/blog\/wp-content\/uploads\/2013\/06\/Projekti-M2RES-mali-i-zi.jpg\",\"contentUrl\":\"https:\/\/www.visit-ulcinj.com\/blog\/wp-content\/uploads\/2013\/06\/Projekti-M2RES-mali-i-zi.jpg\",\"width\":640,\"height\":480},{\"@type\":\"WebPage\",\"@id\":\"https:\/\/www.visit-ulcinj.com\/blog\/2013\/06\/08\/projekti-m2res-per-energjine-e-rinovueshme-ne-mal-te-zi\/#webpage\",\"url\":\"https:\/\/www.visit-ulcinj.com\/blog\/2013\/06\/08\/projekti-m2res-per-energjine-e-rinovueshme-ne-mal-te-zi\/\",\"name\":\"Projekti \\\"M2RES p\u00ebr energjine e rinovueshme\\\" n\u00eb Mal t\u00eb Zi - Lajme nga Ulqini\",\"isPartOf\":{\"@id\":\"https:\/\/www.visit-ulcinj.com\/blog\/#website\"},\"primaryImageOfPage\":{\"@id\":\"https:\/\/www.visit-ulcinj.com\/blog\/2013\/06\/08\/projekti-m2res-per-energjine-e-rinovueshme-ne-mal-te-zi\/#primaryimage\"},\"datePublished\":\"2013-06-08T06:57:56+00:00\",\"dateModified\":\"2013-06-09T09:31:22+00:00\",\"author\":{\"@id\":\"https:\/\/www.visit-ulcinj.com\/blog\/#\/schema\/person\/dcab619c614d3038751c63bc2aadc06d\"},\"description\":\"Komuna e Ulqinit n\u00eb kuadrin e Programit Transnacional t\u00eb Evrop\u00ebs Juglindore i finansuar nga Bashkimi Europian, realizon projektin \\\"M2RES \u2013 nga terene\",\"breadcrumb\":{\"@id\":\"https:\/\/www.visit-ulcinj.com\/blog\/2013\/06\/08\/projekti-m2res-per-energjine-e-rinovueshme-ne-mal-te-zi\/#breadcrumb\"},\"inLanguage\":\"en-US\",\"potentialAction\":[{\"@type\":\"ReadAction\",\"target\":[\"https:\/\/www.visit-ulcinj.com\/blog\/2013\/06\/08\/projekti-m2res-per-energjine-e-rinovueshme-ne-mal-te-zi\/\"]}]},{\"@type\":\"BreadcrumbList\",\"@id\":\"https:\/\/www.visit-ulcinj.com\/blog\/2013\/06\/08\/projekti-m2res-per-energjine-e-rinovueshme-ne-mal-te-zi\/#breadcrumb\",\"itemListElement\":[{\"@type\":\"ListItem\",\"position\":1,\"name\":\"Projekti &#8220;M2RES p\u00ebr energjine e rinovueshme&#8221; n\u00eb Mal t\u00eb Zi\"}]},{\"@type\":\"Person\",\"@id\":\"https:\/\/www.visit-ulcinj.com\/blog\/#\/schema\/person\/dcab619c614d3038751c63bc2aadc06d\",\"name\":\"ulqini\",\"sameAs\":[\"http:\/\/www.visit-ulcinj.com\"],\"url\":\"https:\/\/www.visit-ulcinj.com\/blog\/author\/admin\/\"}]}<\/script>\n<!-- \/ Yoast SEO plugin. -->","yoast_head_json":{"title":"Projekti \"M2RES p\u00ebr energjine e rinovueshme\" n\u00eb Mal t\u00eb Zi - Lajme nga Ulqini","description":"Komuna e Ulqinit n\u00eb kuadrin e Programit Transnacional t\u00eb Evrop\u00ebs Juglindore i finansuar nga Bashkimi Europian, realizon projektin \"M2RES \u2013 nga terene","robots":{"index":"index","follow":"follow","max-snippet":"max-snippet:-1","max-image-preview":"max-image-preview:large","max-video-preview":"max-video-preview:-1"},"canonical":"https:\/\/www.visit-ulcinj.com\/blog\/2013\/06\/08\/projekti-m2res-per-energjine-e-rinovueshme-ne-mal-te-zi\/","og_locale":"en_US","og_type":"article","og_title":"Projekti \"M2RES p\u00ebr energjine e rinovueshme\" n\u00eb Mal t\u00eb Zi - Lajme nga Ulqini","og_description":"Komuna e Ulqinit n\u00eb kuadrin e Programit Transnacional t\u00eb Evrop\u00ebs Juglindore i finansuar nga Bashkimi Europian, realizon projektin \"M2RES \u2013 nga terene","og_url":"https:\/\/www.visit-ulcinj.com\/blog\/2013\/06\/08\/projekti-m2res-per-energjine-e-rinovueshme-ne-mal-te-zi\/","og_site_name":"Lajme nga Ulqini","article_published_time":"2013-06-08T06:57:56+00:00","article_modified_time":"2013-06-09T09:31:22+00:00","og_image":[{"url":"http:\/\/www.visit-ulcinj.com\/blog\/wp-content\/uploads\/2013\/06\/Projekti-M2RES-mali-i-zi.jpg"}],"twitter_misc":{"Written by":"ulqini","Est. reading time":"3 minutes"},"schema":{"@context":"https:\/\/schema.org","@graph":[{"@type":"WebSite","@id":"https:\/\/www.visit-ulcinj.com\/blog\/#website","url":"https:\/\/www.visit-ulcinj.com\/blog\/","name":"Lajme nga Ulqini","description":"Lajme,Vijesti,Ulqini,Ulqin,Crna Gora,Mali i Zi","potentialAction":[{"@type":"SearchAction","target":{"@type":"EntryPoint","urlTemplate":"https:\/\/www.visit-ulcinj.com\/blog\/?s={search_term_string}"},"query-input":"required name=search_term_string"}],"inLanguage":"en-US"},{"@type":"ImageObject","inLanguage":"en-US","@id":"https:\/\/www.visit-ulcinj.com\/blog\/2013\/06\/08\/projekti-m2res-per-energjine-e-rinovueshme-ne-mal-te-zi\/#primaryimage","url":"https:\/\/www.visit-ulcinj.com\/blog\/wp-content\/uploads\/2013\/06\/Projekti-M2RES-mali-i-zi.jpg","contentUrl":"https:\/\/www.visit-ulcinj.com\/blog\/wp-content\/uploads\/2013\/06\/Projekti-M2RES-mali-i-zi.jpg","width":640,"height":480},{"@type":"WebPage","@id":"https:\/\/www.visit-ulcinj.com\/blog\/2013\/06\/08\/projekti-m2res-per-energjine-e-rinovueshme-ne-mal-te-zi\/#webpage","url":"https:\/\/www.visit-ulcinj.com\/blog\/2013\/06\/08\/projekti-m2res-per-energjine-e-rinovueshme-ne-mal-te-zi\/","name":"Projekti \"M2RES p\u00ebr energjine e rinovueshme\" n\u00eb Mal t\u00eb Zi - Lajme nga Ulqini","isPartOf":{"@id":"https:\/\/www.visit-ulcinj.com\/blog\/#website"},"primaryImageOfPage":{"@id":"https:\/\/www.visit-ulcinj.com\/blog\/2013\/06\/08\/projekti-m2res-per-energjine-e-rinovueshme-ne-mal-te-zi\/#primaryimage"},"datePublished":"2013-06-08T06:57:56+00:00","dateModified":"2013-06-09T09:31:22+00:00","author":{"@id":"https:\/\/www.visit-ulcinj.com\/blog\/#\/schema\/person\/dcab619c614d3038751c63bc2aadc06d"},"description":"Komuna e Ulqinit n\u00eb kuadrin e Programit Transnacional t\u00eb Evrop\u00ebs Juglindore i finansuar nga Bashkimi Europian, realizon projektin \"M2RES \u2013 nga terene","breadcrumb":{"@id":"https:\/\/www.visit-ulcinj.com\/blog\/2013\/06\/08\/projekti-m2res-per-energjine-e-rinovueshme-ne-mal-te-zi\/#breadcrumb"},"inLanguage":"en-US","potentialAction":[{"@type":"ReadAction","target":["https:\/\/www.visit-ulcinj.com\/blog\/2013\/06\/08\/projekti-m2res-per-energjine-e-rinovueshme-ne-mal-te-zi\/"]}]},{"@type":"BreadcrumbList","@id":"https:\/\/www.visit-ulcinj.com\/blog\/2013\/06\/08\/projekti-m2res-per-energjine-e-rinovueshme-ne-mal-te-zi\/#breadcrumb","itemListElement":[{"@type":"ListItem","position":1,"name":"Projekti &#8220;M2RES p\u00ebr energjine e rinovueshme&#8221; n\u00eb Mal t\u00eb Zi"}]},{"@type":"Person","@id":"https:\/\/www.visit-ulcinj.com\/blog\/#\/schema\/person\/dcab619c614d3038751c63bc2aadc06d","name":"ulqini","sameAs":["http:\/\/www.visit-ulcinj.com"],"url":"https:\/\/www.visit-ulcinj.com\/blog\/author\/admin\/"}]}},"jetpack_featured_media_url":"","jetpack_sharing_enabled":true,"jetpack_shortlink":"https:\/\/wp.me\/pe6lTn-iMj","_links":{"self":[{"href":"https:\/\/www.visit-ulcinj.com\/blog\/wp-json\/wp\/v2\/posts\/72187"}],"collection":[{"href":"https:\/\/www.visit-ulcinj.com\/blog\/wp-json\/wp\/v2\/posts"}],"about":[{"href":"https:\/\/www.visit-ulcinj.com\/blog\/wp-json\/wp\/v2\/types\/post"}],"author":[{"embeddable":true,"href":"https:\/\/www.visit-ulcinj.com\/blog\/wp-json\/wp\/v2\/users\/1"}],"replies":[{"embeddable":true,"href":"https:\/\/www.visit-ulcinj.com\/blog\/wp-json\/wp\/v2\/comments?post=72187"}],"version-history":[{"count":3,"href":"https:\/\/www.visit-ulcinj.com\/blog\/wp-json\/wp\/v2\/posts\/72187\/revisions"}],"predecessor-version":[{"id":72242,"href":"https:\/\/www.visit-ulcinj.com\/blog\/wp-json\/wp\/v2\/posts\/72187\/revisions\/72242"}],"wp:attachment":[{"href":"https:\/\/www.visit-ulcinj.com\/blog\/wp-json\/wp\/v2\/media?parent=72187"}],"wp:term":[{"taxonomy":"category","embeddable":true,"href":"https:\/\/www.visit-ulcinj.com\/blog\/wp-json\/wp\/v2\/categories?post=72187"},{"taxonomy":"post_tag","embeddable":true,"href":"https:\/\/www.visit-ulcinj.com\/blog\/wp-json\/wp\/v2\/tags?post=72187"}],"curies":[{"name":"wp","href":"https:\/\/api.w.org\/{rel}","templated":true}]}}