{"id":72208,"date":"2013-06-08T12:34:50","date_gmt":"2013-06-08T11:34:50","guid":{"rendered":"http:\/\/www.visit-ulcinj.com\/blog\/?p=72208"},"modified":"2013-06-08T12:51:49","modified_gmt":"2013-06-08T11:51:49","slug":"dijaspora-trazi-dvojno-drzavljanstvo","status":"publish","type":"post","link":"https:\/\/www.visit-ulcinj.com\/blog\/2013\/06\/08\/dijaspora-trazi-dvojno-drzavljanstvo\/","title":{"rendered":"Dijaspora tra\u017ei dvojno dr\u017eavljanstvo"},"content":{"rendered":"<p><a href=\"http:\/\/www.dijasporacg.me\/images\/stories\/download\/DIA_Informator_2012.pdf\" target=\"_blank\"><img loading=\"lazy\" class=\"alignleft  wp-image-72209\" alt=\"Informator za diasporu crne gore\" src=\"http:\/\/www.visit-ulcinj.com\/blog\/wp-content\/uploads\/2013\/06\/Informator-za-diasporu-crne-gore.jpg\" width=\"508\" height=\"400\" \/><\/a>Iseljenici iz Crne Gore spremni su da pomognu dr\u017eavi ekonomski jer ka\u017eu da nedovoljno koristimo njihov potencijal i resurse. Od vlasti tra\u017ee jedno &#8211; da onima koji \u017eive u drugoj dr\u017eavi vi\u0161e od deset godine, omogu\u0107e dvojno dr\u017eavljanstvo, prenosi <em>Antena M.<\/em> Predstavnici vi\u0161e udru\u017eenja iz dijaspore, razgovarali su sa \u010dlanovima Odbora za me\u0111unarodne odnose.<\/p>\n<p>Predsjednik Evropske dijaspore Crne Gore Munir Ramdedovi\u0107 isti\u010de da se ne zna ta\u010dan broj iseljenika. Najvi\u0161e ih ima u Sjevernoj i Ju\u017enoj Americi, zatim u Turskoj, zapadnoj Evropi a ima ih i na crnom kontinentu. Me\u0111u njima, najbrojniji su oni koji su oti\u0161li iz Plava, 60 odsto, oti\u0161lo je 20 odsto Ulcinjana i Ro\u017eajaca, a iz skoro osnovane op\u0161tine Petnjica 70 odsto gra\u0111ana su na privremenom radu u inostranstvu.<br \/>\n<a href=\"http:\/\/www.visit-ulcinj.com\/blog\/wp-content\/uploads\/2013\/06\/vlada-iselenike.jpg\"><img loading=\"lazy\" class=\"alignleft  wp-image-72215\" alt=\"vlada-iselenike\" src=\"http:\/\/www.visit-ulcinj.com\/blog\/wp-content\/uploads\/2013\/06\/vlada-iselenike.jpg\" width=\"508\" height=\"340\" \/><\/a><\/p>\n<p>Ramdedovi\u0107 ka\u017ee da je na\u0161a dijaspora brojna, a njeni ljudski i ekonoski potencijali \u2013 veliki. Ipak, isti\u010de:<\/p>\n<p>\u00abCrna Gora ih ne koristi doovljno. Mi u Evropskoj dijaspori Crne Gore \u017eelimo da kroz institucionalno povezivanje i konkretnu partnersku saradnju unaprijedimo postoje\u0107e odnose i damo sveukupni doprnos razvoju Crne Gore.\u00bb<\/p>\n<p>Direktor Centra za iseljenike Milan Vuk\u010devi\u0107 navodi da crnogorska dijaspora obuhvata vi\u0161e od 130 udru\u017eenja.<\/p>\n<p>Crna Gora mora da vodi ra\u010duna o svojim iseljenicima, ka\u017ee Vuk\u010devi\u0107 i obja\u0161njava za\u0161to:<\/p>\n<p>\u00abTu je, prije svega, finansijski aspekt jer je suma koju dijaspora \u0161alje u Crnu Goru negdje oko 600 miliona eura. Imamo i drugi aspekt &#8211; investiciona ulaganja ali naravno, tu nemamo mnogo uspjeha.\u00bb<\/p>\n<p>Vladislav Popovi\u0107 sa Kipra nije saglasan. Nabraja da je Dragan Perovi\u0107 koji \u017eivi u Gr\u010dkoj doveo Telenor u Crnu Goru, a biznismen Du\u0161ko Kne\u017eevi\u0107 iz Atlas grupe \u017eivi na Kipru. Popovi\u0107 ka\u017ee da bez Zorana Be\u0107irovi\u0107a, koji je iz Crne Gore oti\u0161ao za Gr\u010dku pa za Rusiju ne bi bilo hotela Bjanke, Lipke ni Avale.<\/p>\n<p>Jo\u0161 je nekoliko iseljenika koji su ulagali u turisti\u010dke potencijale, dodaje Popovi\u0107.<\/p>\n<p>\u00abJa sam vam pri\u010dao o vi\u0161e stotina miliona eura u ovom kratkom izlaganju. Zna\u010di, vidi se da je dijaspora potrebna Crnoj Gori ne samo iz sentimentalnih razloga nego i iz ekonomskih. I vi ste nama potrebni, prije svega emocionalno, mi se osje\u0107amo kao da smo dio ovog tla.\u00bb<\/p>\n<p>Predsjednik Obora za me\u0111unarodne odnose i iseljenike Miodrag Vukovi\u0107 ka\u017ee da Vlada priprema Zakon o dijaspori a nada se da \u0107e uskoro rje\u0161enje sti\u0107i i u Parlament. Bi\u0107e i javnih rasprava:<\/p>\n<p>\u00abBi\u0107e i prilika za na\u0161e ljude u dijaspori, posredstvom diplomatsko konzularnih predstavni\u0161tava ili u direktnoj komunikaciji sa klubovima i asocijacijama, da svojim prijedlozima i sugestijama daju doprinos \u0161to boljim rje\u0161enjima.\u00bb<\/p>\n<p>Dijaspora ve\u0107 ima zahtjev. Vladislav Popovi\u0107:<\/p>\n<p>\u00abMi ne molimo i ne predla\u017eemo nego zahtijevamo da, kroz taj novi Zakon o dijaspori ili amandmanima na Zakon o dr\u017eavljanstvu, dr\u017eavljani Crne Gore koji su legalnim boravkom u nekoj od stranih zemlja du\u017ee od deset godina i stekli paso\u0161 te zemlje imaju pravo da zadr\u017ee crnogorski paso\u0161. Ta\u010dka.\u00bb<\/p>\n<p>Kako bi se pobolj\u0161ala saradnja Crne Gore i iseljenika, pri Ministarstvu vanjskih poslova uskoro \u0107e biti formirana posebna Uprava za dijasporu.<\/p>\n<p><strong>Izvor: Analitika &#8211; Informativni Portal<\/strong><\/p>\n<p>&nbsp;<\/p>\n","protected":false},"excerpt":{"rendered":"<p>Iseljenici iz Crne Gore spremni su da pomognu dr\u017eavi ekonomski jer ka\u017eu da nedovoljno koristimo njihov potencijal i resurse. Od vlasti tra\u017ee jedno &#8211; da onima koji \u017eive u drugoj dr\u017eavi vi\u0161e od deset godine, omogu\u0107e dvojno dr\u017eavljanstvo, prenosi Antena M. Predstavnici vi\u0161e udru\u017eenja iz dijaspore, razgovarali su sa \u010dlanovima Odbora za me\u0111unarodne odnose. Predsjednik [&hellip;]<\/p>\n","protected":false},"author":1,"featured_media":0,"comment_status":"closed","ping_status":"closed","sticky":false,"template":"","format":"standard","meta":{"spay_email":"","jetpack_publicize_message":"","jetpack_is_tweetstorm":false,"jetpack_publicize_feature_enabled":true},"categories":[6950],"tags":[],"jetpack_publicize_connections":[],"yoast_head":"<!-- This site is optimized with the Yoast SEO plugin v19.1 - https:\/\/yoast.com\/wordpress\/plugins\/seo\/ -->\n<title>Dijaspora tra\u017ei dvojno dr\u017eavljanstvo - Lajme nga Ulqini<\/title>\n<meta name=\"description\" content=\"Iseljenici iz Crne Gore spremni su da pomognu dr\u017eavi ekonomski jer ka\u017eu da nedovoljno koristimo njihov potencijal i resurse. Od vlasti tra\u017ee jedno - da\" \/>\n<meta name=\"robots\" content=\"index, follow, max-snippet:-1, max-image-preview:large, max-video-preview:-1\" \/>\n<link rel=\"canonical\" href=\"https:\/\/www.visit-ulcinj.com\/blog\/2013\/06\/08\/dijaspora-trazi-dvojno-drzavljanstvo\/\" \/>\n<meta property=\"og:locale\" content=\"en_US\" \/>\n<meta property=\"og:type\" content=\"article\" \/>\n<meta property=\"og:title\" content=\"Dijaspora tra\u017ei dvojno dr\u017eavljanstvo - Lajme nga Ulqini\" \/>\n<meta property=\"og:description\" content=\"Iseljenici iz Crne Gore spremni su da pomognu dr\u017eavi ekonomski jer ka\u017eu da nedovoljno koristimo njihov potencijal i resurse. Od vlasti tra\u017ee jedno - da\" \/>\n<meta property=\"og:url\" content=\"https:\/\/www.visit-ulcinj.com\/blog\/2013\/06\/08\/dijaspora-trazi-dvojno-drzavljanstvo\/\" \/>\n<meta property=\"og:site_name\" content=\"Lajme nga Ulqini\" \/>\n<meta property=\"article:published_time\" content=\"2013-06-08T11:34:50+00:00\" \/>\n<meta property=\"article:modified_time\" content=\"2013-06-08T11:51:49+00:00\" \/>\n<meta property=\"og:image\" content=\"http:\/\/www.visit-ulcinj.com\/blog\/wp-content\/uploads\/2013\/06\/Informator-za-diasporu-crne-gore.jpg\" \/>\n<meta name=\"twitter:label1\" content=\"Written by\" \/>\n\t<meta name=\"twitter:data1\" content=\"ulqini\" \/>\n\t<meta name=\"twitter:label2\" content=\"Est. reading time\" \/>\n\t<meta name=\"twitter:data2\" content=\"3 minutes\" \/>\n<script type=\"application\/ld+json\" class=\"yoast-schema-graph\">{\"@context\":\"https:\/\/schema.org\",\"@graph\":[{\"@type\":\"WebSite\",\"@id\":\"https:\/\/www.visit-ulcinj.com\/blog\/#website\",\"url\":\"https:\/\/www.visit-ulcinj.com\/blog\/\",\"name\":\"Lajme nga Ulqini\",\"description\":\"Lajme,Vijesti,Ulqini,Ulqin,Crna Gora,Mali i Zi\",\"potentialAction\":[{\"@type\":\"SearchAction\",\"target\":{\"@type\":\"EntryPoint\",\"urlTemplate\":\"https:\/\/www.visit-ulcinj.com\/blog\/?s={search_term_string}\"},\"query-input\":\"required name=search_term_string\"}],\"inLanguage\":\"en-US\"},{\"@type\":\"ImageObject\",\"inLanguage\":\"en-US\",\"@id\":\"https:\/\/www.visit-ulcinj.com\/blog\/2013\/06\/08\/dijaspora-trazi-dvojno-drzavljanstvo\/#primaryimage\",\"url\":\"https:\/\/www.visit-ulcinj.com\/blog\/wp-content\/uploads\/2013\/06\/Informator-za-diasporu-crne-gore.jpg\",\"contentUrl\":\"https:\/\/www.visit-ulcinj.com\/blog\/wp-content\/uploads\/2013\/06\/Informator-za-diasporu-crne-gore.jpg\",\"width\":856,\"height\":582},{\"@type\":\"WebPage\",\"@id\":\"https:\/\/www.visit-ulcinj.com\/blog\/2013\/06\/08\/dijaspora-trazi-dvojno-drzavljanstvo\/#webpage\",\"url\":\"https:\/\/www.visit-ulcinj.com\/blog\/2013\/06\/08\/dijaspora-trazi-dvojno-drzavljanstvo\/\",\"name\":\"Dijaspora tra\u017ei dvojno dr\u017eavljanstvo - Lajme nga Ulqini\",\"isPartOf\":{\"@id\":\"https:\/\/www.visit-ulcinj.com\/blog\/#website\"},\"primaryImageOfPage\":{\"@id\":\"https:\/\/www.visit-ulcinj.com\/blog\/2013\/06\/08\/dijaspora-trazi-dvojno-drzavljanstvo\/#primaryimage\"},\"datePublished\":\"2013-06-08T11:34:50+00:00\",\"dateModified\":\"2013-06-08T11:51:49+00:00\",\"author\":{\"@id\":\"https:\/\/www.visit-ulcinj.com\/blog\/#\/schema\/person\/dcab619c614d3038751c63bc2aadc06d\"},\"description\":\"Iseljenici iz Crne Gore spremni su da pomognu dr\u017eavi ekonomski jer ka\u017eu da nedovoljno koristimo njihov potencijal i resurse. Od vlasti tra\u017ee jedno - da\",\"breadcrumb\":{\"@id\":\"https:\/\/www.visit-ulcinj.com\/blog\/2013\/06\/08\/dijaspora-trazi-dvojno-drzavljanstvo\/#breadcrumb\"},\"inLanguage\":\"en-US\",\"potentialAction\":[{\"@type\":\"ReadAction\",\"target\":[\"https:\/\/www.visit-ulcinj.com\/blog\/2013\/06\/08\/dijaspora-trazi-dvojno-drzavljanstvo\/\"]}]},{\"@type\":\"BreadcrumbList\",\"@id\":\"https:\/\/www.visit-ulcinj.com\/blog\/2013\/06\/08\/dijaspora-trazi-dvojno-drzavljanstvo\/#breadcrumb\",\"itemListElement\":[{\"@type\":\"ListItem\",\"position\":1,\"name\":\"Dijaspora tra\u017ei dvojno dr\u017eavljanstvo\"}]},{\"@type\":\"Person\",\"@id\":\"https:\/\/www.visit-ulcinj.com\/blog\/#\/schema\/person\/dcab619c614d3038751c63bc2aadc06d\",\"name\":\"ulqini\",\"sameAs\":[\"http:\/\/www.visit-ulcinj.com\"],\"url\":\"https:\/\/www.visit-ulcinj.com\/blog\/author\/admin\/\"}]}<\/script>\n<!-- \/ Yoast SEO plugin. -->","yoast_head_json":{"title":"Dijaspora tra\u017ei dvojno dr\u017eavljanstvo - Lajme nga Ulqini","description":"Iseljenici iz Crne Gore spremni su da pomognu dr\u017eavi ekonomski jer ka\u017eu da nedovoljno koristimo njihov potencijal i resurse. Od vlasti tra\u017ee jedno - da","robots":{"index":"index","follow":"follow","max-snippet":"max-snippet:-1","max-image-preview":"max-image-preview:large","max-video-preview":"max-video-preview:-1"},"canonical":"https:\/\/www.visit-ulcinj.com\/blog\/2013\/06\/08\/dijaspora-trazi-dvojno-drzavljanstvo\/","og_locale":"en_US","og_type":"article","og_title":"Dijaspora tra\u017ei dvojno dr\u017eavljanstvo - Lajme nga Ulqini","og_description":"Iseljenici iz Crne Gore spremni su da pomognu dr\u017eavi ekonomski jer ka\u017eu da nedovoljno koristimo njihov potencijal i resurse. Od vlasti tra\u017ee jedno - da","og_url":"https:\/\/www.visit-ulcinj.com\/blog\/2013\/06\/08\/dijaspora-trazi-dvojno-drzavljanstvo\/","og_site_name":"Lajme nga Ulqini","article_published_time":"2013-06-08T11:34:50+00:00","article_modified_time":"2013-06-08T11:51:49+00:00","og_image":[{"url":"http:\/\/www.visit-ulcinj.com\/blog\/wp-content\/uploads\/2013\/06\/Informator-za-diasporu-crne-gore.jpg"}],"twitter_misc":{"Written by":"ulqini","Est. reading time":"3 minutes"},"schema":{"@context":"https:\/\/schema.org","@graph":[{"@type":"WebSite","@id":"https:\/\/www.visit-ulcinj.com\/blog\/#website","url":"https:\/\/www.visit-ulcinj.com\/blog\/","name":"Lajme nga Ulqini","description":"Lajme,Vijesti,Ulqini,Ulqin,Crna Gora,Mali i Zi","potentialAction":[{"@type":"SearchAction","target":{"@type":"EntryPoint","urlTemplate":"https:\/\/www.visit-ulcinj.com\/blog\/?s={search_term_string}"},"query-input":"required name=search_term_string"}],"inLanguage":"en-US"},{"@type":"ImageObject","inLanguage":"en-US","@id":"https:\/\/www.visit-ulcinj.com\/blog\/2013\/06\/08\/dijaspora-trazi-dvojno-drzavljanstvo\/#primaryimage","url":"https:\/\/www.visit-ulcinj.com\/blog\/wp-content\/uploads\/2013\/06\/Informator-za-diasporu-crne-gore.jpg","contentUrl":"https:\/\/www.visit-ulcinj.com\/blog\/wp-content\/uploads\/2013\/06\/Informator-za-diasporu-crne-gore.jpg","width":856,"height":582},{"@type":"WebPage","@id":"https:\/\/www.visit-ulcinj.com\/blog\/2013\/06\/08\/dijaspora-trazi-dvojno-drzavljanstvo\/#webpage","url":"https:\/\/www.visit-ulcinj.com\/blog\/2013\/06\/08\/dijaspora-trazi-dvojno-drzavljanstvo\/","name":"Dijaspora tra\u017ei dvojno dr\u017eavljanstvo - Lajme nga Ulqini","isPartOf":{"@id":"https:\/\/www.visit-ulcinj.com\/blog\/#website"},"primaryImageOfPage":{"@id":"https:\/\/www.visit-ulcinj.com\/blog\/2013\/06\/08\/dijaspora-trazi-dvojno-drzavljanstvo\/#primaryimage"},"datePublished":"2013-06-08T11:34:50+00:00","dateModified":"2013-06-08T11:51:49+00:00","author":{"@id":"https:\/\/www.visit-ulcinj.com\/blog\/#\/schema\/person\/dcab619c614d3038751c63bc2aadc06d"},"description":"Iseljenici iz Crne Gore spremni su da pomognu dr\u017eavi ekonomski jer ka\u017eu da nedovoljno koristimo njihov potencijal i resurse. Od vlasti tra\u017ee jedno - da","breadcrumb":{"@id":"https:\/\/www.visit-ulcinj.com\/blog\/2013\/06\/08\/dijaspora-trazi-dvojno-drzavljanstvo\/#breadcrumb"},"inLanguage":"en-US","potentialAction":[{"@type":"ReadAction","target":["https:\/\/www.visit-ulcinj.com\/blog\/2013\/06\/08\/dijaspora-trazi-dvojno-drzavljanstvo\/"]}]},{"@type":"BreadcrumbList","@id":"https:\/\/www.visit-ulcinj.com\/blog\/2013\/06\/08\/dijaspora-trazi-dvojno-drzavljanstvo\/#breadcrumb","itemListElement":[{"@type":"ListItem","position":1,"name":"Dijaspora tra\u017ei dvojno dr\u017eavljanstvo"}]},{"@type":"Person","@id":"https:\/\/www.visit-ulcinj.com\/blog\/#\/schema\/person\/dcab619c614d3038751c63bc2aadc06d","name":"ulqini","sameAs":["http:\/\/www.visit-ulcinj.com"],"url":"https:\/\/www.visit-ulcinj.com\/blog\/author\/admin\/"}]}},"jetpack_featured_media_url":"","jetpack_sharing_enabled":true,"jetpack_shortlink":"https:\/\/wp.me\/pe6lTn-iME","_links":{"self":[{"href":"https:\/\/www.visit-ulcinj.com\/blog\/wp-json\/wp\/v2\/posts\/72208"}],"collection":[{"href":"https:\/\/www.visit-ulcinj.com\/blog\/wp-json\/wp\/v2\/posts"}],"about":[{"href":"https:\/\/www.visit-ulcinj.com\/blog\/wp-json\/wp\/v2\/types\/post"}],"author":[{"embeddable":true,"href":"https:\/\/www.visit-ulcinj.com\/blog\/wp-json\/wp\/v2\/users\/1"}],"replies":[{"embeddable":true,"href":"https:\/\/www.visit-ulcinj.com\/blog\/wp-json\/wp\/v2\/comments?post=72208"}],"version-history":[{"count":2,"href":"https:\/\/www.visit-ulcinj.com\/blog\/wp-json\/wp\/v2\/posts\/72208\/revisions"}],"predecessor-version":[{"id":72216,"href":"https:\/\/www.visit-ulcinj.com\/blog\/wp-json\/wp\/v2\/posts\/72208\/revisions\/72216"}],"wp:attachment":[{"href":"https:\/\/www.visit-ulcinj.com\/blog\/wp-json\/wp\/v2\/media?parent=72208"}],"wp:term":[{"taxonomy":"category","embeddable":true,"href":"https:\/\/www.visit-ulcinj.com\/blog\/wp-json\/wp\/v2\/categories?post=72208"},{"taxonomy":"post_tag","embeddable":true,"href":"https:\/\/www.visit-ulcinj.com\/blog\/wp-json\/wp\/v2\/tags?post=72208"}],"curies":[{"name":"wp","href":"https:\/\/api.w.org\/{rel}","templated":true}]}}