{"id":72217,"date":"2013-06-08T14:39:11","date_gmt":"2013-06-08T13:39:11","guid":{"rendered":"http:\/\/www.visit-ulcinj.com\/blog\/?p=72217"},"modified":"2013-06-08T14:39:11","modified_gmt":"2013-06-08T13:39:11","slug":"albanske-stranke-o-kurtijevoj-najavi-dovoljno-smo-usitnjeni","status":"publish","type":"post","link":"https:\/\/www.visit-ulcinj.com\/blog\/2013\/06\/08\/albanske-stranke-o-kurtijevoj-najavi-dovoljno-smo-usitnjeni\/","title":{"rendered":"Albanske stranke o Kurtijevoj najavi: Dovoljno smo usitnjeni"},"content":{"rendered":"<p><a href=\"http:\/\/www.visit-ulcinj.com\/blog\/wp-content\/uploads\/2013\/06\/Vaselj-Sinistaj-Foto-Vijesti.jpg\"><img loading=\"lazy\" class=\"alignleft  wp-image-72218\" alt=\"Vaselj Sinistaj - Foto Vijesti\" src=\"http:\/\/www.visit-ulcinj.com\/blog\/wp-content\/uploads\/2013\/06\/Vaselj-Sinistaj-Foto-Vijesti.jpg\" width=\"508\" height=\"360\" \/><\/a>Imati unutar ovih partija ne\u0161to \u0161to bi bilo pribli\u017eno kao &#8220;Samoopredjeljenje&#8221; bi bilo dobro, ne treba bje\u017eati od toga, smatra Sini\u0161taj<\/p>\n<p>Uklju\u010denje pokreta \u201cSamoopredjenje\u201d na crnogorsku politi\u010dku scenu ne bi koristio albanskom bira\u010dkom tijelu jer u Crnoj Gori ve\u0107 ima dovoljno albanskih partija, smatraju albanski politi\u010dari u Crnoj Gori.<\/p>\n<p>Prema navodima krugova bliskih kosovskoj opozicionoj partiji, lider \u201cSamoopredjenjenja\u201d Albin Kurti ispituje teren za ulazak na crnogorsku politi\u010dku scenu. Kurti ne planira da se uklju\u010di direktno, ve\u0107 kroz saradnju sa nekom od manjih albanskih stranaka ili NVO.<\/p>\n<p>Vaselj Sini\u0161taj iz Gra\u0111anske inicijative smatra da albanskih partija na politi\u010dkoj sceni ima previ\u0161e, i da ne bi bilo korektno da se stvara jo\u0161 jedna. Sini\u0161taj smatra da bi pokret sli\u010dan \u201cSamoopredjeljenu\u201d dobrodo\u0161ao Albancima u Crnoj Gori. Kurtijeva stranka poznata po tome \u0161to nezadovoljstvo politi\u010dkim odlukama iskazuje demonstracijama, performansima i napadima na kosovske zvani\u010dnike i EULEX.<\/p>\n<p>\u201cImati unutar ovih partija ne\u0161to \u0161to bi bilo pribli\u017eno kao &#8216;Samoopredjeljenje&#8217; bi bilo dobro, ne treba bje\u017eati od toga\u201d, kazao je Sini\u0161taj, dok je Genci Nimanbegu iz Force poru\u010dio da je \u201ctr\u017ei\u0161te otvoreno za sve koji ho\u0107e da se bave politikom\u201d.<\/p>\n<p>Funkcioner Demokratskog saveza u Crnoj Gori Nikola Camaj smatra da mije\u0161anje Kurtija u politi\u010dke prilike u Crnoj Gori nikome ne bi koristilo.<\/p>\n<p>\u201cAlbanske stranke su u Crnoj Gori toliko usitnjene da je te\u0161ko predvidjeti da li bi neka od stranaka mo\u017eda imala koristi, ali prostora za dalje usitnjavanje nema\u201d, tvrdi Camaj, podsje\u0107aju\u0107i da su poruke iz Albanije i sa Kosova uvijek bile da \u0107e albanske stranke u Crnoj Gori dobiti podr\u0161ku ukoliko budu jedinstvene. \u201cKurti je poku\u0161ao da ujedini stranke prije izbora, i zaklju\u010dak naroda je bio da on nije uspio da ujedini Albance, ali je uspio Milo \u0110ukanovi\u0107\u201d.<\/p>\n<p>I pored poku\u0161aja Kurtija da ubijedi Albance da nastupe u zajedni\u010dkom bloku, albanske partije iza\u0161le su na parlamentarne izbore u \u010detiri koalicije i osvojile dva mandata. Kasnije je ve\u0107ina postala dio vladaju\u0107e koalicie.<\/p>\n<p>\u201cOn dolazi odavde, iz Ulcinja, i zna situaciju. Zna za torture osumnji\u010denih iz akcije Orlov let, zna kakva je situacija u obrazovanju, zna za iseljavanja\u201d, tvrdi Sini\u0161taj.<\/p>\n<p>I Camaj smatra da Kurti bolje vidi trenutni polo\u017eaj Albanaca u Crnoj Gori, od nekih koji ve\u0107 djeluju na politi\u010dkoj sceni. \u201cOn vidi stvari bolje nego Albanci iz DPS-a, po kojima mi nismo diskriminisani\u201d, smatra Camaj.<\/p>\n<p>Iako je koalicija Forca za jedinstvo, u kojoj se nalazi i njegova stranka dio, nalazi u vladaju\u0107oj koaliciji Sini\u0161taj tvrdi da je \u201covdje najlak\u0161e tr\u010dati ka vlasti i biti parazit\u201d.<\/p>\n<p>\u201cAlbin je prije izbora tra\u017eio zajedni\u010dku platformu, da svi Albanci budu u opoziciji ili u vlasti, ali da budu jedinstveni, a sada ve\u0107ina tr\u010di put vlasti, gdje se tra\u017ee samo poslu\u0161ni ljudi\u201d smatra Sini\u0161taj.<\/p>\n<p><a href=\"http:\/\/www.vijesti.me\/vijesti\/albanske-stranke-kurtijevoj-najavi-dovoljno-smo-usitnjeni-clanak-132511\" target=\"_blank\"><strong>Darvin Muri\u0107<\/strong><\/a><br \/>\n<a href=\"http:\/\/www.vijesti.me\/vijesti\/albanske-stranke-kurtijevoj-najavi-dovoljno-smo-usitnjeni-clanak-132511\" target=\"_blank\"><strong>Vijesti online<\/strong><\/a><\/p>\n","protected":false},"excerpt":{"rendered":"<p>Imati unutar ovih partija ne\u0161to \u0161to bi bilo pribli\u017eno kao &#8220;Samoopredjeljenje&#8221; bi bilo dobro, ne treba bje\u017eati od toga, smatra Sini\u0161taj Uklju\u010denje pokreta \u201cSamoopredjenje\u201d na crnogorsku politi\u010dku scenu ne bi koristio albanskom bira\u010dkom tijelu jer u Crnoj Gori ve\u0107 ima dovoljno albanskih partija, smatraju albanski politi\u010dari u Crnoj Gori. Prema navodima krugova bliskih kosovskoj opozicionoj [&hellip;]<\/p>\n","protected":false},"author":1,"featured_media":0,"comment_status":"closed","ping_status":"closed","sticky":false,"template":"","format":"standard","meta":{"spay_email":"","jetpack_publicize_message":"","jetpack_is_tweetstorm":false,"jetpack_publicize_feature_enabled":true},"categories":[8337],"tags":[],"jetpack_publicize_connections":[],"yoast_head":"<!-- This site is optimized with the Yoast SEO plugin v19.1 - https:\/\/yoast.com\/wordpress\/plugins\/seo\/ -->\n<title>Albanske stranke o Kurtijevoj najavi: Dovoljno smo usitnjeni - Lajme nga Ulqini<\/title>\n<meta name=\"description\" content=\"Imati unutar ovih partija ne\u0161to \u0161to bi bilo pribli\u017eno kao &quot;Samoopredjeljenje&quot; bi bilo dobro, ne treba bje\u017eati od toga, smatra Sini\u0161taj Uklju\u010denje pokreta\" \/>\n<meta name=\"robots\" content=\"index, follow, max-snippet:-1, max-image-preview:large, max-video-preview:-1\" \/>\n<link rel=\"canonical\" href=\"https:\/\/www.visit-ulcinj.com\/blog\/2013\/06\/08\/albanske-stranke-o-kurtijevoj-najavi-dovoljno-smo-usitnjeni\/\" \/>\n<meta property=\"og:locale\" content=\"en_US\" \/>\n<meta property=\"og:type\" content=\"article\" \/>\n<meta property=\"og:title\" content=\"Albanske stranke o Kurtijevoj najavi: Dovoljno smo usitnjeni - Lajme nga Ulqini\" \/>\n<meta property=\"og:description\" content=\"Imati unutar ovih partija ne\u0161to \u0161to bi bilo pribli\u017eno kao &quot;Samoopredjeljenje&quot; bi bilo dobro, ne treba bje\u017eati od toga, smatra Sini\u0161taj Uklju\u010denje pokreta\" \/>\n<meta property=\"og:url\" content=\"https:\/\/www.visit-ulcinj.com\/blog\/2013\/06\/08\/albanske-stranke-o-kurtijevoj-najavi-dovoljno-smo-usitnjeni\/\" \/>\n<meta property=\"og:site_name\" content=\"Lajme nga Ulqini\" \/>\n<meta property=\"article:published_time\" content=\"2013-06-08T13:39:11+00:00\" \/>\n<meta property=\"og:image\" content=\"http:\/\/www.visit-ulcinj.com\/blog\/wp-content\/uploads\/2013\/06\/Vaselj-Sinistaj-Foto-Vijesti.jpg\" \/>\n<meta name=\"twitter:label1\" content=\"Written by\" \/>\n\t<meta name=\"twitter:data1\" content=\"ulqini\" \/>\n\t<meta name=\"twitter:label2\" content=\"Est. reading time\" \/>\n\t<meta name=\"twitter:data2\" content=\"3 minutes\" \/>\n<script type=\"application\/ld+json\" class=\"yoast-schema-graph\">{\"@context\":\"https:\/\/schema.org\",\"@graph\":[{\"@type\":\"WebSite\",\"@id\":\"https:\/\/www.visit-ulcinj.com\/blog\/#website\",\"url\":\"https:\/\/www.visit-ulcinj.com\/blog\/\",\"name\":\"Lajme nga Ulqini\",\"description\":\"Lajme,Vijesti,Ulqini,Ulqin,Crna Gora,Mali i Zi\",\"potentialAction\":[{\"@type\":\"SearchAction\",\"target\":{\"@type\":\"EntryPoint\",\"urlTemplate\":\"https:\/\/www.visit-ulcinj.com\/blog\/?s={search_term_string}\"},\"query-input\":\"required name=search_term_string\"}],\"inLanguage\":\"en-US\"},{\"@type\":\"ImageObject\",\"inLanguage\":\"en-US\",\"@id\":\"https:\/\/www.visit-ulcinj.com\/blog\/2013\/06\/08\/albanske-stranke-o-kurtijevoj-najavi-dovoljno-smo-usitnjeni\/#primaryimage\",\"url\":\"https:\/\/www.visit-ulcinj.com\/blog\/wp-content\/uploads\/2013\/06\/Vaselj-Sinistaj-Foto-Vijesti.jpg\",\"contentUrl\":\"https:\/\/www.visit-ulcinj.com\/blog\/wp-content\/uploads\/2013\/06\/Vaselj-Sinistaj-Foto-Vijesti.jpg\",\"width\":891,\"height\":750},{\"@type\":\"WebPage\",\"@id\":\"https:\/\/www.visit-ulcinj.com\/blog\/2013\/06\/08\/albanske-stranke-o-kurtijevoj-najavi-dovoljno-smo-usitnjeni\/#webpage\",\"url\":\"https:\/\/www.visit-ulcinj.com\/blog\/2013\/06\/08\/albanske-stranke-o-kurtijevoj-najavi-dovoljno-smo-usitnjeni\/\",\"name\":\"Albanske stranke o Kurtijevoj najavi: Dovoljno smo usitnjeni - Lajme nga Ulqini\",\"isPartOf\":{\"@id\":\"https:\/\/www.visit-ulcinj.com\/blog\/#website\"},\"primaryImageOfPage\":{\"@id\":\"https:\/\/www.visit-ulcinj.com\/blog\/2013\/06\/08\/albanske-stranke-o-kurtijevoj-najavi-dovoljno-smo-usitnjeni\/#primaryimage\"},\"datePublished\":\"2013-06-08T13:39:11+00:00\",\"dateModified\":\"2013-06-08T13:39:11+00:00\",\"author\":{\"@id\":\"https:\/\/www.visit-ulcinj.com\/blog\/#\/schema\/person\/dcab619c614d3038751c63bc2aadc06d\"},\"description\":\"Imati unutar ovih partija ne\u0161to \u0161to bi bilo pribli\u017eno kao \\\"Samoopredjeljenje\\\" bi bilo dobro, ne treba bje\u017eati od toga, smatra Sini\u0161taj Uklju\u010denje pokreta\",\"breadcrumb\":{\"@id\":\"https:\/\/www.visit-ulcinj.com\/blog\/2013\/06\/08\/albanske-stranke-o-kurtijevoj-najavi-dovoljno-smo-usitnjeni\/#breadcrumb\"},\"inLanguage\":\"en-US\",\"potentialAction\":[{\"@type\":\"ReadAction\",\"target\":[\"https:\/\/www.visit-ulcinj.com\/blog\/2013\/06\/08\/albanske-stranke-o-kurtijevoj-najavi-dovoljno-smo-usitnjeni\/\"]}]},{\"@type\":\"BreadcrumbList\",\"@id\":\"https:\/\/www.visit-ulcinj.com\/blog\/2013\/06\/08\/albanske-stranke-o-kurtijevoj-najavi-dovoljno-smo-usitnjeni\/#breadcrumb\",\"itemListElement\":[{\"@type\":\"ListItem\",\"position\":1,\"name\":\"Albanske stranke o Kurtijevoj najavi: Dovoljno smo usitnjeni\"}]},{\"@type\":\"Person\",\"@id\":\"https:\/\/www.visit-ulcinj.com\/blog\/#\/schema\/person\/dcab619c614d3038751c63bc2aadc06d\",\"name\":\"ulqini\",\"sameAs\":[\"http:\/\/www.visit-ulcinj.com\"],\"url\":\"https:\/\/www.visit-ulcinj.com\/blog\/author\/admin\/\"}]}<\/script>\n<!-- \/ Yoast SEO plugin. -->","yoast_head_json":{"title":"Albanske stranke o Kurtijevoj najavi: Dovoljno smo usitnjeni - Lajme nga Ulqini","description":"Imati unutar ovih partija ne\u0161to \u0161to bi bilo pribli\u017eno kao \"Samoopredjeljenje\" bi bilo dobro, ne treba bje\u017eati od toga, smatra Sini\u0161taj Uklju\u010denje pokreta","robots":{"index":"index","follow":"follow","max-snippet":"max-snippet:-1","max-image-preview":"max-image-preview:large","max-video-preview":"max-video-preview:-1"},"canonical":"https:\/\/www.visit-ulcinj.com\/blog\/2013\/06\/08\/albanske-stranke-o-kurtijevoj-najavi-dovoljno-smo-usitnjeni\/","og_locale":"en_US","og_type":"article","og_title":"Albanske stranke o Kurtijevoj najavi: Dovoljno smo usitnjeni - Lajme nga Ulqini","og_description":"Imati unutar ovih partija ne\u0161to \u0161to bi bilo pribli\u017eno kao \"Samoopredjeljenje\" bi bilo dobro, ne treba bje\u017eati od toga, smatra Sini\u0161taj Uklju\u010denje pokreta","og_url":"https:\/\/www.visit-ulcinj.com\/blog\/2013\/06\/08\/albanske-stranke-o-kurtijevoj-najavi-dovoljno-smo-usitnjeni\/","og_site_name":"Lajme nga Ulqini","article_published_time":"2013-06-08T13:39:11+00:00","og_image":[{"url":"http:\/\/www.visit-ulcinj.com\/blog\/wp-content\/uploads\/2013\/06\/Vaselj-Sinistaj-Foto-Vijesti.jpg"}],"twitter_misc":{"Written by":"ulqini","Est. reading time":"3 minutes"},"schema":{"@context":"https:\/\/schema.org","@graph":[{"@type":"WebSite","@id":"https:\/\/www.visit-ulcinj.com\/blog\/#website","url":"https:\/\/www.visit-ulcinj.com\/blog\/","name":"Lajme nga Ulqini","description":"Lajme,Vijesti,Ulqini,Ulqin,Crna Gora,Mali i Zi","potentialAction":[{"@type":"SearchAction","target":{"@type":"EntryPoint","urlTemplate":"https:\/\/www.visit-ulcinj.com\/blog\/?s={search_term_string}"},"query-input":"required name=search_term_string"}],"inLanguage":"en-US"},{"@type":"ImageObject","inLanguage":"en-US","@id":"https:\/\/www.visit-ulcinj.com\/blog\/2013\/06\/08\/albanske-stranke-o-kurtijevoj-najavi-dovoljno-smo-usitnjeni\/#primaryimage","url":"https:\/\/www.visit-ulcinj.com\/blog\/wp-content\/uploads\/2013\/06\/Vaselj-Sinistaj-Foto-Vijesti.jpg","contentUrl":"https:\/\/www.visit-ulcinj.com\/blog\/wp-content\/uploads\/2013\/06\/Vaselj-Sinistaj-Foto-Vijesti.jpg","width":891,"height":750},{"@type":"WebPage","@id":"https:\/\/www.visit-ulcinj.com\/blog\/2013\/06\/08\/albanske-stranke-o-kurtijevoj-najavi-dovoljno-smo-usitnjeni\/#webpage","url":"https:\/\/www.visit-ulcinj.com\/blog\/2013\/06\/08\/albanske-stranke-o-kurtijevoj-najavi-dovoljno-smo-usitnjeni\/","name":"Albanske stranke o Kurtijevoj najavi: Dovoljno smo usitnjeni - Lajme nga Ulqini","isPartOf":{"@id":"https:\/\/www.visit-ulcinj.com\/blog\/#website"},"primaryImageOfPage":{"@id":"https:\/\/www.visit-ulcinj.com\/blog\/2013\/06\/08\/albanske-stranke-o-kurtijevoj-najavi-dovoljno-smo-usitnjeni\/#primaryimage"},"datePublished":"2013-06-08T13:39:11+00:00","dateModified":"2013-06-08T13:39:11+00:00","author":{"@id":"https:\/\/www.visit-ulcinj.com\/blog\/#\/schema\/person\/dcab619c614d3038751c63bc2aadc06d"},"description":"Imati unutar ovih partija ne\u0161to \u0161to bi bilo pribli\u017eno kao \"Samoopredjeljenje\" bi bilo dobro, ne treba bje\u017eati od toga, smatra Sini\u0161taj Uklju\u010denje pokreta","breadcrumb":{"@id":"https:\/\/www.visit-ulcinj.com\/blog\/2013\/06\/08\/albanske-stranke-o-kurtijevoj-najavi-dovoljno-smo-usitnjeni\/#breadcrumb"},"inLanguage":"en-US","potentialAction":[{"@type":"ReadAction","target":["https:\/\/www.visit-ulcinj.com\/blog\/2013\/06\/08\/albanske-stranke-o-kurtijevoj-najavi-dovoljno-smo-usitnjeni\/"]}]},{"@type":"BreadcrumbList","@id":"https:\/\/www.visit-ulcinj.com\/blog\/2013\/06\/08\/albanske-stranke-o-kurtijevoj-najavi-dovoljno-smo-usitnjeni\/#breadcrumb","itemListElement":[{"@type":"ListItem","position":1,"name":"Albanske stranke o Kurtijevoj najavi: Dovoljno smo usitnjeni"}]},{"@type":"Person","@id":"https:\/\/www.visit-ulcinj.com\/blog\/#\/schema\/person\/dcab619c614d3038751c63bc2aadc06d","name":"ulqini","sameAs":["http:\/\/www.visit-ulcinj.com"],"url":"https:\/\/www.visit-ulcinj.com\/blog\/author\/admin\/"}]}},"jetpack_featured_media_url":"","jetpack_sharing_enabled":true,"jetpack_shortlink":"https:\/\/wp.me\/pe6lTn-iMN","_links":{"self":[{"href":"https:\/\/www.visit-ulcinj.com\/blog\/wp-json\/wp\/v2\/posts\/72217"}],"collection":[{"href":"https:\/\/www.visit-ulcinj.com\/blog\/wp-json\/wp\/v2\/posts"}],"about":[{"href":"https:\/\/www.visit-ulcinj.com\/blog\/wp-json\/wp\/v2\/types\/post"}],"author":[{"embeddable":true,"href":"https:\/\/www.visit-ulcinj.com\/blog\/wp-json\/wp\/v2\/users\/1"}],"replies":[{"embeddable":true,"href":"https:\/\/www.visit-ulcinj.com\/blog\/wp-json\/wp\/v2\/comments?post=72217"}],"version-history":[{"count":1,"href":"https:\/\/www.visit-ulcinj.com\/blog\/wp-json\/wp\/v2\/posts\/72217\/revisions"}],"predecessor-version":[{"id":72219,"href":"https:\/\/www.visit-ulcinj.com\/blog\/wp-json\/wp\/v2\/posts\/72217\/revisions\/72219"}],"wp:attachment":[{"href":"https:\/\/www.visit-ulcinj.com\/blog\/wp-json\/wp\/v2\/media?parent=72217"}],"wp:term":[{"taxonomy":"category","embeddable":true,"href":"https:\/\/www.visit-ulcinj.com\/blog\/wp-json\/wp\/v2\/categories?post=72217"},{"taxonomy":"post_tag","embeddable":true,"href":"https:\/\/www.visit-ulcinj.com\/blog\/wp-json\/wp\/v2\/tags?post=72217"}],"curies":[{"name":"wp","href":"https:\/\/api.w.org\/{rel}","templated":true}]}}