{"id":7224,"date":"2008-12-14T12:08:52","date_gmt":"2008-12-14T11:08:52","guid":{"rendered":"http:\/\/www.visit-ulcinj.com\/blog\/?p=7224"},"modified":"2008-12-15T12:21:34","modified_gmt":"2008-12-15T11:21:34","slug":"mbi-librin-%e2%80%9crreze-vegimi%e2%80%9d-te-marash-gjon-kaculit","status":"publish","type":"post","link":"https:\/\/www.visit-ulcinj.com\/blog\/2008\/12\/14\/mbi-librin-%e2%80%9crreze-vegimi%e2%80%9d-te-marash-gjon-kaculit\/","title":{"rendered":"Mbi librin \u201cRreze Vegimi\u201d t\u00eb Marash Gjon Kaculit"},"content":{"rendered":"<p style=\"text-align: left; font-family: arial,helvetica,sans-serif;\"><a href=\"http:\/\/www.visit-ulcinj.com\/blog\/wp-content\/uploads\/2008\/12\/gjalle-se-gjalle_marash-gjon-kaculi.jpg\"><img loading=\"lazy\" class=\"alignleft\" src=\"http:\/\/www.visit-ulcinj.com\/blog\/wp-content\/uploads\/2008\/12\/gjalle-se-gjalle_marash-gjon-kaculi.jpg\" alt=\"\" width=\"389\" height=\"591\" \/><\/a><\/p>\n<p><strong>Vazhdim\u00ebsi e krijimtaris\u00eb modeste<\/strong><\/p>\n<p>Vlera e vepr\u00ebs, p\u00ebrve\u00e7 apelit t\u00eb qart\u00eb dhe t\u00eb z\u00ebsh\u00ebm t\u00eb kushtrimit p\u00ebr ruajtjen dhe krijimin e vlerave t\u00eb reja, p\u00ebrmban edhe disa perla nga vegimet e autorit t\u00eb p\u00ebrjetuara n\u00eb shpirt\u00ebrin\u00eb e tij n\u00eb koh\u00ebra e vende t\u00eb ndryshme, qoft\u00eb duke z\u00ebn\u00eb peshk me kalimere, qoft\u00eb duke shetitur n\u00eb vetmi n\u00eb bregun e detit t\u00eb mrekulluesh\u00ebm.<br \/>\nLibri &#8220;Rreze vegimi&#8221; \u00ebsht\u00eb libri i dyt\u00eb me t\u00eb cilin autori, Marash Gjon Kaculi, i prezantohet publikut ton\u00eb tre vite pas botimit t\u00eb librit t\u00eb tij t\u00eb par\u00eb &#8220;Gjall\u00eb se gjall\u00eb&#8221; i cili \u00ebsht\u00eb pritur me shum\u00eb respekt nga lexuesit. \u00cbsht\u00eb kjo nj\u00eb vazhdim\u00ebsi e krijimtaris\u00eb modeste t\u00eb nj\u00eb autori, i cili shkruan, duke u inspiruar nga kultura vendore komb\u00ebtare dhe vlerat e m\u00ebdha shpirt\u00ebrore t\u00eb kombit ton\u00eb. Ai, n\u00eb m\u00ebnyr\u00ebn e vet, l\u00ebshon britm\u00ebn dhe apelon n\u00eb mbledhjen e thesarit shpirt\u00ebror q\u00eb kemi, n\u00eb ruajtjen e tij nga dh\u00ebmbi i koh\u00ebs dhe nga harresa, e cila, qoft\u00eb e q\u00ebllimt\u00eb apo edhe e paq\u00ebllimt\u00eb, ka ditur t\u00eb na g\u00eblltis\u00eb e t\u00eb na asgj\u00ebsoj\u00eb shum\u00eb nga vlerat e thesarit ton\u00eb. E kush han vlerat shpirt\u00ebrore dhe kulturore, kush &#8220;harron&#8221; historin\u00eb e vet, ia shkrujan\u00eb t\u00eb tjer\u00ebt, ashtu si\u00e7 duan dhe d\u00ebshirojn\u00eb ata, sepse ai me harres\u00ebn e vet, han substanc\u00ebn esenciale, vet\u00ebvehten p\u00ebr s\u00eb gjalli.<br \/>\nEdhe pse e kemi kaluar koh\u00ebn e konbformizmit dhe rrapatemi akoma me shtetformimin, konsolidimit ton\u00eb shpirt\u00ebror, nd\u00ebrgjegj\u00ebsimit dhe vet\u00ebdij\u00ebsimit komb\u00ebtar, akoma i jemi shum\u00eb t\u00eb detyruar, sidomos pjesa e etnis\u00eb e cila p\u00ebr shkaqe nga m\u00eb t\u00eb ndryshmet, ka l\u00ebn\u00eb shum\u00eb e shum\u00eb vlera identiteti n\u00eb harres\u00eb. Pik\u00ebrisht k\u00ebtu, autori ngrit z\u00ebrin e vet kryengrit\u00ebs, shpalon gjendjen, tregon vlerat, ngjall shpres\u00ebn dhe k\u00ebrkon q\u00eb t\u00eb jemi kreator\u00eb, pjes\u00ebmarr\u00ebs t\u00eb gjall\u00eb t\u00eb historis\u00eb s\u00eb gjall\u00eb, t\u00eb mos flejm\u00eb &#8220;me gjum\u00eb t\u00eb r\u00ebnd\u00eb&#8221;, t\u00eb mos shnd\u00ebrrohemi n\u00eb &#8220;kumir\u00eb modern\u00eb&#8221;, por p\u00ebrkundrazi t\u00eb b\u00ebj\u00eb secili aq sa \u00ebsht\u00eb thirrur nga statusi i vet aty ku punon dhe vepron, aq sa i p\u00ebrket dhe i takon p\u00ebr t\u00eb b\u00ebr\u00eb. Njer\u00ebzit vler\u00ebsohen nga vepra e vet, jo t\u00eb b\u00ebr\u00eb p\u00ebr vetveten, por p\u00ebr kombin t\u00eb cilit i takojn\u00eb.<a href=\"http:\/\/www.visit-ulcinj.com\/blog\/wp-content\/uploads\/2008\/12\/marash-gjon-kaculi.jpg\"><img loading=\"lazy\" class=\"alignright size-medium wp-image-7263\" title=\"marash-gjon-kaculi\" src=\"http:\/\/www.visit-ulcinj.com\/blog\/wp-content\/uploads\/2008\/12\/marash-gjon-kaculi-300x277.jpg\" alt=\"\" width=\"300\" height=\"277\" srcset=\"https:\/\/www.visit-ulcinj.com\/blog\/wp-content\/uploads\/2008\/12\/marash-gjon-kaculi-300x277.jpg 300w, https:\/\/www.visit-ulcinj.com\/blog\/wp-content\/uploads\/2008\/12\/marash-gjon-kaculi.jpg 385w\" sizes=\"(max-width: 300px) 100vw, 300px\" \/><\/a><br \/>\nVlera e vepr\u00ebs, p\u00ebrve\u00e7 apelit t\u00eb qart\u00eb dhe t\u00eb z\u00ebsh\u00ebm t\u00eb kushtrimit p\u00ebr ruajtjen dhe krijimin e vlerave t\u00eb reja, p\u00ebrmban edhe disa perla nga vegimet e autorit t\u00eb p\u00ebrjetuara n\u00eb shpirt\u00ebrin\u00eb e tij n\u00eb koh\u00ebra e vende t\u00eb ndryshme, qoft\u00eb duke z\u00ebn\u00eb peshk me kalimere, qoft\u00eb duke shetitur n\u00eb vetmi n\u00eb bregun e detit t\u00eb mrekulluesh\u00ebm. Ky opus krijimtarie, vjen me freskimin e vet si uj\u00eb i kthjell\u00ebt dhe i fresk\u00ebt &#8220;nga burimi i gjall\u00eb i Suk\u00ebs&#8221;, nga gurra e shpres\u00ebs e cila e mban\u00eb gjall\u00eb \u00e7do njeri.<br \/>\nStili i ve\u00e7ant\u00eb, narratura frym\u00ebzuese dhe sfiduese, e b\u00ebjn\u00eb vepr\u00ebn t\u00eb lexohet me \u00ebndje dhe kurreshtje t\u00eb pangopshme, ku arti dhe krijimtaria shkrihen n\u00eb nj\u00eb proz\u00eb poetike mbi shpres\u00ebn, e cila b\u00ebn q\u00eb jeta t\u00eb kuptohet m\u00eb mir\u00eb dhe t\u00eb shijohet si nj\u00eb dhurat\u00eb e shtrenjt\u00eb e cila duhet jetuar dhe vler\u00ebsuar si dhurata m\u00eb e vlershme q\u00eb mund t\u00eb g\u00ebzoj\u00eb nj\u00eb individ.<br \/>\nNjeriu q\u00eb ia hap zemr\u00ebn Per\u00ebndis\u00eb dhe e th\u00ebrret si mik t\u00eb mir\u00eb Shpirtin e Shenjt\u00eb, me siguri sheh dhe shijon edhe nga e padukshmja dhe e pashmangshmja, nga vepra e madhe Hyjit, por edhe e njer\u00ebzve n\u00eb bashk\u00ebkrijim dhe bashk\u00ebveprim me Hyun, me dhanti t\u00eb ve\u00e7anta shpirt\u00ebrore dhe mendore, si\u00e7 \u00ebsht\u00eb autori.<br \/>\nLexuesi tani e ka librin para vehtes dhe lirin\u00eb e pamohueshme t\u00eb mendimit dhe shijimit. Un\u00eb d\u00ebshiroj t\u00eb ju p\u00eblqej\u00eb aq sa m\u00eb ka p\u00eblqyer mua q\u00eb pati fatin ta lexoj i pari dorshkrimin. Do t\u00eb madh\u00ebngjeheni, do t\u00eb k\u00ebnaqeni, do t\u00eb sfidoheni dhe do t\u00eb tundoheni, por n\u00eb fund do t\u00eb m\u00ebsoni edhe p\u00ebr dashurin\u00eb, besimin dhe shpres\u00ebn n\u00eb t\u00eb cilat mbahet dhe mb\u00ebshtetet jeta e t\u00eb gjith\u00eb neve.<\/p>\n<p>Autorin e p\u00ebrg\u00ebzoj p\u00ebr vepr\u00ebn e tij t\u00eb cil\u00ebn nuk e mbajti p\u00ebr intim\u00ebn e vet, por at\u00eb na e dhuroi ta lexojm\u00eb dhe t\u00eb ndajm\u00eb me t\u00eb vegimet e bukura shpresndjell\u00ebse. D\u00ebshiroj q\u00eb s\u00eb shpejti, dh\u00ebnt\u00eb i lumi Zot, t\u00eb na sjell\u00eb edhe ndonj\u00eb perl\u00eb t\u00eb re nga krijimtaria e tij.<strong><br \/>\nAnton Filipaj<br \/>\nKoha Javore<br \/>\n<!--YouTube Error: bad URL entered--><\/strong><\/p>\n","protected":false},"excerpt":{"rendered":"<p>Vazhdim\u00ebsi e krijimtaris\u00eb modeste Vlera e vepr\u00ebs, p\u00ebrve\u00e7 apelit t\u00eb qart\u00eb dhe t\u00eb z\u00ebsh\u00ebm t\u00eb kushtrimit p\u00ebr ruajtjen dhe krijimin e vlerave t\u00eb reja, p\u00ebrmban edhe disa perla nga vegimet e autorit t\u00eb p\u00ebrjetuara n\u00eb shpirt\u00ebrin\u00eb e tij n\u00eb koh\u00ebra e vende t\u00eb ndryshme, qoft\u00eb duke z\u00ebn\u00eb peshk me kalimere, qoft\u00eb duke shetitur n\u00eb vetmi [&hellip;]<\/p>\n","protected":false},"author":1,"featured_media":0,"comment_status":"open","ping_status":"closed","sticky":false,"template":"","format":"standard","meta":{"spay_email":"","jetpack_publicize_message":"","jetpack_is_tweetstorm":false,"jetpack_publicize_feature_enabled":true},"categories":[4],"tags":[5216,5230,5229,200,18],"jetpack_publicize_connections":[],"yoast_head":"<!-- This site is optimized with the Yoast SEO plugin v19.1 - https:\/\/yoast.com\/wordpress\/plugins\/seo\/ -->\n<title>Mbi librin \u201cRreze Vegimi\u201d t\u00eb Marash Gjon Kaculit - Lajme nga Ulqini<\/title>\n<meta name=\"description\" content=\"Vazhdim\u00ebsi e krijimtaris\u00eb modeste Vlera e vepr\u00ebs, p\u00ebrve\u00e7 apelit t\u00eb qart\u00eb dhe t\u00eb z\u00ebsh\u00ebm t\u00eb kushtrimit p\u00ebr ruajtjen dhe krijimin e vlerave t\u00eb reja, p\u00ebrmban\" \/>\n<meta name=\"robots\" content=\"index, follow, max-snippet:-1, max-image-preview:large, max-video-preview:-1\" \/>\n<link rel=\"canonical\" href=\"https:\/\/www.visit-ulcinj.com\/blog\/2008\/12\/14\/mbi-librin-\u201crreze-vegimi\u201d-te-marash-gjon-kaculit\/\" \/>\n<meta property=\"og:locale\" content=\"en_US\" \/>\n<meta property=\"og:type\" content=\"article\" \/>\n<meta property=\"og:title\" content=\"Mbi librin \u201cRreze Vegimi\u201d t\u00eb Marash Gjon Kaculit - Lajme nga Ulqini\" \/>\n<meta property=\"og:description\" content=\"Vazhdim\u00ebsi e krijimtaris\u00eb modeste Vlera e vepr\u00ebs, p\u00ebrve\u00e7 apelit t\u00eb qart\u00eb dhe t\u00eb z\u00ebsh\u00ebm t\u00eb kushtrimit p\u00ebr ruajtjen dhe krijimin e vlerave t\u00eb reja, p\u00ebrmban\" \/>\n<meta property=\"og:url\" content=\"https:\/\/www.visit-ulcinj.com\/blog\/2008\/12\/14\/mbi-librin-\u201crreze-vegimi\u201d-te-marash-gjon-kaculit\/\" \/>\n<meta property=\"og:site_name\" content=\"Lajme nga Ulqini\" \/>\n<meta property=\"article:published_time\" content=\"2008-12-14T11:08:52+00:00\" \/>\n<meta property=\"article:modified_time\" content=\"2008-12-15T11:21:34+00:00\" \/>\n<meta property=\"og:image\" content=\"http:\/\/www.visit-ulcinj.com\/blog\/wp-content\/uploads\/2008\/12\/gjalle-se-gjalle_marash-gjon-kaculi.jpg\" \/>\n<meta name=\"twitter:label1\" content=\"Written by\" \/>\n\t<meta name=\"twitter:data1\" content=\"ulqini\" \/>\n\t<meta name=\"twitter:label2\" content=\"Est. reading time\" \/>\n\t<meta name=\"twitter:data2\" content=\"4 minutes\" \/>\n<script type=\"application\/ld+json\" class=\"yoast-schema-graph\">{\"@context\":\"https:\/\/schema.org\",\"@graph\":[{\"@type\":\"WebSite\",\"@id\":\"https:\/\/www.visit-ulcinj.com\/blog\/#website\",\"url\":\"https:\/\/www.visit-ulcinj.com\/blog\/\",\"name\":\"Lajme nga Ulqini\",\"description\":\"Lajme,Vijesti,Ulqini,Ulqin,Crna Gora,Mali i Zi\",\"potentialAction\":[{\"@type\":\"SearchAction\",\"target\":{\"@type\":\"EntryPoint\",\"urlTemplate\":\"https:\/\/www.visit-ulcinj.com\/blog\/?s={search_term_string}\"},\"query-input\":\"required name=search_term_string\"}],\"inLanguage\":\"en-US\"},{\"@type\":\"ImageObject\",\"inLanguage\":\"en-US\",\"@id\":\"https:\/\/www.visit-ulcinj.com\/blog\/2008\/12\/14\/mbi-librin-%e2%80%9crreze-vegimi%e2%80%9d-te-marash-gjon-kaculit\/#primaryimage\",\"url\":\"http:\/\/www.visit-ulcinj.com\/blog\/wp-content\/uploads\/2008\/12\/gjalle-se-gjalle_marash-gjon-kaculi.jpg\",\"contentUrl\":\"http:\/\/www.visit-ulcinj.com\/blog\/wp-content\/uploads\/2008\/12\/gjalle-se-gjalle_marash-gjon-kaculi.jpg\"},{\"@type\":\"WebPage\",\"@id\":\"https:\/\/www.visit-ulcinj.com\/blog\/2008\/12\/14\/mbi-librin-%e2%80%9crreze-vegimi%e2%80%9d-te-marash-gjon-kaculit\/#webpage\",\"url\":\"https:\/\/www.visit-ulcinj.com\/blog\/2008\/12\/14\/mbi-librin-%e2%80%9crreze-vegimi%e2%80%9d-te-marash-gjon-kaculit\/\",\"name\":\"Mbi librin \u201cRreze Vegimi\u201d t\u00eb Marash Gjon Kaculit - Lajme nga Ulqini\",\"isPartOf\":{\"@id\":\"https:\/\/www.visit-ulcinj.com\/blog\/#website\"},\"primaryImageOfPage\":{\"@id\":\"https:\/\/www.visit-ulcinj.com\/blog\/2008\/12\/14\/mbi-librin-%e2%80%9crreze-vegimi%e2%80%9d-te-marash-gjon-kaculit\/#primaryimage\"},\"datePublished\":\"2008-12-14T11:08:52+00:00\",\"dateModified\":\"2008-12-15T11:21:34+00:00\",\"author\":{\"@id\":\"https:\/\/www.visit-ulcinj.com\/blog\/#\/schema\/person\/dcab619c614d3038751c63bc2aadc06d\"},\"description\":\"Vazhdim\u00ebsi e krijimtaris\u00eb modeste Vlera e vepr\u00ebs, p\u00ebrve\u00e7 apelit t\u00eb qart\u00eb dhe t\u00eb z\u00ebsh\u00ebm t\u00eb kushtrimit p\u00ebr ruajtjen dhe krijimin e vlerave t\u00eb reja, p\u00ebrmban\",\"breadcrumb\":{\"@id\":\"https:\/\/www.visit-ulcinj.com\/blog\/2008\/12\/14\/mbi-librin-%e2%80%9crreze-vegimi%e2%80%9d-te-marash-gjon-kaculit\/#breadcrumb\"},\"inLanguage\":\"en-US\",\"potentialAction\":[{\"@type\":\"ReadAction\",\"target\":[\"https:\/\/www.visit-ulcinj.com\/blog\/2008\/12\/14\/mbi-librin-%e2%80%9crreze-vegimi%e2%80%9d-te-marash-gjon-kaculit\/\"]}]},{\"@type\":\"BreadcrumbList\",\"@id\":\"https:\/\/www.visit-ulcinj.com\/blog\/2008\/12\/14\/mbi-librin-%e2%80%9crreze-vegimi%e2%80%9d-te-marash-gjon-kaculit\/#breadcrumb\",\"itemListElement\":[{\"@type\":\"ListItem\",\"position\":1,\"name\":\"Mbi librin \u201cRreze Vegimi\u201d t\u00eb Marash Gjon Kaculit\"}]},{\"@type\":\"Person\",\"@id\":\"https:\/\/www.visit-ulcinj.com\/blog\/#\/schema\/person\/dcab619c614d3038751c63bc2aadc06d\",\"name\":\"ulqini\",\"sameAs\":[\"http:\/\/www.visit-ulcinj.com\"],\"url\":\"https:\/\/www.visit-ulcinj.com\/blog\/author\/admin\/\"}]}<\/script>\n<!-- \/ Yoast SEO plugin. -->","yoast_head_json":{"title":"Mbi librin \u201cRreze Vegimi\u201d t\u00eb Marash Gjon Kaculit - Lajme nga Ulqini","description":"Vazhdim\u00ebsi e krijimtaris\u00eb modeste Vlera e vepr\u00ebs, p\u00ebrve\u00e7 apelit t\u00eb qart\u00eb dhe t\u00eb z\u00ebsh\u00ebm t\u00eb kushtrimit p\u00ebr ruajtjen dhe krijimin e vlerave t\u00eb reja, p\u00ebrmban","robots":{"index":"index","follow":"follow","max-snippet":"max-snippet:-1","max-image-preview":"max-image-preview:large","max-video-preview":"max-video-preview:-1"},"canonical":"https:\/\/www.visit-ulcinj.com\/blog\/2008\/12\/14\/mbi-librin-\u201crreze-vegimi\u201d-te-marash-gjon-kaculit\/","og_locale":"en_US","og_type":"article","og_title":"Mbi librin \u201cRreze Vegimi\u201d t\u00eb Marash Gjon Kaculit - Lajme nga Ulqini","og_description":"Vazhdim\u00ebsi e krijimtaris\u00eb modeste Vlera e vepr\u00ebs, p\u00ebrve\u00e7 apelit t\u00eb qart\u00eb dhe t\u00eb z\u00ebsh\u00ebm t\u00eb kushtrimit p\u00ebr ruajtjen dhe krijimin e vlerave t\u00eb reja, p\u00ebrmban","og_url":"https:\/\/www.visit-ulcinj.com\/blog\/2008\/12\/14\/mbi-librin-\u201crreze-vegimi\u201d-te-marash-gjon-kaculit\/","og_site_name":"Lajme nga Ulqini","article_published_time":"2008-12-14T11:08:52+00:00","article_modified_time":"2008-12-15T11:21:34+00:00","og_image":[{"url":"http:\/\/www.visit-ulcinj.com\/blog\/wp-content\/uploads\/2008\/12\/gjalle-se-gjalle_marash-gjon-kaculi.jpg"}],"twitter_misc":{"Written by":"ulqini","Est. reading time":"4 minutes"},"schema":{"@context":"https:\/\/schema.org","@graph":[{"@type":"WebSite","@id":"https:\/\/www.visit-ulcinj.com\/blog\/#website","url":"https:\/\/www.visit-ulcinj.com\/blog\/","name":"Lajme nga Ulqini","description":"Lajme,Vijesti,Ulqini,Ulqin,Crna Gora,Mali i Zi","potentialAction":[{"@type":"SearchAction","target":{"@type":"EntryPoint","urlTemplate":"https:\/\/www.visit-ulcinj.com\/blog\/?s={search_term_string}"},"query-input":"required name=search_term_string"}],"inLanguage":"en-US"},{"@type":"ImageObject","inLanguage":"en-US","@id":"https:\/\/www.visit-ulcinj.com\/blog\/2008\/12\/14\/mbi-librin-%e2%80%9crreze-vegimi%e2%80%9d-te-marash-gjon-kaculit\/#primaryimage","url":"http:\/\/www.visit-ulcinj.com\/blog\/wp-content\/uploads\/2008\/12\/gjalle-se-gjalle_marash-gjon-kaculi.jpg","contentUrl":"http:\/\/www.visit-ulcinj.com\/blog\/wp-content\/uploads\/2008\/12\/gjalle-se-gjalle_marash-gjon-kaculi.jpg"},{"@type":"WebPage","@id":"https:\/\/www.visit-ulcinj.com\/blog\/2008\/12\/14\/mbi-librin-%e2%80%9crreze-vegimi%e2%80%9d-te-marash-gjon-kaculit\/#webpage","url":"https:\/\/www.visit-ulcinj.com\/blog\/2008\/12\/14\/mbi-librin-%e2%80%9crreze-vegimi%e2%80%9d-te-marash-gjon-kaculit\/","name":"Mbi librin \u201cRreze Vegimi\u201d t\u00eb Marash Gjon Kaculit - Lajme nga Ulqini","isPartOf":{"@id":"https:\/\/www.visit-ulcinj.com\/blog\/#website"},"primaryImageOfPage":{"@id":"https:\/\/www.visit-ulcinj.com\/blog\/2008\/12\/14\/mbi-librin-%e2%80%9crreze-vegimi%e2%80%9d-te-marash-gjon-kaculit\/#primaryimage"},"datePublished":"2008-12-14T11:08:52+00:00","dateModified":"2008-12-15T11:21:34+00:00","author":{"@id":"https:\/\/www.visit-ulcinj.com\/blog\/#\/schema\/person\/dcab619c614d3038751c63bc2aadc06d"},"description":"Vazhdim\u00ebsi e krijimtaris\u00eb modeste Vlera e vepr\u00ebs, p\u00ebrve\u00e7 apelit t\u00eb qart\u00eb dhe t\u00eb z\u00ebsh\u00ebm t\u00eb kushtrimit p\u00ebr ruajtjen dhe krijimin e vlerave t\u00eb reja, p\u00ebrmban","breadcrumb":{"@id":"https:\/\/www.visit-ulcinj.com\/blog\/2008\/12\/14\/mbi-librin-%e2%80%9crreze-vegimi%e2%80%9d-te-marash-gjon-kaculit\/#breadcrumb"},"inLanguage":"en-US","potentialAction":[{"@type":"ReadAction","target":["https:\/\/www.visit-ulcinj.com\/blog\/2008\/12\/14\/mbi-librin-%e2%80%9crreze-vegimi%e2%80%9d-te-marash-gjon-kaculit\/"]}]},{"@type":"BreadcrumbList","@id":"https:\/\/www.visit-ulcinj.com\/blog\/2008\/12\/14\/mbi-librin-%e2%80%9crreze-vegimi%e2%80%9d-te-marash-gjon-kaculit\/#breadcrumb","itemListElement":[{"@type":"ListItem","position":1,"name":"Mbi librin \u201cRreze Vegimi\u201d t\u00eb Marash Gjon Kaculit"}]},{"@type":"Person","@id":"https:\/\/www.visit-ulcinj.com\/blog\/#\/schema\/person\/dcab619c614d3038751c63bc2aadc06d","name":"ulqini","sameAs":["http:\/\/www.visit-ulcinj.com"],"url":"https:\/\/www.visit-ulcinj.com\/blog\/author\/admin\/"}]}},"jetpack_featured_media_url":"","jetpack_sharing_enabled":true,"jetpack_shortlink":"https:\/\/wp.me\/pe6lTn-1Sw","_links":{"self":[{"href":"https:\/\/www.visit-ulcinj.com\/blog\/wp-json\/wp\/v2\/posts\/7224"}],"collection":[{"href":"https:\/\/www.visit-ulcinj.com\/blog\/wp-json\/wp\/v2\/posts"}],"about":[{"href":"https:\/\/www.visit-ulcinj.com\/blog\/wp-json\/wp\/v2\/types\/post"}],"author":[{"embeddable":true,"href":"https:\/\/www.visit-ulcinj.com\/blog\/wp-json\/wp\/v2\/users\/1"}],"replies":[{"embeddable":true,"href":"https:\/\/www.visit-ulcinj.com\/blog\/wp-json\/wp\/v2\/comments?post=7224"}],"version-history":[{"count":0,"href":"https:\/\/www.visit-ulcinj.com\/blog\/wp-json\/wp\/v2\/posts\/7224\/revisions"}],"wp:attachment":[{"href":"https:\/\/www.visit-ulcinj.com\/blog\/wp-json\/wp\/v2\/media?parent=7224"}],"wp:term":[{"taxonomy":"category","embeddable":true,"href":"https:\/\/www.visit-ulcinj.com\/blog\/wp-json\/wp\/v2\/categories?post=7224"},{"taxonomy":"post_tag","embeddable":true,"href":"https:\/\/www.visit-ulcinj.com\/blog\/wp-json\/wp\/v2\/tags?post=7224"}],"curies":[{"name":"wp","href":"https:\/\/api.w.org\/{rel}","templated":true}]}}