{"id":72246,"date":"2013-06-09T19:16:34","date_gmt":"2013-06-09T18:16:34","guid":{"rendered":"http:\/\/www.visit-ulcinj.com\/blog\/?p=72246"},"modified":"2013-06-09T19:16:34","modified_gmt":"2013-06-09T18:16:34","slug":"medunarodni-dan-zivotne-sredine-u-ulcinju","status":"publish","type":"post","link":"https:\/\/www.visit-ulcinj.com\/blog\/2013\/06\/09\/medunarodni-dan-zivotne-sredine-u-ulcinju\/","title":{"rendered":"Me\u0111unarodni dan \u017eivotne sredine u Ulcinju"},"content":{"rendered":"<p><a href=\"http:\/\/www.visit-ulcinj.com\/blog\/wp-content\/uploads\/2013\/06\/Dzelal-Hodzic-Ismet-Karamanaga-Ulcinj.jpg\"><img loading=\"lazy\" class=\"alignleft  wp-image-72247\" alt=\"Dzelal Hodzic-Ismet Karamanaga-Ulcinj\" src=\"http:\/\/www.visit-ulcinj.com\/blog\/wp-content\/uploads\/2013\/06\/Dzelal-Hodzic-Ismet-Karamanaga-Ulcinj.jpg\" width=\"508\" height=\"360\" \/><\/a>5.jun 2013. Me\u0111unarodni dan \u017eivotne sredine se svuda obilje\u017eava u svijetu, pa i kod nas. U Ulcinju je taj dan tradicionalno obilje\u017eio &#8220;Zeleni korak&#8221; na \u010delu sa neumornim D\u017eelalom Hod\u017ei\u0107em. Gospodin D\u017eelal Hod\u017ei\u0107 je pozvao i kompetentne organe Op\u0161tine Ulcinj, kao i dio NGO sektora, na obilje\u017eavanje dana \u017eivotne sredine, me\u0111utim samo mali dio se odazvao. No, njega i njegove aktiviste to nije sprije\u010dilo da iza\u0111u do borove \u0161ume, i pokupe dio otpada koje nesavjesni gra\u0111ani ostavljaju. Za informaciju \u010ditaocima , gospodin D\u017eelal Hod\u017ei\u0107 je jo\u0161 kao Predsjednik i osniva\u010d ekolo\u0161kog dru\u0161tva&#8221;Kalimera&#8221;, na progla\u0161enju Ekolo\u0161ke Dr\u017eave Crne Gore, jo\u0161 davne 2000 godine na \u017dabljaku, dobio 3. nagradu, kao najbolje ekolo\u0161ko dru\u0161tvo na nivou Republike Crne Gore. Podsje\u0107am, da su prve dvije nagrade bile podijelene institucijama, tako da je 3. nagrada tada imala vrijednost prve nagrade.<br \/>\nBilo je to jasno svima koji su u\u010destvovali u dodijeli tih zna\u010dajnih priznanja. Bez obzira \u0161to su se danas neke vrijednosti promijenile, i \u0161to je ideja o Ekolo\u0161koj Dr\u017eavi Crnoj Gori, manje vi\u0161e ostala samo ideja na papiru, gospodin D\u017eelal Hod\u017ei\u0107 se nije promijenio i svojim anga\u017eovanjem u NGO sektoru, sada na \u010delu &#8220;Zelenog koraka&#8221; je jo\u0161 uvijek aktivan i neumoran. Bez obzira na godine, uvijek je prvi i uvijek slu\u017ei kao primjer mla\u0111ima. Tako je bilo i ovog 5. juna u borovoj \u0161umi.<br \/>\n<a href=\"http:\/\/www.visit-ulcinj.com\/blog\/wp-content\/uploads\/2013\/06\/Medjunarodni-dan-zivotne-sredine-u-Ulcinju.jpg\"><img loading=\"lazy\" class=\"alignleft  wp-image-72248\" alt=\"Medjunarodni dan zivotne sredine u Ulcinju\" src=\"http:\/\/www.visit-ulcinj.com\/blog\/wp-content\/uploads\/2013\/06\/Medjunarodni-dan-zivotne-sredine-u-Ulcinju.jpg\" width=\"508\" height=\"360\" \/><\/a><\/p>\n<p>Vre\u0107e sa prikupljenim otpadom, uredno slo\u017eene pored ograde su dokaz aktivnosti ovog udru\u017eenja. Gospodin D\u017eelal Hod\u017ei\u0107 je skroman, izuzetno pismen, obrazovan i inteligentan \u010dovjek. \u010cesto je na masovnim, elektonskim i pisanim medijima, gdje neprestano i neumorno pi\u0161e, i govori o \u017eivotnoj sredini i njenom o\u010duvanju za generacije koje \u0107e do\u0107i poslije nas. Mislim da je on svojim anga\u017eovanjem, doprinio, da se danas problem zaga\u0111ivanja Portmilene, i njeno rije\u0161avanje, tretira na najvi\u0161em nivou Republike Crne Gore. Portmilene je danas ekolo\u0161ka &#8220;bomba&#8221; Ulcinja, ali i Republike Crne Gore. Bez rije\u0161avanja ovog problema, nema odr\u017eivog razvoja niti \u0107e biti pravog turizma na ovim prostorima. Fotografije koje sam snimio na dijelu borove \u0161ume, koje je o\u010distilo &#8220;Zeleni korak&#8221; na me\u0111unarodni dan \u017eivotne sredine 5. juna, govore i o jednoj proma\u0161enoj investiciji &#8220;Morskog dobra&#8221; iz Budve. Ideja, i realizacija te ideje, o obnovi borove \u0161ume kod nas koju je &#8220;Morsko dobro&#8221; iz Budve planiralo, nije realizovana upravo zbog nemarnosti te Institucije i njenog &#8220;ma\u0107ehinskog&#8221;odnosa, prema na\u0161em gradu.<br \/>\n<a href=\"http:\/\/www.visit-ulcinj.com\/blog\/wp-content\/uploads\/2013\/06\/Medjunarodni-dan-zivotne-sredine-u-Ulcinju.1.jpg\"><img loading=\"lazy\" class=\"alignleft  wp-image-72249\" alt=\"Medjunarodni dan zivotne sredine u Ulcinju.1\" src=\"http:\/\/www.visit-ulcinj.com\/blog\/wp-content\/uploads\/2013\/06\/Medjunarodni-dan-zivotne-sredine-u-Ulcinju.1.jpg\" width=\"508\" height=\"350\" \/><\/a><\/p>\n<p>Nemarnost, neodgovornost i proma\u0161eni projekat obnove borove \u0161ume, je vidan na svakom koraku. Osu\u0161ena i propala stabla, govore o jednom krajnje neodgovornom odnosu prema \u017eivotnoj sredini, ali i o novcu koji je ulo\u017een, a koji se i zara\u0111uje na ovom dragocjenom prostoru. No, o ovoj Instituciji i njenom odnosu prema na\u0161em gradu, je toliko toga re\u010deno da je svaki komentar izli\u0161an i suvi\u0161an. Ali narod, ho\u0107e i mora da zna, gdje ide i kako &#8220;Morsko dobro&#8221; raspola\u017ee sa novcem koji se ubira na 57 posto obale, Republike Crne Gore. Toliko je &#8220;duga i \u0161iroka&#8221; obala koja se prostire i zahvata podru\u010dje Ulcinja. Jeste za &#8220;Ginisa&#8221;, ali to su \u010dinjenice, i zbog toga je dobro znati gdje se ula\u017ee novac, koji se zara\u0111uje ovdje kod nas. Pored ovog malog proma\u0161aja sa &#8220;obnavljanjem&#8221; borove \u0161ume, postoji jo\u0161 jedan ve\u0107i proma\u0161aj sa &#8220;lu\u010dicom&#8221; Kacemom, \u010duvenim&#8221;jakuzzijem&#8221; koji je jo\u0161 uvijek nedovr\u0161en i nefunkcionalan..Drugih&#8221; proma\u0161enih&#8221; projekata &#8220;Morsko dobro&#8221; nema kod nas u Ulcinju. Jednostavno, nije ni bilo drugih projekata, jer da ih je bilo, bojim se da bi opet konkurisali na listi rekorda kod&#8221; Ginisa&#8221;&#8230;<\/p>\n<p><a href=\"https:\/\/www.facebook.com\/ismet.karamanaga\" target=\"_blank\"><strong>Ismet Karamanaga Facebook<\/strong><\/a><\/p>\n","protected":false},"excerpt":{"rendered":"<p>5.jun 2013. Me\u0111unarodni dan \u017eivotne sredine se svuda obilje\u017eava u svijetu, pa i kod nas. U Ulcinju je taj dan tradicionalno obilje\u017eio &#8220;Zeleni korak&#8221; na \u010delu sa neumornim D\u017eelalom Hod\u017ei\u0107em. Gospodin D\u017eelal Hod\u017ei\u0107 je pozvao i kompetentne organe Op\u0161tine Ulcinj, kao i dio NGO sektora, na obilje\u017eavanje dana \u017eivotne sredine, me\u0111utim samo mali dio se [&hellip;]<\/p>\n","protected":false},"author":1,"featured_media":0,"comment_status":"closed","ping_status":"closed","sticky":false,"template":"","format":"standard","meta":{"spay_email":"","jetpack_publicize_message":"","jetpack_is_tweetstorm":false,"jetpack_publicize_feature_enabled":true},"categories":[8337],"tags":[],"jetpack_publicize_connections":[],"yoast_head":"<!-- This site is optimized with the Yoast SEO plugin v19.1 - https:\/\/yoast.com\/wordpress\/plugins\/seo\/ -->\n<title>Me\u0111unarodni dan \u017eivotne sredine u Ulcinju - Lajme nga Ulqini<\/title>\n<meta name=\"description\" content=\"5.jun 2013. Me\u0111unarodni dan \u017eivotne sredine se svuda obilje\u017eava u svijetu, pa i kod nas. U Ulcinju je taj dan tradicionalno obilje\u017eio &quot;Zeleni korak&quot; na\" \/>\n<meta name=\"robots\" content=\"index, follow, max-snippet:-1, max-image-preview:large, max-video-preview:-1\" \/>\n<link rel=\"canonical\" href=\"https:\/\/www.visit-ulcinj.com\/blog\/2013\/06\/09\/medunarodni-dan-zivotne-sredine-u-ulcinju\/\" \/>\n<meta property=\"og:locale\" content=\"en_US\" \/>\n<meta property=\"og:type\" content=\"article\" \/>\n<meta property=\"og:title\" content=\"Me\u0111unarodni dan \u017eivotne sredine u Ulcinju - Lajme nga Ulqini\" \/>\n<meta property=\"og:description\" content=\"5.jun 2013. Me\u0111unarodni dan \u017eivotne sredine se svuda obilje\u017eava u svijetu, pa i kod nas. U Ulcinju je taj dan tradicionalno obilje\u017eio &quot;Zeleni korak&quot; na\" \/>\n<meta property=\"og:url\" content=\"https:\/\/www.visit-ulcinj.com\/blog\/2013\/06\/09\/medunarodni-dan-zivotne-sredine-u-ulcinju\/\" \/>\n<meta property=\"og:site_name\" content=\"Lajme nga Ulqini\" \/>\n<meta property=\"article:published_time\" content=\"2013-06-09T18:16:34+00:00\" \/>\n<meta property=\"og:image\" content=\"http:\/\/www.visit-ulcinj.com\/blog\/wp-content\/uploads\/2013\/06\/Dzelal-Hodzic-Ismet-Karamanaga-Ulcinj.jpg\" \/>\n<meta name=\"twitter:label1\" content=\"Written by\" \/>\n\t<meta name=\"twitter:data1\" content=\"ulqini\" \/>\n\t<meta name=\"twitter:label2\" content=\"Est. reading time\" \/>\n\t<meta name=\"twitter:data2\" content=\"3 minutes\" \/>\n<script type=\"application\/ld+json\" class=\"yoast-schema-graph\">{\"@context\":\"https:\/\/schema.org\",\"@graph\":[{\"@type\":\"WebSite\",\"@id\":\"https:\/\/www.visit-ulcinj.com\/blog\/#website\",\"url\":\"https:\/\/www.visit-ulcinj.com\/blog\/\",\"name\":\"Lajme nga Ulqini\",\"description\":\"Lajme,Vijesti,Ulqini,Ulqin,Crna Gora,Mali i Zi\",\"potentialAction\":[{\"@type\":\"SearchAction\",\"target\":{\"@type\":\"EntryPoint\",\"urlTemplate\":\"https:\/\/www.visit-ulcinj.com\/blog\/?s={search_term_string}\"},\"query-input\":\"required name=search_term_string\"}],\"inLanguage\":\"en-US\"},{\"@type\":\"ImageObject\",\"inLanguage\":\"en-US\",\"@id\":\"https:\/\/www.visit-ulcinj.com\/blog\/2013\/06\/09\/medunarodni-dan-zivotne-sredine-u-ulcinju\/#primaryimage\",\"url\":\"https:\/\/www.visit-ulcinj.com\/blog\/wp-content\/uploads\/2013\/06\/Dzelal-Hodzic-Ismet-Karamanaga-Ulcinj.jpg\",\"contentUrl\":\"https:\/\/www.visit-ulcinj.com\/blog\/wp-content\/uploads\/2013\/06\/Dzelal-Hodzic-Ismet-Karamanaga-Ulcinj.jpg\",\"width\":960,\"height\":720},{\"@type\":\"WebPage\",\"@id\":\"https:\/\/www.visit-ulcinj.com\/blog\/2013\/06\/09\/medunarodni-dan-zivotne-sredine-u-ulcinju\/#webpage\",\"url\":\"https:\/\/www.visit-ulcinj.com\/blog\/2013\/06\/09\/medunarodni-dan-zivotne-sredine-u-ulcinju\/\",\"name\":\"Me\u0111unarodni dan \u017eivotne sredine u Ulcinju - Lajme nga Ulqini\",\"isPartOf\":{\"@id\":\"https:\/\/www.visit-ulcinj.com\/blog\/#website\"},\"primaryImageOfPage\":{\"@id\":\"https:\/\/www.visit-ulcinj.com\/blog\/2013\/06\/09\/medunarodni-dan-zivotne-sredine-u-ulcinju\/#primaryimage\"},\"datePublished\":\"2013-06-09T18:16:34+00:00\",\"dateModified\":\"2013-06-09T18:16:34+00:00\",\"author\":{\"@id\":\"https:\/\/www.visit-ulcinj.com\/blog\/#\/schema\/person\/dcab619c614d3038751c63bc2aadc06d\"},\"description\":\"5.jun 2013. Me\u0111unarodni dan \u017eivotne sredine se svuda obilje\u017eava u svijetu, pa i kod nas. U Ulcinju je taj dan tradicionalno obilje\u017eio \\\"Zeleni korak\\\" na\",\"breadcrumb\":{\"@id\":\"https:\/\/www.visit-ulcinj.com\/blog\/2013\/06\/09\/medunarodni-dan-zivotne-sredine-u-ulcinju\/#breadcrumb\"},\"inLanguage\":\"en-US\",\"potentialAction\":[{\"@type\":\"ReadAction\",\"target\":[\"https:\/\/www.visit-ulcinj.com\/blog\/2013\/06\/09\/medunarodni-dan-zivotne-sredine-u-ulcinju\/\"]}]},{\"@type\":\"BreadcrumbList\",\"@id\":\"https:\/\/www.visit-ulcinj.com\/blog\/2013\/06\/09\/medunarodni-dan-zivotne-sredine-u-ulcinju\/#breadcrumb\",\"itemListElement\":[{\"@type\":\"ListItem\",\"position\":1,\"name\":\"Me\u0111unarodni dan \u017eivotne sredine u Ulcinju\"}]},{\"@type\":\"Person\",\"@id\":\"https:\/\/www.visit-ulcinj.com\/blog\/#\/schema\/person\/dcab619c614d3038751c63bc2aadc06d\",\"name\":\"ulqini\",\"sameAs\":[\"http:\/\/www.visit-ulcinj.com\"],\"url\":\"https:\/\/www.visit-ulcinj.com\/blog\/author\/admin\/\"}]}<\/script>\n<!-- \/ Yoast SEO plugin. -->","yoast_head_json":{"title":"Me\u0111unarodni dan \u017eivotne sredine u Ulcinju - Lajme nga Ulqini","description":"5.jun 2013. Me\u0111unarodni dan \u017eivotne sredine se svuda obilje\u017eava u svijetu, pa i kod nas. U Ulcinju je taj dan tradicionalno obilje\u017eio \"Zeleni korak\" na","robots":{"index":"index","follow":"follow","max-snippet":"max-snippet:-1","max-image-preview":"max-image-preview:large","max-video-preview":"max-video-preview:-1"},"canonical":"https:\/\/www.visit-ulcinj.com\/blog\/2013\/06\/09\/medunarodni-dan-zivotne-sredine-u-ulcinju\/","og_locale":"en_US","og_type":"article","og_title":"Me\u0111unarodni dan \u017eivotne sredine u Ulcinju - Lajme nga Ulqini","og_description":"5.jun 2013. Me\u0111unarodni dan \u017eivotne sredine se svuda obilje\u017eava u svijetu, pa i kod nas. U Ulcinju je taj dan tradicionalno obilje\u017eio \"Zeleni korak\" na","og_url":"https:\/\/www.visit-ulcinj.com\/blog\/2013\/06\/09\/medunarodni-dan-zivotne-sredine-u-ulcinju\/","og_site_name":"Lajme nga Ulqini","article_published_time":"2013-06-09T18:16:34+00:00","og_image":[{"url":"http:\/\/www.visit-ulcinj.com\/blog\/wp-content\/uploads\/2013\/06\/Dzelal-Hodzic-Ismet-Karamanaga-Ulcinj.jpg"}],"twitter_misc":{"Written by":"ulqini","Est. reading time":"3 minutes"},"schema":{"@context":"https:\/\/schema.org","@graph":[{"@type":"WebSite","@id":"https:\/\/www.visit-ulcinj.com\/blog\/#website","url":"https:\/\/www.visit-ulcinj.com\/blog\/","name":"Lajme nga Ulqini","description":"Lajme,Vijesti,Ulqini,Ulqin,Crna Gora,Mali i Zi","potentialAction":[{"@type":"SearchAction","target":{"@type":"EntryPoint","urlTemplate":"https:\/\/www.visit-ulcinj.com\/blog\/?s={search_term_string}"},"query-input":"required name=search_term_string"}],"inLanguage":"en-US"},{"@type":"ImageObject","inLanguage":"en-US","@id":"https:\/\/www.visit-ulcinj.com\/blog\/2013\/06\/09\/medunarodni-dan-zivotne-sredine-u-ulcinju\/#primaryimage","url":"https:\/\/www.visit-ulcinj.com\/blog\/wp-content\/uploads\/2013\/06\/Dzelal-Hodzic-Ismet-Karamanaga-Ulcinj.jpg","contentUrl":"https:\/\/www.visit-ulcinj.com\/blog\/wp-content\/uploads\/2013\/06\/Dzelal-Hodzic-Ismet-Karamanaga-Ulcinj.jpg","width":960,"height":720},{"@type":"WebPage","@id":"https:\/\/www.visit-ulcinj.com\/blog\/2013\/06\/09\/medunarodni-dan-zivotne-sredine-u-ulcinju\/#webpage","url":"https:\/\/www.visit-ulcinj.com\/blog\/2013\/06\/09\/medunarodni-dan-zivotne-sredine-u-ulcinju\/","name":"Me\u0111unarodni dan \u017eivotne sredine u Ulcinju - Lajme nga Ulqini","isPartOf":{"@id":"https:\/\/www.visit-ulcinj.com\/blog\/#website"},"primaryImageOfPage":{"@id":"https:\/\/www.visit-ulcinj.com\/blog\/2013\/06\/09\/medunarodni-dan-zivotne-sredine-u-ulcinju\/#primaryimage"},"datePublished":"2013-06-09T18:16:34+00:00","dateModified":"2013-06-09T18:16:34+00:00","author":{"@id":"https:\/\/www.visit-ulcinj.com\/blog\/#\/schema\/person\/dcab619c614d3038751c63bc2aadc06d"},"description":"5.jun 2013. Me\u0111unarodni dan \u017eivotne sredine se svuda obilje\u017eava u svijetu, pa i kod nas. U Ulcinju je taj dan tradicionalno obilje\u017eio \"Zeleni korak\" na","breadcrumb":{"@id":"https:\/\/www.visit-ulcinj.com\/blog\/2013\/06\/09\/medunarodni-dan-zivotne-sredine-u-ulcinju\/#breadcrumb"},"inLanguage":"en-US","potentialAction":[{"@type":"ReadAction","target":["https:\/\/www.visit-ulcinj.com\/blog\/2013\/06\/09\/medunarodni-dan-zivotne-sredine-u-ulcinju\/"]}]},{"@type":"BreadcrumbList","@id":"https:\/\/www.visit-ulcinj.com\/blog\/2013\/06\/09\/medunarodni-dan-zivotne-sredine-u-ulcinju\/#breadcrumb","itemListElement":[{"@type":"ListItem","position":1,"name":"Me\u0111unarodni dan \u017eivotne sredine u Ulcinju"}]},{"@type":"Person","@id":"https:\/\/www.visit-ulcinj.com\/blog\/#\/schema\/person\/dcab619c614d3038751c63bc2aadc06d","name":"ulqini","sameAs":["http:\/\/www.visit-ulcinj.com"],"url":"https:\/\/www.visit-ulcinj.com\/blog\/author\/admin\/"}]}},"jetpack_featured_media_url":"","jetpack_sharing_enabled":true,"jetpack_shortlink":"https:\/\/wp.me\/pe6lTn-iNg","_links":{"self":[{"href":"https:\/\/www.visit-ulcinj.com\/blog\/wp-json\/wp\/v2\/posts\/72246"}],"collection":[{"href":"https:\/\/www.visit-ulcinj.com\/blog\/wp-json\/wp\/v2\/posts"}],"about":[{"href":"https:\/\/www.visit-ulcinj.com\/blog\/wp-json\/wp\/v2\/types\/post"}],"author":[{"embeddable":true,"href":"https:\/\/www.visit-ulcinj.com\/blog\/wp-json\/wp\/v2\/users\/1"}],"replies":[{"embeddable":true,"href":"https:\/\/www.visit-ulcinj.com\/blog\/wp-json\/wp\/v2\/comments?post=72246"}],"version-history":[{"count":1,"href":"https:\/\/www.visit-ulcinj.com\/blog\/wp-json\/wp\/v2\/posts\/72246\/revisions"}],"predecessor-version":[{"id":72250,"href":"https:\/\/www.visit-ulcinj.com\/blog\/wp-json\/wp\/v2\/posts\/72246\/revisions\/72250"}],"wp:attachment":[{"href":"https:\/\/www.visit-ulcinj.com\/blog\/wp-json\/wp\/v2\/media?parent=72246"}],"wp:term":[{"taxonomy":"category","embeddable":true,"href":"https:\/\/www.visit-ulcinj.com\/blog\/wp-json\/wp\/v2\/categories?post=72246"},{"taxonomy":"post_tag","embeddable":true,"href":"https:\/\/www.visit-ulcinj.com\/blog\/wp-json\/wp\/v2\/tags?post=72246"}],"curies":[{"name":"wp","href":"https:\/\/api.w.org\/{rel}","templated":true}]}}