{"id":72278,"date":"2013-06-10T09:18:05","date_gmt":"2013-06-10T08:18:05","guid":{"rendered":"http:\/\/www.visit-ulcinj.com\/blog\/?p=72278"},"modified":"2013-06-13T06:43:00","modified_gmt":"2013-06-13T05:43:00","slug":"mbyllet-manifestimi-pranvera-ne-ane-te-malit-2013","status":"publish","type":"post","link":"https:\/\/www.visit-ulcinj.com\/blog\/2013\/06\/10\/mbyllet-manifestimi-pranvera-ne-ane-te-malit-2013\/","title":{"rendered":"Mbyllet manifestimi Pranvera n\u00eb An\u00eb t\u00eb Malit 2013"},"content":{"rendered":"<p><a href=\"http:\/\/www.visit-ulcinj.com\/blog\/wp-content\/uploads\/2013\/06\/PRANVERA-NE-ANE-TE-MALIT-2013.jpg\"><img loading=\"lazy\" class=\"alignleft  wp-image-72279\" alt=\"PRANVERA NE ANE TE MALIT 2013\" src=\"http:\/\/www.visit-ulcinj.com\/blog\/wp-content\/uploads\/2013\/06\/PRANVERA-NE-ANE-TE-MALIT-2013.jpg\" width=\"508\" height=\"360\" \/><\/a>Per te dhjetin vite me radhe ne qytetin antik te Shasit u mbajt manifestimi gjithepopullor \u201cManifestimi \u201cPranvera n\u00eb An\u00eb t\u00eb Malit 2013\u201d. Shasi edhe kete vit ishte mikprit\u00ebs i mysafiret te shumte nga qytetet tjera shqiptare. Edhe pse moti lig dhe reshjet e shumta t\u00eb dit\u00ebve t\u00eb fundit si dhe parashikimet meteorologjike aspak optimiste kan\u00eb b\u00ebr\u00eb q\u00eb n\u00eb programin e manifestimit Pranvera n\u00eb An\u00eb t\u00eb Malit 2013 t\u00eb ket\u00eb disa ndryshime.<br \/>\n<a href=\"http:\/\/www.visit-ulcinj.com\/blog\/wp-content\/uploads\/2013\/06\/PRANVERA-NE-ANE-TE-MALIT-2013-1.jpg\"><img loading=\"lazy\" class=\"alignleft  wp-image-72280\" alt=\"PRANVERA-NE-ANE-TE-MALIT-2013-1\" src=\"http:\/\/www.visit-ulcinj.com\/blog\/wp-content\/uploads\/2013\/06\/PRANVERA-NE-ANE-TE-MALIT-2013-1.jpg\" width=\"508\" height=\"360\" \/><\/a><\/p>\n<p>Manifestimi \u201cPranvera n\u00eb An\u00eb t\u00eb Malit 2013\u201d\u00a0 vazhdoj\u00eb t\u00eb shtun\u00ebn me dit\u00ebn e tij qendrore, e cila u mbajt n\u00eb stadiumin e Shasit, n\u00eb kuad\u00ebr t\u00eb s\u00eb cil\u00ebs do t\u00eb shfaqet programi kulturo-zbavit\u00ebs i p\u00ebrb\u00ebr\u00eb nga muzika popullore, loj\u00ebrat popullore tradicionale, prezantimi i etnografis\u00eb s\u00eb An\u00ebs s\u00eb Malit, panairi i ushqimit tradicional<br \/>\n<a href=\"http:\/\/www.visit-ulcinj.com\/blog\/wp-content\/uploads\/2013\/06\/PRANVERA-NE-ANE-TE-MALIT-2013-2.jpg\"><img loading=\"lazy\" class=\"alignleft  wp-image-72281\" alt=\"PRANVERA-NE-ANE-TE-MALIT-2013-2\" src=\"http:\/\/www.visit-ulcinj.com\/blog\/wp-content\/uploads\/2013\/06\/PRANVERA-NE-ANE-TE-MALIT-2013-2.jpg\" width=\"508\" height=\"360\" \/><\/a><strong><br \/>\n<\/strong><\/p>\n<p><b>T\u00eb shtunen, me 8 qershor 2013 \u2013 <\/b><b>Dita qendrore e manifestimit u zhvillua:<br \/>\n<\/b><\/p>\n<p>Vizit\u00eb n\u00eb Qytetin e Vjet\u00ebr t\u00eb Shasit dhe n\u00eb lokalitetin ku po zhvillohen g\u00ebrmimet arkeologjike<\/p>\n<p>Program kulturoro-zbavit\u00ebs:<\/p>\n<p>&#8211;\u00a0\u00a0\u00a0\u00a0\u00a0\u00a0\u00a0\u00a0\u00a0 Prezantim i etnografis\u00eb s\u00eb An\u00ebs s\u00eb Malit<\/p>\n<p>&#8211;\u00a0\u00a0\u00a0\u00a0\u00a0\u00a0\u00a0\u00a0\u00a0 Muzik\u00eb popullore<\/p>\n<p>&#8211;\u00a0\u00a0\u00a0\u00a0\u00a0\u00a0\u00a0\u00a0\u00a0 Loj\u00ebra popullore<\/p>\n<p>&#8211;\u00a0\u00a0\u00a0\u00a0\u00a0\u00a0\u00a0\u00a0\u00a0 Ushqim tradicional<br \/>\n<a href=\"http:\/\/www.visit-ulcinj.com\/blog\/wp-content\/uploads\/2013\/06\/PRANVERA-NE-ANE-TE-MALIT-2013-3.jpg\"><img loading=\"lazy\" class=\"alignleft  wp-image-72282\" alt=\"PRANVERA-NE-ANE-TE-MALIT-2013-3\" src=\"http:\/\/www.visit-ulcinj.com\/blog\/wp-content\/uploads\/2013\/06\/PRANVERA-NE-ANE-TE-MALIT-2013-3.jpg\" width=\"508\" height=\"360\" \/><\/a><\/p>\n<p>Anamalasit ne qytetin e tyre te lashte prit\u00ebn mysafiret me ushqime tradicionale: buke kallamoqi, laknur, dollme, embelsira nga me te ndryeshme.K\u00ebng\u00eb t\u00eb tradites s\u00eb An\u00ebs s\u00eb Malit, Ulqinit dhe Shkodres, si dhe u be prezantimi i etnografis\u00eb s\u00eb An\u00ebs s\u00eb Malit dhe m\u00ebnyra e punimit t\u00eb tyre.<br \/>\n<a href=\"http:\/\/www.visit-ulcinj.com\/blog\/wp-content\/uploads\/2013\/06\/PRANVERA-NE-ANE-TE-MALIT-2013-4.jpg\"><img loading=\"lazy\" class=\"alignleft  wp-image-72283\" alt=\"PRANVERA-NE-ANE-TE-MALIT-2013-4\" src=\"http:\/\/www.visit-ulcinj.com\/blog\/wp-content\/uploads\/2013\/06\/PRANVERA-NE-ANE-TE-MALIT-2013-4.jpg\" width=\"508\" height=\"360\" \/><\/a><\/p>\n<p>Manifestimi \u201cPranvera n\u00eb An\u00eb t\u00eb Malit\u201d, i cili organizohet nga Shoqata \u201cOra\u201d sh\u00ebnon sivjet edicionin e tij t\u00eb dhjet\u00eb.<\/p>\n<p><a href=\"http:\/\/www.visit-ulcinj.com\/blog\/wp-content\/uploads\/2013\/06\/PRANVERA-NE-ANE-TE-MALIT-2013-DHJETVJETORI.jpg\"><img loading=\"lazy\" class=\"alignleft  wp-image-72284\" alt=\"PRANVERA-NE-ANE-TE-MALIT-2013-DHJETVJETORI\" src=\"http:\/\/www.visit-ulcinj.com\/blog\/wp-content\/uploads\/2013\/06\/PRANVERA-NE-ANE-TE-MALIT-2013-DHJETVJETORI.jpg\" width=\"508\" height=\"360\" \/><\/a><\/p>\n<p>&nbsp;<\/p>\n<p><a href=\"https:\/\/www.facebook.com\/tradita.anaemalit\/media_set?set=a.139772196218918.1073741835.100005584151048&amp;type=1\" target=\"_blank\"><strong>Foto: Dini Zeneli<br \/>\nMe shum\u00eb Foto n\u00eb Tradita Ana E Malit Facebook<\/strong><\/a><\/p>\n<p><iframe loading=\"lazy\" src=\"http:\/\/www.youtube.com\/embed\/HLnt_2yml-0\" height=\"360\" width=\"508\" allowfullscreen=\"\" frameborder=\"0\"><\/iframe><\/p>\n","protected":false},"excerpt":{"rendered":"<p>Per te dhjetin vite me radhe ne qytetin antik te Shasit u mbajt manifestimi gjithepopullor \u201cManifestimi \u201cPranvera n\u00eb An\u00eb t\u00eb Malit 2013\u201d. Shasi edhe kete vit ishte mikprit\u00ebs i mysafiret te shumte nga qytetet tjera shqiptare. Edhe pse moti lig dhe reshjet e shumta t\u00eb dit\u00ebve t\u00eb fundit si dhe parashikimet meteorologjike aspak optimiste kan\u00eb [&hellip;]<\/p>\n","protected":false},"author":1,"featured_media":0,"comment_status":"closed","ping_status":"closed","sticky":false,"template":"","format":"standard","meta":{"spay_email":"","jetpack_publicize_message":"","jetpack_is_tweetstorm":false,"jetpack_publicize_feature_enabled":true},"categories":[1,13],"tags":[],"jetpack_publicize_connections":[],"yoast_head":"<!-- This site is optimized with the Yoast SEO plugin v19.1 - https:\/\/yoast.com\/wordpress\/plugins\/seo\/ -->\n<title>Mbyllet manifestimi Pranvera n\u00eb An\u00eb t\u00eb Malit 2013 - Lajme nga Ulqini<\/title>\n<meta name=\"description\" content=\"Per te dhjetin vite me radhe ne qytetin antik te Shasit u mbajt manifestimi gjithepopullor \u201cManifestimi \u201cPranvera n\u00eb An\u00eb t\u00eb Malit 2013\u201d. Shasi edhe kete\" \/>\n<meta name=\"robots\" content=\"index, follow, max-snippet:-1, max-image-preview:large, max-video-preview:-1\" \/>\n<link rel=\"canonical\" href=\"https:\/\/www.visit-ulcinj.com\/blog\/2013\/06\/10\/mbyllet-manifestimi-pranvera-ne-ane-te-malit-2013\/\" \/>\n<meta property=\"og:locale\" content=\"en_US\" \/>\n<meta property=\"og:type\" content=\"article\" \/>\n<meta property=\"og:title\" content=\"Mbyllet manifestimi Pranvera n\u00eb An\u00eb t\u00eb Malit 2013 - Lajme nga Ulqini\" \/>\n<meta property=\"og:description\" content=\"Per te dhjetin vite me radhe ne qytetin antik te Shasit u mbajt manifestimi gjithepopullor \u201cManifestimi \u201cPranvera n\u00eb An\u00eb t\u00eb Malit 2013\u201d. Shasi edhe kete\" \/>\n<meta property=\"og:url\" content=\"https:\/\/www.visit-ulcinj.com\/blog\/2013\/06\/10\/mbyllet-manifestimi-pranvera-ne-ane-te-malit-2013\/\" \/>\n<meta property=\"og:site_name\" content=\"Lajme nga Ulqini\" \/>\n<meta property=\"article:published_time\" content=\"2013-06-10T08:18:05+00:00\" \/>\n<meta property=\"article:modified_time\" content=\"2013-06-13T05:43:00+00:00\" \/>\n<meta property=\"og:image\" content=\"http:\/\/www.visit-ulcinj.com\/blog\/wp-content\/uploads\/2013\/06\/PRANVERA-NE-ANE-TE-MALIT-2013.jpg\" \/>\n<meta name=\"twitter:label1\" content=\"Written by\" \/>\n\t<meta name=\"twitter:data1\" content=\"ulqini\" \/>\n\t<meta name=\"twitter:label2\" content=\"Est. reading time\" \/>\n\t<meta name=\"twitter:data2\" content=\"1 minute\" \/>\n<script type=\"application\/ld+json\" class=\"yoast-schema-graph\">{\"@context\":\"https:\/\/schema.org\",\"@graph\":[{\"@type\":\"WebSite\",\"@id\":\"https:\/\/www.visit-ulcinj.com\/blog\/#website\",\"url\":\"https:\/\/www.visit-ulcinj.com\/blog\/\",\"name\":\"Lajme nga Ulqini\",\"description\":\"Lajme,Vijesti,Ulqini,Ulqin,Crna Gora,Mali i Zi\",\"potentialAction\":[{\"@type\":\"SearchAction\",\"target\":{\"@type\":\"EntryPoint\",\"urlTemplate\":\"https:\/\/www.visit-ulcinj.com\/blog\/?s={search_term_string}\"},\"query-input\":\"required name=search_term_string\"}],\"inLanguage\":\"en-US\"},{\"@type\":\"ImageObject\",\"inLanguage\":\"en-US\",\"@id\":\"https:\/\/www.visit-ulcinj.com\/blog\/2013\/06\/10\/mbyllet-manifestimi-pranvera-ne-ane-te-malit-2013\/#primaryimage\",\"url\":\"https:\/\/www.visit-ulcinj.com\/blog\/wp-content\/uploads\/2013\/06\/PRANVERA-NE-ANE-TE-MALIT-2013.jpg\",\"contentUrl\":\"https:\/\/www.visit-ulcinj.com\/blog\/wp-content\/uploads\/2013\/06\/PRANVERA-NE-ANE-TE-MALIT-2013.jpg\",\"width\":960,\"height\":640},{\"@type\":\"WebPage\",\"@id\":\"https:\/\/www.visit-ulcinj.com\/blog\/2013\/06\/10\/mbyllet-manifestimi-pranvera-ne-ane-te-malit-2013\/#webpage\",\"url\":\"https:\/\/www.visit-ulcinj.com\/blog\/2013\/06\/10\/mbyllet-manifestimi-pranvera-ne-ane-te-malit-2013\/\",\"name\":\"Mbyllet manifestimi Pranvera n\u00eb An\u00eb t\u00eb Malit 2013 - Lajme nga Ulqini\",\"isPartOf\":{\"@id\":\"https:\/\/www.visit-ulcinj.com\/blog\/#website\"},\"primaryImageOfPage\":{\"@id\":\"https:\/\/www.visit-ulcinj.com\/blog\/2013\/06\/10\/mbyllet-manifestimi-pranvera-ne-ane-te-malit-2013\/#primaryimage\"},\"datePublished\":\"2013-06-10T08:18:05+00:00\",\"dateModified\":\"2013-06-13T05:43:00+00:00\",\"author\":{\"@id\":\"https:\/\/www.visit-ulcinj.com\/blog\/#\/schema\/person\/dcab619c614d3038751c63bc2aadc06d\"},\"description\":\"Per te dhjetin vite me radhe ne qytetin antik te Shasit u mbajt manifestimi gjithepopullor \u201cManifestimi \u201cPranvera n\u00eb An\u00eb t\u00eb Malit 2013\u201d. Shasi edhe kete\",\"breadcrumb\":{\"@id\":\"https:\/\/www.visit-ulcinj.com\/blog\/2013\/06\/10\/mbyllet-manifestimi-pranvera-ne-ane-te-malit-2013\/#breadcrumb\"},\"inLanguage\":\"en-US\",\"potentialAction\":[{\"@type\":\"ReadAction\",\"target\":[\"https:\/\/www.visit-ulcinj.com\/blog\/2013\/06\/10\/mbyllet-manifestimi-pranvera-ne-ane-te-malit-2013\/\"]}]},{\"@type\":\"BreadcrumbList\",\"@id\":\"https:\/\/www.visit-ulcinj.com\/blog\/2013\/06\/10\/mbyllet-manifestimi-pranvera-ne-ane-te-malit-2013\/#breadcrumb\",\"itemListElement\":[{\"@type\":\"ListItem\",\"position\":1,\"name\":\"Mbyllet manifestimi Pranvera n\u00eb An\u00eb t\u00eb Malit 2013\"}]},{\"@type\":\"Person\",\"@id\":\"https:\/\/www.visit-ulcinj.com\/blog\/#\/schema\/person\/dcab619c614d3038751c63bc2aadc06d\",\"name\":\"ulqini\",\"sameAs\":[\"http:\/\/www.visit-ulcinj.com\"],\"url\":\"https:\/\/www.visit-ulcinj.com\/blog\/author\/admin\/\"}]}<\/script>\n<!-- \/ Yoast SEO plugin. -->","yoast_head_json":{"title":"Mbyllet manifestimi Pranvera n\u00eb An\u00eb t\u00eb Malit 2013 - Lajme nga Ulqini","description":"Per te dhjetin vite me radhe ne qytetin antik te Shasit u mbajt manifestimi gjithepopullor \u201cManifestimi \u201cPranvera n\u00eb An\u00eb t\u00eb Malit 2013\u201d. Shasi edhe kete","robots":{"index":"index","follow":"follow","max-snippet":"max-snippet:-1","max-image-preview":"max-image-preview:large","max-video-preview":"max-video-preview:-1"},"canonical":"https:\/\/www.visit-ulcinj.com\/blog\/2013\/06\/10\/mbyllet-manifestimi-pranvera-ne-ane-te-malit-2013\/","og_locale":"en_US","og_type":"article","og_title":"Mbyllet manifestimi Pranvera n\u00eb An\u00eb t\u00eb Malit 2013 - Lajme nga Ulqini","og_description":"Per te dhjetin vite me radhe ne qytetin antik te Shasit u mbajt manifestimi gjithepopullor \u201cManifestimi \u201cPranvera n\u00eb An\u00eb t\u00eb Malit 2013\u201d. Shasi edhe kete","og_url":"https:\/\/www.visit-ulcinj.com\/blog\/2013\/06\/10\/mbyllet-manifestimi-pranvera-ne-ane-te-malit-2013\/","og_site_name":"Lajme nga Ulqini","article_published_time":"2013-06-10T08:18:05+00:00","article_modified_time":"2013-06-13T05:43:00+00:00","og_image":[{"url":"http:\/\/www.visit-ulcinj.com\/blog\/wp-content\/uploads\/2013\/06\/PRANVERA-NE-ANE-TE-MALIT-2013.jpg"}],"twitter_misc":{"Written by":"ulqini","Est. reading time":"1 minute"},"schema":{"@context":"https:\/\/schema.org","@graph":[{"@type":"WebSite","@id":"https:\/\/www.visit-ulcinj.com\/blog\/#website","url":"https:\/\/www.visit-ulcinj.com\/blog\/","name":"Lajme nga Ulqini","description":"Lajme,Vijesti,Ulqini,Ulqin,Crna Gora,Mali i Zi","potentialAction":[{"@type":"SearchAction","target":{"@type":"EntryPoint","urlTemplate":"https:\/\/www.visit-ulcinj.com\/blog\/?s={search_term_string}"},"query-input":"required name=search_term_string"}],"inLanguage":"en-US"},{"@type":"ImageObject","inLanguage":"en-US","@id":"https:\/\/www.visit-ulcinj.com\/blog\/2013\/06\/10\/mbyllet-manifestimi-pranvera-ne-ane-te-malit-2013\/#primaryimage","url":"https:\/\/www.visit-ulcinj.com\/blog\/wp-content\/uploads\/2013\/06\/PRANVERA-NE-ANE-TE-MALIT-2013.jpg","contentUrl":"https:\/\/www.visit-ulcinj.com\/blog\/wp-content\/uploads\/2013\/06\/PRANVERA-NE-ANE-TE-MALIT-2013.jpg","width":960,"height":640},{"@type":"WebPage","@id":"https:\/\/www.visit-ulcinj.com\/blog\/2013\/06\/10\/mbyllet-manifestimi-pranvera-ne-ane-te-malit-2013\/#webpage","url":"https:\/\/www.visit-ulcinj.com\/blog\/2013\/06\/10\/mbyllet-manifestimi-pranvera-ne-ane-te-malit-2013\/","name":"Mbyllet manifestimi Pranvera n\u00eb An\u00eb t\u00eb Malit 2013 - Lajme nga Ulqini","isPartOf":{"@id":"https:\/\/www.visit-ulcinj.com\/blog\/#website"},"primaryImageOfPage":{"@id":"https:\/\/www.visit-ulcinj.com\/blog\/2013\/06\/10\/mbyllet-manifestimi-pranvera-ne-ane-te-malit-2013\/#primaryimage"},"datePublished":"2013-06-10T08:18:05+00:00","dateModified":"2013-06-13T05:43:00+00:00","author":{"@id":"https:\/\/www.visit-ulcinj.com\/blog\/#\/schema\/person\/dcab619c614d3038751c63bc2aadc06d"},"description":"Per te dhjetin vite me radhe ne qytetin antik te Shasit u mbajt manifestimi gjithepopullor \u201cManifestimi \u201cPranvera n\u00eb An\u00eb t\u00eb Malit 2013\u201d. Shasi edhe kete","breadcrumb":{"@id":"https:\/\/www.visit-ulcinj.com\/blog\/2013\/06\/10\/mbyllet-manifestimi-pranvera-ne-ane-te-malit-2013\/#breadcrumb"},"inLanguage":"en-US","potentialAction":[{"@type":"ReadAction","target":["https:\/\/www.visit-ulcinj.com\/blog\/2013\/06\/10\/mbyllet-manifestimi-pranvera-ne-ane-te-malit-2013\/"]}]},{"@type":"BreadcrumbList","@id":"https:\/\/www.visit-ulcinj.com\/blog\/2013\/06\/10\/mbyllet-manifestimi-pranvera-ne-ane-te-malit-2013\/#breadcrumb","itemListElement":[{"@type":"ListItem","position":1,"name":"Mbyllet manifestimi Pranvera n\u00eb An\u00eb t\u00eb Malit 2013"}]},{"@type":"Person","@id":"https:\/\/www.visit-ulcinj.com\/blog\/#\/schema\/person\/dcab619c614d3038751c63bc2aadc06d","name":"ulqini","sameAs":["http:\/\/www.visit-ulcinj.com"],"url":"https:\/\/www.visit-ulcinj.com\/blog\/author\/admin\/"}]}},"jetpack_featured_media_url":"","jetpack_sharing_enabled":true,"jetpack_shortlink":"https:\/\/wp.me\/pe6lTn-iNM","_links":{"self":[{"href":"https:\/\/www.visit-ulcinj.com\/blog\/wp-json\/wp\/v2\/posts\/72278"}],"collection":[{"href":"https:\/\/www.visit-ulcinj.com\/blog\/wp-json\/wp\/v2\/posts"}],"about":[{"href":"https:\/\/www.visit-ulcinj.com\/blog\/wp-json\/wp\/v2\/types\/post"}],"author":[{"embeddable":true,"href":"https:\/\/www.visit-ulcinj.com\/blog\/wp-json\/wp\/v2\/users\/1"}],"replies":[{"embeddable":true,"href":"https:\/\/www.visit-ulcinj.com\/blog\/wp-json\/wp\/v2\/comments?post=72278"}],"version-history":[{"count":4,"href":"https:\/\/www.visit-ulcinj.com\/blog\/wp-json\/wp\/v2\/posts\/72278\/revisions"}],"predecessor-version":[{"id":72341,"href":"https:\/\/www.visit-ulcinj.com\/blog\/wp-json\/wp\/v2\/posts\/72278\/revisions\/72341"}],"wp:attachment":[{"href":"https:\/\/www.visit-ulcinj.com\/blog\/wp-json\/wp\/v2\/media?parent=72278"}],"wp:term":[{"taxonomy":"category","embeddable":true,"href":"https:\/\/www.visit-ulcinj.com\/blog\/wp-json\/wp\/v2\/categories?post=72278"},{"taxonomy":"post_tag","embeddable":true,"href":"https:\/\/www.visit-ulcinj.com\/blog\/wp-json\/wp\/v2\/tags?post=72278"}],"curies":[{"name":"wp","href":"https:\/\/api.w.org\/{rel}","templated":true}]}}