{"id":723,"date":"2008-03-02T15:48:36","date_gmt":"2008-03-02T20:48:36","guid":{"rendered":"http:\/\/www.visit-ulcinj.com\/blog\/2008\/03\/02\/mali-i-zi-ne-nje-linje-me-bene\/"},"modified":"2008-03-02T15:48:36","modified_gmt":"2008-03-02T20:48:36","slug":"mali-i-zi-ne-nje-linje-me-bene","status":"publish","type":"post","link":"https:\/\/www.visit-ulcinj.com\/blog\/2008\/03\/02\/mali-i-zi-ne-nje-linje-me-bene\/","title":{"rendered":"Mali i Zi n\u00eb nj\u00eb linj\u00eb me BE&#8217;n\u00eb"},"content":{"rendered":"<p><a href=\"http:\/\/www.visit-ulcinj.com\/blog\/wp-content\/uploads\/2008\/03\/srdan-darmanovic.jpg\" rel=\"lightbox[pics-1204490683]\" title=\"Sr?an Darmanovi?\"><img loading=\"lazy\" src=\"http:\/\/www.visit-ulcinj.com\/blog\/wp-content\/uploads\/2008\/03\/srdan-darmanovic.thumbnail.jpg\" alt=\"Sr?an Darmanovi?\" align=\"left\" height=\"161\" width=\"200\" \/><\/a>Duke e vler\u00ebsuar si t\u00eb pashmangshme njohjen e pavar\u00ebsis\u00eb s\u00eb Kosov\u00ebs nga Mali i Zi,analisti i njohur politik malazias, Srdjan Darmanoviq ka th\u00ebn\u00eb se kjo pritet t\u00eb b\u00ebhet n\u00eb faz\u00ebn kur kjo do t\u00eb jet\u00eb q\u00ebndrim dominues n\u00eb bashk\u00ebsin\u00eb nd\u00ebrkomb\u00ebtare.Sipas tij, njohja e pavar\u00ebsis\u00eb s\u00eb Kosov\u00ebs do nj\u00eb sfid\u00eb p\u00ebr Qeverin\u00eb e Malit t\u00eb Zi dhe p\u00ebr rrethanat e atjeshme politike.Darmanoviq, q\u00eb nj\u00ebher\u00ebsh \u00ebsht\u00eb edhe Dekan i Fakultetit t\u00eb Shkencave Politike n\u00eb Podgoric\u00eb, si dhe an\u00ebtar i Komisionit t\u00eb Venecias, ka vler\u00ebsuar se shpallja e pavar\u00ebsis\u00eb s\u00eb Kosov\u00ebs ka qen\u00eb e pritur dhe se<br \/>\naskush nuk ka qen\u00eb i habitur.&#8221;Pavar\u00ebsia me siguri do t\u00eb njihet nga shumica e vendeve dhe Kosova do t\u00eb filloj\u00eb t\u00eb funksionoj\u00eb pak a shum\u00eb si vend i pavarur,por nga ana tjet\u00ebr duhet pasur parasysh q\u00ebndrimin e Rusis\u00eb, Serbis\u00eb dhe t\u00eb nj\u00eb pjese jo t\u00eb vog\u00ebl t\u00eb vendeve t\u00eb bashk\u00ebsis\u00eb nd\u00ebrkomb\u00ebtare, Kosova do t\u00eb ket\u00eb pengesa t\u00eb qarta p\u00ebr t\u00eb hyr\u00eb n\u00eb disa institucione t\u00eb r\u00ebnd\u00ebsishme nd\u00ebrkomb\u00ebtare,&#8221; ka deklaruar t\u00eb premten Darmanoviq.<\/p>\n<p>Gazeta Express<\/p>\n","protected":false},"excerpt":{"rendered":"<p><img loading=\"lazy\" src=\"http:\/\/www.visit-ulcinj.com\/blog\/wp-content\/uploads\/2008\/03\/srdan-darmanovic.thumbnail.jpg\" alt=\"Sr?an Darmanovi?\" align=\"left\" height=\"140\" width=\"140\" \/><\/p>\n","protected":false},"author":1,"featured_media":0,"comment_status":"open","ping_status":"closed","sticky":false,"template":"","format":"standard","meta":{"spay_email":"","jetpack_publicize_message":"","jetpack_is_tweetstorm":false,"jetpack_publicize_feature_enabled":true},"categories":[12],"tags":[2052,49,95,2051],"jetpack_publicize_connections":[],"yoast_head":"<!-- This site is optimized with the Yoast SEO plugin v19.1 - https:\/\/yoast.com\/wordpress\/plugins\/seo\/ -->\n<title>Mali i Zi n\u00eb nj\u00eb linj\u00eb me BE&#039;n\u00eb - Lajme nga Ulqini<\/title>\n<meta name=\"robots\" content=\"index, follow, max-snippet:-1, max-image-preview:large, max-video-preview:-1\" \/>\n<link rel=\"canonical\" href=\"https:\/\/www.visit-ulcinj.com\/blog\/2008\/03\/02\/mali-i-zi-ne-nje-linje-me-bene\/\" \/>\n<meta property=\"og:locale\" content=\"en_US\" \/>\n<meta property=\"og:type\" content=\"article\" \/>\n<meta property=\"og:title\" content=\"Mali i Zi n\u00eb nj\u00eb linj\u00eb me BE&#039;n\u00eb - Lajme nga Ulqini\" \/>\n<meta property=\"og:url\" content=\"https:\/\/www.visit-ulcinj.com\/blog\/2008\/03\/02\/mali-i-zi-ne-nje-linje-me-bene\/\" \/>\n<meta property=\"og:site_name\" content=\"Lajme nga Ulqini\" \/>\n<meta property=\"article:published_time\" content=\"2008-03-02T20:48:36+00:00\" \/>\n<meta property=\"og:image\" content=\"http:\/\/www.visit-ulcinj.com\/blog\/wp-content\/uploads\/2008\/03\/srdan-darmanovic.thumbnail.jpg\" \/>\n<meta name=\"twitter:label1\" content=\"Written by\" \/>\n\t<meta name=\"twitter:data1\" content=\"ulqini\" \/>\n\t<meta name=\"twitter:label2\" content=\"Est. reading time\" \/>\n\t<meta name=\"twitter:data2\" content=\"1 minute\" \/>\n<script type=\"application\/ld+json\" class=\"yoast-schema-graph\">{\"@context\":\"https:\/\/schema.org\",\"@graph\":[{\"@type\":\"WebSite\",\"@id\":\"https:\/\/www.visit-ulcinj.com\/blog\/#website\",\"url\":\"https:\/\/www.visit-ulcinj.com\/blog\/\",\"name\":\"Lajme nga Ulqini\",\"description\":\"Lajme,Vijesti,Ulqini,Ulqin,Crna Gora,Mali i Zi\",\"potentialAction\":[{\"@type\":\"SearchAction\",\"target\":{\"@type\":\"EntryPoint\",\"urlTemplate\":\"https:\/\/www.visit-ulcinj.com\/blog\/?s={search_term_string}\"},\"query-input\":\"required name=search_term_string\"}],\"inLanguage\":\"en-US\"},{\"@type\":\"ImageObject\",\"inLanguage\":\"en-US\",\"@id\":\"https:\/\/www.visit-ulcinj.com\/blog\/2008\/03\/02\/mali-i-zi-ne-nje-linje-me-bene\/#primaryimage\",\"url\":\"http:\/\/www.visit-ulcinj.com\/blog\/wp-content\/uploads\/2008\/03\/srdan-darmanovic.thumbnail.jpg\",\"contentUrl\":\"http:\/\/www.visit-ulcinj.com\/blog\/wp-content\/uploads\/2008\/03\/srdan-darmanovic.thumbnail.jpg\"},{\"@type\":\"WebPage\",\"@id\":\"https:\/\/www.visit-ulcinj.com\/blog\/2008\/03\/02\/mali-i-zi-ne-nje-linje-me-bene\/#webpage\",\"url\":\"https:\/\/www.visit-ulcinj.com\/blog\/2008\/03\/02\/mali-i-zi-ne-nje-linje-me-bene\/\",\"name\":\"Mali i Zi n\u00eb nj\u00eb linj\u00eb me BE'n\u00eb - Lajme nga Ulqini\",\"isPartOf\":{\"@id\":\"https:\/\/www.visit-ulcinj.com\/blog\/#website\"},\"primaryImageOfPage\":{\"@id\":\"https:\/\/www.visit-ulcinj.com\/blog\/2008\/03\/02\/mali-i-zi-ne-nje-linje-me-bene\/#primaryimage\"},\"datePublished\":\"2008-03-02T20:48:36+00:00\",\"dateModified\":\"2008-03-02T20:48:36+00:00\",\"author\":{\"@id\":\"https:\/\/www.visit-ulcinj.com\/blog\/#\/schema\/person\/dcab619c614d3038751c63bc2aadc06d\"},\"breadcrumb\":{\"@id\":\"https:\/\/www.visit-ulcinj.com\/blog\/2008\/03\/02\/mali-i-zi-ne-nje-linje-me-bene\/#breadcrumb\"},\"inLanguage\":\"en-US\",\"potentialAction\":[{\"@type\":\"ReadAction\",\"target\":[\"https:\/\/www.visit-ulcinj.com\/blog\/2008\/03\/02\/mali-i-zi-ne-nje-linje-me-bene\/\"]}]},{\"@type\":\"BreadcrumbList\",\"@id\":\"https:\/\/www.visit-ulcinj.com\/blog\/2008\/03\/02\/mali-i-zi-ne-nje-linje-me-bene\/#breadcrumb\",\"itemListElement\":[{\"@type\":\"ListItem\",\"position\":1,\"name\":\"Mali i Zi n\u00eb nj\u00eb linj\u00eb me BE&#8217;n\u00eb\"}]},{\"@type\":\"Person\",\"@id\":\"https:\/\/www.visit-ulcinj.com\/blog\/#\/schema\/person\/dcab619c614d3038751c63bc2aadc06d\",\"name\":\"ulqini\",\"sameAs\":[\"http:\/\/www.visit-ulcinj.com\"],\"url\":\"https:\/\/www.visit-ulcinj.com\/blog\/author\/admin\/\"}]}<\/script>\n<!-- \/ Yoast SEO plugin. -->","yoast_head_json":{"title":"Mali i Zi n\u00eb nj\u00eb linj\u00eb me BE'n\u00eb - Lajme nga Ulqini","robots":{"index":"index","follow":"follow","max-snippet":"max-snippet:-1","max-image-preview":"max-image-preview:large","max-video-preview":"max-video-preview:-1"},"canonical":"https:\/\/www.visit-ulcinj.com\/blog\/2008\/03\/02\/mali-i-zi-ne-nje-linje-me-bene\/","og_locale":"en_US","og_type":"article","og_title":"Mali i Zi n\u00eb nj\u00eb linj\u00eb me BE'n\u00eb - Lajme nga Ulqini","og_url":"https:\/\/www.visit-ulcinj.com\/blog\/2008\/03\/02\/mali-i-zi-ne-nje-linje-me-bene\/","og_site_name":"Lajme nga Ulqini","article_published_time":"2008-03-02T20:48:36+00:00","og_image":[{"url":"http:\/\/www.visit-ulcinj.com\/blog\/wp-content\/uploads\/2008\/03\/srdan-darmanovic.thumbnail.jpg"}],"twitter_misc":{"Written by":"ulqini","Est. reading time":"1 minute"},"schema":{"@context":"https:\/\/schema.org","@graph":[{"@type":"WebSite","@id":"https:\/\/www.visit-ulcinj.com\/blog\/#website","url":"https:\/\/www.visit-ulcinj.com\/blog\/","name":"Lajme nga Ulqini","description":"Lajme,Vijesti,Ulqini,Ulqin,Crna Gora,Mali i Zi","potentialAction":[{"@type":"SearchAction","target":{"@type":"EntryPoint","urlTemplate":"https:\/\/www.visit-ulcinj.com\/blog\/?s={search_term_string}"},"query-input":"required name=search_term_string"}],"inLanguage":"en-US"},{"@type":"ImageObject","inLanguage":"en-US","@id":"https:\/\/www.visit-ulcinj.com\/blog\/2008\/03\/02\/mali-i-zi-ne-nje-linje-me-bene\/#primaryimage","url":"http:\/\/www.visit-ulcinj.com\/blog\/wp-content\/uploads\/2008\/03\/srdan-darmanovic.thumbnail.jpg","contentUrl":"http:\/\/www.visit-ulcinj.com\/blog\/wp-content\/uploads\/2008\/03\/srdan-darmanovic.thumbnail.jpg"},{"@type":"WebPage","@id":"https:\/\/www.visit-ulcinj.com\/blog\/2008\/03\/02\/mali-i-zi-ne-nje-linje-me-bene\/#webpage","url":"https:\/\/www.visit-ulcinj.com\/blog\/2008\/03\/02\/mali-i-zi-ne-nje-linje-me-bene\/","name":"Mali i Zi n\u00eb nj\u00eb linj\u00eb me BE'n\u00eb - Lajme nga Ulqini","isPartOf":{"@id":"https:\/\/www.visit-ulcinj.com\/blog\/#website"},"primaryImageOfPage":{"@id":"https:\/\/www.visit-ulcinj.com\/blog\/2008\/03\/02\/mali-i-zi-ne-nje-linje-me-bene\/#primaryimage"},"datePublished":"2008-03-02T20:48:36+00:00","dateModified":"2008-03-02T20:48:36+00:00","author":{"@id":"https:\/\/www.visit-ulcinj.com\/blog\/#\/schema\/person\/dcab619c614d3038751c63bc2aadc06d"},"breadcrumb":{"@id":"https:\/\/www.visit-ulcinj.com\/blog\/2008\/03\/02\/mali-i-zi-ne-nje-linje-me-bene\/#breadcrumb"},"inLanguage":"en-US","potentialAction":[{"@type":"ReadAction","target":["https:\/\/www.visit-ulcinj.com\/blog\/2008\/03\/02\/mali-i-zi-ne-nje-linje-me-bene\/"]}]},{"@type":"BreadcrumbList","@id":"https:\/\/www.visit-ulcinj.com\/blog\/2008\/03\/02\/mali-i-zi-ne-nje-linje-me-bene\/#breadcrumb","itemListElement":[{"@type":"ListItem","position":1,"name":"Mali i Zi n\u00eb nj\u00eb linj\u00eb me BE&#8217;n\u00eb"}]},{"@type":"Person","@id":"https:\/\/www.visit-ulcinj.com\/blog\/#\/schema\/person\/dcab619c614d3038751c63bc2aadc06d","name":"ulqini","sameAs":["http:\/\/www.visit-ulcinj.com"],"url":"https:\/\/www.visit-ulcinj.com\/blog\/author\/admin\/"}]}},"jetpack_featured_media_url":"","jetpack_sharing_enabled":true,"jetpack_shortlink":"https:\/\/wp.me\/pe6lTn-bF","_links":{"self":[{"href":"https:\/\/www.visit-ulcinj.com\/blog\/wp-json\/wp\/v2\/posts\/723"}],"collection":[{"href":"https:\/\/www.visit-ulcinj.com\/blog\/wp-json\/wp\/v2\/posts"}],"about":[{"href":"https:\/\/www.visit-ulcinj.com\/blog\/wp-json\/wp\/v2\/types\/post"}],"author":[{"embeddable":true,"href":"https:\/\/www.visit-ulcinj.com\/blog\/wp-json\/wp\/v2\/users\/1"}],"replies":[{"embeddable":true,"href":"https:\/\/www.visit-ulcinj.com\/blog\/wp-json\/wp\/v2\/comments?post=723"}],"version-history":[{"count":0,"href":"https:\/\/www.visit-ulcinj.com\/blog\/wp-json\/wp\/v2\/posts\/723\/revisions"}],"wp:attachment":[{"href":"https:\/\/www.visit-ulcinj.com\/blog\/wp-json\/wp\/v2\/media?parent=723"}],"wp:term":[{"taxonomy":"category","embeddable":true,"href":"https:\/\/www.visit-ulcinj.com\/blog\/wp-json\/wp\/v2\/categories?post=723"},{"taxonomy":"post_tag","embeddable":true,"href":"https:\/\/www.visit-ulcinj.com\/blog\/wp-json\/wp\/v2\/tags?post=723"}],"curies":[{"name":"wp","href":"https:\/\/api.w.org\/{rel}","templated":true}]}}