{"id":72326,"date":"2013-06-12T14:56:13","date_gmt":"2013-06-12T13:56:13","guid":{"rendered":"http:\/\/www.visit-ulcinj.com\/blog\/?p=72326"},"modified":"2013-06-12T14:59:22","modified_gmt":"2013-06-12T13:59:22","slug":"molba-pripvrednika-ulcinja-presjedniku-cungua","status":"publish","type":"post","link":"https:\/\/www.visit-ulcinj.com\/blog\/2013\/06\/12\/molba-pripvrednika-ulcinja-presjedniku-cungua\/","title":{"rendered":"Molba pripvrednika Ulcinja presjedniku Cungua"},"content":{"rendered":"<p style=\"text-align: left;\"><strong><a href=\"http:\/\/www.visit-ulcinj.com\/blog\/wp-content\/uploads\/2013\/06\/Molba-pripvrednika-Ulcinj-presjedniku-Cungua.jpg\"><img loading=\"lazy\" class=\"alignleft  wp-image-72328\" alt=\"Molba pripvrednika Ulcinj presjedniku Cungua\" src=\"http:\/\/www.visit-ulcinj.com\/blog\/wp-content\/uploads\/2013\/06\/Molba-pripvrednika-Ulcinj-presjedniku-Cungua.jpg\" width=\"508\" height=\"360\" \/><\/a>PREDSJEDNIKU OP\u0160TINE ULCINJ<\/strong><br \/>\n<strong> N\/r Nazif Cungu<\/strong><\/p>\n<p style=\"text-align: center;\"><strong>\u00a0\u00a0\u00a0\u00a0\u00a0\u00a0\u00a0\u00a0\u00a0\u00a0\u00a0\u00a0\u00a0\u00a0\u00a0\u00a0\u00a0\u00a0\u00a0\u00a0\u00a0\u00a0\u00a0\u00a0\u00a0\u00a0\u00a0\u00a0\u00a0\u00a0\u00a0\u00a0\u00a0\u00a0\u00a0\u00a0\u00a0\u00a0\u00a0\u00a0\u00a0\u00a0\u00a0\u00a0\u00a0\u00a0\u00a0\u00a0\u00a0\u00a0\u00a0\u00a0\u00a0\u00a0\u00a0\u00a0\u00a0\u00a0\u00a0\u00a0\u00a0\u00a0\u00a0\u00a0\u00a0\u00a0\u00a0\u00a0\u00a0\u00a0\u00a0\u00a0\u00a0\u00a0\u00a0\u00a0\u00a0\u00a0\u00a0\u00a0\u00a0\u00a0\u00a0\u00a0\u00a0\u00a0\u00a0\u00a0 PREDMET: Molba grupe pripvrednika<\/strong><\/p>\n<p>Obra\u0107amo Vam se kao ljudi koji se dugo godina kao privatnici bavimo privrednom djelatno\u0161\u0107u.Ve\u0107ina nas je bila prinu\u0111ena da se bavi privatnim poslom radi obezbje\u0111ivanja osnovnih sredstava za \u017eivot na\u0161ih porodica, jer smo u poslednjih 20 godina ostali bez posla u brojnim preduze\u0107ima koja su uni\u0161tena na teritoriji Op\u0161tine Ulcinj.<\/p>\n<p>U proteklom periodu privrednici Op\u0161tine Ulcinj su izlo\u017eeni velikom pritisku razli\u010ditih nadle\u017enih inspekcija, koje svojim pona\u0161anjem onemogu\u0107avaju normalno funkcionisanje na\u0161ih prodavnica.Naime de\u0161ava se da u isto vrijeme u kontrolu dolazi po vi\u0161e inspekcija(tr\u017ei\u0161na,zdravstvena,radna i dr.) i na taj na\u010din blokiraju na\u0161e prodavnice po vi\u0161e sati.Kontrole se ponekad obavljaju \u010dak iza pono\u0107i, kad ve\u0107ina nas zatvara prodavnice.<\/p>\n<p>Ovim putem isti\u010demo da privrednici Op\u0161tine Ulcinj nijesu protiv po\u0161tovanja zakona dr\u017eave Crne Gore, jer uredno ispla\u0107ujemo sve obaveze koje su nam odre\u0111ene od strane nadle\u017enih organa, ve\u0107 se na\u0161e primjedbe odnose na neprimjereno pona\u0161anje nadle\u017enih inspektora, koje mi do\u017eivljavamo kao maltretiranje, a ovo naro\u010dito imaju\u0107i u vidu da ve\u0107ina nas obavlja djelatnost sezonskog karaktera, pri \u010demu turisti\u010dka sezona u Op\u0161tini Ulcinj, \u0161to je op\u0161te poznata \u010dinjenica na\u017ealost ne traje du\u017ee od 50 dana.Tako\u0111e smatramo da su kazne koje se odmjeravaju prilikom kontrola, zbog uo\u010denih nepravilnosti, neprimjereno velike i nijesu u skladu sa standardom gra\u0111ana op\u0161tine Ulcinj , koja je zvani\u010dno progla\u0161ena za op\u0161tinu sa najni\u017eim primanjima na crnogorskom primorju.<\/p>\n<p>Smatramo da bi nadle\u017eni inspektori trebali da u prvom redu edukuju privatnike i daju im odre\u0111eni rok da otklone nepravilnosti,a ne da odmah prise\u017eu za izricanjem kazni i to u pravilu onih najve\u0107ih.<\/p>\n<p>U prilogu ovog dopisa Vam dostavljamo i potpise 150 privatnika koji podr\u017eavaju ovu inicijativu i kojima je njihova djelatnosti osnovni izvor prihoda, od kojh prehranjuju svoje porodice, a velika ve\u0107ina njih i izdr\u017eava po jednog ili vi\u0161e studenata.<\/p>\n<p>Nadamo se da \u0107ete udovoljiti na\u0161oj molbi i izna\u0107i rje\u0161enje za prevazila\u017eenje ovih problema.<\/p>\n<p>S po\u0161tovanjem,<\/p>\n<p><strong>PODNOSIOCI MOLBE<\/strong><br \/>\n<strong> Grupa privrednika<\/strong><\/p>\n","protected":false},"excerpt":{"rendered":"<p>PREDSJEDNIKU OP\u0160TINE ULCINJ N\/r Nazif Cungu \u00a0\u00a0\u00a0\u00a0\u00a0\u00a0\u00a0\u00a0\u00a0\u00a0\u00a0\u00a0\u00a0\u00a0\u00a0\u00a0\u00a0\u00a0\u00a0\u00a0\u00a0\u00a0\u00a0\u00a0\u00a0\u00a0\u00a0\u00a0\u00a0\u00a0\u00a0\u00a0\u00a0\u00a0\u00a0\u00a0\u00a0\u00a0\u00a0\u00a0\u00a0\u00a0\u00a0\u00a0\u00a0\u00a0\u00a0\u00a0\u00a0\u00a0\u00a0\u00a0\u00a0\u00a0\u00a0\u00a0\u00a0\u00a0\u00a0\u00a0\u00a0\u00a0\u00a0\u00a0\u00a0\u00a0\u00a0\u00a0\u00a0\u00a0\u00a0\u00a0\u00a0\u00a0\u00a0\u00a0\u00a0\u00a0\u00a0\u00a0\u00a0\u00a0\u00a0\u00a0\u00a0\u00a0\u00a0\u00a0 PREDMET: Molba grupe pripvrednika Obra\u0107amo Vam se kao ljudi koji se dugo godina kao privatnici bavimo privrednom djelatno\u0161\u0107u.Ve\u0107ina nas je bila prinu\u0111ena da se bavi privatnim poslom radi obezbje\u0111ivanja osnovnih sredstava za \u017eivot na\u0161ih porodica, jer smo u poslednjih 20 godina ostali bez posla u brojnim preduze\u0107ima koja [&hellip;]<\/p>\n","protected":false},"author":1,"featured_media":0,"comment_status":"closed","ping_status":"closed","sticky":false,"template":"","format":"standard","meta":{"spay_email":"","jetpack_publicize_message":"","jetpack_is_tweetstorm":false,"jetpack_publicize_feature_enabled":true},"categories":[8337],"tags":[],"jetpack_publicize_connections":[],"yoast_head":"<!-- This site is optimized with the Yoast SEO plugin v19.1 - https:\/\/yoast.com\/wordpress\/plugins\/seo\/ -->\n<title>Molba pripvrednika Ulcinja presjedniku Cungua - Lajme nga Ulqini<\/title>\n<meta name=\"description\" content=\"PREDSJEDNIKU OP\u0160TINE ULCINJ N\/r Nazif Cungu \u00a0\u00a0\u00a0\u00a0\u00a0\u00a0\u00a0\u00a0\u00a0\u00a0\u00a0\u00a0\u00a0\u00a0\u00a0\u00a0\u00a0\u00a0\u00a0\u00a0\u00a0\u00a0\u00a0\u00a0\u00a0\u00a0\u00a0\u00a0\u00a0\u00a0\u00a0\u00a0\u00a0\u00a0\u00a0\u00a0\u00a0\u00a0\u00a0\u00a0\u00a0\u00a0\u00a0\u00a0\u00a0\u00a0\u00a0\u00a0\u00a0\u00a0\u00a0\u00a0\u00a0\u00a0\u00a0\u00a0\u00a0\u00a0\u00a0\u00a0\u00a0\u00a0\u00a0\u00a0\u00a0\u00a0\u00a0\u00a0\u00a0\u00a0\u00a0\u00a0\u00a0\u00a0\u00a0\u00a0\u00a0\u00a0\u00a0\u00a0\u00a0\u00a0\u00a0\u00a0\u00a0\u00a0\u00a0\u00a0 PREDMET: Molba grupe\" \/>\n<meta name=\"robots\" content=\"index, follow, max-snippet:-1, max-image-preview:large, max-video-preview:-1\" \/>\n<link rel=\"canonical\" href=\"https:\/\/www.visit-ulcinj.com\/blog\/2013\/06\/12\/molba-pripvrednika-ulcinja-presjedniku-cungua\/\" \/>\n<meta property=\"og:locale\" content=\"en_US\" \/>\n<meta property=\"og:type\" content=\"article\" \/>\n<meta property=\"og:title\" content=\"Molba pripvrednika Ulcinja presjedniku Cungua - Lajme nga Ulqini\" \/>\n<meta property=\"og:description\" content=\"PREDSJEDNIKU OP\u0160TINE ULCINJ N\/r Nazif Cungu \u00a0\u00a0\u00a0\u00a0\u00a0\u00a0\u00a0\u00a0\u00a0\u00a0\u00a0\u00a0\u00a0\u00a0\u00a0\u00a0\u00a0\u00a0\u00a0\u00a0\u00a0\u00a0\u00a0\u00a0\u00a0\u00a0\u00a0\u00a0\u00a0\u00a0\u00a0\u00a0\u00a0\u00a0\u00a0\u00a0\u00a0\u00a0\u00a0\u00a0\u00a0\u00a0\u00a0\u00a0\u00a0\u00a0\u00a0\u00a0\u00a0\u00a0\u00a0\u00a0\u00a0\u00a0\u00a0\u00a0\u00a0\u00a0\u00a0\u00a0\u00a0\u00a0\u00a0\u00a0\u00a0\u00a0\u00a0\u00a0\u00a0\u00a0\u00a0\u00a0\u00a0\u00a0\u00a0\u00a0\u00a0\u00a0\u00a0\u00a0\u00a0\u00a0\u00a0\u00a0\u00a0\u00a0\u00a0\u00a0 PREDMET: Molba grupe\" \/>\n<meta property=\"og:url\" content=\"https:\/\/www.visit-ulcinj.com\/blog\/2013\/06\/12\/molba-pripvrednika-ulcinja-presjedniku-cungua\/\" \/>\n<meta property=\"og:site_name\" content=\"Lajme nga Ulqini\" \/>\n<meta property=\"article:published_time\" content=\"2013-06-12T13:56:13+00:00\" \/>\n<meta property=\"article:modified_time\" content=\"2013-06-12T13:59:22+00:00\" \/>\n<meta property=\"og:image\" content=\"http:\/\/www.visit-ulcinj.com\/blog\/wp-content\/uploads\/2013\/06\/Molba-pripvrednika-Ulcinj-presjedniku-Cungua.jpg\" \/>\n<meta name=\"twitter:label1\" content=\"Written by\" \/>\n\t<meta name=\"twitter:data1\" content=\"ulqini\" \/>\n\t<meta name=\"twitter:label2\" content=\"Est. reading time\" \/>\n\t<meta name=\"twitter:data2\" content=\"2 minutes\" \/>\n<script type=\"application\/ld+json\" class=\"yoast-schema-graph\">{\"@context\":\"https:\/\/schema.org\",\"@graph\":[{\"@type\":\"WebSite\",\"@id\":\"https:\/\/www.visit-ulcinj.com\/blog\/#website\",\"url\":\"https:\/\/www.visit-ulcinj.com\/blog\/\",\"name\":\"Lajme nga Ulqini\",\"description\":\"Lajme,Vijesti,Ulqini,Ulqin,Crna Gora,Mali i Zi\",\"potentialAction\":[{\"@type\":\"SearchAction\",\"target\":{\"@type\":\"EntryPoint\",\"urlTemplate\":\"https:\/\/www.visit-ulcinj.com\/blog\/?s={search_term_string}\"},\"query-input\":\"required name=search_term_string\"}],\"inLanguage\":\"en-US\"},{\"@type\":\"ImageObject\",\"inLanguage\":\"en-US\",\"@id\":\"https:\/\/www.visit-ulcinj.com\/blog\/2013\/06\/12\/molba-pripvrednika-ulcinja-presjedniku-cungua\/#primaryimage\",\"url\":\"https:\/\/www.visit-ulcinj.com\/blog\/wp-content\/uploads\/2013\/06\/Molba-pripvrednika-Ulcinj-presjedniku-Cungua.jpg\",\"contentUrl\":\"https:\/\/www.visit-ulcinj.com\/blog\/wp-content\/uploads\/2013\/06\/Molba-pripvrednika-Ulcinj-presjedniku-Cungua.jpg\",\"width\":960,\"height\":716},{\"@type\":\"WebPage\",\"@id\":\"https:\/\/www.visit-ulcinj.com\/blog\/2013\/06\/12\/molba-pripvrednika-ulcinja-presjedniku-cungua\/#webpage\",\"url\":\"https:\/\/www.visit-ulcinj.com\/blog\/2013\/06\/12\/molba-pripvrednika-ulcinja-presjedniku-cungua\/\",\"name\":\"Molba pripvrednika Ulcinja presjedniku Cungua - Lajme nga Ulqini\",\"isPartOf\":{\"@id\":\"https:\/\/www.visit-ulcinj.com\/blog\/#website\"},\"primaryImageOfPage\":{\"@id\":\"https:\/\/www.visit-ulcinj.com\/blog\/2013\/06\/12\/molba-pripvrednika-ulcinja-presjedniku-cungua\/#primaryimage\"},\"datePublished\":\"2013-06-12T13:56:13+00:00\",\"dateModified\":\"2013-06-12T13:59:22+00:00\",\"author\":{\"@id\":\"https:\/\/www.visit-ulcinj.com\/blog\/#\/schema\/person\/dcab619c614d3038751c63bc2aadc06d\"},\"description\":\"PREDSJEDNIKU OP\u0160TINE ULCINJ N\/r Nazif Cungu \u00a0\u00a0\u00a0\u00a0\u00a0\u00a0\u00a0\u00a0\u00a0\u00a0\u00a0\u00a0\u00a0\u00a0\u00a0\u00a0\u00a0\u00a0\u00a0\u00a0\u00a0\u00a0\u00a0\u00a0\u00a0\u00a0\u00a0\u00a0\u00a0\u00a0\u00a0\u00a0\u00a0\u00a0\u00a0\u00a0\u00a0\u00a0\u00a0\u00a0\u00a0\u00a0\u00a0\u00a0\u00a0\u00a0\u00a0\u00a0\u00a0\u00a0\u00a0\u00a0\u00a0\u00a0\u00a0\u00a0\u00a0\u00a0\u00a0\u00a0\u00a0\u00a0\u00a0\u00a0\u00a0\u00a0\u00a0\u00a0\u00a0\u00a0\u00a0\u00a0\u00a0\u00a0\u00a0\u00a0\u00a0\u00a0\u00a0\u00a0\u00a0\u00a0\u00a0\u00a0\u00a0\u00a0\u00a0\u00a0 PREDMET: Molba grupe\",\"breadcrumb\":{\"@id\":\"https:\/\/www.visit-ulcinj.com\/blog\/2013\/06\/12\/molba-pripvrednika-ulcinja-presjedniku-cungua\/#breadcrumb\"},\"inLanguage\":\"en-US\",\"potentialAction\":[{\"@type\":\"ReadAction\",\"target\":[\"https:\/\/www.visit-ulcinj.com\/blog\/2013\/06\/12\/molba-pripvrednika-ulcinja-presjedniku-cungua\/\"]}]},{\"@type\":\"BreadcrumbList\",\"@id\":\"https:\/\/www.visit-ulcinj.com\/blog\/2013\/06\/12\/molba-pripvrednika-ulcinja-presjedniku-cungua\/#breadcrumb\",\"itemListElement\":[{\"@type\":\"ListItem\",\"position\":1,\"name\":\"Molba pripvrednika Ulcinja presjedniku Cungua\"}]},{\"@type\":\"Person\",\"@id\":\"https:\/\/www.visit-ulcinj.com\/blog\/#\/schema\/person\/dcab619c614d3038751c63bc2aadc06d\",\"name\":\"ulqini\",\"sameAs\":[\"http:\/\/www.visit-ulcinj.com\"],\"url\":\"https:\/\/www.visit-ulcinj.com\/blog\/author\/admin\/\"}]}<\/script>\n<!-- \/ Yoast SEO plugin. -->","yoast_head_json":{"title":"Molba pripvrednika Ulcinja presjedniku Cungua - Lajme nga Ulqini","description":"PREDSJEDNIKU OP\u0160TINE ULCINJ N\/r Nazif Cungu \u00a0\u00a0\u00a0\u00a0\u00a0\u00a0\u00a0\u00a0\u00a0\u00a0\u00a0\u00a0\u00a0\u00a0\u00a0\u00a0\u00a0\u00a0\u00a0\u00a0\u00a0\u00a0\u00a0\u00a0\u00a0\u00a0\u00a0\u00a0\u00a0\u00a0\u00a0\u00a0\u00a0\u00a0\u00a0\u00a0\u00a0\u00a0\u00a0\u00a0\u00a0\u00a0\u00a0\u00a0\u00a0\u00a0\u00a0\u00a0\u00a0\u00a0\u00a0\u00a0\u00a0\u00a0\u00a0\u00a0\u00a0\u00a0\u00a0\u00a0\u00a0\u00a0\u00a0\u00a0\u00a0\u00a0\u00a0\u00a0\u00a0\u00a0\u00a0\u00a0\u00a0\u00a0\u00a0\u00a0\u00a0\u00a0\u00a0\u00a0\u00a0\u00a0\u00a0\u00a0\u00a0\u00a0\u00a0\u00a0 PREDMET: Molba grupe","robots":{"index":"index","follow":"follow","max-snippet":"max-snippet:-1","max-image-preview":"max-image-preview:large","max-video-preview":"max-video-preview:-1"},"canonical":"https:\/\/www.visit-ulcinj.com\/blog\/2013\/06\/12\/molba-pripvrednika-ulcinja-presjedniku-cungua\/","og_locale":"en_US","og_type":"article","og_title":"Molba pripvrednika Ulcinja presjedniku Cungua - Lajme nga Ulqini","og_description":"PREDSJEDNIKU OP\u0160TINE ULCINJ N\/r Nazif Cungu \u00a0\u00a0\u00a0\u00a0\u00a0\u00a0\u00a0\u00a0\u00a0\u00a0\u00a0\u00a0\u00a0\u00a0\u00a0\u00a0\u00a0\u00a0\u00a0\u00a0\u00a0\u00a0\u00a0\u00a0\u00a0\u00a0\u00a0\u00a0\u00a0\u00a0\u00a0\u00a0\u00a0\u00a0\u00a0\u00a0\u00a0\u00a0\u00a0\u00a0\u00a0\u00a0\u00a0\u00a0\u00a0\u00a0\u00a0\u00a0\u00a0\u00a0\u00a0\u00a0\u00a0\u00a0\u00a0\u00a0\u00a0\u00a0\u00a0\u00a0\u00a0\u00a0\u00a0\u00a0\u00a0\u00a0\u00a0\u00a0\u00a0\u00a0\u00a0\u00a0\u00a0\u00a0\u00a0\u00a0\u00a0\u00a0\u00a0\u00a0\u00a0\u00a0\u00a0\u00a0\u00a0\u00a0\u00a0\u00a0 PREDMET: Molba grupe","og_url":"https:\/\/www.visit-ulcinj.com\/blog\/2013\/06\/12\/molba-pripvrednika-ulcinja-presjedniku-cungua\/","og_site_name":"Lajme nga Ulqini","article_published_time":"2013-06-12T13:56:13+00:00","article_modified_time":"2013-06-12T13:59:22+00:00","og_image":[{"url":"http:\/\/www.visit-ulcinj.com\/blog\/wp-content\/uploads\/2013\/06\/Molba-pripvrednika-Ulcinj-presjedniku-Cungua.jpg"}],"twitter_misc":{"Written by":"ulqini","Est. reading time":"2 minutes"},"schema":{"@context":"https:\/\/schema.org","@graph":[{"@type":"WebSite","@id":"https:\/\/www.visit-ulcinj.com\/blog\/#website","url":"https:\/\/www.visit-ulcinj.com\/blog\/","name":"Lajme nga Ulqini","description":"Lajme,Vijesti,Ulqini,Ulqin,Crna Gora,Mali i Zi","potentialAction":[{"@type":"SearchAction","target":{"@type":"EntryPoint","urlTemplate":"https:\/\/www.visit-ulcinj.com\/blog\/?s={search_term_string}"},"query-input":"required name=search_term_string"}],"inLanguage":"en-US"},{"@type":"ImageObject","inLanguage":"en-US","@id":"https:\/\/www.visit-ulcinj.com\/blog\/2013\/06\/12\/molba-pripvrednika-ulcinja-presjedniku-cungua\/#primaryimage","url":"https:\/\/www.visit-ulcinj.com\/blog\/wp-content\/uploads\/2013\/06\/Molba-pripvrednika-Ulcinj-presjedniku-Cungua.jpg","contentUrl":"https:\/\/www.visit-ulcinj.com\/blog\/wp-content\/uploads\/2013\/06\/Molba-pripvrednika-Ulcinj-presjedniku-Cungua.jpg","width":960,"height":716},{"@type":"WebPage","@id":"https:\/\/www.visit-ulcinj.com\/blog\/2013\/06\/12\/molba-pripvrednika-ulcinja-presjedniku-cungua\/#webpage","url":"https:\/\/www.visit-ulcinj.com\/blog\/2013\/06\/12\/molba-pripvrednika-ulcinja-presjedniku-cungua\/","name":"Molba pripvrednika Ulcinja presjedniku Cungua - Lajme nga Ulqini","isPartOf":{"@id":"https:\/\/www.visit-ulcinj.com\/blog\/#website"},"primaryImageOfPage":{"@id":"https:\/\/www.visit-ulcinj.com\/blog\/2013\/06\/12\/molba-pripvrednika-ulcinja-presjedniku-cungua\/#primaryimage"},"datePublished":"2013-06-12T13:56:13+00:00","dateModified":"2013-06-12T13:59:22+00:00","author":{"@id":"https:\/\/www.visit-ulcinj.com\/blog\/#\/schema\/person\/dcab619c614d3038751c63bc2aadc06d"},"description":"PREDSJEDNIKU OP\u0160TINE ULCINJ N\/r Nazif Cungu \u00a0\u00a0\u00a0\u00a0\u00a0\u00a0\u00a0\u00a0\u00a0\u00a0\u00a0\u00a0\u00a0\u00a0\u00a0\u00a0\u00a0\u00a0\u00a0\u00a0\u00a0\u00a0\u00a0\u00a0\u00a0\u00a0\u00a0\u00a0\u00a0\u00a0\u00a0\u00a0\u00a0\u00a0\u00a0\u00a0\u00a0\u00a0\u00a0\u00a0\u00a0\u00a0\u00a0\u00a0\u00a0\u00a0\u00a0\u00a0\u00a0\u00a0\u00a0\u00a0\u00a0\u00a0\u00a0\u00a0\u00a0\u00a0\u00a0\u00a0\u00a0\u00a0\u00a0\u00a0\u00a0\u00a0\u00a0\u00a0\u00a0\u00a0\u00a0\u00a0\u00a0\u00a0\u00a0\u00a0\u00a0\u00a0\u00a0\u00a0\u00a0\u00a0\u00a0\u00a0\u00a0\u00a0\u00a0\u00a0 PREDMET: Molba grupe","breadcrumb":{"@id":"https:\/\/www.visit-ulcinj.com\/blog\/2013\/06\/12\/molba-pripvrednika-ulcinja-presjedniku-cungua\/#breadcrumb"},"inLanguage":"en-US","potentialAction":[{"@type":"ReadAction","target":["https:\/\/www.visit-ulcinj.com\/blog\/2013\/06\/12\/molba-pripvrednika-ulcinja-presjedniku-cungua\/"]}]},{"@type":"BreadcrumbList","@id":"https:\/\/www.visit-ulcinj.com\/blog\/2013\/06\/12\/molba-pripvrednika-ulcinja-presjedniku-cungua\/#breadcrumb","itemListElement":[{"@type":"ListItem","position":1,"name":"Molba pripvrednika Ulcinja presjedniku Cungua"}]},{"@type":"Person","@id":"https:\/\/www.visit-ulcinj.com\/blog\/#\/schema\/person\/dcab619c614d3038751c63bc2aadc06d","name":"ulqini","sameAs":["http:\/\/www.visit-ulcinj.com"],"url":"https:\/\/www.visit-ulcinj.com\/blog\/author\/admin\/"}]}},"jetpack_featured_media_url":"","jetpack_sharing_enabled":true,"jetpack_shortlink":"https:\/\/wp.me\/pe6lTn-iOy","_links":{"self":[{"href":"https:\/\/www.visit-ulcinj.com\/blog\/wp-json\/wp\/v2\/posts\/72326"}],"collection":[{"href":"https:\/\/www.visit-ulcinj.com\/blog\/wp-json\/wp\/v2\/posts"}],"about":[{"href":"https:\/\/www.visit-ulcinj.com\/blog\/wp-json\/wp\/v2\/types\/post"}],"author":[{"embeddable":true,"href":"https:\/\/www.visit-ulcinj.com\/blog\/wp-json\/wp\/v2\/users\/1"}],"replies":[{"embeddable":true,"href":"https:\/\/www.visit-ulcinj.com\/blog\/wp-json\/wp\/v2\/comments?post=72326"}],"version-history":[{"count":6,"href":"https:\/\/www.visit-ulcinj.com\/blog\/wp-json\/wp\/v2\/posts\/72326\/revisions"}],"predecessor-version":[{"id":72334,"href":"https:\/\/www.visit-ulcinj.com\/blog\/wp-json\/wp\/v2\/posts\/72326\/revisions\/72334"}],"wp:attachment":[{"href":"https:\/\/www.visit-ulcinj.com\/blog\/wp-json\/wp\/v2\/media?parent=72326"}],"wp:term":[{"taxonomy":"category","embeddable":true,"href":"https:\/\/www.visit-ulcinj.com\/blog\/wp-json\/wp\/v2\/categories?post=72326"},{"taxonomy":"post_tag","embeddable":true,"href":"https:\/\/www.visit-ulcinj.com\/blog\/wp-json\/wp\/v2\/tags?post=72326"}],"curies":[{"name":"wp","href":"https:\/\/api.w.org\/{rel}","templated":true}]}}